
{"id":7188,"date":"2017-01-10T00:01:02","date_gmt":"2017-01-10T02:01:02","guid":{"rendered":"http:\/\/www.oarcanjo.net\/site\/?p=7188"},"modified":"2016-12-27T06:22:57","modified_gmt":"2016-12-27T08:22:57","slug":"santa-leonie-francoise-de-sales-aviat","status":"publish","type":"post","link":"https:\/\/www.oarcanjo.net\/site\/santa-leonie-francoise-de-sales-aviat\/","title":{"rendered":"Santa L\u00e9onie Fran\u00e7oise de Sales Aviat"},"content":{"rendered":"<p><img decoding=\"async\" src=\"http:\/\/www.paulinas.org.br\/diafeliz\/images\/santo\/L%C3%A9onieFran%C3%A7oisedeSalesAviat.gif\" alt=\"\" \/><\/p>\n<p>10 de Janeiro<\/p>\n<p>L\u00e9onie Aviat nasceu no dia 16 de setembro de 1844 na cidade francesa de S\u00e9zanne. Seus pais eram cat\u00f3licos praticantes e honestos comerciantes. Ao completar dez anos eles a enviaram para o col\u00e9gio das Madres da Visita\u00e7\u00e3o da cidade de Troyes. L\u00e9onie ficou durante seis anos, onde recebeu a Primeira Eucaristia e a Crisma e sob a s\u00e1bia orienta\u00e7\u00e3o do capel\u00e3o Luiz Brisson e da superiora, recebeu uma educa\u00e7\u00e3o human\u00edstica, uma profunda forma\u00e7\u00e3o religiosa e moral e foi iniciada na doutrina salesiana de abandono \u00e0 Divina Provid\u00eancia.<\/p>\n<p>Em 1866 L\u00e9onie rejeitou um vantajoso matrimonio expressando o desejo sincero de dedicar sua vida \u00e0 Jesus Cristo. Com autoriza\u00e7\u00e3o dos pais, ela foi visitar padre Brisson a fim de se aconselhar. A cidade de Troyes nesta \u00e9poca tinha se tornado um p\u00f3lo de ind\u00fastrias t\u00eaxteis que atraiam a m\u00e3o de obra do campo para o centro urbano. Atento a esta situa\u00e7\u00e3o e sens\u00edvel \u00e0s necessidades das adolescentes camponesas, que deixavam suas fam\u00edlias em busca do trabalho promissor, padre Brisson desde 1858 havia fundado a Obra S\u00e3o Francisco de Sales; uma casa-fam\u00edlia que acolhia e assegurava a assist\u00eancia e educa\u00e7\u00e3o crist\u00e3, \u00e0quelas jovens oper\u00e1rias. Por\u00e9m, como era dif\u00edcil encontrar, para esta casa-fam\u00edlia, uma diretora est\u00e1vel, padre Brisson havia decidido fundar uma congrega\u00e7\u00e3o religiosa.<\/p>\n<p>Durante a visita de L\u00e9onie, o experiente padre exp\u00f4s esta situa\u00e7\u00e3o e encontrou nos anseios da jovem um sinal de Deus. Colocou L\u00e9onie na dire\u00e7\u00e3o da casa-fam\u00edlia. Em 1868 ele fundou a congrega\u00e7\u00e3o para continuar de forma organizada a sua Obra para as oper\u00e1rias e L\u00e9onie vestiu o v\u00e9u religioso adotando o nome de Madre L\u00e9onie Francisca de Sales Aviat. Em 1872 foi eleita a superiora da nova Congrega\u00e7\u00e3o colocada sob a prote\u00e7\u00e3o e guia do santo bispo de Genebra de quem adotam completamente as regras espirituais e pedag\u00f3gicas. Isto explica o nome adotado &#8220;Madres Oblatas de S\u00e3o Francisco de Sales&#8221;.<\/p>\n<p>Desde ent\u00e3o, Madre Aviat se dedicou ao apostolado entre as jovens oper\u00e1rias, estabilizando a congrega\u00e7\u00e3o e as casas-fam\u00edlias de Troyes. As Oblatas abrem escolas b\u00e1sicas nas par\u00f3quias. Em Paris, abriram o primeiro pensionato para mo\u00e7as de fam\u00edlias ricas que Madre Aviat dirigiu por oito anos, assim elas estenderam seu apostolado \u00e0s diversas classes sociais. Depois retornou para a Casa M\u00e3e da Congrega\u00e7\u00e3o onde residiu por mais quinze anos, assumindo o posto de superiora at\u00e9 sua morte.<\/p>\n<p>As Oblatas foram enviadas para a \u00c1frica, Europa e Am\u00e9rica do Sul, abrindo pensionatos, escolas e obras assistenciais. No ano de 1903 as leis anticlericais francesas decretam a dissolu\u00e7\u00e3o das Congrega\u00e7\u00f5es e o fechamento de suas casas, apoderando-se de todos os seus bens. As Oblatas se refugiam em Per\u00fagia, mas Madre Aviat n\u00e3o esmoreceu e continuou a atividade da Congrega\u00e7\u00e3o, que recebeu a aprova\u00e7\u00e3o can\u00f4nica em 1911 do papa Pio X.<\/p>\n<p>Morreu em Per\u00fagia, It\u00e1lia no dia 10 de janeiro de 1914, onde foi sepultada. Mais tarde, seu corpo foi transladado para a cripta da Casa M\u00e3e da Congrega\u00e7\u00e3o em Troyes, Fran\u00e7a.<br \/>\nFoi beatificada em 1992, pelo papa Jo\u00e3o Paulo II e canonizada pelo mesmo pont\u00edfice em 2001, em Roma. Para sua homenagem lit\u00fargica a Igreja lhe reservou o dia 10 de janeiro.<\/p>\n<div id=\"themify_builder_content-7188\" data-postid=\"7188\" class=\"themify_builder_content themify_builder_content-7188 themify_builder themify_builder_front\">\n\t<\/div>\n<!-- \/themify_builder_content -->","protected":false},"excerpt":{"rendered":"<p>10 de Janeiro L\u00e9onie Aviat nasceu no dia 16 de setembro de 1844 na cidade francesa de S\u00e9zanne. Seus pais eram cat\u00f3licos praticantes e honestos comerciantes. Ao completar dez anos eles a enviaram para o col\u00e9gio das Madres da Visita\u00e7\u00e3o da cidade de Troyes. L\u00e9onie ficou durante seis anos, onde recebeu a Primeira Eucaristia e [&hellip;]<\/p>\n","protected":false},"author":14,"featured_media":0,"comment_status":"open","ping_status":"open","sticky":false,"template":"","format":"standard","meta":{"ngg_post_thumbnail":0,"footnotes":""},"categories":[186],"tags":[],"yoast_head":"<!-- This site is optimized with the Yoast SEO plugin v23.5 - https:\/\/yoast.com\/wordpress\/plugins\/seo\/ -->\n<title>Santa L\u00e9onie Fran\u00e7oise de Sales Aviat - O Arcanjo no ar<\/title>\n<meta name=\"robots\" content=\"index, follow, max-snippet:-1, max-image-preview:large, max-video-preview:-1\" \/>\n<link rel=\"canonical\" href=\"https:\/\/www.oarcanjo.net\/site\/santa-leonie-francoise-de-sales-aviat\/\" \/>\n<meta property=\"og:locale\" content=\"pt_BR\" \/>\n<meta property=\"og:type\" content=\"article\" \/>\n<meta property=\"og:title\" content=\"Santa L\u00e9onie Fran\u00e7oise de Sales Aviat - O Arcanjo no ar\" \/>\n<meta property=\"og:description\" content=\"10 de Janeiro L\u00e9onie Aviat nasceu no dia 16 de setembro de 1844 na cidade francesa de S\u00e9zanne. Seus pais eram cat\u00f3licos praticantes e honestos comerciantes. Ao completar dez anos eles a enviaram para o col\u00e9gio das Madres da Visita\u00e7\u00e3o da cidade de Troyes. L\u00e9onie ficou durante seis anos, onde recebeu a Primeira Eucaristia e [&hellip;]\" \/>\n<meta property=\"og:url\" content=\"https:\/\/www.oarcanjo.net\/site\/santa-leonie-francoise-de-sales-aviat\/\" \/>\n<meta property=\"og:site_name\" content=\"O Arcanjo no ar\" \/>\n<meta property=\"article:publisher\" content=\"https:\/\/www.facebook.com\/OArcanjoNoAr\/\" \/>\n<meta property=\"article:published_time\" content=\"2017-01-10T02:01:02+00:00\" \/>\n<meta property=\"article:modified_time\" content=\"2016-12-27T08:22:57+00:00\" \/>\n<meta property=\"og:image\" content=\"http:\/\/www.paulinas.org.br\/diafeliz\/images\/santo\/L%C3%A9onieFran%C3%A7oisedeSalesAviat.gif\" \/>\n<meta name=\"author\" content=\"danilo\" \/>\n<meta name=\"twitter:card\" content=\"summary_large_image\" \/>\n<meta name=\"twitter:label1\" content=\"Escrito por\" \/>\n\t<meta name=\"twitter:data1\" content=\"danilo\" \/>\n\t<meta name=\"twitter:label2\" content=\"Est. tempo de leitura\" \/>\n\t<meta name=\"twitter:data2\" content=\"3 minutos\" \/>\n<script type=\"application\/ld+json\" class=\"yoast-schema-graph\">{\"@context\":\"https:\/\/schema.org\",\"@graph\":[{\"@type\":\"Article\",\"@id\":\"https:\/\/www.oarcanjo.net\/site\/santa-leonie-francoise-de-sales-aviat\/#article\",\"isPartOf\":{\"@id\":\"https:\/\/www.oarcanjo.net\/site\/santa-leonie-francoise-de-sales-aviat\/\"},\"author\":{\"name\":\"danilo\",\"@id\":\"https:\/\/www.oarcanjo.net\/site\/#\/schema\/person\/5eb9480bedd2f3c97e430ce128c29c6c\"},\"headline\":\"Santa L\u00e9onie Fran\u00e7oise de Sales Aviat\",\"datePublished\":\"2017-01-10T02:01:02+00:00\",\"dateModified\":\"2016-12-27T08:22:57+00:00\",\"mainEntityOfPage\":{\"@id\":\"https:\/\/www.oarcanjo.net\/site\/santa-leonie-francoise-de-sales-aviat\/\"},\"wordCount\":588,\"commentCount\":0,\"publisher\":{\"@id\":\"https:\/\/www.oarcanjo.net\/site\/#organization\"},\"image\":{\"@id\":\"https:\/\/www.oarcanjo.net\/site\/santa-leonie-francoise-de-sales-aviat\/#primaryimage\"},\"thumbnailUrl\":\"http:\/\/www.paulinas.org.br\/diafeliz\/images\/santo\/L%C3%A9onieFran%C3%A7oisedeSalesAviat.gif\",\"articleSection\":[\"Testemunhos\"],\"inLanguage\":\"pt-BR\",\"potentialAction\":[{\"@type\":\"CommentAction\",\"name\":\"Comment\",\"target\":[\"https:\/\/www.oarcanjo.net\/site\/santa-leonie-francoise-de-sales-aviat\/#respond\"]}]},{\"@type\":\"WebPage\",\"@id\":\"https:\/\/www.oarcanjo.net\/site\/santa-leonie-francoise-de-sales-aviat\/\",\"url\":\"https:\/\/www.oarcanjo.net\/site\/santa-leonie-francoise-de-sales-aviat\/\",\"name\":\"Santa L\u00e9onie Fran\u00e7oise de Sales Aviat - O Arcanjo no ar\",\"isPartOf\":{\"@id\":\"https:\/\/www.oarcanjo.net\/site\/#website\"},\"primaryImageOfPage\":{\"@id\":\"https:\/\/www.oarcanjo.net\/site\/santa-leonie-francoise-de-sales-aviat\/#primaryimage\"},\"image\":{\"@id\":\"https:\/\/www.oarcanjo.net\/site\/santa-leonie-francoise-de-sales-aviat\/#primaryimage\"},\"thumbnailUrl\":\"http:\/\/www.paulinas.org.br\/diafeliz\/images\/santo\/L%C3%A9onieFran%C3%A7oisedeSalesAviat.gif\",\"datePublished\":\"2017-01-10T02:01:02+00:00\",\"dateModified\":\"2016-12-27T08:22:57+00:00\",\"breadcrumb\":{\"@id\":\"https:\/\/www.oarcanjo.net\/site\/santa-leonie-francoise-de-sales-aviat\/#breadcrumb\"},\"inLanguage\":\"pt-BR\",\"potentialAction\":[{\"@type\":\"ReadAction\",\"target\":[\"https:\/\/www.oarcanjo.net\/site\/santa-leonie-francoise-de-sales-aviat\/\"]}]},{\"@type\":\"ImageObject\",\"inLanguage\":\"pt-BR\",\"@id\":\"https:\/\/www.oarcanjo.net\/site\/santa-leonie-francoise-de-sales-aviat\/#primaryimage\",\"url\":\"http:\/\/www.paulinas.org.br\/diafeliz\/images\/santo\/L%C3%A9onieFran%C3%A7oisedeSalesAviat.gif\",\"contentUrl\":\"http:\/\/www.paulinas.org.br\/diafeliz\/images\/santo\/L%C3%A9onieFran%C3%A7oisedeSalesAviat.gif\"},{\"@type\":\"BreadcrumbList\",\"@id\":\"https:\/\/www.oarcanjo.net\/site\/santa-leonie-francoise-de-sales-aviat\/#breadcrumb\",\"itemListElement\":[{\"@type\":\"ListItem\",\"position\":1,\"name\":\"In\u00edcio\",\"item\":\"https:\/\/www.oarcanjo.net\/site\/\"},{\"@type\":\"ListItem\",\"position\":2,\"name\":\"Santa L\u00e9onie Fran\u00e7oise de Sales Aviat\"}]},{\"@type\":\"WebSite\",\"@id\":\"https:\/\/www.oarcanjo.net\/site\/#website\",\"url\":\"https:\/\/www.oarcanjo.net\/site\/\",\"name\":\"O Arcanjo no ar\",\"description\":\"Site da Par\u00f3quia S\u00e3o Miguel Arcanjo (Arquidiocese de SP)\",\"publisher\":{\"@id\":\"https:\/\/www.oarcanjo.net\/site\/#organization\"},\"potentialAction\":[{\"@type\":\"SearchAction\",\"target\":{\"@type\":\"EntryPoint\",\"urlTemplate\":\"https:\/\/www.oarcanjo.net\/site\/?s={search_term_string}\"},\"query-input\":{\"@type\":\"PropertyValueSpecification\",\"valueRequired\":true,\"valueName\":\"search_term_string\"}}],\"inLanguage\":\"pt-BR\"},{\"@type\":\"Organization\",\"@id\":\"https:\/\/www.oarcanjo.net\/site\/#organization\",\"name\":\"Par\u00f3quia S\u00e3o Miguel Arcanjo\",\"url\":\"https:\/\/www.oarcanjo.net\/site\/\",\"logo\":{\"@type\":\"ImageObject\",\"inLanguage\":\"pt-BR\",\"@id\":\"https:\/\/www.oarcanjo.net\/site\/#\/schema\/logo\/image\/\",\"url\":\"https:\/\/www.oarcanjo.net\/site\/wp-content\/uploads\/LogoOArcanjo.png\",\"contentUrl\":\"https:\/\/www.oarcanjo.net\/site\/wp-content\/uploads\/LogoOArcanjo.png\",\"width\":319,\"height\":99,\"caption\":\"Par\u00f3quia S\u00e3o Miguel Arcanjo\"},\"image\":{\"@id\":\"https:\/\/www.oarcanjo.net\/site\/#\/schema\/logo\/image\/\"},\"sameAs\":[\"https:\/\/www.facebook.com\/OArcanjoNoAr\/\"]},{\"@type\":\"Person\",\"@id\":\"https:\/\/www.oarcanjo.net\/site\/#\/schema\/person\/5eb9480bedd2f3c97e430ce128c29c6c\",\"name\":\"danilo\"}]}<\/script>\n<!-- \/ Yoast SEO plugin. -->","yoast_head_json":{"title":"Santa L\u00e9onie Fran\u00e7oise de Sales Aviat - O Arcanjo no ar","robots":{"index":"index","follow":"follow","max-snippet":"max-snippet:-1","max-image-preview":"max-image-preview:large","max-video-preview":"max-video-preview:-1"},"canonical":"https:\/\/www.oarcanjo.net\/site\/santa-leonie-francoise-de-sales-aviat\/","og_locale":"pt_BR","og_type":"article","og_title":"Santa L\u00e9onie Fran\u00e7oise de Sales Aviat - O Arcanjo no ar","og_description":"10 de Janeiro L\u00e9onie Aviat nasceu no dia 16 de setembro de 1844 na cidade francesa de S\u00e9zanne. Seus pais eram cat\u00f3licos praticantes e honestos comerciantes. Ao completar dez anos eles a enviaram para o col\u00e9gio das Madres da Visita\u00e7\u00e3o da cidade de Troyes. L\u00e9onie ficou durante seis anos, onde recebeu a Primeira Eucaristia e [&hellip;]","og_url":"https:\/\/www.oarcanjo.net\/site\/santa-leonie-francoise-de-sales-aviat\/","og_site_name":"O Arcanjo no ar","article_publisher":"https:\/\/www.facebook.com\/OArcanjoNoAr\/","article_published_time":"2017-01-10T02:01:02+00:00","article_modified_time":"2016-12-27T08:22:57+00:00","og_image":[{"url":"http:\/\/www.paulinas.org.br\/diafeliz\/images\/santo\/L%C3%A9onieFran%C3%A7oisedeSalesAviat.gif"}],"author":"danilo","twitter_card":"summary_large_image","twitter_misc":{"Escrito por":"danilo","Est. tempo de leitura":"3 minutos"},"schema":{"@context":"https:\/\/schema.org","@graph":[{"@type":"Article","@id":"https:\/\/www.oarcanjo.net\/site\/santa-leonie-francoise-de-sales-aviat\/#article","isPartOf":{"@id":"https:\/\/www.oarcanjo.net\/site\/santa-leonie-francoise-de-sales-aviat\/"},"author":{"name":"danilo","@id":"https:\/\/www.oarcanjo.net\/site\/#\/schema\/person\/5eb9480bedd2f3c97e430ce128c29c6c"},"headline":"Santa L\u00e9onie Fran\u00e7oise de Sales Aviat","datePublished":"2017-01-10T02:01:02+00:00","dateModified":"2016-12-27T08:22:57+00:00","mainEntityOfPage":{"@id":"https:\/\/www.oarcanjo.net\/site\/santa-leonie-francoise-de-sales-aviat\/"},"wordCount":588,"commentCount":0,"publisher":{"@id":"https:\/\/www.oarcanjo.net\/site\/#organization"},"image":{"@id":"https:\/\/www.oarcanjo.net\/site\/santa-leonie-francoise-de-sales-aviat\/#primaryimage"},"thumbnailUrl":"http:\/\/www.paulinas.org.br\/diafeliz\/images\/santo\/L%C3%A9onieFran%C3%A7oisedeSalesAviat.gif","articleSection":["Testemunhos"],"inLanguage":"pt-BR","potentialAction":[{"@type":"CommentAction","name":"Comment","target":["https:\/\/www.oarcanjo.net\/site\/santa-leonie-francoise-de-sales-aviat\/#respond"]}]},{"@type":"WebPage","@id":"https:\/\/www.oarcanjo.net\/site\/santa-leonie-francoise-de-sales-aviat\/","url":"https:\/\/www.oarcanjo.net\/site\/santa-leonie-francoise-de-sales-aviat\/","name":"Santa L\u00e9onie Fran\u00e7oise de Sales Aviat - O Arcanjo no ar","isPartOf":{"@id":"https:\/\/www.oarcanjo.net\/site\/#website"},"primaryImageOfPage":{"@id":"https:\/\/www.oarcanjo.net\/site\/santa-leonie-francoise-de-sales-aviat\/#primaryimage"},"image":{"@id":"https:\/\/www.oarcanjo.net\/site\/santa-leonie-francoise-de-sales-aviat\/#primaryimage"},"thumbnailUrl":"http:\/\/www.paulinas.org.br\/diafeliz\/images\/santo\/L%C3%A9onieFran%C3%A7oisedeSalesAviat.gif","datePublished":"2017-01-10T02:01:02+00:00","dateModified":"2016-12-27T08:22:57+00:00","breadcrumb":{"@id":"https:\/\/www.oarcanjo.net\/site\/santa-leonie-francoise-de-sales-aviat\/#breadcrumb"},"inLanguage":"pt-BR","potentialAction":[{"@type":"ReadAction","target":["https:\/\/www.oarcanjo.net\/site\/santa-leonie-francoise-de-sales-aviat\/"]}]},{"@type":"ImageObject","inLanguage":"pt-BR","@id":"https:\/\/www.oarcanjo.net\/site\/santa-leonie-francoise-de-sales-aviat\/#primaryimage","url":"http:\/\/www.paulinas.org.br\/diafeliz\/images\/santo\/L%C3%A9onieFran%C3%A7oisedeSalesAviat.gif","contentUrl":"http:\/\/www.paulinas.org.br\/diafeliz\/images\/santo\/L%C3%A9onieFran%C3%A7oisedeSalesAviat.gif"},{"@type":"BreadcrumbList","@id":"https:\/\/www.oarcanjo.net\/site\/santa-leonie-francoise-de-sales-aviat\/#breadcrumb","itemListElement":[{"@type":"ListItem","position":1,"name":"In\u00edcio","item":"https:\/\/www.oarcanjo.net\/site\/"},{"@type":"ListItem","position":2,"name":"Santa L\u00e9onie Fran\u00e7oise de Sales Aviat"}]},{"@type":"WebSite","@id":"https:\/\/www.oarcanjo.net\/site\/#website","url":"https:\/\/www.oarcanjo.net\/site\/","name":"O Arcanjo no ar","description":"Site da Par\u00f3quia S\u00e3o Miguel Arcanjo (Arquidiocese de SP)","publisher":{"@id":"https:\/\/www.oarcanjo.net\/site\/#organization"},"potentialAction":[{"@type":"SearchAction","target":{"@type":"EntryPoint","urlTemplate":"https:\/\/www.oarcanjo.net\/site\/?s={search_term_string}"},"query-input":{"@type":"PropertyValueSpecification","valueRequired":true,"valueName":"search_term_string"}}],"inLanguage":"pt-BR"},{"@type":"Organization","@id":"https:\/\/www.oarcanjo.net\/site\/#organization","name":"Par\u00f3quia S\u00e3o Miguel Arcanjo","url":"https:\/\/www.oarcanjo.net\/site\/","logo":{"@type":"ImageObject","inLanguage":"pt-BR","@id":"https:\/\/www.oarcanjo.net\/site\/#\/schema\/logo\/image\/","url":"https:\/\/www.oarcanjo.net\/site\/wp-content\/uploads\/LogoOArcanjo.png","contentUrl":"https:\/\/www.oarcanjo.net\/site\/wp-content\/uploads\/LogoOArcanjo.png","width":319,"height":99,"caption":"Par\u00f3quia S\u00e3o Miguel Arcanjo"},"image":{"@id":"https:\/\/www.oarcanjo.net\/site\/#\/schema\/logo\/image\/"},"sameAs":["https:\/\/www.facebook.com\/OArcanjoNoAr\/"]},{"@type":"Person","@id":"https:\/\/www.oarcanjo.net\/site\/#\/schema\/person\/5eb9480bedd2f3c97e430ce128c29c6c","name":"danilo"}]}},"publishpress_future_action":{"enabled":false,"date":"2026-05-09 08:24:53","action":"category","newStatus":"draft","terms":[],"taxonomy":"category"},"publishpress_future_workflow_manual_trigger":{"enabledWorkflows":[]},"_links":{"self":[{"href":"https:\/\/www.oarcanjo.net\/site\/wp-json\/wp\/v2\/posts\/7188"}],"collection":[{"href":"https:\/\/www.oarcanjo.net\/site\/wp-json\/wp\/v2\/posts"}],"about":[{"href":"https:\/\/www.oarcanjo.net\/site\/wp-json\/wp\/v2\/types\/post"}],"author":[{"embeddable":true,"href":"https:\/\/www.oarcanjo.net\/site\/wp-json\/wp\/v2\/users\/14"}],"replies":[{"embeddable":true,"href":"https:\/\/www.oarcanjo.net\/site\/wp-json\/wp\/v2\/comments?post=7188"}],"version-history":[{"count":0,"href":"https:\/\/www.oarcanjo.net\/site\/wp-json\/wp\/v2\/posts\/7188\/revisions"}],"wp:attachment":[{"href":"https:\/\/www.oarcanjo.net\/site\/wp-json\/wp\/v2\/media?parent=7188"}],"wp:term":[{"taxonomy":"category","embeddable":true,"href":"https:\/\/www.oarcanjo.net\/site\/wp-json\/wp\/v2\/categories?post=7188"},{"taxonomy":"post_tag","embeddable":true,"href":"https:\/\/www.oarcanjo.net\/site\/wp-json\/wp\/v2\/tags?post=7188"}],"curies":[{"name":"wp","href":"https:\/\/api.w.org\/{rel}","templated":true}]}}