
{"id":7190,"date":"2017-01-10T00:02:56","date_gmt":"2017-01-10T02:02:56","guid":{"rendered":"http:\/\/www.oarcanjo.net\/site\/?p=7190"},"modified":"2016-12-27T06:22:35","modified_gmt":"2016-12-27T08:22:35","slug":"santo-aldo","status":"publish","type":"post","link":"https:\/\/www.oarcanjo.net\/site\/santo-aldo\/","title":{"rendered":"Santo Aldo"},"content":{"rendered":"<p><img decoding=\"async\" src=\"http:\/\/www.paulinas.org.br\/diafeliz\/images\/santo\/Aldo.gif\" alt=\"\" \/><\/p>\n<p>1o de Janeiro<\/p>\n<p>Eremita<\/p>\n<p>Muito interessante a trajet\u00f3ria deste singelo e tradicional santo de nome Aldo. Dele n\u00e3o se encontrou nada escrito no Calend\u00e1rio universal da Igreja, e em nenhum Martirol\u00f3gio local. Apenas os jesu\u00edtas belgas, que catalogaram a vida dos santos da Europa do Norte na obra publicada em 1.600, citaram neste dia o nome de santo Aldo, sozinho e solit\u00e1rio.<\/p>\n<p>Sozinho, porque \u00e9 o \u00fanico santo com este nome, e solit\u00e1rio, como foi e continua sendo difundido, porque era um devoto ermit\u00e3o. Ele se tornou monge, do mosteiro fundado pelo irland\u00eas s\u00e3o Columbano, na cidade de Bobbio, vizinha de Pavia, cidade que guarda as suas rel\u00edquias. Aldo foi sepultado primeiro na capela de s\u00e3o Columbano e depois transferido para a bas\u00edlica de s\u00e3o Miguel, daquela cidade, na It\u00e1lia<\/p>\n<p>N\u00e3o sabemos a data e o lugar do seu nascimento. Parece que viveu no s\u00e9culo VIII, mas foi num destes que a Hist\u00f3ria definiu como &#8220;obscuros&#8221;. Conceito que, no caso de Aldo, se tornou verdadeiro, pois n\u00e3o deixou transparecer nada sobre a sua vida e sua pessoa, deixou apenas uma atmosfera de santidade.<\/p>\n<p>A tradi\u00e7\u00e3o nos apresenta Aldo como um simples carvoeiro de Carbon\u00e1ria e um ermit\u00e3o. Um monge de m\u00e3os calejadas e rosto enegrecido pela fuligem das carvoarias. Isto parece correto, porque os monges de sua comunidade constru\u00edam uma cabana para si, de madeira ou de pedra, onde se retiravam nas horas dedicadas \u00e0 ora\u00e7\u00e3o e \u00e0 contempla\u00e7\u00e3o, e onde moravam. Depois sa\u00edam para o trabalho di\u00e1rio, onde ganhavam o p\u00e3o com o suor do rosto.<\/p>\n<p>N\u00e3o \u00e9 por acaso que suas rel\u00edquias est\u00e3o em P\u00e1via, cidade que durante um per\u00edodo foi a capital do Reino da Europa do Norte, conhecido como Lombardo. Provavelmente corria nas veias deste santo ermit\u00e3o o sangue deste povo, sen\u00e3o, pelo menos assim nos faz pensar a origem do seu nome. &#8220;Ald&#8221; \u00e9 uma palavra da Europa do Norte que significa &#8220;velho&#8221;, e parente do nosso Aldo &#8220;anci\u00e3o&#8221;, ou melhor &#8220;homem maduro&#8221;.<\/p>\n<p>Velhice e maturidade s\u00e3o, em geral, garantia de sabedoria, portanto podemos dizer que Aldo mereceu o pr\u00f3prio nome, quando escolheu a sabedoria mais s\u00e1bia, a da santidade, alcan\u00e7ada atrav\u00e9s do caminho mais invis\u00edvel, o da solid\u00e3o e do sil\u00eancio, da quietude interior e exterior, da contempla\u00e7\u00e3o e da ora\u00e7\u00e3o. Ele se afastava temporariamente das pessoas para dar mais espa\u00e7o \u00e0 ora\u00e7\u00e3o e povoar a solid\u00e3o exterior com a agrad\u00e1vel presen\u00e7a de Deus. N\u00e3o se evadia da comunidade mas contribu\u00eda para sua edifica\u00e7\u00e3o com o exemplo de uma vida santa e uma caridade ativa.<\/p>\n<p>Santo Aldo \u00e9 considerado um feliz exemplo do esp\u00edrito beneditino. Um santo silencioso, mas que fala diretamente \u00e0s almas sem precisar de palavras, com o exemplo de sua vida retirada do mundo e inserida em Deus. Foi canonizado e seu culto \u00e9 muito vigoroso nos pa\u00edses da Europa do Norte, especialmente na Irlanda. A Igreja o declarou &#8220;Padroeiro dos Trabalhadores&#8221;, e o celebra neste dia, indicado como o da sua morte.<\/p>\n<div id=\"themify_builder_content-7190\" data-postid=\"7190\" class=\"themify_builder_content themify_builder_content-7190 themify_builder themify_builder_front\">\n\t<\/div>\n<!-- \/themify_builder_content -->","protected":false},"excerpt":{"rendered":"<p>1o de Janeiro Eremita Muito interessante a trajet\u00f3ria deste singelo e tradicional santo de nome Aldo. Dele n\u00e3o se encontrou nada escrito no Calend\u00e1rio universal da Igreja, e em nenhum Martirol\u00f3gio local. Apenas os jesu\u00edtas belgas, que catalogaram a vida dos santos da Europa do Norte na obra publicada em 1.600, citaram neste dia o [&hellip;]<\/p>\n","protected":false},"author":14,"featured_media":0,"comment_status":"open","ping_status":"open","sticky":false,"template":"","format":"standard","meta":{"ngg_post_thumbnail":0,"footnotes":""},"categories":[186],"tags":[],"yoast_head":"<!-- This site is optimized with the Yoast SEO plugin v23.5 - https:\/\/yoast.com\/wordpress\/plugins\/seo\/ -->\n<title>Santo Aldo - O Arcanjo no ar<\/title>\n<meta name=\"robots\" content=\"index, follow, max-snippet:-1, max-image-preview:large, max-video-preview:-1\" \/>\n<link rel=\"canonical\" href=\"https:\/\/www.oarcanjo.net\/site\/santo-aldo\/\" \/>\n<meta property=\"og:locale\" content=\"pt_BR\" \/>\n<meta property=\"og:type\" content=\"article\" \/>\n<meta property=\"og:title\" content=\"Santo Aldo - O Arcanjo no ar\" \/>\n<meta property=\"og:description\" content=\"1o de Janeiro Eremita Muito interessante a trajet\u00f3ria deste singelo e tradicional santo de nome Aldo. Dele n\u00e3o se encontrou nada escrito no Calend\u00e1rio universal da Igreja, e em nenhum Martirol\u00f3gio local. Apenas os jesu\u00edtas belgas, que catalogaram a vida dos santos da Europa do Norte na obra publicada em 1.600, citaram neste dia o [&hellip;]\" \/>\n<meta property=\"og:url\" content=\"https:\/\/www.oarcanjo.net\/site\/santo-aldo\/\" \/>\n<meta property=\"og:site_name\" content=\"O Arcanjo no ar\" \/>\n<meta property=\"article:publisher\" content=\"https:\/\/www.facebook.com\/OArcanjoNoAr\/\" \/>\n<meta property=\"article:published_time\" content=\"2017-01-10T02:02:56+00:00\" \/>\n<meta property=\"article:modified_time\" content=\"2016-12-27T08:22:35+00:00\" \/>\n<meta property=\"og:image\" content=\"http:\/\/www.paulinas.org.br\/diafeliz\/images\/santo\/Aldo.gif\" \/>\n<meta name=\"author\" content=\"danilo\" \/>\n<meta name=\"twitter:card\" content=\"summary_large_image\" \/>\n<meta name=\"twitter:label1\" content=\"Escrito por\" \/>\n\t<meta name=\"twitter:data1\" content=\"danilo\" \/>\n\t<meta name=\"twitter:label2\" content=\"Est. tempo de leitura\" \/>\n\t<meta name=\"twitter:data2\" content=\"3 minutos\" \/>\n<script type=\"application\/ld+json\" class=\"yoast-schema-graph\">{\"@context\":\"https:\/\/schema.org\",\"@graph\":[{\"@type\":\"Article\",\"@id\":\"https:\/\/www.oarcanjo.net\/site\/santo-aldo\/#article\",\"isPartOf\":{\"@id\":\"https:\/\/www.oarcanjo.net\/site\/santo-aldo\/\"},\"author\":{\"name\":\"danilo\",\"@id\":\"https:\/\/www.oarcanjo.net\/site\/#\/schema\/person\/5eb9480bedd2f3c97e430ce128c29c6c\"},\"headline\":\"Santo Aldo\",\"datePublished\":\"2017-01-10T02:02:56+00:00\",\"dateModified\":\"2016-12-27T08:22:35+00:00\",\"mainEntityOfPage\":{\"@id\":\"https:\/\/www.oarcanjo.net\/site\/santo-aldo\/\"},\"wordCount\":542,\"commentCount\":0,\"publisher\":{\"@id\":\"https:\/\/www.oarcanjo.net\/site\/#organization\"},\"image\":{\"@id\":\"https:\/\/www.oarcanjo.net\/site\/santo-aldo\/#primaryimage\"},\"thumbnailUrl\":\"http:\/\/www.paulinas.org.br\/diafeliz\/images\/santo\/Aldo.gif\",\"articleSection\":[\"Testemunhos\"],\"inLanguage\":\"pt-BR\",\"potentialAction\":[{\"@type\":\"CommentAction\",\"name\":\"Comment\",\"target\":[\"https:\/\/www.oarcanjo.net\/site\/santo-aldo\/#respond\"]}]},{\"@type\":\"WebPage\",\"@id\":\"https:\/\/www.oarcanjo.net\/site\/santo-aldo\/\",\"url\":\"https:\/\/www.oarcanjo.net\/site\/santo-aldo\/\",\"name\":\"Santo Aldo - O Arcanjo no ar\",\"isPartOf\":{\"@id\":\"https:\/\/www.oarcanjo.net\/site\/#website\"},\"primaryImageOfPage\":{\"@id\":\"https:\/\/www.oarcanjo.net\/site\/santo-aldo\/#primaryimage\"},\"image\":{\"@id\":\"https:\/\/www.oarcanjo.net\/site\/santo-aldo\/#primaryimage\"},\"thumbnailUrl\":\"http:\/\/www.paulinas.org.br\/diafeliz\/images\/santo\/Aldo.gif\",\"datePublished\":\"2017-01-10T02:02:56+00:00\",\"dateModified\":\"2016-12-27T08:22:35+00:00\",\"breadcrumb\":{\"@id\":\"https:\/\/www.oarcanjo.net\/site\/santo-aldo\/#breadcrumb\"},\"inLanguage\":\"pt-BR\",\"potentialAction\":[{\"@type\":\"ReadAction\",\"target\":[\"https:\/\/www.oarcanjo.net\/site\/santo-aldo\/\"]}]},{\"@type\":\"ImageObject\",\"inLanguage\":\"pt-BR\",\"@id\":\"https:\/\/www.oarcanjo.net\/site\/santo-aldo\/#primaryimage\",\"url\":\"http:\/\/www.paulinas.org.br\/diafeliz\/images\/santo\/Aldo.gif\",\"contentUrl\":\"http:\/\/www.paulinas.org.br\/diafeliz\/images\/santo\/Aldo.gif\"},{\"@type\":\"BreadcrumbList\",\"@id\":\"https:\/\/www.oarcanjo.net\/site\/santo-aldo\/#breadcrumb\",\"itemListElement\":[{\"@type\":\"ListItem\",\"position\":1,\"name\":\"In\u00edcio\",\"item\":\"https:\/\/www.oarcanjo.net\/site\/\"},{\"@type\":\"ListItem\",\"position\":2,\"name\":\"Santo Aldo\"}]},{\"@type\":\"WebSite\",\"@id\":\"https:\/\/www.oarcanjo.net\/site\/#website\",\"url\":\"https:\/\/www.oarcanjo.net\/site\/\",\"name\":\"O Arcanjo no ar\",\"description\":\"Site da Par\u00f3quia S\u00e3o Miguel Arcanjo (Arquidiocese de SP)\",\"publisher\":{\"@id\":\"https:\/\/www.oarcanjo.net\/site\/#organization\"},\"potentialAction\":[{\"@type\":\"SearchAction\",\"target\":{\"@type\":\"EntryPoint\",\"urlTemplate\":\"https:\/\/www.oarcanjo.net\/site\/?s={search_term_string}\"},\"query-input\":{\"@type\":\"PropertyValueSpecification\",\"valueRequired\":true,\"valueName\":\"search_term_string\"}}],\"inLanguage\":\"pt-BR\"},{\"@type\":\"Organization\",\"@id\":\"https:\/\/www.oarcanjo.net\/site\/#organization\",\"name\":\"Par\u00f3quia S\u00e3o Miguel Arcanjo\",\"url\":\"https:\/\/www.oarcanjo.net\/site\/\",\"logo\":{\"@type\":\"ImageObject\",\"inLanguage\":\"pt-BR\",\"@id\":\"https:\/\/www.oarcanjo.net\/site\/#\/schema\/logo\/image\/\",\"url\":\"https:\/\/www.oarcanjo.net\/site\/wp-content\/uploads\/LogoOArcanjo.png\",\"contentUrl\":\"https:\/\/www.oarcanjo.net\/site\/wp-content\/uploads\/LogoOArcanjo.png\",\"width\":319,\"height\":99,\"caption\":\"Par\u00f3quia S\u00e3o Miguel Arcanjo\"},\"image\":{\"@id\":\"https:\/\/www.oarcanjo.net\/site\/#\/schema\/logo\/image\/\"},\"sameAs\":[\"https:\/\/www.facebook.com\/OArcanjoNoAr\/\"]},{\"@type\":\"Person\",\"@id\":\"https:\/\/www.oarcanjo.net\/site\/#\/schema\/person\/5eb9480bedd2f3c97e430ce128c29c6c\",\"name\":\"danilo\"}]}<\/script>\n<!-- \/ Yoast SEO plugin. -->","yoast_head_json":{"title":"Santo Aldo - O Arcanjo no ar","robots":{"index":"index","follow":"follow","max-snippet":"max-snippet:-1","max-image-preview":"max-image-preview:large","max-video-preview":"max-video-preview:-1"},"canonical":"https:\/\/www.oarcanjo.net\/site\/santo-aldo\/","og_locale":"pt_BR","og_type":"article","og_title":"Santo Aldo - O Arcanjo no ar","og_description":"1o de Janeiro Eremita Muito interessante a trajet\u00f3ria deste singelo e tradicional santo de nome Aldo. Dele n\u00e3o se encontrou nada escrito no Calend\u00e1rio universal da Igreja, e em nenhum Martirol\u00f3gio local. Apenas os jesu\u00edtas belgas, que catalogaram a vida dos santos da Europa do Norte na obra publicada em 1.600, citaram neste dia o [&hellip;]","og_url":"https:\/\/www.oarcanjo.net\/site\/santo-aldo\/","og_site_name":"O Arcanjo no ar","article_publisher":"https:\/\/www.facebook.com\/OArcanjoNoAr\/","article_published_time":"2017-01-10T02:02:56+00:00","article_modified_time":"2016-12-27T08:22:35+00:00","og_image":[{"url":"http:\/\/www.paulinas.org.br\/diafeliz\/images\/santo\/Aldo.gif"}],"author":"danilo","twitter_card":"summary_large_image","twitter_misc":{"Escrito por":"danilo","Est. tempo de leitura":"3 minutos"},"schema":{"@context":"https:\/\/schema.org","@graph":[{"@type":"Article","@id":"https:\/\/www.oarcanjo.net\/site\/santo-aldo\/#article","isPartOf":{"@id":"https:\/\/www.oarcanjo.net\/site\/santo-aldo\/"},"author":{"name":"danilo","@id":"https:\/\/www.oarcanjo.net\/site\/#\/schema\/person\/5eb9480bedd2f3c97e430ce128c29c6c"},"headline":"Santo Aldo","datePublished":"2017-01-10T02:02:56+00:00","dateModified":"2016-12-27T08:22:35+00:00","mainEntityOfPage":{"@id":"https:\/\/www.oarcanjo.net\/site\/santo-aldo\/"},"wordCount":542,"commentCount":0,"publisher":{"@id":"https:\/\/www.oarcanjo.net\/site\/#organization"},"image":{"@id":"https:\/\/www.oarcanjo.net\/site\/santo-aldo\/#primaryimage"},"thumbnailUrl":"http:\/\/www.paulinas.org.br\/diafeliz\/images\/santo\/Aldo.gif","articleSection":["Testemunhos"],"inLanguage":"pt-BR","potentialAction":[{"@type":"CommentAction","name":"Comment","target":["https:\/\/www.oarcanjo.net\/site\/santo-aldo\/#respond"]}]},{"@type":"WebPage","@id":"https:\/\/www.oarcanjo.net\/site\/santo-aldo\/","url":"https:\/\/www.oarcanjo.net\/site\/santo-aldo\/","name":"Santo Aldo - O Arcanjo no ar","isPartOf":{"@id":"https:\/\/www.oarcanjo.net\/site\/#website"},"primaryImageOfPage":{"@id":"https:\/\/www.oarcanjo.net\/site\/santo-aldo\/#primaryimage"},"image":{"@id":"https:\/\/www.oarcanjo.net\/site\/santo-aldo\/#primaryimage"},"thumbnailUrl":"http:\/\/www.paulinas.org.br\/diafeliz\/images\/santo\/Aldo.gif","datePublished":"2017-01-10T02:02:56+00:00","dateModified":"2016-12-27T08:22:35+00:00","breadcrumb":{"@id":"https:\/\/www.oarcanjo.net\/site\/santo-aldo\/#breadcrumb"},"inLanguage":"pt-BR","potentialAction":[{"@type":"ReadAction","target":["https:\/\/www.oarcanjo.net\/site\/santo-aldo\/"]}]},{"@type":"ImageObject","inLanguage":"pt-BR","@id":"https:\/\/www.oarcanjo.net\/site\/santo-aldo\/#primaryimage","url":"http:\/\/www.paulinas.org.br\/diafeliz\/images\/santo\/Aldo.gif","contentUrl":"http:\/\/www.paulinas.org.br\/diafeliz\/images\/santo\/Aldo.gif"},{"@type":"BreadcrumbList","@id":"https:\/\/www.oarcanjo.net\/site\/santo-aldo\/#breadcrumb","itemListElement":[{"@type":"ListItem","position":1,"name":"In\u00edcio","item":"https:\/\/www.oarcanjo.net\/site\/"},{"@type":"ListItem","position":2,"name":"Santo Aldo"}]},{"@type":"WebSite","@id":"https:\/\/www.oarcanjo.net\/site\/#website","url":"https:\/\/www.oarcanjo.net\/site\/","name":"O Arcanjo no ar","description":"Site da Par\u00f3quia S\u00e3o Miguel Arcanjo (Arquidiocese de SP)","publisher":{"@id":"https:\/\/www.oarcanjo.net\/site\/#organization"},"potentialAction":[{"@type":"SearchAction","target":{"@type":"EntryPoint","urlTemplate":"https:\/\/www.oarcanjo.net\/site\/?s={search_term_string}"},"query-input":{"@type":"PropertyValueSpecification","valueRequired":true,"valueName":"search_term_string"}}],"inLanguage":"pt-BR"},{"@type":"Organization","@id":"https:\/\/www.oarcanjo.net\/site\/#organization","name":"Par\u00f3quia S\u00e3o Miguel Arcanjo","url":"https:\/\/www.oarcanjo.net\/site\/","logo":{"@type":"ImageObject","inLanguage":"pt-BR","@id":"https:\/\/www.oarcanjo.net\/site\/#\/schema\/logo\/image\/","url":"https:\/\/www.oarcanjo.net\/site\/wp-content\/uploads\/LogoOArcanjo.png","contentUrl":"https:\/\/www.oarcanjo.net\/site\/wp-content\/uploads\/LogoOArcanjo.png","width":319,"height":99,"caption":"Par\u00f3quia S\u00e3o Miguel Arcanjo"},"image":{"@id":"https:\/\/www.oarcanjo.net\/site\/#\/schema\/logo\/image\/"},"sameAs":["https:\/\/www.facebook.com\/OArcanjoNoAr\/"]},{"@type":"Person","@id":"https:\/\/www.oarcanjo.net\/site\/#\/schema\/person\/5eb9480bedd2f3c97e430ce128c29c6c","name":"danilo"}]}},"publishpress_future_action":{"enabled":false,"date":"2026-05-09 08:15:21","action":"category","newStatus":"draft","terms":[],"taxonomy":"category"},"publishpress_future_workflow_manual_trigger":{"enabledWorkflows":[]},"_links":{"self":[{"href":"https:\/\/www.oarcanjo.net\/site\/wp-json\/wp\/v2\/posts\/7190"}],"collection":[{"href":"https:\/\/www.oarcanjo.net\/site\/wp-json\/wp\/v2\/posts"}],"about":[{"href":"https:\/\/www.oarcanjo.net\/site\/wp-json\/wp\/v2\/types\/post"}],"author":[{"embeddable":true,"href":"https:\/\/www.oarcanjo.net\/site\/wp-json\/wp\/v2\/users\/14"}],"replies":[{"embeddable":true,"href":"https:\/\/www.oarcanjo.net\/site\/wp-json\/wp\/v2\/comments?post=7190"}],"version-history":[{"count":0,"href":"https:\/\/www.oarcanjo.net\/site\/wp-json\/wp\/v2\/posts\/7190\/revisions"}],"wp:attachment":[{"href":"https:\/\/www.oarcanjo.net\/site\/wp-json\/wp\/v2\/media?parent=7190"}],"wp:term":[{"taxonomy":"category","embeddable":true,"href":"https:\/\/www.oarcanjo.net\/site\/wp-json\/wp\/v2\/categories?post=7190"},{"taxonomy":"post_tag","embeddable":true,"href":"https:\/\/www.oarcanjo.net\/site\/wp-json\/wp\/v2\/tags?post=7190"}],"curies":[{"name":"wp","href":"https:\/\/api.w.org\/{rel}","templated":true}]}}