
{"id":7192,"date":"2017-01-10T00:04:20","date_gmt":"2017-01-10T02:04:20","guid":{"rendered":"http:\/\/www.oarcanjo.net\/site\/?p=7192"},"modified":"2016-12-27T06:22:30","modified_gmt":"2016-12-27T08:22:30","slug":"sao-guilherme-de-bourges","status":"publish","type":"post","link":"https:\/\/www.oarcanjo.net\/site\/sao-guilherme-de-bourges\/","title":{"rendered":"S\u00e3o Guilherme de Bourges"},"content":{"rendered":"<p><img decoding=\"async\" src=\"http:\/\/www.tercodoshomens.net\/mediac\/450_0\/media\/S$C3$A3o$20Guilherme$20de$20Bourges$2C.jpg\" alt=\"\" \/><\/p>\n<p>10 de Janeiro<\/p>\n<p>Guilherme, era filho dos condes de Nervers e neto de Pedro, o eremita. Sua educa\u00e7\u00e3o foi muito religiosa. Desde a inf\u00e2ncia mostrou o desejo de dedicar a sua vida \u00e0 servi\u00e7o de Cristo. Mais tarde, com a voca\u00e7\u00e3o definida se consagrou sacerdote e foi nomeado o vig\u00e1rio geral de Soissons e depois de Paris.<\/p>\n<p>Entretanto, assim como seu av\u00f4, decidiu deixar a vida da sociedade para se retirar \u00e0 solid\u00e3o santa. A princ\u00edpio foi para o mosteiro de Gradmont, mas depois ingressou para a Ordem de Cister e se tornou um monge. Muito preparado espiritualmente e com uma imensa bagagem cultural, foi sucessivamente abade de Pontigny, de Fontaine-Jean, na diocese de Soissons, e finalmente em Chaalis.<\/p>\n<p>Entretanto a morte o arcebispo de Bourges em setembro de 1200 ocasionou uma grande contesta\u00e7\u00e3o para se saber quem seria designado como sucessor. Para acabar com as diverg\u00eancias foi chamado o bispo de Paris, Otto, o qual, depois de haver rezado ao Senhor, resolveu sortear o cargo e o vencedor foi Guilherme.<\/p>\n<p>Guilherme aceitou mesmo contra a vontade esta designa\u00e7\u00e3o, se tornando assim o bispo de Bourges. Como novo pastor se ocupou ativamente da sua diocese dando prova de piedade, firmeza, de bondade e humanidade. Foi sob todos os pontos de vista um modelo para o seu rebanho. A sua fama era tal que a na\u00e7\u00e3o francesa, e a universidade de Paris, o escolheram como patrono.<\/p>\n<p>Combateu a heresia dos albigenses, que pregavam uma doutrina contr\u00e1ria \u00e0 do cristianismo, atrav\u00e9s das ora\u00e7\u00f5es. Durante o pontificado de Inoc\u00eancio III, pediu para participar e seguir com a sua cruzada, sendo prontamente autorizado por ele. Quando se preparava para partir ficou muito doente, morrendo no dia 10 de janeiro de 1209.<\/p>\n<p>Os milagres que se verificaram por sua intercess\u00e3o logo ap\u00f3s o seu falecimento o levaram \u00e0 canoniza\u00e7\u00e3o, que foi concedida ap\u00f3s oito anos de sua morte em 17 de maio de 1218, pelo papa Hon\u00f3rio III.<\/p>\n<p>O seu corpo foi colocado em uma urna de ouro e transferido para a sepultura em frente do altar maior da catedral de Bourges. Algumas rel\u00edquias foram doadas \u00e0 abadia de Chaalis e \u00e0 igreja de S\u00e3o Leodeg\u00e1rio em Alvernia. Depois com a persegui\u00e7\u00e3o dos calvinistas elas foram jogadas e dispersadas, mas em seguida, recolhidas pela popula\u00e7\u00e3o alverniense, para em 1793, serem novamente dispersadas.<\/p>\n<p>Os ugonotas, por sua vez, haviam queimado, aquelas remanescentes da catedral de Bourges e de Chaalis e jogado as cinzas ao vento. S\u00e3o Guilherme de Bourges, como ficou conhecido, \u00e9 festejado no dia 10 de janeiro, o mesmo em que morreu.<\/p>\n<div id=\"themify_builder_content-7192\" data-postid=\"7192\" class=\"themify_builder_content themify_builder_content-7192 themify_builder themify_builder_front\">\n\t<\/div>\n<!-- \/themify_builder_content -->","protected":false},"excerpt":{"rendered":"<p>10 de Janeiro Guilherme, era filho dos condes de Nervers e neto de Pedro, o eremita. Sua educa\u00e7\u00e3o foi muito religiosa. Desde a inf\u00e2ncia mostrou o desejo de dedicar a sua vida \u00e0 servi\u00e7o de Cristo. Mais tarde, com a voca\u00e7\u00e3o definida se consagrou sacerdote e foi nomeado o vig\u00e1rio geral de Soissons e depois [&hellip;]<\/p>\n","protected":false},"author":14,"featured_media":0,"comment_status":"open","ping_status":"open","sticky":false,"template":"","format":"standard","meta":{"ngg_post_thumbnail":0,"footnotes":""},"categories":[186],"tags":[],"yoast_head":"<!-- This site is optimized with the Yoast SEO plugin v23.5 - https:\/\/yoast.com\/wordpress\/plugins\/seo\/ -->\n<title>S\u00e3o Guilherme de Bourges - O Arcanjo no ar<\/title>\n<meta name=\"robots\" content=\"index, follow, max-snippet:-1, max-image-preview:large, max-video-preview:-1\" \/>\n<link rel=\"canonical\" href=\"https:\/\/www.oarcanjo.net\/site\/sao-guilherme-de-bourges\/\" \/>\n<meta property=\"og:locale\" content=\"pt_BR\" \/>\n<meta property=\"og:type\" content=\"article\" \/>\n<meta property=\"og:title\" content=\"S\u00e3o Guilherme de Bourges - O Arcanjo no ar\" \/>\n<meta property=\"og:description\" content=\"10 de Janeiro Guilherme, era filho dos condes de Nervers e neto de Pedro, o eremita. Sua educa\u00e7\u00e3o foi muito religiosa. Desde a inf\u00e2ncia mostrou o desejo de dedicar a sua vida \u00e0 servi\u00e7o de Cristo. Mais tarde, com a voca\u00e7\u00e3o definida se consagrou sacerdote e foi nomeado o vig\u00e1rio geral de Soissons e depois [&hellip;]\" \/>\n<meta property=\"og:url\" content=\"https:\/\/www.oarcanjo.net\/site\/sao-guilherme-de-bourges\/\" \/>\n<meta property=\"og:site_name\" content=\"O Arcanjo no ar\" \/>\n<meta property=\"article:publisher\" content=\"https:\/\/www.facebook.com\/OArcanjoNoAr\/\" \/>\n<meta property=\"article:published_time\" content=\"2017-01-10T02:04:20+00:00\" \/>\n<meta property=\"article:modified_time\" content=\"2016-12-27T08:22:30+00:00\" \/>\n<meta property=\"og:image\" content=\"http:\/\/www.tercodoshomens.net\/mediac\/450_0\/media\/S$C3$A3o$20Guilherme$20de$20Bourges$2C.jpg\" \/>\n<meta name=\"author\" content=\"danilo\" \/>\n<meta name=\"twitter:card\" content=\"summary_large_image\" \/>\n<meta name=\"twitter:label1\" content=\"Escrito por\" \/>\n\t<meta name=\"twitter:data1\" content=\"danilo\" \/>\n\t<meta name=\"twitter:label2\" content=\"Est. tempo de leitura\" \/>\n\t<meta name=\"twitter:data2\" content=\"2 minutos\" \/>\n<script type=\"application\/ld+json\" class=\"yoast-schema-graph\">{\"@context\":\"https:\/\/schema.org\",\"@graph\":[{\"@type\":\"Article\",\"@id\":\"https:\/\/www.oarcanjo.net\/site\/sao-guilherme-de-bourges\/#article\",\"isPartOf\":{\"@id\":\"https:\/\/www.oarcanjo.net\/site\/sao-guilherme-de-bourges\/\"},\"author\":{\"name\":\"danilo\",\"@id\":\"https:\/\/www.oarcanjo.net\/site\/#\/schema\/person\/5eb9480bedd2f3c97e430ce128c29c6c\"},\"headline\":\"S\u00e3o Guilherme de Bourges\",\"datePublished\":\"2017-01-10T02:04:20+00:00\",\"dateModified\":\"2016-12-27T08:22:30+00:00\",\"mainEntityOfPage\":{\"@id\":\"https:\/\/www.oarcanjo.net\/site\/sao-guilherme-de-bourges\/\"},\"wordCount\":444,\"commentCount\":0,\"publisher\":{\"@id\":\"https:\/\/www.oarcanjo.net\/site\/#organization\"},\"image\":{\"@id\":\"https:\/\/www.oarcanjo.net\/site\/sao-guilherme-de-bourges\/#primaryimage\"},\"thumbnailUrl\":\"http:\/\/www.tercodoshomens.net\/mediac\/450_0\/media\/S$C3$A3o$20Guilherme$20de$20Bourges$2C.jpg\",\"articleSection\":[\"Testemunhos\"],\"inLanguage\":\"pt-BR\",\"potentialAction\":[{\"@type\":\"CommentAction\",\"name\":\"Comment\",\"target\":[\"https:\/\/www.oarcanjo.net\/site\/sao-guilherme-de-bourges\/#respond\"]}]},{\"@type\":\"WebPage\",\"@id\":\"https:\/\/www.oarcanjo.net\/site\/sao-guilherme-de-bourges\/\",\"url\":\"https:\/\/www.oarcanjo.net\/site\/sao-guilherme-de-bourges\/\",\"name\":\"S\u00e3o Guilherme de Bourges - O Arcanjo no ar\",\"isPartOf\":{\"@id\":\"https:\/\/www.oarcanjo.net\/site\/#website\"},\"primaryImageOfPage\":{\"@id\":\"https:\/\/www.oarcanjo.net\/site\/sao-guilherme-de-bourges\/#primaryimage\"},\"image\":{\"@id\":\"https:\/\/www.oarcanjo.net\/site\/sao-guilherme-de-bourges\/#primaryimage\"},\"thumbnailUrl\":\"http:\/\/www.tercodoshomens.net\/mediac\/450_0\/media\/S$C3$A3o$20Guilherme$20de$20Bourges$2C.jpg\",\"datePublished\":\"2017-01-10T02:04:20+00:00\",\"dateModified\":\"2016-12-27T08:22:30+00:00\",\"breadcrumb\":{\"@id\":\"https:\/\/www.oarcanjo.net\/site\/sao-guilherme-de-bourges\/#breadcrumb\"},\"inLanguage\":\"pt-BR\",\"potentialAction\":[{\"@type\":\"ReadAction\",\"target\":[\"https:\/\/www.oarcanjo.net\/site\/sao-guilherme-de-bourges\/\"]}]},{\"@type\":\"ImageObject\",\"inLanguage\":\"pt-BR\",\"@id\":\"https:\/\/www.oarcanjo.net\/site\/sao-guilherme-de-bourges\/#primaryimage\",\"url\":\"http:\/\/www.tercodoshomens.net\/mediac\/450_0\/media\/S$C3$A3o$20Guilherme$20de$20Bourges$2C.jpg\",\"contentUrl\":\"http:\/\/www.tercodoshomens.net\/mediac\/450_0\/media\/S$C3$A3o$20Guilherme$20de$20Bourges$2C.jpg\"},{\"@type\":\"BreadcrumbList\",\"@id\":\"https:\/\/www.oarcanjo.net\/site\/sao-guilherme-de-bourges\/#breadcrumb\",\"itemListElement\":[{\"@type\":\"ListItem\",\"position\":1,\"name\":\"In\u00edcio\",\"item\":\"https:\/\/www.oarcanjo.net\/site\/\"},{\"@type\":\"ListItem\",\"position\":2,\"name\":\"S\u00e3o Guilherme de Bourges\"}]},{\"@type\":\"WebSite\",\"@id\":\"https:\/\/www.oarcanjo.net\/site\/#website\",\"url\":\"https:\/\/www.oarcanjo.net\/site\/\",\"name\":\"O Arcanjo no ar\",\"description\":\"Site da Par\u00f3quia S\u00e3o Miguel Arcanjo (Arquidiocese de SP)\",\"publisher\":{\"@id\":\"https:\/\/www.oarcanjo.net\/site\/#organization\"},\"potentialAction\":[{\"@type\":\"SearchAction\",\"target\":{\"@type\":\"EntryPoint\",\"urlTemplate\":\"https:\/\/www.oarcanjo.net\/site\/?s={search_term_string}\"},\"query-input\":{\"@type\":\"PropertyValueSpecification\",\"valueRequired\":true,\"valueName\":\"search_term_string\"}}],\"inLanguage\":\"pt-BR\"},{\"@type\":\"Organization\",\"@id\":\"https:\/\/www.oarcanjo.net\/site\/#organization\",\"name\":\"Par\u00f3quia S\u00e3o Miguel Arcanjo\",\"url\":\"https:\/\/www.oarcanjo.net\/site\/\",\"logo\":{\"@type\":\"ImageObject\",\"inLanguage\":\"pt-BR\",\"@id\":\"https:\/\/www.oarcanjo.net\/site\/#\/schema\/logo\/image\/\",\"url\":\"https:\/\/www.oarcanjo.net\/site\/wp-content\/uploads\/LogoOArcanjo.png\",\"contentUrl\":\"https:\/\/www.oarcanjo.net\/site\/wp-content\/uploads\/LogoOArcanjo.png\",\"width\":319,\"height\":99,\"caption\":\"Par\u00f3quia S\u00e3o Miguel Arcanjo\"},\"image\":{\"@id\":\"https:\/\/www.oarcanjo.net\/site\/#\/schema\/logo\/image\/\"},\"sameAs\":[\"https:\/\/www.facebook.com\/OArcanjoNoAr\/\"]},{\"@type\":\"Person\",\"@id\":\"https:\/\/www.oarcanjo.net\/site\/#\/schema\/person\/5eb9480bedd2f3c97e430ce128c29c6c\",\"name\":\"danilo\"}]}<\/script>\n<!-- \/ Yoast SEO plugin. -->","yoast_head_json":{"title":"S\u00e3o Guilherme de Bourges - O Arcanjo no ar","robots":{"index":"index","follow":"follow","max-snippet":"max-snippet:-1","max-image-preview":"max-image-preview:large","max-video-preview":"max-video-preview:-1"},"canonical":"https:\/\/www.oarcanjo.net\/site\/sao-guilherme-de-bourges\/","og_locale":"pt_BR","og_type":"article","og_title":"S\u00e3o Guilherme de Bourges - O Arcanjo no ar","og_description":"10 de Janeiro Guilherme, era filho dos condes de Nervers e neto de Pedro, o eremita. Sua educa\u00e7\u00e3o foi muito religiosa. Desde a inf\u00e2ncia mostrou o desejo de dedicar a sua vida \u00e0 servi\u00e7o de Cristo. Mais tarde, com a voca\u00e7\u00e3o definida se consagrou sacerdote e foi nomeado o vig\u00e1rio geral de Soissons e depois [&hellip;]","og_url":"https:\/\/www.oarcanjo.net\/site\/sao-guilherme-de-bourges\/","og_site_name":"O Arcanjo no ar","article_publisher":"https:\/\/www.facebook.com\/OArcanjoNoAr\/","article_published_time":"2017-01-10T02:04:20+00:00","article_modified_time":"2016-12-27T08:22:30+00:00","og_image":[{"url":"http:\/\/www.tercodoshomens.net\/mediac\/450_0\/media\/S$C3$A3o$20Guilherme$20de$20Bourges$2C.jpg"}],"author":"danilo","twitter_card":"summary_large_image","twitter_misc":{"Escrito por":"danilo","Est. tempo de leitura":"2 minutos"},"schema":{"@context":"https:\/\/schema.org","@graph":[{"@type":"Article","@id":"https:\/\/www.oarcanjo.net\/site\/sao-guilherme-de-bourges\/#article","isPartOf":{"@id":"https:\/\/www.oarcanjo.net\/site\/sao-guilherme-de-bourges\/"},"author":{"name":"danilo","@id":"https:\/\/www.oarcanjo.net\/site\/#\/schema\/person\/5eb9480bedd2f3c97e430ce128c29c6c"},"headline":"S\u00e3o Guilherme de Bourges","datePublished":"2017-01-10T02:04:20+00:00","dateModified":"2016-12-27T08:22:30+00:00","mainEntityOfPage":{"@id":"https:\/\/www.oarcanjo.net\/site\/sao-guilherme-de-bourges\/"},"wordCount":444,"commentCount":0,"publisher":{"@id":"https:\/\/www.oarcanjo.net\/site\/#organization"},"image":{"@id":"https:\/\/www.oarcanjo.net\/site\/sao-guilherme-de-bourges\/#primaryimage"},"thumbnailUrl":"http:\/\/www.tercodoshomens.net\/mediac\/450_0\/media\/S$C3$A3o$20Guilherme$20de$20Bourges$2C.jpg","articleSection":["Testemunhos"],"inLanguage":"pt-BR","potentialAction":[{"@type":"CommentAction","name":"Comment","target":["https:\/\/www.oarcanjo.net\/site\/sao-guilherme-de-bourges\/#respond"]}]},{"@type":"WebPage","@id":"https:\/\/www.oarcanjo.net\/site\/sao-guilherme-de-bourges\/","url":"https:\/\/www.oarcanjo.net\/site\/sao-guilherme-de-bourges\/","name":"S\u00e3o Guilherme de Bourges - O Arcanjo no ar","isPartOf":{"@id":"https:\/\/www.oarcanjo.net\/site\/#website"},"primaryImageOfPage":{"@id":"https:\/\/www.oarcanjo.net\/site\/sao-guilherme-de-bourges\/#primaryimage"},"image":{"@id":"https:\/\/www.oarcanjo.net\/site\/sao-guilherme-de-bourges\/#primaryimage"},"thumbnailUrl":"http:\/\/www.tercodoshomens.net\/mediac\/450_0\/media\/S$C3$A3o$20Guilherme$20de$20Bourges$2C.jpg","datePublished":"2017-01-10T02:04:20+00:00","dateModified":"2016-12-27T08:22:30+00:00","breadcrumb":{"@id":"https:\/\/www.oarcanjo.net\/site\/sao-guilherme-de-bourges\/#breadcrumb"},"inLanguage":"pt-BR","potentialAction":[{"@type":"ReadAction","target":["https:\/\/www.oarcanjo.net\/site\/sao-guilherme-de-bourges\/"]}]},{"@type":"ImageObject","inLanguage":"pt-BR","@id":"https:\/\/www.oarcanjo.net\/site\/sao-guilherme-de-bourges\/#primaryimage","url":"http:\/\/www.tercodoshomens.net\/mediac\/450_0\/media\/S$C3$A3o$20Guilherme$20de$20Bourges$2C.jpg","contentUrl":"http:\/\/www.tercodoshomens.net\/mediac\/450_0\/media\/S$C3$A3o$20Guilherme$20de$20Bourges$2C.jpg"},{"@type":"BreadcrumbList","@id":"https:\/\/www.oarcanjo.net\/site\/sao-guilherme-de-bourges\/#breadcrumb","itemListElement":[{"@type":"ListItem","position":1,"name":"In\u00edcio","item":"https:\/\/www.oarcanjo.net\/site\/"},{"@type":"ListItem","position":2,"name":"S\u00e3o Guilherme de Bourges"}]},{"@type":"WebSite","@id":"https:\/\/www.oarcanjo.net\/site\/#website","url":"https:\/\/www.oarcanjo.net\/site\/","name":"O Arcanjo no ar","description":"Site da Par\u00f3quia S\u00e3o Miguel Arcanjo (Arquidiocese de SP)","publisher":{"@id":"https:\/\/www.oarcanjo.net\/site\/#organization"},"potentialAction":[{"@type":"SearchAction","target":{"@type":"EntryPoint","urlTemplate":"https:\/\/www.oarcanjo.net\/site\/?s={search_term_string}"},"query-input":{"@type":"PropertyValueSpecification","valueRequired":true,"valueName":"search_term_string"}}],"inLanguage":"pt-BR"},{"@type":"Organization","@id":"https:\/\/www.oarcanjo.net\/site\/#organization","name":"Par\u00f3quia S\u00e3o Miguel Arcanjo","url":"https:\/\/www.oarcanjo.net\/site\/","logo":{"@type":"ImageObject","inLanguage":"pt-BR","@id":"https:\/\/www.oarcanjo.net\/site\/#\/schema\/logo\/image\/","url":"https:\/\/www.oarcanjo.net\/site\/wp-content\/uploads\/LogoOArcanjo.png","contentUrl":"https:\/\/www.oarcanjo.net\/site\/wp-content\/uploads\/LogoOArcanjo.png","width":319,"height":99,"caption":"Par\u00f3quia S\u00e3o Miguel Arcanjo"},"image":{"@id":"https:\/\/www.oarcanjo.net\/site\/#\/schema\/logo\/image\/"},"sameAs":["https:\/\/www.facebook.com\/OArcanjoNoAr\/"]},{"@type":"Person","@id":"https:\/\/www.oarcanjo.net\/site\/#\/schema\/person\/5eb9480bedd2f3c97e430ce128c29c6c","name":"danilo"}]}},"publishpress_future_action":{"enabled":false,"date":"2026-05-09 08:24:48","action":"category","newStatus":"draft","terms":[],"taxonomy":"category"},"publishpress_future_workflow_manual_trigger":{"enabledWorkflows":[]},"_links":{"self":[{"href":"https:\/\/www.oarcanjo.net\/site\/wp-json\/wp\/v2\/posts\/7192"}],"collection":[{"href":"https:\/\/www.oarcanjo.net\/site\/wp-json\/wp\/v2\/posts"}],"about":[{"href":"https:\/\/www.oarcanjo.net\/site\/wp-json\/wp\/v2\/types\/post"}],"author":[{"embeddable":true,"href":"https:\/\/www.oarcanjo.net\/site\/wp-json\/wp\/v2\/users\/14"}],"replies":[{"embeddable":true,"href":"https:\/\/www.oarcanjo.net\/site\/wp-json\/wp\/v2\/comments?post=7192"}],"version-history":[{"count":0,"href":"https:\/\/www.oarcanjo.net\/site\/wp-json\/wp\/v2\/posts\/7192\/revisions"}],"wp:attachment":[{"href":"https:\/\/www.oarcanjo.net\/site\/wp-json\/wp\/v2\/media?parent=7192"}],"wp:term":[{"taxonomy":"category","embeddable":true,"href":"https:\/\/www.oarcanjo.net\/site\/wp-json\/wp\/v2\/categories?post=7192"},{"taxonomy":"post_tag","embeddable":true,"href":"https:\/\/www.oarcanjo.net\/site\/wp-json\/wp\/v2\/tags?post=7192"}],"curies":[{"name":"wp","href":"https:\/\/api.w.org\/{rel}","templated":true}]}}