
{"id":7194,"date":"2017-01-11T00:11:41","date_gmt":"2017-01-11T02:11:41","guid":{"rendered":"http:\/\/www.oarcanjo.net\/site\/?p=7194"},"modified":"2016-12-27T06:22:48","modified_gmt":"2016-12-27T08:22:48","slug":"santo-teodosio","status":"publish","type":"post","link":"https:\/\/www.oarcanjo.net\/site\/santo-teodosio\/","title":{"rendered":"Santo Teod\u00f3sio"},"content":{"rendered":"<p><img decoding=\"async\" src=\"http:\/\/4.bp.blogspot.com\/_z-c0Sh5Zlrs\/SHVAgmhmyLI\/AAAAAAAAAcQ\/gJovIGnV8QQ\/s400\/Santo+Teod%C3%B3sio.jpg\" alt=\"\" \/><\/p>\n<p>11 de Janeiro<\/p>\n<p>Teod\u00f3sio, cujo nome significa &#8220;um presente de Deus&#8221;, nasceu na Capad\u00f3cia, atual Turquia, em 423, de pais ricos, nobres crist\u00e3os. Recebeu uma boa e s\u00f3lida forma\u00e7\u00e3o desde a inf\u00e2ncia sendo educado dentro dos preceitos da f\u00e9 cat\u00f3lica. Quando ainda muito jovem, era ele quem fazia as leituras nas assembl\u00e9ias lit\u00fargicas de sua cidade. Um dia, lendo a hist\u00f3ria de Abra\u00e3o, identificou-se com ele e descobriu que seu caminho era o mesmo do patriarca, que deixara sua terra para se encaminhar aonde Deus lhe apontava. Teod\u00f3sio decidiu fazer o mesmo, seguindo inicialmente em peregrina\u00e7\u00e3o \u00e0 Terra Santa, para conhecer os caminhos trilhados por Jesus.<\/p>\n<p>Dotado de dons especiais como da profecia, prod\u00edgio, cura e conselho, sentiu a confirma\u00e7\u00e3o do seu chamado por Deus, ao se encontrar com Sime\u00e3o, o estilista, outro Santo que havia optado por viver acorrentado e numa torre alta constru\u00edda por ele mesmo. Sime\u00e3o que nunca o tinha visto ou conhecido, o chamou pelo pr\u00f3prio nome e o avisou de que Deus o havia escolhido para converter e salvar muita gente. Teod\u00f3sio entrou ent\u00e3o para um convento pr\u00f3ximo \u00e0 Torre de Davi, onde rapidamente foi escolhido para a provedoria de uma igreja consagrada a Nossa Senhora. Mas sentia que aquela n\u00e3o era a sua obra, preferia a vida solit\u00e1ria da comunidade mon\u00e1stica do deserto, como era usual naquela \u00e9poca.<\/p>\n<p>Depois, seguindo a orienta\u00e7\u00e3o de S\u00e3o Longuinho, que o aconselhava em sonhos, foi habitar numa caverna, que segundo dizem fora ocupada pelos Reis Magos ao regressarem de Bel\u00e9m. Al\u00ed se entregou \u00e0s duras penitencias e ora\u00e7\u00f5es, passando a pregar com um senso de humildade que contagiava a todos que por l\u00e1 passavam. Logo come\u00e7ou a receber disc\u00edpulos e outros monges formando uma nova comunidade religiosa cenob\u00edtica, isto \u00e9,<br \/>\nviviam uma vida retirada mas em comunica\u00e7\u00e3o servindo a comunidade movidos pelos mesmos interesses, princ\u00edpios e prerrogativas crist\u00e3s.<\/p>\n<p>Numerosos disc\u00edpulos, de diversas nacionalidades, foram atra\u00eddos e reunidos por ele. Edificou tr\u00eas conventos, um para os que falavam grego, outro para os eslavos e o terceiro para os de idiomas orientais como hebreu, \u00e1rabe e persa. Todos nos arredores de Bel\u00e9m. Construiu tamb\u00e9m tr\u00eas hospitais, um para anci\u00e3os, outro para atender todos os tipos de doen\u00e7as e o terceiro para os que tinham enfermidades mentais. Ali\u00e1s uma id\u00e9ia muito nova para essa \u00e9poca e pouco freq\u00fcente no mundo inteiro. Al\u00e9m disso ergueu quatro igrejas.<\/p>\n<p>Sua fama o levou ao posto de arquimandrita da Palestina, isto \u00e9, superior geral de todos os monges. Mas sua atua\u00e7\u00e3o contra os hereges acabou por conden\u00e1-lo ao ex\u00edlio, por confrontar-se com o Imperador Anast\u00e1cio. S\u00f3 quando o imperador morreu \u00e9 que ele p\u00f4de voltar \u00e0 Palestina reconquistando seu posto de lideran\u00e7a entre os monges.<\/p>\n<p>Quando Teod\u00f3sio morreu, com cento e cinco anos, em 529, seu corpo foi depositado na cova feita por ele mesmo, h\u00e1 muitos anos, naquela gruta onde os Reis Magos dormiram, entre Jerusal\u00e9m e Bel\u00e9m. Seu enterro foi acompanhado pelo Arcebispo de Jerusal\u00e9m e muitos crist\u00e3os da Cidade Santa assistiram ao seu funeral onde aconteceram<br \/>\nin\u00fameras gra\u00e7as e prod\u00edgios, que ainda sucedem no local de sua sepultura, embora tenha sido profanada e saqueada pelos \u00e1rabes sarracenos. Seu culto se difundiu rapidamente pelo mundo crist\u00e3o e se mant\u00e9m ainda hoje muito forte.<\/p>\n<div id=\"themify_builder_content-7194\" data-postid=\"7194\" class=\"themify_builder_content themify_builder_content-7194 themify_builder themify_builder_front\">\n\t<\/div>\n<!-- \/themify_builder_content -->","protected":false},"excerpt":{"rendered":"<p>11 de Janeiro Teod\u00f3sio, cujo nome significa &#8220;um presente de Deus&#8221;, nasceu na Capad\u00f3cia, atual Turquia, em 423, de pais ricos, nobres crist\u00e3os. Recebeu uma boa e s\u00f3lida forma\u00e7\u00e3o desde a inf\u00e2ncia sendo educado dentro dos preceitos da f\u00e9 cat\u00f3lica. Quando ainda muito jovem, era ele quem fazia as leituras nas assembl\u00e9ias lit\u00fargicas de sua [&hellip;]<\/p>\n","protected":false},"author":14,"featured_media":0,"comment_status":"open","ping_status":"open","sticky":false,"template":"","format":"standard","meta":{"ngg_post_thumbnail":0,"footnotes":""},"categories":[186],"tags":[],"yoast_head":"<!-- This site is optimized with the Yoast SEO plugin v23.5 - https:\/\/yoast.com\/wordpress\/plugins\/seo\/ -->\n<title>Santo Teod\u00f3sio - O Arcanjo no ar<\/title>\n<meta name=\"robots\" content=\"index, follow, max-snippet:-1, max-image-preview:large, max-video-preview:-1\" \/>\n<link rel=\"canonical\" href=\"https:\/\/www.oarcanjo.net\/site\/santo-teodosio\/\" \/>\n<meta property=\"og:locale\" content=\"pt_BR\" \/>\n<meta property=\"og:type\" content=\"article\" \/>\n<meta property=\"og:title\" content=\"Santo Teod\u00f3sio - O Arcanjo no ar\" \/>\n<meta property=\"og:description\" content=\"11 de Janeiro Teod\u00f3sio, cujo nome significa &#8220;um presente de Deus&#8221;, nasceu na Capad\u00f3cia, atual Turquia, em 423, de pais ricos, nobres crist\u00e3os. Recebeu uma boa e s\u00f3lida forma\u00e7\u00e3o desde a inf\u00e2ncia sendo educado dentro dos preceitos da f\u00e9 cat\u00f3lica. Quando ainda muito jovem, era ele quem fazia as leituras nas assembl\u00e9ias lit\u00fargicas de sua [&hellip;]\" \/>\n<meta property=\"og:url\" content=\"https:\/\/www.oarcanjo.net\/site\/santo-teodosio\/\" \/>\n<meta property=\"og:site_name\" content=\"O Arcanjo no ar\" \/>\n<meta property=\"article:publisher\" content=\"https:\/\/www.facebook.com\/OArcanjoNoAr\/\" \/>\n<meta property=\"article:published_time\" content=\"2017-01-11T02:11:41+00:00\" \/>\n<meta property=\"article:modified_time\" content=\"2016-12-27T08:22:48+00:00\" \/>\n<meta property=\"og:image\" content=\"http:\/\/4.bp.blogspot.com\/_z-c0Sh5Zlrs\/SHVAgmhmyLI\/AAAAAAAAAcQ\/gJovIGnV8QQ\/s400\/Santo+Teod%C3%B3sio.jpg\" \/>\n<meta name=\"author\" content=\"danilo\" \/>\n<meta name=\"twitter:card\" content=\"summary_large_image\" \/>\n<meta name=\"twitter:label1\" content=\"Escrito por\" \/>\n\t<meta name=\"twitter:data1\" content=\"danilo\" \/>\n\t<meta name=\"twitter:label2\" content=\"Est. tempo de leitura\" \/>\n\t<meta name=\"twitter:data2\" content=\"3 minutos\" \/>\n<script type=\"application\/ld+json\" class=\"yoast-schema-graph\">{\"@context\":\"https:\/\/schema.org\",\"@graph\":[{\"@type\":\"Article\",\"@id\":\"https:\/\/www.oarcanjo.net\/site\/santo-teodosio\/#article\",\"isPartOf\":{\"@id\":\"https:\/\/www.oarcanjo.net\/site\/santo-teodosio\/\"},\"author\":{\"name\":\"danilo\",\"@id\":\"https:\/\/www.oarcanjo.net\/site\/#\/schema\/person\/5eb9480bedd2f3c97e430ce128c29c6c\"},\"headline\":\"Santo Teod\u00f3sio\",\"datePublished\":\"2017-01-11T02:11:41+00:00\",\"dateModified\":\"2016-12-27T08:22:48+00:00\",\"mainEntityOfPage\":{\"@id\":\"https:\/\/www.oarcanjo.net\/site\/santo-teodosio\/\"},\"wordCount\":597,\"commentCount\":0,\"publisher\":{\"@id\":\"https:\/\/www.oarcanjo.net\/site\/#organization\"},\"image\":{\"@id\":\"https:\/\/www.oarcanjo.net\/site\/santo-teodosio\/#primaryimage\"},\"thumbnailUrl\":\"http:\/\/4.bp.blogspot.com\/_z-c0Sh5Zlrs\/SHVAgmhmyLI\/AAAAAAAAAcQ\/gJovIGnV8QQ\/s400\/Santo+Teod%C3%B3sio.jpg\",\"articleSection\":[\"Testemunhos\"],\"inLanguage\":\"pt-BR\",\"potentialAction\":[{\"@type\":\"CommentAction\",\"name\":\"Comment\",\"target\":[\"https:\/\/www.oarcanjo.net\/site\/santo-teodosio\/#respond\"]}]},{\"@type\":\"WebPage\",\"@id\":\"https:\/\/www.oarcanjo.net\/site\/santo-teodosio\/\",\"url\":\"https:\/\/www.oarcanjo.net\/site\/santo-teodosio\/\",\"name\":\"Santo Teod\u00f3sio - O Arcanjo no ar\",\"isPartOf\":{\"@id\":\"https:\/\/www.oarcanjo.net\/site\/#website\"},\"primaryImageOfPage\":{\"@id\":\"https:\/\/www.oarcanjo.net\/site\/santo-teodosio\/#primaryimage\"},\"image\":{\"@id\":\"https:\/\/www.oarcanjo.net\/site\/santo-teodosio\/#primaryimage\"},\"thumbnailUrl\":\"http:\/\/4.bp.blogspot.com\/_z-c0Sh5Zlrs\/SHVAgmhmyLI\/AAAAAAAAAcQ\/gJovIGnV8QQ\/s400\/Santo+Teod%C3%B3sio.jpg\",\"datePublished\":\"2017-01-11T02:11:41+00:00\",\"dateModified\":\"2016-12-27T08:22:48+00:00\",\"breadcrumb\":{\"@id\":\"https:\/\/www.oarcanjo.net\/site\/santo-teodosio\/#breadcrumb\"},\"inLanguage\":\"pt-BR\",\"potentialAction\":[{\"@type\":\"ReadAction\",\"target\":[\"https:\/\/www.oarcanjo.net\/site\/santo-teodosio\/\"]}]},{\"@type\":\"ImageObject\",\"inLanguage\":\"pt-BR\",\"@id\":\"https:\/\/www.oarcanjo.net\/site\/santo-teodosio\/#primaryimage\",\"url\":\"http:\/\/4.bp.blogspot.com\/_z-c0Sh5Zlrs\/SHVAgmhmyLI\/AAAAAAAAAcQ\/gJovIGnV8QQ\/s400\/Santo+Teod%C3%B3sio.jpg\",\"contentUrl\":\"http:\/\/4.bp.blogspot.com\/_z-c0Sh5Zlrs\/SHVAgmhmyLI\/AAAAAAAAAcQ\/gJovIGnV8QQ\/s400\/Santo+Teod%C3%B3sio.jpg\"},{\"@type\":\"BreadcrumbList\",\"@id\":\"https:\/\/www.oarcanjo.net\/site\/santo-teodosio\/#breadcrumb\",\"itemListElement\":[{\"@type\":\"ListItem\",\"position\":1,\"name\":\"In\u00edcio\",\"item\":\"https:\/\/www.oarcanjo.net\/site\/\"},{\"@type\":\"ListItem\",\"position\":2,\"name\":\"Santo Teod\u00f3sio\"}]},{\"@type\":\"WebSite\",\"@id\":\"https:\/\/www.oarcanjo.net\/site\/#website\",\"url\":\"https:\/\/www.oarcanjo.net\/site\/\",\"name\":\"O Arcanjo no ar\",\"description\":\"Site da Par\u00f3quia S\u00e3o Miguel Arcanjo (Arquidiocese de SP)\",\"publisher\":{\"@id\":\"https:\/\/www.oarcanjo.net\/site\/#organization\"},\"potentialAction\":[{\"@type\":\"SearchAction\",\"target\":{\"@type\":\"EntryPoint\",\"urlTemplate\":\"https:\/\/www.oarcanjo.net\/site\/?s={search_term_string}\"},\"query-input\":{\"@type\":\"PropertyValueSpecification\",\"valueRequired\":true,\"valueName\":\"search_term_string\"}}],\"inLanguage\":\"pt-BR\"},{\"@type\":\"Organization\",\"@id\":\"https:\/\/www.oarcanjo.net\/site\/#organization\",\"name\":\"Par\u00f3quia S\u00e3o Miguel Arcanjo\",\"url\":\"https:\/\/www.oarcanjo.net\/site\/\",\"logo\":{\"@type\":\"ImageObject\",\"inLanguage\":\"pt-BR\",\"@id\":\"https:\/\/www.oarcanjo.net\/site\/#\/schema\/logo\/image\/\",\"url\":\"https:\/\/www.oarcanjo.net\/site\/wp-content\/uploads\/LogoOArcanjo.png\",\"contentUrl\":\"https:\/\/www.oarcanjo.net\/site\/wp-content\/uploads\/LogoOArcanjo.png\",\"width\":319,\"height\":99,\"caption\":\"Par\u00f3quia S\u00e3o Miguel Arcanjo\"},\"image\":{\"@id\":\"https:\/\/www.oarcanjo.net\/site\/#\/schema\/logo\/image\/\"},\"sameAs\":[\"https:\/\/www.facebook.com\/OArcanjoNoAr\/\"]},{\"@type\":\"Person\",\"@id\":\"https:\/\/www.oarcanjo.net\/site\/#\/schema\/person\/5eb9480bedd2f3c97e430ce128c29c6c\",\"name\":\"danilo\"}]}<\/script>\n<!-- \/ Yoast SEO plugin. -->","yoast_head_json":{"title":"Santo Teod\u00f3sio - O Arcanjo no ar","robots":{"index":"index","follow":"follow","max-snippet":"max-snippet:-1","max-image-preview":"max-image-preview:large","max-video-preview":"max-video-preview:-1"},"canonical":"https:\/\/www.oarcanjo.net\/site\/santo-teodosio\/","og_locale":"pt_BR","og_type":"article","og_title":"Santo Teod\u00f3sio - O Arcanjo no ar","og_description":"11 de Janeiro Teod\u00f3sio, cujo nome significa &#8220;um presente de Deus&#8221;, nasceu na Capad\u00f3cia, atual Turquia, em 423, de pais ricos, nobres crist\u00e3os. Recebeu uma boa e s\u00f3lida forma\u00e7\u00e3o desde a inf\u00e2ncia sendo educado dentro dos preceitos da f\u00e9 cat\u00f3lica. Quando ainda muito jovem, era ele quem fazia as leituras nas assembl\u00e9ias lit\u00fargicas de sua [&hellip;]","og_url":"https:\/\/www.oarcanjo.net\/site\/santo-teodosio\/","og_site_name":"O Arcanjo no ar","article_publisher":"https:\/\/www.facebook.com\/OArcanjoNoAr\/","article_published_time":"2017-01-11T02:11:41+00:00","article_modified_time":"2016-12-27T08:22:48+00:00","og_image":[{"url":"http:\/\/4.bp.blogspot.com\/_z-c0Sh5Zlrs\/SHVAgmhmyLI\/AAAAAAAAAcQ\/gJovIGnV8QQ\/s400\/Santo+Teod%C3%B3sio.jpg"}],"author":"danilo","twitter_card":"summary_large_image","twitter_misc":{"Escrito por":"danilo","Est. tempo de leitura":"3 minutos"},"schema":{"@context":"https:\/\/schema.org","@graph":[{"@type":"Article","@id":"https:\/\/www.oarcanjo.net\/site\/santo-teodosio\/#article","isPartOf":{"@id":"https:\/\/www.oarcanjo.net\/site\/santo-teodosio\/"},"author":{"name":"danilo","@id":"https:\/\/www.oarcanjo.net\/site\/#\/schema\/person\/5eb9480bedd2f3c97e430ce128c29c6c"},"headline":"Santo Teod\u00f3sio","datePublished":"2017-01-11T02:11:41+00:00","dateModified":"2016-12-27T08:22:48+00:00","mainEntityOfPage":{"@id":"https:\/\/www.oarcanjo.net\/site\/santo-teodosio\/"},"wordCount":597,"commentCount":0,"publisher":{"@id":"https:\/\/www.oarcanjo.net\/site\/#organization"},"image":{"@id":"https:\/\/www.oarcanjo.net\/site\/santo-teodosio\/#primaryimage"},"thumbnailUrl":"http:\/\/4.bp.blogspot.com\/_z-c0Sh5Zlrs\/SHVAgmhmyLI\/AAAAAAAAAcQ\/gJovIGnV8QQ\/s400\/Santo+Teod%C3%B3sio.jpg","articleSection":["Testemunhos"],"inLanguage":"pt-BR","potentialAction":[{"@type":"CommentAction","name":"Comment","target":["https:\/\/www.oarcanjo.net\/site\/santo-teodosio\/#respond"]}]},{"@type":"WebPage","@id":"https:\/\/www.oarcanjo.net\/site\/santo-teodosio\/","url":"https:\/\/www.oarcanjo.net\/site\/santo-teodosio\/","name":"Santo Teod\u00f3sio - O Arcanjo no ar","isPartOf":{"@id":"https:\/\/www.oarcanjo.net\/site\/#website"},"primaryImageOfPage":{"@id":"https:\/\/www.oarcanjo.net\/site\/santo-teodosio\/#primaryimage"},"image":{"@id":"https:\/\/www.oarcanjo.net\/site\/santo-teodosio\/#primaryimage"},"thumbnailUrl":"http:\/\/4.bp.blogspot.com\/_z-c0Sh5Zlrs\/SHVAgmhmyLI\/AAAAAAAAAcQ\/gJovIGnV8QQ\/s400\/Santo+Teod%C3%B3sio.jpg","datePublished":"2017-01-11T02:11:41+00:00","dateModified":"2016-12-27T08:22:48+00:00","breadcrumb":{"@id":"https:\/\/www.oarcanjo.net\/site\/santo-teodosio\/#breadcrumb"},"inLanguage":"pt-BR","potentialAction":[{"@type":"ReadAction","target":["https:\/\/www.oarcanjo.net\/site\/santo-teodosio\/"]}]},{"@type":"ImageObject","inLanguage":"pt-BR","@id":"https:\/\/www.oarcanjo.net\/site\/santo-teodosio\/#primaryimage","url":"http:\/\/4.bp.blogspot.com\/_z-c0Sh5Zlrs\/SHVAgmhmyLI\/AAAAAAAAAcQ\/gJovIGnV8QQ\/s400\/Santo+Teod%C3%B3sio.jpg","contentUrl":"http:\/\/4.bp.blogspot.com\/_z-c0Sh5Zlrs\/SHVAgmhmyLI\/AAAAAAAAAcQ\/gJovIGnV8QQ\/s400\/Santo+Teod%C3%B3sio.jpg"},{"@type":"BreadcrumbList","@id":"https:\/\/www.oarcanjo.net\/site\/santo-teodosio\/#breadcrumb","itemListElement":[{"@type":"ListItem","position":1,"name":"In\u00edcio","item":"https:\/\/www.oarcanjo.net\/site\/"},{"@type":"ListItem","position":2,"name":"Santo Teod\u00f3sio"}]},{"@type":"WebSite","@id":"https:\/\/www.oarcanjo.net\/site\/#website","url":"https:\/\/www.oarcanjo.net\/site\/","name":"O Arcanjo no ar","description":"Site da Par\u00f3quia S\u00e3o Miguel Arcanjo (Arquidiocese de SP)","publisher":{"@id":"https:\/\/www.oarcanjo.net\/site\/#organization"},"potentialAction":[{"@type":"SearchAction","target":{"@type":"EntryPoint","urlTemplate":"https:\/\/www.oarcanjo.net\/site\/?s={search_term_string}"},"query-input":{"@type":"PropertyValueSpecification","valueRequired":true,"valueName":"search_term_string"}}],"inLanguage":"pt-BR"},{"@type":"Organization","@id":"https:\/\/www.oarcanjo.net\/site\/#organization","name":"Par\u00f3quia S\u00e3o Miguel Arcanjo","url":"https:\/\/www.oarcanjo.net\/site\/","logo":{"@type":"ImageObject","inLanguage":"pt-BR","@id":"https:\/\/www.oarcanjo.net\/site\/#\/schema\/logo\/image\/","url":"https:\/\/www.oarcanjo.net\/site\/wp-content\/uploads\/LogoOArcanjo.png","contentUrl":"https:\/\/www.oarcanjo.net\/site\/wp-content\/uploads\/LogoOArcanjo.png","width":319,"height":99,"caption":"Par\u00f3quia S\u00e3o Miguel Arcanjo"},"image":{"@id":"https:\/\/www.oarcanjo.net\/site\/#\/schema\/logo\/image\/"},"sameAs":["https:\/\/www.facebook.com\/OArcanjoNoAr\/"]},{"@type":"Person","@id":"https:\/\/www.oarcanjo.net\/site\/#\/schema\/person\/5eb9480bedd2f3c97e430ce128c29c6c","name":"danilo"}]}},"publishpress_future_action":{"enabled":false,"date":"2026-05-09 08:16:33","action":"category","newStatus":"draft","terms":[],"taxonomy":"category"},"publishpress_future_workflow_manual_trigger":{"enabledWorkflows":[]},"_links":{"self":[{"href":"https:\/\/www.oarcanjo.net\/site\/wp-json\/wp\/v2\/posts\/7194"}],"collection":[{"href":"https:\/\/www.oarcanjo.net\/site\/wp-json\/wp\/v2\/posts"}],"about":[{"href":"https:\/\/www.oarcanjo.net\/site\/wp-json\/wp\/v2\/types\/post"}],"author":[{"embeddable":true,"href":"https:\/\/www.oarcanjo.net\/site\/wp-json\/wp\/v2\/users\/14"}],"replies":[{"embeddable":true,"href":"https:\/\/www.oarcanjo.net\/site\/wp-json\/wp\/v2\/comments?post=7194"}],"version-history":[{"count":0,"href":"https:\/\/www.oarcanjo.net\/site\/wp-json\/wp\/v2\/posts\/7194\/revisions"}],"wp:attachment":[{"href":"https:\/\/www.oarcanjo.net\/site\/wp-json\/wp\/v2\/media?parent=7194"}],"wp:term":[{"taxonomy":"category","embeddable":true,"href":"https:\/\/www.oarcanjo.net\/site\/wp-json\/wp\/v2\/categories?post=7194"},{"taxonomy":"post_tag","embeddable":true,"href":"https:\/\/www.oarcanjo.net\/site\/wp-json\/wp\/v2\/tags?post=7194"}],"curies":[{"name":"wp","href":"https:\/\/api.w.org\/{rel}","templated":true}]}}