
{"id":7210,"date":"2010-01-08T20:34:49","date_gmt":"2010-01-08T22:34:49","guid":{"rendered":"http:\/\/www.oarcanjo.net\/site\/?p=7210"},"modified":"2010-01-08T20:34:49","modified_gmt":"2010-01-08T22:34:49","slug":"musicas-que-falam-do-meio-ambiente","status":"publish","type":"post","link":"https:\/\/www.oarcanjo.net\/site\/musicas-que-falam-do-meio-ambiente\/","title":{"rendered":"M\u00fasicas que falam do meio ambiente"},"content":{"rendered":"<p>Est\u00e1 m\u00fasica fala de uma de nossas maiores riquezas \u00e1gua pois sem ela n\u00e3o n\u00e3o ter\u00edamos vida na Terra.<\/p>\n<p>M\u00fasica Planeta \u00c1gua:<\/p>\n<p>\u00c1gua que nasce na fonte serena do mundo<br \/>\nE que abre um profundo grot\u00e3o<br \/>\n\u00c1gua que faz inocente riacho e des\u00e1gua<br \/>\nNa corrente do ribeir\u00e3o<\/p>\n<p>\u00c1guas escuras dos rios<br \/>\nQue levam a fertilidade ao sert\u00e3o<br \/>\n\u00c1guas que banham aldeias<br \/>\nE matam a sede da popula\u00e7\u00e3o<\/p>\n<p>\u00c1guas que caem das pedras<br \/>\nNo v\u00e9u das cascatas, ronco de trov\u00e3o<br \/>\nE depois dormem tranq\u00fcilas<br \/>\nNo leito dos lagos, no leito dos lagos<\/p>\n<p>\u00c1guas dos igarap\u00e9s, onde Iara &#8220;m\u00e3e d&#8217;\u00e1gua&#8221;<br \/>\n\u00c9 misteriosa can\u00e7\u00e3o<br \/>\n\u00c1gua que o sol evapora, pro c\u00e9u vai embora<br \/>\nVirar nuvens de algod\u00e3o<\/p>\n<p>Gotas de \u00e1gua da chuva<br \/>\nAlegre arco-\u00edris sobre a planta\u00e7\u00e3o<br \/>\nGotas de \u00e1gua da chuva<br \/>\nT\u00e3o tristes s\u00e3o l\u00e1grimas da inunda\u00e7\u00e3o<\/p>\n<p>\u00c1guas que movem moinhos<br \/>\nS\u00e3o as mesmas \u00e1guas que encharcam o ch\u00e3o<br \/>\nE sempre voltam humildes<br \/>\nPro fundo da terra, pro fundo da terra<\/p>\n<p>Terra, planeta \u00e1gua<br \/>\nTerra, planeta \u00e1gua<br \/>\nTerra, planeta \u00e1gua<\/p>\n<div id=\"themify_builder_content-7210\" data-postid=\"7210\" class=\"themify_builder_content themify_builder_content-7210 themify_builder themify_builder_front\">\n\t<\/div>\n<!-- \/themify_builder_content -->","protected":false},"excerpt":{"rendered":"<p>Est\u00e1 m\u00fasica fala de uma de nossas maiores riquezas \u00e1gua pois sem ela n\u00e3o n\u00e3o ter\u00edamos vida na Terra. M\u00fasica Planeta \u00c1gua: \u00c1gua que nasce na fonte serena do mundo E que abre um profundo grot\u00e3o \u00c1gua que faz inocente riacho e des\u00e1gua Na corrente do ribeir\u00e3o \u00c1guas escuras dos rios Que levam a fertilidade [&hellip;]<\/p>\n","protected":false},"author":12,"featured_media":0,"comment_status":"open","ping_status":"open","sticky":false,"template":"","format":"standard","meta":{"ngg_post_thumbnail":0,"footnotes":""},"categories":[395],"tags":[468],"yoast_head":"<!-- This site is optimized with the Yoast SEO plugin v23.5 - https:\/\/yoast.com\/wordpress\/plugins\/seo\/ -->\n<title>M\u00fasicas que falam do meio ambiente - O Arcanjo no ar<\/title>\n<meta name=\"robots\" content=\"index, follow, max-snippet:-1, max-image-preview:large, max-video-preview:-1\" \/>\n<link rel=\"canonical\" href=\"https:\/\/www.oarcanjo.net\/site\/musicas-que-falam-do-meio-ambiente\/\" \/>\n<meta property=\"og:locale\" content=\"pt_BR\" \/>\n<meta property=\"og:type\" content=\"article\" \/>\n<meta property=\"og:title\" content=\"M\u00fasicas que falam do meio ambiente - O Arcanjo no ar\" \/>\n<meta property=\"og:description\" content=\"Est\u00e1 m\u00fasica fala de uma de nossas maiores riquezas \u00e1gua pois sem ela n\u00e3o n\u00e3o ter\u00edamos vida na Terra. M\u00fasica Planeta \u00c1gua: \u00c1gua que nasce na fonte serena do mundo E que abre um profundo grot\u00e3o \u00c1gua que faz inocente riacho e des\u00e1gua Na corrente do ribeir\u00e3o \u00c1guas escuras dos rios Que levam a fertilidade [&hellip;]\" \/>\n<meta property=\"og:url\" content=\"https:\/\/www.oarcanjo.net\/site\/musicas-que-falam-do-meio-ambiente\/\" \/>\n<meta property=\"og:site_name\" content=\"O Arcanjo no ar\" \/>\n<meta property=\"article:publisher\" content=\"https:\/\/www.facebook.com\/OArcanjoNoAr\/\" \/>\n<meta property=\"article:published_time\" content=\"2010-01-08T22:34:49+00:00\" \/>\n<meta property=\"og:image\" content=\"https:\/\/www.oarcanjo.net\/site\/wp-content\/uploads\/logo-o-arcanjo-no-ar-facebook.png\" \/>\n\t<meta property=\"og:image:width\" content=\"300\" \/>\n\t<meta property=\"og:image:height\" content=\"300\" \/>\n\t<meta property=\"og:image:type\" content=\"image\/png\" \/>\n<meta name=\"author\" content=\"mariana\" \/>\n<meta name=\"twitter:card\" content=\"summary_large_image\" \/>\n<meta name=\"twitter:label1\" content=\"Escrito por\" \/>\n\t<meta name=\"twitter:data1\" content=\"mariana\" \/>\n\t<meta name=\"twitter:label2\" content=\"Est. tempo de leitura\" \/>\n\t<meta name=\"twitter:data2\" content=\"1 minuto\" \/>\n<script type=\"application\/ld+json\" class=\"yoast-schema-graph\">{\"@context\":\"https:\/\/schema.org\",\"@graph\":[{\"@type\":\"Article\",\"@id\":\"https:\/\/www.oarcanjo.net\/site\/musicas-que-falam-do-meio-ambiente\/#article\",\"isPartOf\":{\"@id\":\"https:\/\/www.oarcanjo.net\/site\/musicas-que-falam-do-meio-ambiente\/\"},\"author\":{\"name\":\"mariana\",\"@id\":\"https:\/\/www.oarcanjo.net\/site\/#\/schema\/person\/e54a5c62347067e278a5d0cf64f6a6e6\"},\"headline\":\"M\u00fasicas que falam do meio ambiente\",\"datePublished\":\"2010-01-08T22:34:49+00:00\",\"dateModified\":\"2010-01-08T22:34:49+00:00\",\"mainEntityOfPage\":{\"@id\":\"https:\/\/www.oarcanjo.net\/site\/musicas-que-falam-do-meio-ambiente\/\"},\"wordCount\":201,\"commentCount\":7,\"publisher\":{\"@id\":\"https:\/\/www.oarcanjo.net\/site\/#organization\"},\"keywords\":[\"meio ambiente\"],\"articleSection\":[\"Jovens\"],\"inLanguage\":\"pt-BR\",\"potentialAction\":[{\"@type\":\"CommentAction\",\"name\":\"Comment\",\"target\":[\"https:\/\/www.oarcanjo.net\/site\/musicas-que-falam-do-meio-ambiente\/#respond\"]}]},{\"@type\":\"WebPage\",\"@id\":\"https:\/\/www.oarcanjo.net\/site\/musicas-que-falam-do-meio-ambiente\/\",\"url\":\"https:\/\/www.oarcanjo.net\/site\/musicas-que-falam-do-meio-ambiente\/\",\"name\":\"M\u00fasicas que falam do meio ambiente - O Arcanjo no ar\",\"isPartOf\":{\"@id\":\"https:\/\/www.oarcanjo.net\/site\/#website\"},\"datePublished\":\"2010-01-08T22:34:49+00:00\",\"dateModified\":\"2010-01-08T22:34:49+00:00\",\"breadcrumb\":{\"@id\":\"https:\/\/www.oarcanjo.net\/site\/musicas-que-falam-do-meio-ambiente\/#breadcrumb\"},\"inLanguage\":\"pt-BR\",\"potentialAction\":[{\"@type\":\"ReadAction\",\"target\":[\"https:\/\/www.oarcanjo.net\/site\/musicas-que-falam-do-meio-ambiente\/\"]}]},{\"@type\":\"BreadcrumbList\",\"@id\":\"https:\/\/www.oarcanjo.net\/site\/musicas-que-falam-do-meio-ambiente\/#breadcrumb\",\"itemListElement\":[{\"@type\":\"ListItem\",\"position\":1,\"name\":\"In\u00edcio\",\"item\":\"https:\/\/www.oarcanjo.net\/site\/\"},{\"@type\":\"ListItem\",\"position\":2,\"name\":\"M\u00fasicas que falam do meio ambiente\"}]},{\"@type\":\"WebSite\",\"@id\":\"https:\/\/www.oarcanjo.net\/site\/#website\",\"url\":\"https:\/\/www.oarcanjo.net\/site\/\",\"name\":\"O Arcanjo no ar\",\"description\":\"Site da Par\u00f3quia S\u00e3o Miguel Arcanjo (Arquidiocese de SP)\",\"publisher\":{\"@id\":\"https:\/\/www.oarcanjo.net\/site\/#organization\"},\"potentialAction\":[{\"@type\":\"SearchAction\",\"target\":{\"@type\":\"EntryPoint\",\"urlTemplate\":\"https:\/\/www.oarcanjo.net\/site\/?s={search_term_string}\"},\"query-input\":{\"@type\":\"PropertyValueSpecification\",\"valueRequired\":true,\"valueName\":\"search_term_string\"}}],\"inLanguage\":\"pt-BR\"},{\"@type\":\"Organization\",\"@id\":\"https:\/\/www.oarcanjo.net\/site\/#organization\",\"name\":\"Par\u00f3quia S\u00e3o Miguel Arcanjo\",\"url\":\"https:\/\/www.oarcanjo.net\/site\/\",\"logo\":{\"@type\":\"ImageObject\",\"inLanguage\":\"pt-BR\",\"@id\":\"https:\/\/www.oarcanjo.net\/site\/#\/schema\/logo\/image\/\",\"url\":\"https:\/\/www.oarcanjo.net\/site\/wp-content\/uploads\/LogoOArcanjo.png\",\"contentUrl\":\"https:\/\/www.oarcanjo.net\/site\/wp-content\/uploads\/LogoOArcanjo.png\",\"width\":319,\"height\":99,\"caption\":\"Par\u00f3quia S\u00e3o Miguel Arcanjo\"},\"image\":{\"@id\":\"https:\/\/www.oarcanjo.net\/site\/#\/schema\/logo\/image\/\"},\"sameAs\":[\"https:\/\/www.facebook.com\/OArcanjoNoAr\/\"]},{\"@type\":\"Person\",\"@id\":\"https:\/\/www.oarcanjo.net\/site\/#\/schema\/person\/e54a5c62347067e278a5d0cf64f6a6e6\",\"name\":\"mariana\"}]}<\/script>\n<!-- \/ Yoast SEO plugin. -->","yoast_head_json":{"title":"M\u00fasicas que falam do meio ambiente - O Arcanjo no ar","robots":{"index":"index","follow":"follow","max-snippet":"max-snippet:-1","max-image-preview":"max-image-preview:large","max-video-preview":"max-video-preview:-1"},"canonical":"https:\/\/www.oarcanjo.net\/site\/musicas-que-falam-do-meio-ambiente\/","og_locale":"pt_BR","og_type":"article","og_title":"M\u00fasicas que falam do meio ambiente - O Arcanjo no ar","og_description":"Est\u00e1 m\u00fasica fala de uma de nossas maiores riquezas \u00e1gua pois sem ela n\u00e3o n\u00e3o ter\u00edamos vida na Terra. M\u00fasica Planeta \u00c1gua: \u00c1gua que nasce na fonte serena do mundo E que abre um profundo grot\u00e3o \u00c1gua que faz inocente riacho e des\u00e1gua Na corrente do ribeir\u00e3o \u00c1guas escuras dos rios Que levam a fertilidade [&hellip;]","og_url":"https:\/\/www.oarcanjo.net\/site\/musicas-que-falam-do-meio-ambiente\/","og_site_name":"O Arcanjo no ar","article_publisher":"https:\/\/www.facebook.com\/OArcanjoNoAr\/","article_published_time":"2010-01-08T22:34:49+00:00","og_image":[{"width":300,"height":300,"url":"https:\/\/www.oarcanjo.net\/site\/wp-content\/uploads\/logo-o-arcanjo-no-ar-facebook.png","type":"image\/png"}],"author":"mariana","twitter_card":"summary_large_image","twitter_misc":{"Escrito por":"mariana","Est. tempo de leitura":"1 minuto"},"schema":{"@context":"https:\/\/schema.org","@graph":[{"@type":"Article","@id":"https:\/\/www.oarcanjo.net\/site\/musicas-que-falam-do-meio-ambiente\/#article","isPartOf":{"@id":"https:\/\/www.oarcanjo.net\/site\/musicas-que-falam-do-meio-ambiente\/"},"author":{"name":"mariana","@id":"https:\/\/www.oarcanjo.net\/site\/#\/schema\/person\/e54a5c62347067e278a5d0cf64f6a6e6"},"headline":"M\u00fasicas que falam do meio ambiente","datePublished":"2010-01-08T22:34:49+00:00","dateModified":"2010-01-08T22:34:49+00:00","mainEntityOfPage":{"@id":"https:\/\/www.oarcanjo.net\/site\/musicas-que-falam-do-meio-ambiente\/"},"wordCount":201,"commentCount":7,"publisher":{"@id":"https:\/\/www.oarcanjo.net\/site\/#organization"},"keywords":["meio ambiente"],"articleSection":["Jovens"],"inLanguage":"pt-BR","potentialAction":[{"@type":"CommentAction","name":"Comment","target":["https:\/\/www.oarcanjo.net\/site\/musicas-que-falam-do-meio-ambiente\/#respond"]}]},{"@type":"WebPage","@id":"https:\/\/www.oarcanjo.net\/site\/musicas-que-falam-do-meio-ambiente\/","url":"https:\/\/www.oarcanjo.net\/site\/musicas-que-falam-do-meio-ambiente\/","name":"M\u00fasicas que falam do meio ambiente - O Arcanjo no ar","isPartOf":{"@id":"https:\/\/www.oarcanjo.net\/site\/#website"},"datePublished":"2010-01-08T22:34:49+00:00","dateModified":"2010-01-08T22:34:49+00:00","breadcrumb":{"@id":"https:\/\/www.oarcanjo.net\/site\/musicas-que-falam-do-meio-ambiente\/#breadcrumb"},"inLanguage":"pt-BR","potentialAction":[{"@type":"ReadAction","target":["https:\/\/www.oarcanjo.net\/site\/musicas-que-falam-do-meio-ambiente\/"]}]},{"@type":"BreadcrumbList","@id":"https:\/\/www.oarcanjo.net\/site\/musicas-que-falam-do-meio-ambiente\/#breadcrumb","itemListElement":[{"@type":"ListItem","position":1,"name":"In\u00edcio","item":"https:\/\/www.oarcanjo.net\/site\/"},{"@type":"ListItem","position":2,"name":"M\u00fasicas que falam do meio ambiente"}]},{"@type":"WebSite","@id":"https:\/\/www.oarcanjo.net\/site\/#website","url":"https:\/\/www.oarcanjo.net\/site\/","name":"O Arcanjo no ar","description":"Site da Par\u00f3quia S\u00e3o Miguel Arcanjo (Arquidiocese de SP)","publisher":{"@id":"https:\/\/www.oarcanjo.net\/site\/#organization"},"potentialAction":[{"@type":"SearchAction","target":{"@type":"EntryPoint","urlTemplate":"https:\/\/www.oarcanjo.net\/site\/?s={search_term_string}"},"query-input":{"@type":"PropertyValueSpecification","valueRequired":true,"valueName":"search_term_string"}}],"inLanguage":"pt-BR"},{"@type":"Organization","@id":"https:\/\/www.oarcanjo.net\/site\/#organization","name":"Par\u00f3quia S\u00e3o Miguel Arcanjo","url":"https:\/\/www.oarcanjo.net\/site\/","logo":{"@type":"ImageObject","inLanguage":"pt-BR","@id":"https:\/\/www.oarcanjo.net\/site\/#\/schema\/logo\/image\/","url":"https:\/\/www.oarcanjo.net\/site\/wp-content\/uploads\/LogoOArcanjo.png","contentUrl":"https:\/\/www.oarcanjo.net\/site\/wp-content\/uploads\/LogoOArcanjo.png","width":319,"height":99,"caption":"Par\u00f3quia S\u00e3o Miguel Arcanjo"},"image":{"@id":"https:\/\/www.oarcanjo.net\/site\/#\/schema\/logo\/image\/"},"sameAs":["https:\/\/www.facebook.com\/OArcanjoNoAr\/"]},{"@type":"Person","@id":"https:\/\/www.oarcanjo.net\/site\/#\/schema\/person\/e54a5c62347067e278a5d0cf64f6a6e6","name":"mariana"}]}},"publishpress_future_action":{"enabled":false,"date":"2026-05-07 10:07:59","action":"category","newStatus":"draft","terms":[],"taxonomy":"category"},"publishpress_future_workflow_manual_trigger":{"enabledWorkflows":[]},"_links":{"self":[{"href":"https:\/\/www.oarcanjo.net\/site\/wp-json\/wp\/v2\/posts\/7210"}],"collection":[{"href":"https:\/\/www.oarcanjo.net\/site\/wp-json\/wp\/v2\/posts"}],"about":[{"href":"https:\/\/www.oarcanjo.net\/site\/wp-json\/wp\/v2\/types\/post"}],"author":[{"embeddable":true,"href":"https:\/\/www.oarcanjo.net\/site\/wp-json\/wp\/v2\/users\/12"}],"replies":[{"embeddable":true,"href":"https:\/\/www.oarcanjo.net\/site\/wp-json\/wp\/v2\/comments?post=7210"}],"version-history":[{"count":0,"href":"https:\/\/www.oarcanjo.net\/site\/wp-json\/wp\/v2\/posts\/7210\/revisions"}],"wp:attachment":[{"href":"https:\/\/www.oarcanjo.net\/site\/wp-json\/wp\/v2\/media?parent=7210"}],"wp:term":[{"taxonomy":"category","embeddable":true,"href":"https:\/\/www.oarcanjo.net\/site\/wp-json\/wp\/v2\/categories?post=7210"},{"taxonomy":"post_tag","embeddable":true,"href":"https:\/\/www.oarcanjo.net\/site\/wp-json\/wp\/v2\/tags?post=7210"}],"curies":[{"name":"wp","href":"https:\/\/api.w.org\/{rel}","templated":true}]}}