
{"id":7214,"date":"2010-01-10T17:53:52","date_gmt":"2010-01-10T19:53:52","guid":{"rendered":"http:\/\/www.oarcanjo.net\/site\/?p=7214"},"modified":"2010-01-15T15:55:33","modified_gmt":"2010-01-15T17:55:33","slug":"mudancas-climaticas-video-greenpeace","status":"publish","type":"post","link":"https:\/\/www.oarcanjo.net\/site\/mudancas-climaticas-video-greenpeace\/","title":{"rendered":"Mudan\u00e7as clim\u00e1ticas"},"content":{"rendered":"<p>Vamos mudar o mundo\u00a0 !!!Eu repeto Vamos\u00a0mudar o mundo.Ainda h\u00e1 tempo, n\u00e3o est\u00e1 tudo perdido ,vamos deixar que\u00a0\u00a0nosso mundo seja destru\u00eddo ?Vamos deixar pessoas sofrerem?Vamos deixar que as\u00a0\u00e1rvores deixam de existir?Pois\u00a0eu digo N\u00c3O isso n\u00e3o vai acontecer ,pois n\u00f3s vamos\u00a0conseguir salvar nosso mundo ,n\u00f3s vamos mudar tudo que est\u00e1 errado, n\u00e3o ser\u00e3o r\u00e1pidas as mudan\u00e7as mas ser\u00e3o feitas.Vamos mudar o mundo!!!!<\/p>\n<div id=\"themify_builder_content-7214\" data-postid=\"7214\" class=\"themify_builder_content themify_builder_content-7214 themify_builder themify_builder_front\">\n\t<\/div>\n<!-- \/themify_builder_content -->","protected":false},"excerpt":{"rendered":"<p>Vamos mudar o mundo\u00a0 !!!Eu repeto Vamos\u00a0mudar o mundo.Ainda h\u00e1 tempo, n\u00e3o est\u00e1 tudo perdido ,vamos deixar que\u00a0\u00a0nosso mundo seja destru\u00eddo ?Vamos deixar pessoas sofrerem?Vamos deixar que as\u00a0\u00e1rvores deixam de existir?Pois\u00a0eu digo N\u00c3O isso n\u00e3o vai acontecer ,pois n\u00f3s vamos\u00a0conseguir salvar nosso mundo ,n\u00f3s vamos mudar tudo que est\u00e1 errado, n\u00e3o ser\u00e3o r\u00e1pidas as mudan\u00e7as [&hellip;]<\/p>\n","protected":false},"author":12,"featured_media":0,"comment_status":"open","ping_status":"open","sticky":false,"template":"","format":"standard","meta":{"ngg_post_thumbnail":0,"footnotes":""},"categories":[395,280],"tags":[1400,470],"yoast_head":"<!-- This site is optimized with the Yoast SEO plugin v23.5 - https:\/\/yoast.com\/wordpress\/plugins\/seo\/ -->\n<title>Mudan\u00e7as clim\u00e1ticas  - O Arcanjo no ar<\/title>\n<meta name=\"robots\" content=\"index, follow, max-snippet:-1, max-image-preview:large, max-video-preview:-1\" \/>\n<link rel=\"canonical\" href=\"https:\/\/www.oarcanjo.net\/site\/mudancas-climaticas-video-greenpeace\/\" \/>\n<meta property=\"og:locale\" content=\"pt_BR\" \/>\n<meta property=\"og:type\" content=\"article\" \/>\n<meta property=\"og:title\" content=\"Mudan\u00e7as clim\u00e1ticas  - O Arcanjo no ar\" \/>\n<meta property=\"og:description\" content=\"Vamos mudar o mundo\u00a0 !!!Eu repeto Vamos\u00a0mudar o mundo.Ainda h\u00e1 tempo, n\u00e3o est\u00e1 tudo perdido ,vamos deixar que\u00a0\u00a0nosso mundo seja destru\u00eddo ?Vamos deixar pessoas sofrerem?Vamos deixar que as\u00a0\u00e1rvores deixam de existir?Pois\u00a0eu digo N\u00c3O isso n\u00e3o vai acontecer ,pois n\u00f3s vamos\u00a0conseguir salvar nosso mundo ,n\u00f3s vamos mudar tudo que est\u00e1 errado, n\u00e3o ser\u00e3o r\u00e1pidas as mudan\u00e7as [&hellip;]\" \/>\n<meta property=\"og:url\" content=\"https:\/\/www.oarcanjo.net\/site\/mudancas-climaticas-video-greenpeace\/\" \/>\n<meta property=\"og:site_name\" content=\"O Arcanjo no ar\" \/>\n<meta property=\"article:publisher\" content=\"https:\/\/www.facebook.com\/OArcanjoNoAr\/\" \/>\n<meta property=\"article:published_time\" content=\"2010-01-10T19:53:52+00:00\" \/>\n<meta property=\"article:modified_time\" content=\"2010-01-15T17:55:33+00:00\" \/>\n<meta property=\"og:image\" content=\"https:\/\/www.oarcanjo.net\/site\/wp-content\/uploads\/logo-o-arcanjo-no-ar-facebook.png\" \/>\n\t<meta property=\"og:image:width\" content=\"300\" \/>\n\t<meta property=\"og:image:height\" content=\"300\" \/>\n\t<meta property=\"og:image:type\" content=\"image\/png\" \/>\n<meta name=\"author\" content=\"mariana\" \/>\n<meta name=\"twitter:card\" content=\"summary_large_image\" \/>\n<meta name=\"twitter:label1\" content=\"Escrito por\" \/>\n\t<meta name=\"twitter:data1\" content=\"mariana\" \/>\n<script type=\"application\/ld+json\" class=\"yoast-schema-graph\">{\"@context\":\"https:\/\/schema.org\",\"@graph\":[{\"@type\":\"Article\",\"@id\":\"https:\/\/www.oarcanjo.net\/site\/mudancas-climaticas-video-greenpeace\/#article\",\"isPartOf\":{\"@id\":\"https:\/\/www.oarcanjo.net\/site\/mudancas-climaticas-video-greenpeace\/\"},\"author\":{\"name\":\"mariana\",\"@id\":\"https:\/\/www.oarcanjo.net\/site\/#\/schema\/person\/e54a5c62347067e278a5d0cf64f6a6e6\"},\"headline\":\"Mudan\u00e7as clim\u00e1ticas\",\"datePublished\":\"2010-01-10T19:53:52+00:00\",\"dateModified\":\"2010-01-15T17:55:33+00:00\",\"mainEntityOfPage\":{\"@id\":\"https:\/\/www.oarcanjo.net\/site\/mudancas-climaticas-video-greenpeace\/\"},\"wordCount\":85,\"commentCount\":0,\"publisher\":{\"@id\":\"https:\/\/www.oarcanjo.net\/site\/#organization\"},\"keywords\":[\"Greenpeace\",\"sustentabilidade\"],\"articleSection\":[\"Jovens\",\"V\u00eddeos\"],\"inLanguage\":\"pt-BR\",\"potentialAction\":[{\"@type\":\"CommentAction\",\"name\":\"Comment\",\"target\":[\"https:\/\/www.oarcanjo.net\/site\/mudancas-climaticas-video-greenpeace\/#respond\"]}]},{\"@type\":\"WebPage\",\"@id\":\"https:\/\/www.oarcanjo.net\/site\/mudancas-climaticas-video-greenpeace\/\",\"url\":\"https:\/\/www.oarcanjo.net\/site\/mudancas-climaticas-video-greenpeace\/\",\"name\":\"Mudan\u00e7as clim\u00e1ticas - O Arcanjo no ar\",\"isPartOf\":{\"@id\":\"https:\/\/www.oarcanjo.net\/site\/#website\"},\"datePublished\":\"2010-01-10T19:53:52+00:00\",\"dateModified\":\"2010-01-15T17:55:33+00:00\",\"breadcrumb\":{\"@id\":\"https:\/\/www.oarcanjo.net\/site\/mudancas-climaticas-video-greenpeace\/#breadcrumb\"},\"inLanguage\":\"pt-BR\",\"potentialAction\":[{\"@type\":\"ReadAction\",\"target\":[\"https:\/\/www.oarcanjo.net\/site\/mudancas-climaticas-video-greenpeace\/\"]}]},{\"@type\":\"BreadcrumbList\",\"@id\":\"https:\/\/www.oarcanjo.net\/site\/mudancas-climaticas-video-greenpeace\/#breadcrumb\",\"itemListElement\":[{\"@type\":\"ListItem\",\"position\":1,\"name\":\"In\u00edcio\",\"item\":\"https:\/\/www.oarcanjo.net\/site\/\"},{\"@type\":\"ListItem\",\"position\":2,\"name\":\"Mudan\u00e7as clim\u00e1ticas\"}]},{\"@type\":\"WebSite\",\"@id\":\"https:\/\/www.oarcanjo.net\/site\/#website\",\"url\":\"https:\/\/www.oarcanjo.net\/site\/\",\"name\":\"O Arcanjo no ar\",\"description\":\"Site da Par\u00f3quia S\u00e3o Miguel Arcanjo (Arquidiocese de SP)\",\"publisher\":{\"@id\":\"https:\/\/www.oarcanjo.net\/site\/#organization\"},\"potentialAction\":[{\"@type\":\"SearchAction\",\"target\":{\"@type\":\"EntryPoint\",\"urlTemplate\":\"https:\/\/www.oarcanjo.net\/site\/?s={search_term_string}\"},\"query-input\":{\"@type\":\"PropertyValueSpecification\",\"valueRequired\":true,\"valueName\":\"search_term_string\"}}],\"inLanguage\":\"pt-BR\"},{\"@type\":\"Organization\",\"@id\":\"https:\/\/www.oarcanjo.net\/site\/#organization\",\"name\":\"Par\u00f3quia S\u00e3o Miguel Arcanjo\",\"url\":\"https:\/\/www.oarcanjo.net\/site\/\",\"logo\":{\"@type\":\"ImageObject\",\"inLanguage\":\"pt-BR\",\"@id\":\"https:\/\/www.oarcanjo.net\/site\/#\/schema\/logo\/image\/\",\"url\":\"https:\/\/www.oarcanjo.net\/site\/wp-content\/uploads\/LogoOArcanjo.png\",\"contentUrl\":\"https:\/\/www.oarcanjo.net\/site\/wp-content\/uploads\/LogoOArcanjo.png\",\"width\":319,\"height\":99,\"caption\":\"Par\u00f3quia S\u00e3o Miguel Arcanjo\"},\"image\":{\"@id\":\"https:\/\/www.oarcanjo.net\/site\/#\/schema\/logo\/image\/\"},\"sameAs\":[\"https:\/\/www.facebook.com\/OArcanjoNoAr\/\"]},{\"@type\":\"Person\",\"@id\":\"https:\/\/www.oarcanjo.net\/site\/#\/schema\/person\/e54a5c62347067e278a5d0cf64f6a6e6\",\"name\":\"mariana\"}]}<\/script>\n<!-- \/ Yoast SEO plugin. -->","yoast_head_json":{"title":"Mudan\u00e7as clim\u00e1ticas  - O Arcanjo no ar","robots":{"index":"index","follow":"follow","max-snippet":"max-snippet:-1","max-image-preview":"max-image-preview:large","max-video-preview":"max-video-preview:-1"},"canonical":"https:\/\/www.oarcanjo.net\/site\/mudancas-climaticas-video-greenpeace\/","og_locale":"pt_BR","og_type":"article","og_title":"Mudan\u00e7as clim\u00e1ticas  - O Arcanjo no ar","og_description":"Vamos mudar o mundo\u00a0 !!!Eu repeto Vamos\u00a0mudar o mundo.Ainda h\u00e1 tempo, n\u00e3o est\u00e1 tudo perdido ,vamos deixar que\u00a0\u00a0nosso mundo seja destru\u00eddo ?Vamos deixar pessoas sofrerem?Vamos deixar que as\u00a0\u00e1rvores deixam de existir?Pois\u00a0eu digo N\u00c3O isso n\u00e3o vai acontecer ,pois n\u00f3s vamos\u00a0conseguir salvar nosso mundo ,n\u00f3s vamos mudar tudo que est\u00e1 errado, n\u00e3o ser\u00e3o r\u00e1pidas as mudan\u00e7as [&hellip;]","og_url":"https:\/\/www.oarcanjo.net\/site\/mudancas-climaticas-video-greenpeace\/","og_site_name":"O Arcanjo no ar","article_publisher":"https:\/\/www.facebook.com\/OArcanjoNoAr\/","article_published_time":"2010-01-10T19:53:52+00:00","article_modified_time":"2010-01-15T17:55:33+00:00","og_image":[{"width":300,"height":300,"url":"https:\/\/www.oarcanjo.net\/site\/wp-content\/uploads\/logo-o-arcanjo-no-ar-facebook.png","type":"image\/png"}],"author":"mariana","twitter_card":"summary_large_image","twitter_misc":{"Escrito por":"mariana"},"schema":{"@context":"https:\/\/schema.org","@graph":[{"@type":"Article","@id":"https:\/\/www.oarcanjo.net\/site\/mudancas-climaticas-video-greenpeace\/#article","isPartOf":{"@id":"https:\/\/www.oarcanjo.net\/site\/mudancas-climaticas-video-greenpeace\/"},"author":{"name":"mariana","@id":"https:\/\/www.oarcanjo.net\/site\/#\/schema\/person\/e54a5c62347067e278a5d0cf64f6a6e6"},"headline":"Mudan\u00e7as clim\u00e1ticas","datePublished":"2010-01-10T19:53:52+00:00","dateModified":"2010-01-15T17:55:33+00:00","mainEntityOfPage":{"@id":"https:\/\/www.oarcanjo.net\/site\/mudancas-climaticas-video-greenpeace\/"},"wordCount":85,"commentCount":0,"publisher":{"@id":"https:\/\/www.oarcanjo.net\/site\/#organization"},"keywords":["Greenpeace","sustentabilidade"],"articleSection":["Jovens","V\u00eddeos"],"inLanguage":"pt-BR","potentialAction":[{"@type":"CommentAction","name":"Comment","target":["https:\/\/www.oarcanjo.net\/site\/mudancas-climaticas-video-greenpeace\/#respond"]}]},{"@type":"WebPage","@id":"https:\/\/www.oarcanjo.net\/site\/mudancas-climaticas-video-greenpeace\/","url":"https:\/\/www.oarcanjo.net\/site\/mudancas-climaticas-video-greenpeace\/","name":"Mudan\u00e7as clim\u00e1ticas - O Arcanjo no ar","isPartOf":{"@id":"https:\/\/www.oarcanjo.net\/site\/#website"},"datePublished":"2010-01-10T19:53:52+00:00","dateModified":"2010-01-15T17:55:33+00:00","breadcrumb":{"@id":"https:\/\/www.oarcanjo.net\/site\/mudancas-climaticas-video-greenpeace\/#breadcrumb"},"inLanguage":"pt-BR","potentialAction":[{"@type":"ReadAction","target":["https:\/\/www.oarcanjo.net\/site\/mudancas-climaticas-video-greenpeace\/"]}]},{"@type":"BreadcrumbList","@id":"https:\/\/www.oarcanjo.net\/site\/mudancas-climaticas-video-greenpeace\/#breadcrumb","itemListElement":[{"@type":"ListItem","position":1,"name":"In\u00edcio","item":"https:\/\/www.oarcanjo.net\/site\/"},{"@type":"ListItem","position":2,"name":"Mudan\u00e7as clim\u00e1ticas"}]},{"@type":"WebSite","@id":"https:\/\/www.oarcanjo.net\/site\/#website","url":"https:\/\/www.oarcanjo.net\/site\/","name":"O Arcanjo no ar","description":"Site da Par\u00f3quia S\u00e3o Miguel Arcanjo (Arquidiocese de SP)","publisher":{"@id":"https:\/\/www.oarcanjo.net\/site\/#organization"},"potentialAction":[{"@type":"SearchAction","target":{"@type":"EntryPoint","urlTemplate":"https:\/\/www.oarcanjo.net\/site\/?s={search_term_string}"},"query-input":{"@type":"PropertyValueSpecification","valueRequired":true,"valueName":"search_term_string"}}],"inLanguage":"pt-BR"},{"@type":"Organization","@id":"https:\/\/www.oarcanjo.net\/site\/#organization","name":"Par\u00f3quia S\u00e3o Miguel Arcanjo","url":"https:\/\/www.oarcanjo.net\/site\/","logo":{"@type":"ImageObject","inLanguage":"pt-BR","@id":"https:\/\/www.oarcanjo.net\/site\/#\/schema\/logo\/image\/","url":"https:\/\/www.oarcanjo.net\/site\/wp-content\/uploads\/LogoOArcanjo.png","contentUrl":"https:\/\/www.oarcanjo.net\/site\/wp-content\/uploads\/LogoOArcanjo.png","width":319,"height":99,"caption":"Par\u00f3quia S\u00e3o Miguel Arcanjo"},"image":{"@id":"https:\/\/www.oarcanjo.net\/site\/#\/schema\/logo\/image\/"},"sameAs":["https:\/\/www.facebook.com\/OArcanjoNoAr\/"]},{"@type":"Person","@id":"https:\/\/www.oarcanjo.net\/site\/#\/schema\/person\/e54a5c62347067e278a5d0cf64f6a6e6","name":"mariana"}]}},"publishpress_future_action":{"enabled":false,"date":"2026-05-07 11:36:43","action":"category","newStatus":"draft","terms":[],"taxonomy":"category"},"publishpress_future_workflow_manual_trigger":{"enabledWorkflows":[]},"_links":{"self":[{"href":"https:\/\/www.oarcanjo.net\/site\/wp-json\/wp\/v2\/posts\/7214"}],"collection":[{"href":"https:\/\/www.oarcanjo.net\/site\/wp-json\/wp\/v2\/posts"}],"about":[{"href":"https:\/\/www.oarcanjo.net\/site\/wp-json\/wp\/v2\/types\/post"}],"author":[{"embeddable":true,"href":"https:\/\/www.oarcanjo.net\/site\/wp-json\/wp\/v2\/users\/12"}],"replies":[{"embeddable":true,"href":"https:\/\/www.oarcanjo.net\/site\/wp-json\/wp\/v2\/comments?post=7214"}],"version-history":[{"count":0,"href":"https:\/\/www.oarcanjo.net\/site\/wp-json\/wp\/v2\/posts\/7214\/revisions"}],"wp:attachment":[{"href":"https:\/\/www.oarcanjo.net\/site\/wp-json\/wp\/v2\/media?parent=7214"}],"wp:term":[{"taxonomy":"category","embeddable":true,"href":"https:\/\/www.oarcanjo.net\/site\/wp-json\/wp\/v2\/categories?post=7214"},{"taxonomy":"post_tag","embeddable":true,"href":"https:\/\/www.oarcanjo.net\/site\/wp-json\/wp\/v2\/tags?post=7214"}],"curies":[{"name":"wp","href":"https:\/\/api.w.org\/{rel}","templated":true}]}}