
{"id":7230,"date":"2017-01-12T00:49:20","date_gmt":"2017-01-12T02:49:20","guid":{"rendered":"http:\/\/www.oarcanjo.net\/site\/?p=7230"},"modified":"2016-12-27T06:22:15","modified_gmt":"2016-12-27T08:22:15","slug":"sao-bernardo-de-corleone","status":"publish","type":"post","link":"https:\/\/www.oarcanjo.net\/site\/sao-bernardo-de-corleone\/","title":{"rendered":"S\u00e3o Bernardo de Corleone"},"content":{"rendered":"<p><img decoding=\"async\" src=\"http:\/\/alexandrinabalasar.free.fr\/bernardo_corleone_001.jpg\" alt=\"\" \/><\/p>\n<p>12 de Janeiro<\/p>\n<p>Bernardo nasceu na pequena cidade de Corleone, na Sic\u00edlia, It\u00e1lia aos 6 de fevereiro de 1605 e recebeu o nome de Filipe Latino ao ser batizado. Seus pais tinham cinco filhos, e eram bastante respeitados por todos, pelos princ\u00edpios r\u00edgidos morais e de cristandade, com um dos filhos sacerdote. Consta que seu pai era um sapateiro e curtidor de peles, muito justo, bondoso e caridoso, que acolhia em sua casa os necessitados, dando-lhes condi\u00e7\u00f5es de banharem-se para depois alimenta-los e vesti-los. Foi nesse ambiente que o jovem Filipe, alto forte e de car\u00e1ter violento, amante das lutas e armas, se desenvolveu.<\/p>\n<p>Certo dia, ele foi provocado por um rapaz e num momento de ira, bruscamente com a espada arrancou o bra\u00e7o do agressor. Nesse momento, nasceu um novo homem que arrependido pediu perd\u00e3o ao rapaz, atitude que foi aceita. Depois disso os dois se tornaram amigos. Desde ent\u00e3o modificou sua personalidade encontrando na vida religiosa sua verdadeira voca\u00e7\u00e3o, conforme a vontade de Deus, como disse at\u00e9 o momento de sua morte.<\/p>\n<p>Ele deixou sua cidade natal e ingressou para o noviciado no convento de Caltanissetta em Palermo. Al\u00ed abra\u00e7ou plenamente seu novo caminho tornando-se irm\u00e3o leigo da Ordem terceira dos frades menores capuchinhos, no dia 13 de dezembro de 1631, adotando o nome de frei Bernardo.<\/p>\n<p>Trabalhando como cozinheiro, viveu no mosteiro uma exist\u00eancia simples e humilde. Mas al\u00e9m dessa fun\u00e7\u00e3o, Bernardo se dedicava aos doentes como enfermeiro e tratava inclusive dos animais enfermos, pois na sua \u00e9poca eles eram muito \u00fateis para a sobreviv\u00eancia das fam\u00edlias. Bernardo enriquecia ainda mais sua vida espiritual, fazendo penit\u00eancias, mortifica\u00e7\u00f5es e longos per\u00edodos de ora\u00e7\u00f5es para o bem da comunidade, demonstrando assim sua personalidade forte, agora impregnada de um profundo amor por toda a humanidade.<\/p>\n<p>Ele desenvolveu, uma forte paix\u00e3o pela Eucaristia, que recebia todos dias. Quando se encontrava diante do Sacr\u00e1rio, concentrado em ora\u00e7\u00e3o, o tempo, para ele, deixava de existir e n\u00e3o raro as pessoas se comoviam com a pureza de sua atitude. Al\u00e9m disso, ajudava o sacrist\u00e3o em suas tarefas di\u00e1rias, para ficar ainda mais perto de Jesus Eucar\u00edstico.<\/p>\n<p>Bernardo era muito solid\u00e1rio com seus companheiros frades e com toda a comunidade. Assim, quando ocorria uma cat\u00e1strofe na cidade, como um terremoto ou furac\u00e3o, t\u00edpicos da regi\u00e3o, Bernardo ajoelhava-se orando em penit\u00eancia diante do Sacr\u00e1rio dizendo essas palavras: &#8220;Senhor, desejo essa gra\u00e7a!&#8221;. O resultado sempre era favor\u00e1vel, pois as calamidades cessavam, poupando uma desgra\u00e7a maior.<\/p>\n<p>A sua simplicidade se assemelhava aos primeiros e genu\u00ednos capuchinhos, nost\u00e1lgico das origens e fascinado pela experi\u00eancia da vida de ermit\u00e3o. Um grande j\u00fabilo acompanhava esta sua devo\u00e7\u00e3o mariana, cheia de calor, fantasia e festividade, de fato contagiante. O seu amor a Nossa Senhora era incontest\u00e1vel e sublime.<\/p>\n<p>Bernardo, comovia n\u00e3o s\u00f3 por sua extraordin\u00e1ria penit\u00eancia. Mas porque tinha grande delicadeza e do\u00e7ura na aten\u00e7\u00e3o para com os outros, uma alegria e plenitude de vida que impressionava. Aos frades forasteiros fazia festa, para os pobres estava sempre dispon\u00edvel e para os doentes tinha um cora\u00e7\u00e3o materno. Assistir-lhes e servir-lhes era a sua felicidade.<\/p>\n<p>Ap\u00f3s trinta e cinco anos de vida religiosa, faleceu no dia 12 de janeiro de 1667, em Palermo, onde seus restos mortais repousam na igreja dos Capuchinhos, dessa cidade na Sic\u00edlia, It\u00e1lia. O Papa Clemente XIII o elevou ao altar da Igreja como Beato em 1768. Mais tarde, o Papa Jo\u00e3o Paulo II declarou Santo Frei Bernardo de Corleone em 2001.<\/p>\n<div id=\"themify_builder_content-7230\" data-postid=\"7230\" class=\"themify_builder_content themify_builder_content-7230 themify_builder themify_builder_front\">\n\t<\/div>\n<!-- \/themify_builder_content -->","protected":false},"excerpt":{"rendered":"<p>12 de Janeiro Bernardo nasceu na pequena cidade de Corleone, na Sic\u00edlia, It\u00e1lia aos 6 de fevereiro de 1605 e recebeu o nome de Filipe Latino ao ser batizado. Seus pais tinham cinco filhos, e eram bastante respeitados por todos, pelos princ\u00edpios r\u00edgidos morais e de cristandade, com um dos filhos sacerdote. Consta que seu [&hellip;]<\/p>\n","protected":false},"author":14,"featured_media":0,"comment_status":"open","ping_status":"open","sticky":false,"template":"","format":"standard","meta":{"ngg_post_thumbnail":0,"footnotes":""},"categories":[186],"tags":[],"yoast_head":"<!-- This site is optimized with the Yoast SEO plugin v23.5 - https:\/\/yoast.com\/wordpress\/plugins\/seo\/ -->\n<title>S\u00e3o Bernardo de Corleone - O Arcanjo no ar<\/title>\n<meta name=\"robots\" content=\"index, follow, max-snippet:-1, max-image-preview:large, max-video-preview:-1\" \/>\n<link rel=\"canonical\" href=\"https:\/\/www.oarcanjo.net\/site\/sao-bernardo-de-corleone\/\" \/>\n<meta property=\"og:locale\" content=\"pt_BR\" \/>\n<meta property=\"og:type\" content=\"article\" \/>\n<meta property=\"og:title\" content=\"S\u00e3o Bernardo de Corleone - O Arcanjo no ar\" \/>\n<meta property=\"og:description\" content=\"12 de Janeiro Bernardo nasceu na pequena cidade de Corleone, na Sic\u00edlia, It\u00e1lia aos 6 de fevereiro de 1605 e recebeu o nome de Filipe Latino ao ser batizado. Seus pais tinham cinco filhos, e eram bastante respeitados por todos, pelos princ\u00edpios r\u00edgidos morais e de cristandade, com um dos filhos sacerdote. Consta que seu [&hellip;]\" \/>\n<meta property=\"og:url\" content=\"https:\/\/www.oarcanjo.net\/site\/sao-bernardo-de-corleone\/\" \/>\n<meta property=\"og:site_name\" content=\"O Arcanjo no ar\" \/>\n<meta property=\"article:publisher\" content=\"https:\/\/www.facebook.com\/OArcanjoNoAr\/\" \/>\n<meta property=\"article:published_time\" content=\"2017-01-12T02:49:20+00:00\" \/>\n<meta property=\"article:modified_time\" content=\"2016-12-27T08:22:15+00:00\" \/>\n<meta property=\"og:image\" content=\"http:\/\/alexandrinabalasar.free.fr\/bernardo_corleone_001.jpg\" \/>\n<meta name=\"author\" content=\"danilo\" \/>\n<meta name=\"twitter:card\" content=\"summary_large_image\" \/>\n<meta name=\"twitter:label1\" content=\"Escrito por\" \/>\n\t<meta name=\"twitter:data1\" content=\"danilo\" \/>\n\t<meta name=\"twitter:label2\" content=\"Est. tempo de leitura\" \/>\n\t<meta name=\"twitter:data2\" content=\"3 minutos\" \/>\n<script type=\"application\/ld+json\" class=\"yoast-schema-graph\">{\"@context\":\"https:\/\/schema.org\",\"@graph\":[{\"@type\":\"Article\",\"@id\":\"https:\/\/www.oarcanjo.net\/site\/sao-bernardo-de-corleone\/#article\",\"isPartOf\":{\"@id\":\"https:\/\/www.oarcanjo.net\/site\/sao-bernardo-de-corleone\/\"},\"author\":{\"name\":\"danilo\",\"@id\":\"https:\/\/www.oarcanjo.net\/site\/#\/schema\/person\/5eb9480bedd2f3c97e430ce128c29c6c\"},\"headline\":\"S\u00e3o Bernardo de Corleone\",\"datePublished\":\"2017-01-12T02:49:20+00:00\",\"dateModified\":\"2016-12-27T08:22:15+00:00\",\"mainEntityOfPage\":{\"@id\":\"https:\/\/www.oarcanjo.net\/site\/sao-bernardo-de-corleone\/\"},\"wordCount\":625,\"commentCount\":1,\"publisher\":{\"@id\":\"https:\/\/www.oarcanjo.net\/site\/#organization\"},\"image\":{\"@id\":\"https:\/\/www.oarcanjo.net\/site\/sao-bernardo-de-corleone\/#primaryimage\"},\"thumbnailUrl\":\"http:\/\/alexandrinabalasar.free.fr\/bernardo_corleone_001.jpg\",\"articleSection\":[\"Testemunhos\"],\"inLanguage\":\"pt-BR\",\"potentialAction\":[{\"@type\":\"CommentAction\",\"name\":\"Comment\",\"target\":[\"https:\/\/www.oarcanjo.net\/site\/sao-bernardo-de-corleone\/#respond\"]}]},{\"@type\":\"WebPage\",\"@id\":\"https:\/\/www.oarcanjo.net\/site\/sao-bernardo-de-corleone\/\",\"url\":\"https:\/\/www.oarcanjo.net\/site\/sao-bernardo-de-corleone\/\",\"name\":\"S\u00e3o Bernardo de Corleone - O Arcanjo no ar\",\"isPartOf\":{\"@id\":\"https:\/\/www.oarcanjo.net\/site\/#website\"},\"primaryImageOfPage\":{\"@id\":\"https:\/\/www.oarcanjo.net\/site\/sao-bernardo-de-corleone\/#primaryimage\"},\"image\":{\"@id\":\"https:\/\/www.oarcanjo.net\/site\/sao-bernardo-de-corleone\/#primaryimage\"},\"thumbnailUrl\":\"http:\/\/alexandrinabalasar.free.fr\/bernardo_corleone_001.jpg\",\"datePublished\":\"2017-01-12T02:49:20+00:00\",\"dateModified\":\"2016-12-27T08:22:15+00:00\",\"breadcrumb\":{\"@id\":\"https:\/\/www.oarcanjo.net\/site\/sao-bernardo-de-corleone\/#breadcrumb\"},\"inLanguage\":\"pt-BR\",\"potentialAction\":[{\"@type\":\"ReadAction\",\"target\":[\"https:\/\/www.oarcanjo.net\/site\/sao-bernardo-de-corleone\/\"]}]},{\"@type\":\"ImageObject\",\"inLanguage\":\"pt-BR\",\"@id\":\"https:\/\/www.oarcanjo.net\/site\/sao-bernardo-de-corleone\/#primaryimage\",\"url\":\"http:\/\/alexandrinabalasar.free.fr\/bernardo_corleone_001.jpg\",\"contentUrl\":\"http:\/\/alexandrinabalasar.free.fr\/bernardo_corleone_001.jpg\"},{\"@type\":\"BreadcrumbList\",\"@id\":\"https:\/\/www.oarcanjo.net\/site\/sao-bernardo-de-corleone\/#breadcrumb\",\"itemListElement\":[{\"@type\":\"ListItem\",\"position\":1,\"name\":\"In\u00edcio\",\"item\":\"https:\/\/www.oarcanjo.net\/site\/\"},{\"@type\":\"ListItem\",\"position\":2,\"name\":\"S\u00e3o Bernardo de Corleone\"}]},{\"@type\":\"WebSite\",\"@id\":\"https:\/\/www.oarcanjo.net\/site\/#website\",\"url\":\"https:\/\/www.oarcanjo.net\/site\/\",\"name\":\"O Arcanjo no ar\",\"description\":\"Site da Par\u00f3quia S\u00e3o Miguel Arcanjo (Arquidiocese de SP)\",\"publisher\":{\"@id\":\"https:\/\/www.oarcanjo.net\/site\/#organization\"},\"potentialAction\":[{\"@type\":\"SearchAction\",\"target\":{\"@type\":\"EntryPoint\",\"urlTemplate\":\"https:\/\/www.oarcanjo.net\/site\/?s={search_term_string}\"},\"query-input\":{\"@type\":\"PropertyValueSpecification\",\"valueRequired\":true,\"valueName\":\"search_term_string\"}}],\"inLanguage\":\"pt-BR\"},{\"@type\":\"Organization\",\"@id\":\"https:\/\/www.oarcanjo.net\/site\/#organization\",\"name\":\"Par\u00f3quia S\u00e3o Miguel Arcanjo\",\"url\":\"https:\/\/www.oarcanjo.net\/site\/\",\"logo\":{\"@type\":\"ImageObject\",\"inLanguage\":\"pt-BR\",\"@id\":\"https:\/\/www.oarcanjo.net\/site\/#\/schema\/logo\/image\/\",\"url\":\"https:\/\/www.oarcanjo.net\/site\/wp-content\/uploads\/LogoOArcanjo.png\",\"contentUrl\":\"https:\/\/www.oarcanjo.net\/site\/wp-content\/uploads\/LogoOArcanjo.png\",\"width\":319,\"height\":99,\"caption\":\"Par\u00f3quia S\u00e3o Miguel Arcanjo\"},\"image\":{\"@id\":\"https:\/\/www.oarcanjo.net\/site\/#\/schema\/logo\/image\/\"},\"sameAs\":[\"https:\/\/www.facebook.com\/OArcanjoNoAr\/\"]},{\"@type\":\"Person\",\"@id\":\"https:\/\/www.oarcanjo.net\/site\/#\/schema\/person\/5eb9480bedd2f3c97e430ce128c29c6c\",\"name\":\"danilo\"}]}<\/script>\n<!-- \/ Yoast SEO plugin. -->","yoast_head_json":{"title":"S\u00e3o Bernardo de Corleone - O Arcanjo no ar","robots":{"index":"index","follow":"follow","max-snippet":"max-snippet:-1","max-image-preview":"max-image-preview:large","max-video-preview":"max-video-preview:-1"},"canonical":"https:\/\/www.oarcanjo.net\/site\/sao-bernardo-de-corleone\/","og_locale":"pt_BR","og_type":"article","og_title":"S\u00e3o Bernardo de Corleone - O Arcanjo no ar","og_description":"12 de Janeiro Bernardo nasceu na pequena cidade de Corleone, na Sic\u00edlia, It\u00e1lia aos 6 de fevereiro de 1605 e recebeu o nome de Filipe Latino ao ser batizado. Seus pais tinham cinco filhos, e eram bastante respeitados por todos, pelos princ\u00edpios r\u00edgidos morais e de cristandade, com um dos filhos sacerdote. Consta que seu [&hellip;]","og_url":"https:\/\/www.oarcanjo.net\/site\/sao-bernardo-de-corleone\/","og_site_name":"O Arcanjo no ar","article_publisher":"https:\/\/www.facebook.com\/OArcanjoNoAr\/","article_published_time":"2017-01-12T02:49:20+00:00","article_modified_time":"2016-12-27T08:22:15+00:00","og_image":[{"url":"http:\/\/alexandrinabalasar.free.fr\/bernardo_corleone_001.jpg"}],"author":"danilo","twitter_card":"summary_large_image","twitter_misc":{"Escrito por":"danilo","Est. tempo de leitura":"3 minutos"},"schema":{"@context":"https:\/\/schema.org","@graph":[{"@type":"Article","@id":"https:\/\/www.oarcanjo.net\/site\/sao-bernardo-de-corleone\/#article","isPartOf":{"@id":"https:\/\/www.oarcanjo.net\/site\/sao-bernardo-de-corleone\/"},"author":{"name":"danilo","@id":"https:\/\/www.oarcanjo.net\/site\/#\/schema\/person\/5eb9480bedd2f3c97e430ce128c29c6c"},"headline":"S\u00e3o Bernardo de Corleone","datePublished":"2017-01-12T02:49:20+00:00","dateModified":"2016-12-27T08:22:15+00:00","mainEntityOfPage":{"@id":"https:\/\/www.oarcanjo.net\/site\/sao-bernardo-de-corleone\/"},"wordCount":625,"commentCount":1,"publisher":{"@id":"https:\/\/www.oarcanjo.net\/site\/#organization"},"image":{"@id":"https:\/\/www.oarcanjo.net\/site\/sao-bernardo-de-corleone\/#primaryimage"},"thumbnailUrl":"http:\/\/alexandrinabalasar.free.fr\/bernardo_corleone_001.jpg","articleSection":["Testemunhos"],"inLanguage":"pt-BR","potentialAction":[{"@type":"CommentAction","name":"Comment","target":["https:\/\/www.oarcanjo.net\/site\/sao-bernardo-de-corleone\/#respond"]}]},{"@type":"WebPage","@id":"https:\/\/www.oarcanjo.net\/site\/sao-bernardo-de-corleone\/","url":"https:\/\/www.oarcanjo.net\/site\/sao-bernardo-de-corleone\/","name":"S\u00e3o Bernardo de Corleone - O Arcanjo no ar","isPartOf":{"@id":"https:\/\/www.oarcanjo.net\/site\/#website"},"primaryImageOfPage":{"@id":"https:\/\/www.oarcanjo.net\/site\/sao-bernardo-de-corleone\/#primaryimage"},"image":{"@id":"https:\/\/www.oarcanjo.net\/site\/sao-bernardo-de-corleone\/#primaryimage"},"thumbnailUrl":"http:\/\/alexandrinabalasar.free.fr\/bernardo_corleone_001.jpg","datePublished":"2017-01-12T02:49:20+00:00","dateModified":"2016-12-27T08:22:15+00:00","breadcrumb":{"@id":"https:\/\/www.oarcanjo.net\/site\/sao-bernardo-de-corleone\/#breadcrumb"},"inLanguage":"pt-BR","potentialAction":[{"@type":"ReadAction","target":["https:\/\/www.oarcanjo.net\/site\/sao-bernardo-de-corleone\/"]}]},{"@type":"ImageObject","inLanguage":"pt-BR","@id":"https:\/\/www.oarcanjo.net\/site\/sao-bernardo-de-corleone\/#primaryimage","url":"http:\/\/alexandrinabalasar.free.fr\/bernardo_corleone_001.jpg","contentUrl":"http:\/\/alexandrinabalasar.free.fr\/bernardo_corleone_001.jpg"},{"@type":"BreadcrumbList","@id":"https:\/\/www.oarcanjo.net\/site\/sao-bernardo-de-corleone\/#breadcrumb","itemListElement":[{"@type":"ListItem","position":1,"name":"In\u00edcio","item":"https:\/\/www.oarcanjo.net\/site\/"},{"@type":"ListItem","position":2,"name":"S\u00e3o Bernardo de Corleone"}]},{"@type":"WebSite","@id":"https:\/\/www.oarcanjo.net\/site\/#website","url":"https:\/\/www.oarcanjo.net\/site\/","name":"O Arcanjo no ar","description":"Site da Par\u00f3quia S\u00e3o Miguel Arcanjo (Arquidiocese de SP)","publisher":{"@id":"https:\/\/www.oarcanjo.net\/site\/#organization"},"potentialAction":[{"@type":"SearchAction","target":{"@type":"EntryPoint","urlTemplate":"https:\/\/www.oarcanjo.net\/site\/?s={search_term_string}"},"query-input":{"@type":"PropertyValueSpecification","valueRequired":true,"valueName":"search_term_string"}}],"inLanguage":"pt-BR"},{"@type":"Organization","@id":"https:\/\/www.oarcanjo.net\/site\/#organization","name":"Par\u00f3quia S\u00e3o Miguel Arcanjo","url":"https:\/\/www.oarcanjo.net\/site\/","logo":{"@type":"ImageObject","inLanguage":"pt-BR","@id":"https:\/\/www.oarcanjo.net\/site\/#\/schema\/logo\/image\/","url":"https:\/\/www.oarcanjo.net\/site\/wp-content\/uploads\/LogoOArcanjo.png","contentUrl":"https:\/\/www.oarcanjo.net\/site\/wp-content\/uploads\/LogoOArcanjo.png","width":319,"height":99,"caption":"Par\u00f3quia S\u00e3o Miguel Arcanjo"},"image":{"@id":"https:\/\/www.oarcanjo.net\/site\/#\/schema\/logo\/image\/"},"sameAs":["https:\/\/www.facebook.com\/OArcanjoNoAr\/"]},{"@type":"Person","@id":"https:\/\/www.oarcanjo.net\/site\/#\/schema\/person\/5eb9480bedd2f3c97e430ce128c29c6c","name":"danilo"}]}},"publishpress_future_action":{"enabled":false,"date":"2026-05-08 00:01:37","action":"category","newStatus":"draft","terms":[],"taxonomy":"category"},"publishpress_future_workflow_manual_trigger":{"enabledWorkflows":[]},"_links":{"self":[{"href":"https:\/\/www.oarcanjo.net\/site\/wp-json\/wp\/v2\/posts\/7230"}],"collection":[{"href":"https:\/\/www.oarcanjo.net\/site\/wp-json\/wp\/v2\/posts"}],"about":[{"href":"https:\/\/www.oarcanjo.net\/site\/wp-json\/wp\/v2\/types\/post"}],"author":[{"embeddable":true,"href":"https:\/\/www.oarcanjo.net\/site\/wp-json\/wp\/v2\/users\/14"}],"replies":[{"embeddable":true,"href":"https:\/\/www.oarcanjo.net\/site\/wp-json\/wp\/v2\/comments?post=7230"}],"version-history":[{"count":0,"href":"https:\/\/www.oarcanjo.net\/site\/wp-json\/wp\/v2\/posts\/7230\/revisions"}],"wp:attachment":[{"href":"https:\/\/www.oarcanjo.net\/site\/wp-json\/wp\/v2\/media?parent=7230"}],"wp:term":[{"taxonomy":"category","embeddable":true,"href":"https:\/\/www.oarcanjo.net\/site\/wp-json\/wp\/v2\/categories?post=7230"},{"taxonomy":"post_tag","embeddable":true,"href":"https:\/\/www.oarcanjo.net\/site\/wp-json\/wp\/v2\/tags?post=7230"}],"curies":[{"name":"wp","href":"https:\/\/api.w.org\/{rel}","templated":true}]}}