
{"id":7244,"date":"2017-01-13T00:05:16","date_gmt":"2017-01-13T02:05:16","guid":{"rendered":"http:\/\/www.oarcanjo.net\/site\/?p=7244"},"modified":"2016-12-27T06:22:42","modified_gmt":"2016-12-27T08:22:42","slug":"santo-hilario-de-poitiers","status":"publish","type":"post","link":"https:\/\/www.oarcanjo.net\/site\/santo-hilario-de-poitiers\/","title":{"rendered":"Santo Hil\u00e1rio de Poitiers"},"content":{"rendered":"<p><img decoding=\"async\" src=\"http:\/\/www.derradeirasgracas.com\/images\/1.%20O%20Santo%20do%20Dia%20-%20Fotos\/Santos%20de%20Janeiro%20-%20%20Fotos\/Santo%20Hil%C3%A1rio%20de%20Poitiers.gif\" alt=\"\" \/><\/p>\n<p>13 de Janeiro<\/p>\n<p>BISPO, CONFESSOR E DOUTOR DA IGREJA<\/p>\n<p>Hil\u00e1rio era franc\u00eas, acredita-se que tenha nascido no ano 315, de fam\u00edlia rica e pag\u00e3, recebendo educa\u00e7\u00e3o e instru\u00e7\u00e3o privilegiada. Durante anos buscou na filosofia as respostas para seus questionamentos em busca da Verdade. Mas s\u00f3 as encontrou no Evangelho e ent\u00e3o se converteu ao cristianismo.<\/p>\n<p>Hil\u00e1rio foi batizado aos trinta anos de idade, junto com a esposa e a filha, Abr\u00e8, a quem amava ternamente. A partir da\u00ed passou a levar uma vida familiar guiada pelos preceitos crist\u00e3os.<\/p>\n<p>Este era um per\u00edodo de paz externa para a Igreja, que precisava se fortalecer no seu pr\u00f3prio seio. Mas que, no entanto, se apresentava cheia de pequenas rupturas internas, provocadas principalmente pela chamada &#8220;heresia ariana&#8221;, uma doutrina que negava a divindade de Nosso Senhor Jesus Cristo.<\/p>\n<p>Foi justamente pela vida exemplar que levava, assim como pelos conhecimentos intelectuais e espirituais que, povo e clero, o elegeram bispo, convidando-o para o cargo. Era uma decis\u00e3o dif\u00edcil, pois um bispo al\u00e7ado da sua condi\u00e7\u00e3o tinha que, obrigatoriamente abandonar a fam\u00edlia para abra\u00e7ar o clero. Mas n\u00e3o vacilou e aceitou a incumb\u00eancia e desafios que ela lhe trazia. Foi consagrado bispo de Poitiers e lutou vigorosamente contra o arianismo. Debate ap\u00f3s debate, pol\u00eamica ap\u00f3s pol\u00eamica com os hereges, sua defesa da F\u00e9 foi se tornando conhecida e o respeito por sua atua\u00e7\u00e3o cada vez maior.<\/p>\n<p>Foi por isso chamado &#8220;o Atan\u00e1sio do Ocidente&#8221;. Como ele, Hil\u00e1rio foi perseguido pelos imperadores e sofreu o ex\u00edlio. Enviado para o Oriente, n\u00e3o se sentiu derrotado, aproveitou para estudar o grego e conhecer as comunidades crist\u00e3s mais antigas e os ensinamentos dos maiores s\u00e1bios da Igreja, o que s\u00f3 fortaleceu sua miss\u00e3o.<\/p>\n<p>Corajoso, durante o ex\u00edlio de cinco anos, escreveu livros contra os imperadores Const\u00e2ncio e Aux\u00eancio. Tamb\u00e9m foi o autor de diversas obras: sobre a Sant\u00edssima Trindade, Coment\u00e1rios sobre os Salmos, e algumas obras cujos textos interpretou. Contribuindo intensamente para o desenvolvimento da teologia da revela\u00e7\u00e3o.<\/p>\n<p>Hil\u00e1rio ficou realmente fascinado pela liturgia oriental. Comp\u00f4s hinos lit\u00fargicos para familiarizar os fi\u00e9is com a teologia e mant\u00ea-los mais intimamente unidos \u00e0s celebra\u00e7\u00f5es. Pastor zeloso, procurou, ao retornar para sua diocese na Fran\u00e7a, oferecer a seu rebanho o que de melhor aprendera neste per\u00edodo de ex\u00edlio. Mas nem por isso esqueceu a fam\u00edlia, cuja filha ele mesmo ministrou o sacramento do matrim\u00f4nio e a esposa ingressou num mosteiro, com seu aux\u00edlio e aprova\u00e7\u00e3o.<\/p>\n<p>Faleceu em 367, quando passou a ser venerado como santo logo ap\u00f3s seu \u00faltimo suspiro. Uma conhecida frase sua mostra bem a coragem e a valentia com que viveu e atuou, enfrentando hereges e poderosos: &#8220;Enganam-se os que acreditam que me far\u00e3o calar. Falarei pelos escritos e a palavra de Deus, que ningu\u00e9m pode aprisionar, voar\u00e1 livre&#8221;. O Papa Pio IX, o canonizou e o honrou com o t\u00edtulo de &#8220;Doutor da Igreja&#8221;, confirmando a sua celebra\u00e7\u00e3o para o dia 13 de janeiro.<\/p>\n<div id=\"themify_builder_content-7244\" data-postid=\"7244\" class=\"themify_builder_content themify_builder_content-7244 themify_builder themify_builder_front\">\n\t<\/div>\n<!-- \/themify_builder_content -->","protected":false},"excerpt":{"rendered":"<p>13 de Janeiro BISPO, CONFESSOR E DOUTOR DA IGREJA Hil\u00e1rio era franc\u00eas, acredita-se que tenha nascido no ano 315, de fam\u00edlia rica e pag\u00e3, recebendo educa\u00e7\u00e3o e instru\u00e7\u00e3o privilegiada. Durante anos buscou na filosofia as respostas para seus questionamentos em busca da Verdade. Mas s\u00f3 as encontrou no Evangelho e ent\u00e3o se converteu ao cristianismo. [&hellip;]<\/p>\n","protected":false},"author":14,"featured_media":0,"comment_status":"open","ping_status":"open","sticky":false,"template":"","format":"standard","meta":{"ngg_post_thumbnail":0,"footnotes":""},"categories":[186],"tags":[],"yoast_head":"<!-- This site is optimized with the Yoast SEO plugin v23.5 - https:\/\/yoast.com\/wordpress\/plugins\/seo\/ -->\n<title>Santo Hil\u00e1rio de Poitiers - O Arcanjo no ar<\/title>\n<meta name=\"robots\" content=\"index, follow, max-snippet:-1, max-image-preview:large, max-video-preview:-1\" \/>\n<link rel=\"canonical\" href=\"https:\/\/www.oarcanjo.net\/site\/santo-hilario-de-poitiers\/\" \/>\n<meta property=\"og:locale\" content=\"pt_BR\" \/>\n<meta property=\"og:type\" content=\"article\" \/>\n<meta property=\"og:title\" content=\"Santo Hil\u00e1rio de Poitiers - O Arcanjo no ar\" \/>\n<meta property=\"og:description\" content=\"13 de Janeiro BISPO, CONFESSOR E DOUTOR DA IGREJA Hil\u00e1rio era franc\u00eas, acredita-se que tenha nascido no ano 315, de fam\u00edlia rica e pag\u00e3, recebendo educa\u00e7\u00e3o e instru\u00e7\u00e3o privilegiada. Durante anos buscou na filosofia as respostas para seus questionamentos em busca da Verdade. Mas s\u00f3 as encontrou no Evangelho e ent\u00e3o se converteu ao cristianismo. [&hellip;]\" \/>\n<meta property=\"og:url\" content=\"https:\/\/www.oarcanjo.net\/site\/santo-hilario-de-poitiers\/\" \/>\n<meta property=\"og:site_name\" content=\"O Arcanjo no ar\" \/>\n<meta property=\"article:publisher\" content=\"https:\/\/www.facebook.com\/OArcanjoNoAr\/\" \/>\n<meta property=\"article:published_time\" content=\"2017-01-13T02:05:16+00:00\" \/>\n<meta property=\"article:modified_time\" content=\"2016-12-27T08:22:42+00:00\" \/>\n<meta property=\"og:image\" content=\"http:\/\/www.derradeirasgracas.com\/images\/1.%20O%20Santo%20do%20Dia%20-%20Fotos\/Santos%20de%20Janeiro%20-%20%20Fotos\/Santo%20Hil%C3%A1rio%20de%20Poitiers.gif\" \/>\n<meta name=\"author\" content=\"danilo\" \/>\n<meta name=\"twitter:card\" content=\"summary_large_image\" \/>\n<meta name=\"twitter:label1\" content=\"Escrito por\" \/>\n\t<meta name=\"twitter:data1\" content=\"danilo\" \/>\n\t<meta name=\"twitter:label2\" content=\"Est. tempo de leitura\" \/>\n\t<meta name=\"twitter:data2\" content=\"3 minutos\" \/>\n<script type=\"application\/ld+json\" class=\"yoast-schema-graph\">{\"@context\":\"https:\/\/schema.org\",\"@graph\":[{\"@type\":\"Article\",\"@id\":\"https:\/\/www.oarcanjo.net\/site\/santo-hilario-de-poitiers\/#article\",\"isPartOf\":{\"@id\":\"https:\/\/www.oarcanjo.net\/site\/santo-hilario-de-poitiers\/\"},\"author\":{\"name\":\"danilo\",\"@id\":\"https:\/\/www.oarcanjo.net\/site\/#\/schema\/person\/5eb9480bedd2f3c97e430ce128c29c6c\"},\"headline\":\"Santo Hil\u00e1rio de Poitiers\",\"datePublished\":\"2017-01-13T02:05:16+00:00\",\"dateModified\":\"2016-12-27T08:22:42+00:00\",\"mainEntityOfPage\":{\"@id\":\"https:\/\/www.oarcanjo.net\/site\/santo-hilario-de-poitiers\/\"},\"wordCount\":541,\"commentCount\":0,\"publisher\":{\"@id\":\"https:\/\/www.oarcanjo.net\/site\/#organization\"},\"image\":{\"@id\":\"https:\/\/www.oarcanjo.net\/site\/santo-hilario-de-poitiers\/#primaryimage\"},\"thumbnailUrl\":\"http:\/\/www.derradeirasgracas.com\/images\/1.%20O%20Santo%20do%20Dia%20-%20Fotos\/Santos%20de%20Janeiro%20-%20%20Fotos\/Santo%20Hil%C3%A1rio%20de%20Poitiers.gif\",\"articleSection\":[\"Testemunhos\"],\"inLanguage\":\"pt-BR\",\"potentialAction\":[{\"@type\":\"CommentAction\",\"name\":\"Comment\",\"target\":[\"https:\/\/www.oarcanjo.net\/site\/santo-hilario-de-poitiers\/#respond\"]}]},{\"@type\":\"WebPage\",\"@id\":\"https:\/\/www.oarcanjo.net\/site\/santo-hilario-de-poitiers\/\",\"url\":\"https:\/\/www.oarcanjo.net\/site\/santo-hilario-de-poitiers\/\",\"name\":\"Santo Hil\u00e1rio de Poitiers - O Arcanjo no ar\",\"isPartOf\":{\"@id\":\"https:\/\/www.oarcanjo.net\/site\/#website\"},\"primaryImageOfPage\":{\"@id\":\"https:\/\/www.oarcanjo.net\/site\/santo-hilario-de-poitiers\/#primaryimage\"},\"image\":{\"@id\":\"https:\/\/www.oarcanjo.net\/site\/santo-hilario-de-poitiers\/#primaryimage\"},\"thumbnailUrl\":\"http:\/\/www.derradeirasgracas.com\/images\/1.%20O%20Santo%20do%20Dia%20-%20Fotos\/Santos%20de%20Janeiro%20-%20%20Fotos\/Santo%20Hil%C3%A1rio%20de%20Poitiers.gif\",\"datePublished\":\"2017-01-13T02:05:16+00:00\",\"dateModified\":\"2016-12-27T08:22:42+00:00\",\"breadcrumb\":{\"@id\":\"https:\/\/www.oarcanjo.net\/site\/santo-hilario-de-poitiers\/#breadcrumb\"},\"inLanguage\":\"pt-BR\",\"potentialAction\":[{\"@type\":\"ReadAction\",\"target\":[\"https:\/\/www.oarcanjo.net\/site\/santo-hilario-de-poitiers\/\"]}]},{\"@type\":\"ImageObject\",\"inLanguage\":\"pt-BR\",\"@id\":\"https:\/\/www.oarcanjo.net\/site\/santo-hilario-de-poitiers\/#primaryimage\",\"url\":\"http:\/\/www.derradeirasgracas.com\/images\/1.%20O%20Santo%20do%20Dia%20-%20Fotos\/Santos%20de%20Janeiro%20-%20%20Fotos\/Santo%20Hil%C3%A1rio%20de%20Poitiers.gif\",\"contentUrl\":\"http:\/\/www.derradeirasgracas.com\/images\/1.%20O%20Santo%20do%20Dia%20-%20Fotos\/Santos%20de%20Janeiro%20-%20%20Fotos\/Santo%20Hil%C3%A1rio%20de%20Poitiers.gif\"},{\"@type\":\"BreadcrumbList\",\"@id\":\"https:\/\/www.oarcanjo.net\/site\/santo-hilario-de-poitiers\/#breadcrumb\",\"itemListElement\":[{\"@type\":\"ListItem\",\"position\":1,\"name\":\"In\u00edcio\",\"item\":\"https:\/\/www.oarcanjo.net\/site\/\"},{\"@type\":\"ListItem\",\"position\":2,\"name\":\"Santo Hil\u00e1rio de Poitiers\"}]},{\"@type\":\"WebSite\",\"@id\":\"https:\/\/www.oarcanjo.net\/site\/#website\",\"url\":\"https:\/\/www.oarcanjo.net\/site\/\",\"name\":\"O Arcanjo no ar\",\"description\":\"Site da Par\u00f3quia S\u00e3o Miguel Arcanjo (Arquidiocese de SP)\",\"publisher\":{\"@id\":\"https:\/\/www.oarcanjo.net\/site\/#organization\"},\"potentialAction\":[{\"@type\":\"SearchAction\",\"target\":{\"@type\":\"EntryPoint\",\"urlTemplate\":\"https:\/\/www.oarcanjo.net\/site\/?s={search_term_string}\"},\"query-input\":{\"@type\":\"PropertyValueSpecification\",\"valueRequired\":true,\"valueName\":\"search_term_string\"}}],\"inLanguage\":\"pt-BR\"},{\"@type\":\"Organization\",\"@id\":\"https:\/\/www.oarcanjo.net\/site\/#organization\",\"name\":\"Par\u00f3quia S\u00e3o Miguel Arcanjo\",\"url\":\"https:\/\/www.oarcanjo.net\/site\/\",\"logo\":{\"@type\":\"ImageObject\",\"inLanguage\":\"pt-BR\",\"@id\":\"https:\/\/www.oarcanjo.net\/site\/#\/schema\/logo\/image\/\",\"url\":\"https:\/\/www.oarcanjo.net\/site\/wp-content\/uploads\/LogoOArcanjo.png\",\"contentUrl\":\"https:\/\/www.oarcanjo.net\/site\/wp-content\/uploads\/LogoOArcanjo.png\",\"width\":319,\"height\":99,\"caption\":\"Par\u00f3quia S\u00e3o Miguel Arcanjo\"},\"image\":{\"@id\":\"https:\/\/www.oarcanjo.net\/site\/#\/schema\/logo\/image\/\"},\"sameAs\":[\"https:\/\/www.facebook.com\/OArcanjoNoAr\/\"]},{\"@type\":\"Person\",\"@id\":\"https:\/\/www.oarcanjo.net\/site\/#\/schema\/person\/5eb9480bedd2f3c97e430ce128c29c6c\",\"name\":\"danilo\"}]}<\/script>\n<!-- \/ Yoast SEO plugin. -->","yoast_head_json":{"title":"Santo Hil\u00e1rio de Poitiers - O Arcanjo no ar","robots":{"index":"index","follow":"follow","max-snippet":"max-snippet:-1","max-image-preview":"max-image-preview:large","max-video-preview":"max-video-preview:-1"},"canonical":"https:\/\/www.oarcanjo.net\/site\/santo-hilario-de-poitiers\/","og_locale":"pt_BR","og_type":"article","og_title":"Santo Hil\u00e1rio de Poitiers - O Arcanjo no ar","og_description":"13 de Janeiro BISPO, CONFESSOR E DOUTOR DA IGREJA Hil\u00e1rio era franc\u00eas, acredita-se que tenha nascido no ano 315, de fam\u00edlia rica e pag\u00e3, recebendo educa\u00e7\u00e3o e instru\u00e7\u00e3o privilegiada. Durante anos buscou na filosofia as respostas para seus questionamentos em busca da Verdade. Mas s\u00f3 as encontrou no Evangelho e ent\u00e3o se converteu ao cristianismo. [&hellip;]","og_url":"https:\/\/www.oarcanjo.net\/site\/santo-hilario-de-poitiers\/","og_site_name":"O Arcanjo no ar","article_publisher":"https:\/\/www.facebook.com\/OArcanjoNoAr\/","article_published_time":"2017-01-13T02:05:16+00:00","article_modified_time":"2016-12-27T08:22:42+00:00","og_image":[{"url":"http:\/\/www.derradeirasgracas.com\/images\/1.%20O%20Santo%20do%20Dia%20-%20Fotos\/Santos%20de%20Janeiro%20-%20%20Fotos\/Santo%20Hil%C3%A1rio%20de%20Poitiers.gif"}],"author":"danilo","twitter_card":"summary_large_image","twitter_misc":{"Escrito por":"danilo","Est. tempo de leitura":"3 minutos"},"schema":{"@context":"https:\/\/schema.org","@graph":[{"@type":"Article","@id":"https:\/\/www.oarcanjo.net\/site\/santo-hilario-de-poitiers\/#article","isPartOf":{"@id":"https:\/\/www.oarcanjo.net\/site\/santo-hilario-de-poitiers\/"},"author":{"name":"danilo","@id":"https:\/\/www.oarcanjo.net\/site\/#\/schema\/person\/5eb9480bedd2f3c97e430ce128c29c6c"},"headline":"Santo Hil\u00e1rio de Poitiers","datePublished":"2017-01-13T02:05:16+00:00","dateModified":"2016-12-27T08:22:42+00:00","mainEntityOfPage":{"@id":"https:\/\/www.oarcanjo.net\/site\/santo-hilario-de-poitiers\/"},"wordCount":541,"commentCount":0,"publisher":{"@id":"https:\/\/www.oarcanjo.net\/site\/#organization"},"image":{"@id":"https:\/\/www.oarcanjo.net\/site\/santo-hilario-de-poitiers\/#primaryimage"},"thumbnailUrl":"http:\/\/www.derradeirasgracas.com\/images\/1.%20O%20Santo%20do%20Dia%20-%20Fotos\/Santos%20de%20Janeiro%20-%20%20Fotos\/Santo%20Hil%C3%A1rio%20de%20Poitiers.gif","articleSection":["Testemunhos"],"inLanguage":"pt-BR","potentialAction":[{"@type":"CommentAction","name":"Comment","target":["https:\/\/www.oarcanjo.net\/site\/santo-hilario-de-poitiers\/#respond"]}]},{"@type":"WebPage","@id":"https:\/\/www.oarcanjo.net\/site\/santo-hilario-de-poitiers\/","url":"https:\/\/www.oarcanjo.net\/site\/santo-hilario-de-poitiers\/","name":"Santo Hil\u00e1rio de Poitiers - O Arcanjo no ar","isPartOf":{"@id":"https:\/\/www.oarcanjo.net\/site\/#website"},"primaryImageOfPage":{"@id":"https:\/\/www.oarcanjo.net\/site\/santo-hilario-de-poitiers\/#primaryimage"},"image":{"@id":"https:\/\/www.oarcanjo.net\/site\/santo-hilario-de-poitiers\/#primaryimage"},"thumbnailUrl":"http:\/\/www.derradeirasgracas.com\/images\/1.%20O%20Santo%20do%20Dia%20-%20Fotos\/Santos%20de%20Janeiro%20-%20%20Fotos\/Santo%20Hil%C3%A1rio%20de%20Poitiers.gif","datePublished":"2017-01-13T02:05:16+00:00","dateModified":"2016-12-27T08:22:42+00:00","breadcrumb":{"@id":"https:\/\/www.oarcanjo.net\/site\/santo-hilario-de-poitiers\/#breadcrumb"},"inLanguage":"pt-BR","potentialAction":[{"@type":"ReadAction","target":["https:\/\/www.oarcanjo.net\/site\/santo-hilario-de-poitiers\/"]}]},{"@type":"ImageObject","inLanguage":"pt-BR","@id":"https:\/\/www.oarcanjo.net\/site\/santo-hilario-de-poitiers\/#primaryimage","url":"http:\/\/www.derradeirasgracas.com\/images\/1.%20O%20Santo%20do%20Dia%20-%20Fotos\/Santos%20de%20Janeiro%20-%20%20Fotos\/Santo%20Hil%C3%A1rio%20de%20Poitiers.gif","contentUrl":"http:\/\/www.derradeirasgracas.com\/images\/1.%20O%20Santo%20do%20Dia%20-%20Fotos\/Santos%20de%20Janeiro%20-%20%20Fotos\/Santo%20Hil%C3%A1rio%20de%20Poitiers.gif"},{"@type":"BreadcrumbList","@id":"https:\/\/www.oarcanjo.net\/site\/santo-hilario-de-poitiers\/#breadcrumb","itemListElement":[{"@type":"ListItem","position":1,"name":"In\u00edcio","item":"https:\/\/www.oarcanjo.net\/site\/"},{"@type":"ListItem","position":2,"name":"Santo Hil\u00e1rio de Poitiers"}]},{"@type":"WebSite","@id":"https:\/\/www.oarcanjo.net\/site\/#website","url":"https:\/\/www.oarcanjo.net\/site\/","name":"O Arcanjo no ar","description":"Site da Par\u00f3quia S\u00e3o Miguel Arcanjo (Arquidiocese de SP)","publisher":{"@id":"https:\/\/www.oarcanjo.net\/site\/#organization"},"potentialAction":[{"@type":"SearchAction","target":{"@type":"EntryPoint","urlTemplate":"https:\/\/www.oarcanjo.net\/site\/?s={search_term_string}"},"query-input":{"@type":"PropertyValueSpecification","valueRequired":true,"valueName":"search_term_string"}}],"inLanguage":"pt-BR"},{"@type":"Organization","@id":"https:\/\/www.oarcanjo.net\/site\/#organization","name":"Par\u00f3quia S\u00e3o Miguel Arcanjo","url":"https:\/\/www.oarcanjo.net\/site\/","logo":{"@type":"ImageObject","inLanguage":"pt-BR","@id":"https:\/\/www.oarcanjo.net\/site\/#\/schema\/logo\/image\/","url":"https:\/\/www.oarcanjo.net\/site\/wp-content\/uploads\/LogoOArcanjo.png","contentUrl":"https:\/\/www.oarcanjo.net\/site\/wp-content\/uploads\/LogoOArcanjo.png","width":319,"height":99,"caption":"Par\u00f3quia S\u00e3o Miguel Arcanjo"},"image":{"@id":"https:\/\/www.oarcanjo.net\/site\/#\/schema\/logo\/image\/"},"sameAs":["https:\/\/www.facebook.com\/OArcanjoNoAr\/"]},{"@type":"Person","@id":"https:\/\/www.oarcanjo.net\/site\/#\/schema\/person\/5eb9480bedd2f3c97e430ce128c29c6c","name":"danilo"}]}},"publishpress_future_action":{"enabled":false,"date":"2026-05-07 22:27:23","action":"category","newStatus":"draft","terms":[],"taxonomy":"category"},"publishpress_future_workflow_manual_trigger":{"enabledWorkflows":[]},"_links":{"self":[{"href":"https:\/\/www.oarcanjo.net\/site\/wp-json\/wp\/v2\/posts\/7244"}],"collection":[{"href":"https:\/\/www.oarcanjo.net\/site\/wp-json\/wp\/v2\/posts"}],"about":[{"href":"https:\/\/www.oarcanjo.net\/site\/wp-json\/wp\/v2\/types\/post"}],"author":[{"embeddable":true,"href":"https:\/\/www.oarcanjo.net\/site\/wp-json\/wp\/v2\/users\/14"}],"replies":[{"embeddable":true,"href":"https:\/\/www.oarcanjo.net\/site\/wp-json\/wp\/v2\/comments?post=7244"}],"version-history":[{"count":0,"href":"https:\/\/www.oarcanjo.net\/site\/wp-json\/wp\/v2\/posts\/7244\/revisions"}],"wp:attachment":[{"href":"https:\/\/www.oarcanjo.net\/site\/wp-json\/wp\/v2\/media?parent=7244"}],"wp:term":[{"taxonomy":"category","embeddable":true,"href":"https:\/\/www.oarcanjo.net\/site\/wp-json\/wp\/v2\/categories?post=7244"},{"taxonomy":"post_tag","embeddable":true,"href":"https:\/\/www.oarcanjo.net\/site\/wp-json\/wp\/v2\/tags?post=7244"}],"curies":[{"name":"wp","href":"https:\/\/api.w.org\/{rel}","templated":true}]}}