
{"id":7248,"date":"2017-01-13T00:06:05","date_gmt":"2017-01-13T02:06:05","guid":{"rendered":"http:\/\/www.oarcanjo.net\/site\/?p=7248"},"modified":"2016-12-27T06:22:05","modified_gmt":"2016-12-27T08:22:05","slug":"bem-aventurada-veronica-de-binasco","status":"publish","type":"post","link":"https:\/\/www.oarcanjo.net\/site\/bem-aventurada-veronica-de-binasco\/","title":{"rendered":"Bem-Aventurada Ver\u00f4nica de Binasco"},"content":{"rendered":"<p><img decoding=\"async\" src=\"http:\/\/3.bp.blogspot.com\/_TKEX88TCjPI\/SWxsHvNG_dI\/AAAAAAAAAX4\/hr63dkaecZU\/s400\/Santa_Veronica_de_Binasco__virgen_276x493.jpg\" alt=\"\" \/><\/p>\n<p>13 de Janeiro<\/p>\n<p>Ver\u00f4nica foi e ainda \u00e9 a pr\u00f3pria imagem da humildade e dedica\u00e7\u00e3o a Deus e ao pr\u00f3ximo. Nasceu na cidade de Binasco, em Mil\u00e3o, It\u00e1lia no ano de 1445, era filha de lavradores pobres e muito religiosos. Assim, durante toda a inf\u00e2ncia e a juventude Ver\u00f4nica alimentou o sonho de entrar para um convento.<\/p>\n<p>Ao completar vinte e dois anos, ingressou no Convento Agostiniano de Santa Marta, da sua cidade. Mesmo n\u00e3o sendo alfabetizada foi admitida, como irm\u00e3 laica, trabalhando nos servi\u00e7os mais humildes. Com muita dificuldade conseguiu receber alguma instru\u00e7\u00e3o, assim, pode vestir o h\u00e1bito de agostiniana e fazer seus votos perp\u00e9tuos. Foi considerada um exemplo das mais altas virtudes, possuindo o raro dom da compreens\u00e3o da complexidade da alma humana.<\/p>\n<p>Com a orienta\u00e7\u00e3o das irm\u00e3s, a pr\u00e1tica da medita\u00e7\u00e3o e as ora\u00e7\u00f5es di\u00e1rias, ela desenvolveu uma profunda sensibilidade que apurou seu dom de profecia e o senso de dedu\u00e7\u00e3o. Em pouco tempo falava sobre teologia e psicologia como poucas, embora nunca tivesse estudado os temas. A intensa vida contemplativa n\u00e3o a impediu de viver plenamente em contato com a comunidade, apoiando, ajudando e, principalmente, consolando os sofredores e enfermos.<\/p>\n<p>Ap\u00f3s alguns anos, \u00e0 sua alma m\u00edstica foram concedidas vis\u00f5es freq\u00fcentes. Ver\u00f4nica inclusive, viajou para Roma, onde foi recebida com afeto paternal pelo Papa Alexandre VI, ao qual relatou uma apari\u00e7\u00e3o de Nossa Senhora. Os registros narram que ele a escutou com aten\u00e7\u00e3o, pois logo percebeu que estava na presen\u00e7a de uma santa.<\/p>\n<p>Muitos anos antes de morrer, Ver\u00f4nica profetizou a sua hora com uma riqueza de detalhes que impressionava as co-irm\u00e3s. Tudo ocorreu exatamente como havia previsto, falecendo no dia 13 de janeiro de 1497, naquele convento.<\/p>\n<p>Vinte anos depois, o Papa Le\u00e3o X, concedeu a beatifica\u00e7\u00e3o \u00e0 irm\u00e3 Ver\u00f4nica de Binasco, como era chamada pelos fi\u00e9is que lhe prestavam venera\u00e7\u00e3o em agradecimento \u00e0 sua intercess\u00e3o. Seu culto foi estendido \u00e0 toda Ordem dos Agostinianos, em 1672, pelo Papa Clemente X, tamb\u00e9m devoto de Santa Ver\u00f4nica de Binasco.<\/p>\n<div id=\"themify_builder_content-7248\" data-postid=\"7248\" class=\"themify_builder_content themify_builder_content-7248 themify_builder themify_builder_front\">\n\t<\/div>\n<!-- \/themify_builder_content -->","protected":false},"excerpt":{"rendered":"<p>13 de Janeiro Ver\u00f4nica foi e ainda \u00e9 a pr\u00f3pria imagem da humildade e dedica\u00e7\u00e3o a Deus e ao pr\u00f3ximo. Nasceu na cidade de Binasco, em Mil\u00e3o, It\u00e1lia no ano de 1445, era filha de lavradores pobres e muito religiosos. Assim, durante toda a inf\u00e2ncia e a juventude Ver\u00f4nica alimentou o sonho de entrar para [&hellip;]<\/p>\n","protected":false},"author":14,"featured_media":0,"comment_status":"open","ping_status":"open","sticky":false,"template":"","format":"standard","meta":{"ngg_post_thumbnail":0,"footnotes":""},"categories":[186],"tags":[],"yoast_head":"<!-- This site is optimized with the Yoast SEO plugin v23.5 - https:\/\/yoast.com\/wordpress\/plugins\/seo\/ -->\n<title>Bem-Aventurada Ver\u00f4nica de Binasco - O Arcanjo no ar<\/title>\n<meta name=\"robots\" content=\"index, follow, max-snippet:-1, max-image-preview:large, max-video-preview:-1\" \/>\n<link rel=\"canonical\" href=\"https:\/\/www.oarcanjo.net\/site\/bem-aventurada-veronica-de-binasco\/\" \/>\n<meta property=\"og:locale\" content=\"pt_BR\" \/>\n<meta property=\"og:type\" content=\"article\" \/>\n<meta property=\"og:title\" content=\"Bem-Aventurada Ver\u00f4nica de Binasco - O Arcanjo no ar\" \/>\n<meta property=\"og:description\" content=\"13 de Janeiro Ver\u00f4nica foi e ainda \u00e9 a pr\u00f3pria imagem da humildade e dedica\u00e7\u00e3o a Deus e ao pr\u00f3ximo. Nasceu na cidade de Binasco, em Mil\u00e3o, It\u00e1lia no ano de 1445, era filha de lavradores pobres e muito religiosos. Assim, durante toda a inf\u00e2ncia e a juventude Ver\u00f4nica alimentou o sonho de entrar para [&hellip;]\" \/>\n<meta property=\"og:url\" content=\"https:\/\/www.oarcanjo.net\/site\/bem-aventurada-veronica-de-binasco\/\" \/>\n<meta property=\"og:site_name\" content=\"O Arcanjo no ar\" \/>\n<meta property=\"article:publisher\" content=\"https:\/\/www.facebook.com\/OArcanjoNoAr\/\" \/>\n<meta property=\"article:published_time\" content=\"2017-01-13T02:06:05+00:00\" \/>\n<meta property=\"article:modified_time\" content=\"2016-12-27T08:22:05+00:00\" \/>\n<meta property=\"og:image\" content=\"http:\/\/3.bp.blogspot.com\/_TKEX88TCjPI\/SWxsHvNG_dI\/AAAAAAAAAX4\/hr63dkaecZU\/s400\/Santa_Veronica_de_Binasco__virgen_276x493.jpg\" \/>\n<meta name=\"author\" content=\"danilo\" \/>\n<meta name=\"twitter:card\" content=\"summary_large_image\" \/>\n<meta name=\"twitter:label1\" content=\"Escrito por\" \/>\n\t<meta name=\"twitter:data1\" content=\"danilo\" \/>\n\t<meta name=\"twitter:label2\" content=\"Est. tempo de leitura\" \/>\n\t<meta name=\"twitter:data2\" content=\"2 minutos\" \/>\n<script type=\"application\/ld+json\" class=\"yoast-schema-graph\">{\"@context\":\"https:\/\/schema.org\",\"@graph\":[{\"@type\":\"Article\",\"@id\":\"https:\/\/www.oarcanjo.net\/site\/bem-aventurada-veronica-de-binasco\/#article\",\"isPartOf\":{\"@id\":\"https:\/\/www.oarcanjo.net\/site\/bem-aventurada-veronica-de-binasco\/\"},\"author\":{\"name\":\"danilo\",\"@id\":\"https:\/\/www.oarcanjo.net\/site\/#\/schema\/person\/5eb9480bedd2f3c97e430ce128c29c6c\"},\"headline\":\"Bem-Aventurada Ver\u00f4nica de Binasco\",\"datePublished\":\"2017-01-13T02:06:05+00:00\",\"dateModified\":\"2016-12-27T08:22:05+00:00\",\"mainEntityOfPage\":{\"@id\":\"https:\/\/www.oarcanjo.net\/site\/bem-aventurada-veronica-de-binasco\/\"},\"wordCount\":368,\"commentCount\":0,\"publisher\":{\"@id\":\"https:\/\/www.oarcanjo.net\/site\/#organization\"},\"image\":{\"@id\":\"https:\/\/www.oarcanjo.net\/site\/bem-aventurada-veronica-de-binasco\/#primaryimage\"},\"thumbnailUrl\":\"http:\/\/3.bp.blogspot.com\/_TKEX88TCjPI\/SWxsHvNG_dI\/AAAAAAAAAX4\/hr63dkaecZU\/s400\/Santa_Veronica_de_Binasco__virgen_276x493.jpg\",\"articleSection\":[\"Testemunhos\"],\"inLanguage\":\"pt-BR\",\"potentialAction\":[{\"@type\":\"CommentAction\",\"name\":\"Comment\",\"target\":[\"https:\/\/www.oarcanjo.net\/site\/bem-aventurada-veronica-de-binasco\/#respond\"]}]},{\"@type\":\"WebPage\",\"@id\":\"https:\/\/www.oarcanjo.net\/site\/bem-aventurada-veronica-de-binasco\/\",\"url\":\"https:\/\/www.oarcanjo.net\/site\/bem-aventurada-veronica-de-binasco\/\",\"name\":\"Bem-Aventurada Ver\u00f4nica de Binasco - O Arcanjo no ar\",\"isPartOf\":{\"@id\":\"https:\/\/www.oarcanjo.net\/site\/#website\"},\"primaryImageOfPage\":{\"@id\":\"https:\/\/www.oarcanjo.net\/site\/bem-aventurada-veronica-de-binasco\/#primaryimage\"},\"image\":{\"@id\":\"https:\/\/www.oarcanjo.net\/site\/bem-aventurada-veronica-de-binasco\/#primaryimage\"},\"thumbnailUrl\":\"http:\/\/3.bp.blogspot.com\/_TKEX88TCjPI\/SWxsHvNG_dI\/AAAAAAAAAX4\/hr63dkaecZU\/s400\/Santa_Veronica_de_Binasco__virgen_276x493.jpg\",\"datePublished\":\"2017-01-13T02:06:05+00:00\",\"dateModified\":\"2016-12-27T08:22:05+00:00\",\"breadcrumb\":{\"@id\":\"https:\/\/www.oarcanjo.net\/site\/bem-aventurada-veronica-de-binasco\/#breadcrumb\"},\"inLanguage\":\"pt-BR\",\"potentialAction\":[{\"@type\":\"ReadAction\",\"target\":[\"https:\/\/www.oarcanjo.net\/site\/bem-aventurada-veronica-de-binasco\/\"]}]},{\"@type\":\"ImageObject\",\"inLanguage\":\"pt-BR\",\"@id\":\"https:\/\/www.oarcanjo.net\/site\/bem-aventurada-veronica-de-binasco\/#primaryimage\",\"url\":\"http:\/\/3.bp.blogspot.com\/_TKEX88TCjPI\/SWxsHvNG_dI\/AAAAAAAAAX4\/hr63dkaecZU\/s400\/Santa_Veronica_de_Binasco__virgen_276x493.jpg\",\"contentUrl\":\"http:\/\/3.bp.blogspot.com\/_TKEX88TCjPI\/SWxsHvNG_dI\/AAAAAAAAAX4\/hr63dkaecZU\/s400\/Santa_Veronica_de_Binasco__virgen_276x493.jpg\"},{\"@type\":\"BreadcrumbList\",\"@id\":\"https:\/\/www.oarcanjo.net\/site\/bem-aventurada-veronica-de-binasco\/#breadcrumb\",\"itemListElement\":[{\"@type\":\"ListItem\",\"position\":1,\"name\":\"In\u00edcio\",\"item\":\"https:\/\/www.oarcanjo.net\/site\/\"},{\"@type\":\"ListItem\",\"position\":2,\"name\":\"Bem-Aventurada Ver\u00f4nica de Binasco\"}]},{\"@type\":\"WebSite\",\"@id\":\"https:\/\/www.oarcanjo.net\/site\/#website\",\"url\":\"https:\/\/www.oarcanjo.net\/site\/\",\"name\":\"O Arcanjo no ar\",\"description\":\"Site da Par\u00f3quia S\u00e3o Miguel Arcanjo (Arquidiocese de SP)\",\"publisher\":{\"@id\":\"https:\/\/www.oarcanjo.net\/site\/#organization\"},\"potentialAction\":[{\"@type\":\"SearchAction\",\"target\":{\"@type\":\"EntryPoint\",\"urlTemplate\":\"https:\/\/www.oarcanjo.net\/site\/?s={search_term_string}\"},\"query-input\":{\"@type\":\"PropertyValueSpecification\",\"valueRequired\":true,\"valueName\":\"search_term_string\"}}],\"inLanguage\":\"pt-BR\"},{\"@type\":\"Organization\",\"@id\":\"https:\/\/www.oarcanjo.net\/site\/#organization\",\"name\":\"Par\u00f3quia S\u00e3o Miguel Arcanjo\",\"url\":\"https:\/\/www.oarcanjo.net\/site\/\",\"logo\":{\"@type\":\"ImageObject\",\"inLanguage\":\"pt-BR\",\"@id\":\"https:\/\/www.oarcanjo.net\/site\/#\/schema\/logo\/image\/\",\"url\":\"https:\/\/www.oarcanjo.net\/site\/wp-content\/uploads\/LogoOArcanjo.png\",\"contentUrl\":\"https:\/\/www.oarcanjo.net\/site\/wp-content\/uploads\/LogoOArcanjo.png\",\"width\":319,\"height\":99,\"caption\":\"Par\u00f3quia S\u00e3o Miguel Arcanjo\"},\"image\":{\"@id\":\"https:\/\/www.oarcanjo.net\/site\/#\/schema\/logo\/image\/\"},\"sameAs\":[\"https:\/\/www.facebook.com\/OArcanjoNoAr\/\"]},{\"@type\":\"Person\",\"@id\":\"https:\/\/www.oarcanjo.net\/site\/#\/schema\/person\/5eb9480bedd2f3c97e430ce128c29c6c\",\"name\":\"danilo\"}]}<\/script>\n<!-- \/ Yoast SEO plugin. -->","yoast_head_json":{"title":"Bem-Aventurada Ver\u00f4nica de Binasco - O Arcanjo no ar","robots":{"index":"index","follow":"follow","max-snippet":"max-snippet:-1","max-image-preview":"max-image-preview:large","max-video-preview":"max-video-preview:-1"},"canonical":"https:\/\/www.oarcanjo.net\/site\/bem-aventurada-veronica-de-binasco\/","og_locale":"pt_BR","og_type":"article","og_title":"Bem-Aventurada Ver\u00f4nica de Binasco - O Arcanjo no ar","og_description":"13 de Janeiro Ver\u00f4nica foi e ainda \u00e9 a pr\u00f3pria imagem da humildade e dedica\u00e7\u00e3o a Deus e ao pr\u00f3ximo. Nasceu na cidade de Binasco, em Mil\u00e3o, It\u00e1lia no ano de 1445, era filha de lavradores pobres e muito religiosos. Assim, durante toda a inf\u00e2ncia e a juventude Ver\u00f4nica alimentou o sonho de entrar para [&hellip;]","og_url":"https:\/\/www.oarcanjo.net\/site\/bem-aventurada-veronica-de-binasco\/","og_site_name":"O Arcanjo no ar","article_publisher":"https:\/\/www.facebook.com\/OArcanjoNoAr\/","article_published_time":"2017-01-13T02:06:05+00:00","article_modified_time":"2016-12-27T08:22:05+00:00","og_image":[{"url":"http:\/\/3.bp.blogspot.com\/_TKEX88TCjPI\/SWxsHvNG_dI\/AAAAAAAAAX4\/hr63dkaecZU\/s400\/Santa_Veronica_de_Binasco__virgen_276x493.jpg"}],"author":"danilo","twitter_card":"summary_large_image","twitter_misc":{"Escrito por":"danilo","Est. tempo de leitura":"2 minutos"},"schema":{"@context":"https:\/\/schema.org","@graph":[{"@type":"Article","@id":"https:\/\/www.oarcanjo.net\/site\/bem-aventurada-veronica-de-binasco\/#article","isPartOf":{"@id":"https:\/\/www.oarcanjo.net\/site\/bem-aventurada-veronica-de-binasco\/"},"author":{"name":"danilo","@id":"https:\/\/www.oarcanjo.net\/site\/#\/schema\/person\/5eb9480bedd2f3c97e430ce128c29c6c"},"headline":"Bem-Aventurada Ver\u00f4nica de Binasco","datePublished":"2017-01-13T02:06:05+00:00","dateModified":"2016-12-27T08:22:05+00:00","mainEntityOfPage":{"@id":"https:\/\/www.oarcanjo.net\/site\/bem-aventurada-veronica-de-binasco\/"},"wordCount":368,"commentCount":0,"publisher":{"@id":"https:\/\/www.oarcanjo.net\/site\/#organization"},"image":{"@id":"https:\/\/www.oarcanjo.net\/site\/bem-aventurada-veronica-de-binasco\/#primaryimage"},"thumbnailUrl":"http:\/\/3.bp.blogspot.com\/_TKEX88TCjPI\/SWxsHvNG_dI\/AAAAAAAAAX4\/hr63dkaecZU\/s400\/Santa_Veronica_de_Binasco__virgen_276x493.jpg","articleSection":["Testemunhos"],"inLanguage":"pt-BR","potentialAction":[{"@type":"CommentAction","name":"Comment","target":["https:\/\/www.oarcanjo.net\/site\/bem-aventurada-veronica-de-binasco\/#respond"]}]},{"@type":"WebPage","@id":"https:\/\/www.oarcanjo.net\/site\/bem-aventurada-veronica-de-binasco\/","url":"https:\/\/www.oarcanjo.net\/site\/bem-aventurada-veronica-de-binasco\/","name":"Bem-Aventurada Ver\u00f4nica de Binasco - O Arcanjo no ar","isPartOf":{"@id":"https:\/\/www.oarcanjo.net\/site\/#website"},"primaryImageOfPage":{"@id":"https:\/\/www.oarcanjo.net\/site\/bem-aventurada-veronica-de-binasco\/#primaryimage"},"image":{"@id":"https:\/\/www.oarcanjo.net\/site\/bem-aventurada-veronica-de-binasco\/#primaryimage"},"thumbnailUrl":"http:\/\/3.bp.blogspot.com\/_TKEX88TCjPI\/SWxsHvNG_dI\/AAAAAAAAAX4\/hr63dkaecZU\/s400\/Santa_Veronica_de_Binasco__virgen_276x493.jpg","datePublished":"2017-01-13T02:06:05+00:00","dateModified":"2016-12-27T08:22:05+00:00","breadcrumb":{"@id":"https:\/\/www.oarcanjo.net\/site\/bem-aventurada-veronica-de-binasco\/#breadcrumb"},"inLanguage":"pt-BR","potentialAction":[{"@type":"ReadAction","target":["https:\/\/www.oarcanjo.net\/site\/bem-aventurada-veronica-de-binasco\/"]}]},{"@type":"ImageObject","inLanguage":"pt-BR","@id":"https:\/\/www.oarcanjo.net\/site\/bem-aventurada-veronica-de-binasco\/#primaryimage","url":"http:\/\/3.bp.blogspot.com\/_TKEX88TCjPI\/SWxsHvNG_dI\/AAAAAAAAAX4\/hr63dkaecZU\/s400\/Santa_Veronica_de_Binasco__virgen_276x493.jpg","contentUrl":"http:\/\/3.bp.blogspot.com\/_TKEX88TCjPI\/SWxsHvNG_dI\/AAAAAAAAAX4\/hr63dkaecZU\/s400\/Santa_Veronica_de_Binasco__virgen_276x493.jpg"},{"@type":"BreadcrumbList","@id":"https:\/\/www.oarcanjo.net\/site\/bem-aventurada-veronica-de-binasco\/#breadcrumb","itemListElement":[{"@type":"ListItem","position":1,"name":"In\u00edcio","item":"https:\/\/www.oarcanjo.net\/site\/"},{"@type":"ListItem","position":2,"name":"Bem-Aventurada Ver\u00f4nica de Binasco"}]},{"@type":"WebSite","@id":"https:\/\/www.oarcanjo.net\/site\/#website","url":"https:\/\/www.oarcanjo.net\/site\/","name":"O Arcanjo no ar","description":"Site da Par\u00f3quia S\u00e3o Miguel Arcanjo (Arquidiocese de SP)","publisher":{"@id":"https:\/\/www.oarcanjo.net\/site\/#organization"},"potentialAction":[{"@type":"SearchAction","target":{"@type":"EntryPoint","urlTemplate":"https:\/\/www.oarcanjo.net\/site\/?s={search_term_string}"},"query-input":{"@type":"PropertyValueSpecification","valueRequired":true,"valueName":"search_term_string"}}],"inLanguage":"pt-BR"},{"@type":"Organization","@id":"https:\/\/www.oarcanjo.net\/site\/#organization","name":"Par\u00f3quia S\u00e3o Miguel Arcanjo","url":"https:\/\/www.oarcanjo.net\/site\/","logo":{"@type":"ImageObject","inLanguage":"pt-BR","@id":"https:\/\/www.oarcanjo.net\/site\/#\/schema\/logo\/image\/","url":"https:\/\/www.oarcanjo.net\/site\/wp-content\/uploads\/LogoOArcanjo.png","contentUrl":"https:\/\/www.oarcanjo.net\/site\/wp-content\/uploads\/LogoOArcanjo.png","width":319,"height":99,"caption":"Par\u00f3quia S\u00e3o Miguel Arcanjo"},"image":{"@id":"https:\/\/www.oarcanjo.net\/site\/#\/schema\/logo\/image\/"},"sameAs":["https:\/\/www.facebook.com\/OArcanjoNoAr\/"]},{"@type":"Person","@id":"https:\/\/www.oarcanjo.net\/site\/#\/schema\/person\/5eb9480bedd2f3c97e430ce128c29c6c","name":"danilo"}]}},"publishpress_future_action":{"enabled":false,"date":"2026-05-07 22:27:12","action":"category","newStatus":"draft","terms":[],"taxonomy":"category"},"publishpress_future_workflow_manual_trigger":{"enabledWorkflows":[]},"_links":{"self":[{"href":"https:\/\/www.oarcanjo.net\/site\/wp-json\/wp\/v2\/posts\/7248"}],"collection":[{"href":"https:\/\/www.oarcanjo.net\/site\/wp-json\/wp\/v2\/posts"}],"about":[{"href":"https:\/\/www.oarcanjo.net\/site\/wp-json\/wp\/v2\/types\/post"}],"author":[{"embeddable":true,"href":"https:\/\/www.oarcanjo.net\/site\/wp-json\/wp\/v2\/users\/14"}],"replies":[{"embeddable":true,"href":"https:\/\/www.oarcanjo.net\/site\/wp-json\/wp\/v2\/comments?post=7248"}],"version-history":[{"count":0,"href":"https:\/\/www.oarcanjo.net\/site\/wp-json\/wp\/v2\/posts\/7248\/revisions"}],"wp:attachment":[{"href":"https:\/\/www.oarcanjo.net\/site\/wp-json\/wp\/v2\/media?parent=7248"}],"wp:term":[{"taxonomy":"category","embeddable":true,"href":"https:\/\/www.oarcanjo.net\/site\/wp-json\/wp\/v2\/categories?post=7248"},{"taxonomy":"post_tag","embeddable":true,"href":"https:\/\/www.oarcanjo.net\/site\/wp-json\/wp\/v2\/tags?post=7248"}],"curies":[{"name":"wp","href":"https:\/\/api.w.org\/{rel}","templated":true}]}}