
{"id":7253,"date":"2017-01-14T00:05:12","date_gmt":"2017-01-14T02:05:12","guid":{"rendered":"http:\/\/www.oarcanjo.net\/site\/?p=7253"},"modified":"2016-12-27T06:21:55","modified_gmt":"2016-12-27T08:21:55","slug":"sao-felix-de-nola","status":"publish","type":"post","link":"https:\/\/www.oarcanjo.net\/site\/sao-felix-de-nola\/","title":{"rendered":"S\u00e3o Felix de Nola"},"content":{"rendered":"<p><img decoding=\"async\" src=\"http:\/\/www.cademeusanto.com.br\/SFelixNola.jpg\" alt=\"\" \/><\/p>\n<p>14 de Janeiro<\/p>\n<p><strong>Nasceu no terceiro s\u00e9culo, em Nola, perto de N\u00e1poles, It\u00e1lia <\/strong><\/p>\n<p><strong>Filho mais velho de Hermias, um soldado s\u00edrio que tinha se retirado para Nola. Ap\u00f3s a morte de seu pai, Felix vendeu quase todos os seus bens e deu para os pobres e passou a seguir a sua voca\u00e7\u00e3o clerical. Ordenado pelo bispo Maximus de Nola.<\/strong><\/p>\n<p><strong>\u00a0<\/strong><\/p>\n<p><strong>Durante as persegui\u00e7\u00f5es do Imperador D\u00e9cius, o velho bispo ajudado por Felix fugiu para as montanhas e Felix foi preso, \u00a0surrado e torturado para renegar a sua f\u00e9. A lenda diz que um anjo o livrou da pris\u00e3o para que ele cuidasse de seu bispo doente. Felix escondeu Maximus em uma casa abandonada. Diz ainda a tradi\u00e7\u00e3o que quando os dois estavam seguros dentro desta velha casa uma aranha rapidamente teceu uma enorme teia sobre a porta de modo que todos pensassem que a casa estava abandonada h\u00e1 tempos.<\/strong><\/p>\n<p><strong>Os soldados imperiais por l\u00e1 passaram e n\u00e3o entraram devido a enorme teia e os dois crist\u00e3os ficaram assim seguros l\u00e1 dentro. <\/strong><\/p>\n<p><strong>Com a morte de D\u00e9cius em 251DC as autoridades encerraram as persegui\u00e7\u00f5es aos crist\u00e3os. <\/strong><\/p>\n<p><strong>Ap\u00f3s a morte do Bispo Maximus Felix foi escolhido para ser o bispo de Nola, mas recusou a favor de Quintus um padre mais antigo e mais experiente.<\/strong><\/p>\n<p><strong>Felix passou a explorar a sua pequena fazenda\u00a0 e dava tudo que nela produzia para os pobres e doentes. A pouca informa\u00e7\u00e3o que temos sobre S\u00e3o Felix vem de cartas e poesias que enviava para S\u00e3o Paulinus de Nola, que serviu como um porteiro na igreja dedicada a S\u00e3o Felix e que reuniu informa\u00e7\u00f5es sobre ele dos peregrinos e dos paroquianos e mais tarde escreveu uma esp\u00e9cie de biografia de S\u00e3o Felix de Nola.\u00a0\u00a0\u00a0 \u00a0<br \/>\nFelix faleceu em 255 de causas naturais, mas \u00e9 normalmente listado como\u00a0 m\u00e1rtir, devido as torturas e priva\u00e7\u00f5es de que foi vitima durante as persegui\u00e7\u00f5es aos crist\u00e3os.<\/strong><\/p>\n<p><strong>Seu t\u00famulo tornou-se local de peregrina\u00e7\u00f5es e v\u00e1rios milagres foram creditados\u00a0 a sua intercess\u00e3o.<br \/>\nEle \u00e9 invocado contra doen\u00e7as nos olhos e picadas de insetos.<\/strong><\/p>\n<p><strong>Na arte lit\u00fargica da Igreja ele \u00e9 representado como: 1 ) jovem padre na pris\u00e3o; ou 2) um jovem padre carregando um velho bispo; ou 3) um padre acorrentado com um anjo removendo os grilh\u00f5es; ou 4) um jovem com um aranha; ou 5) um jovem com uma teia de aranha a sua frente; ou 6) um jovem em uma velha casa\u00a0 com uma teia de aranha na porta<\/strong><\/p>\n<div id=\"themify_builder_content-7253\" data-postid=\"7253\" class=\"themify_builder_content themify_builder_content-7253 themify_builder themify_builder_front\">\n\t<\/div>\n<!-- \/themify_builder_content -->","protected":false},"excerpt":{"rendered":"<p>14 de Janeiro Nasceu no terceiro s\u00e9culo, em Nola, perto de N\u00e1poles, It\u00e1lia Filho mais velho de Hermias, um soldado s\u00edrio que tinha se retirado para Nola. Ap\u00f3s a morte de seu pai, Felix vendeu quase todos os seus bens e deu para os pobres e passou a seguir a sua voca\u00e7\u00e3o clerical. Ordenado pelo [&hellip;]<\/p>\n","protected":false},"author":14,"featured_media":0,"comment_status":"open","ping_status":"open","sticky":false,"template":"","format":"standard","meta":{"ngg_post_thumbnail":0,"footnotes":""},"categories":[186],"tags":[],"yoast_head":"<!-- This site is optimized with the Yoast SEO plugin v23.5 - https:\/\/yoast.com\/wordpress\/plugins\/seo\/ -->\n<title>S\u00e3o Felix de Nola - O Arcanjo no ar<\/title>\n<meta name=\"robots\" content=\"index, follow, max-snippet:-1, max-image-preview:large, max-video-preview:-1\" \/>\n<link rel=\"canonical\" href=\"https:\/\/www.oarcanjo.net\/site\/sao-felix-de-nola\/\" \/>\n<meta property=\"og:locale\" content=\"pt_BR\" \/>\n<meta property=\"og:type\" content=\"article\" \/>\n<meta property=\"og:title\" content=\"S\u00e3o Felix de Nola - O Arcanjo no ar\" \/>\n<meta property=\"og:description\" content=\"14 de Janeiro Nasceu no terceiro s\u00e9culo, em Nola, perto de N\u00e1poles, It\u00e1lia Filho mais velho de Hermias, um soldado s\u00edrio que tinha se retirado para Nola. Ap\u00f3s a morte de seu pai, Felix vendeu quase todos os seus bens e deu para os pobres e passou a seguir a sua voca\u00e7\u00e3o clerical. Ordenado pelo [&hellip;]\" \/>\n<meta property=\"og:url\" content=\"https:\/\/www.oarcanjo.net\/site\/sao-felix-de-nola\/\" \/>\n<meta property=\"og:site_name\" content=\"O Arcanjo no ar\" \/>\n<meta property=\"article:publisher\" content=\"https:\/\/www.facebook.com\/OArcanjoNoAr\/\" \/>\n<meta property=\"article:published_time\" content=\"2017-01-14T02:05:12+00:00\" \/>\n<meta property=\"article:modified_time\" content=\"2016-12-27T08:21:55+00:00\" \/>\n<meta property=\"og:image\" content=\"http:\/\/www.cademeusanto.com.br\/SFelixNola.jpg\" \/>\n<meta name=\"author\" content=\"danilo\" \/>\n<meta name=\"twitter:card\" content=\"summary_large_image\" \/>\n<meta name=\"twitter:label1\" content=\"Escrito por\" \/>\n\t<meta name=\"twitter:data1\" content=\"danilo\" \/>\n\t<meta name=\"twitter:label2\" content=\"Est. tempo de leitura\" \/>\n\t<meta name=\"twitter:data2\" content=\"2 minutos\" \/>\n<script type=\"application\/ld+json\" class=\"yoast-schema-graph\">{\"@context\":\"https:\/\/schema.org\",\"@graph\":[{\"@type\":\"Article\",\"@id\":\"https:\/\/www.oarcanjo.net\/site\/sao-felix-de-nola\/#article\",\"isPartOf\":{\"@id\":\"https:\/\/www.oarcanjo.net\/site\/sao-felix-de-nola\/\"},\"author\":{\"name\":\"danilo\",\"@id\":\"https:\/\/www.oarcanjo.net\/site\/#\/schema\/person\/5eb9480bedd2f3c97e430ce128c29c6c\"},\"headline\":\"S\u00e3o Felix de Nola\",\"datePublished\":\"2017-01-14T02:05:12+00:00\",\"dateModified\":\"2016-12-27T08:21:55+00:00\",\"mainEntityOfPage\":{\"@id\":\"https:\/\/www.oarcanjo.net\/site\/sao-felix-de-nola\/\"},\"wordCount\":435,\"commentCount\":0,\"publisher\":{\"@id\":\"https:\/\/www.oarcanjo.net\/site\/#organization\"},\"image\":{\"@id\":\"https:\/\/www.oarcanjo.net\/site\/sao-felix-de-nola\/#primaryimage\"},\"thumbnailUrl\":\"http:\/\/www.cademeusanto.com.br\/SFelixNola.jpg\",\"articleSection\":[\"Testemunhos\"],\"inLanguage\":\"pt-BR\",\"potentialAction\":[{\"@type\":\"CommentAction\",\"name\":\"Comment\",\"target\":[\"https:\/\/www.oarcanjo.net\/site\/sao-felix-de-nola\/#respond\"]}]},{\"@type\":\"WebPage\",\"@id\":\"https:\/\/www.oarcanjo.net\/site\/sao-felix-de-nola\/\",\"url\":\"https:\/\/www.oarcanjo.net\/site\/sao-felix-de-nola\/\",\"name\":\"S\u00e3o Felix de Nola - O Arcanjo no ar\",\"isPartOf\":{\"@id\":\"https:\/\/www.oarcanjo.net\/site\/#website\"},\"primaryImageOfPage\":{\"@id\":\"https:\/\/www.oarcanjo.net\/site\/sao-felix-de-nola\/#primaryimage\"},\"image\":{\"@id\":\"https:\/\/www.oarcanjo.net\/site\/sao-felix-de-nola\/#primaryimage\"},\"thumbnailUrl\":\"http:\/\/www.cademeusanto.com.br\/SFelixNola.jpg\",\"datePublished\":\"2017-01-14T02:05:12+00:00\",\"dateModified\":\"2016-12-27T08:21:55+00:00\",\"breadcrumb\":{\"@id\":\"https:\/\/www.oarcanjo.net\/site\/sao-felix-de-nola\/#breadcrumb\"},\"inLanguage\":\"pt-BR\",\"potentialAction\":[{\"@type\":\"ReadAction\",\"target\":[\"https:\/\/www.oarcanjo.net\/site\/sao-felix-de-nola\/\"]}]},{\"@type\":\"ImageObject\",\"inLanguage\":\"pt-BR\",\"@id\":\"https:\/\/www.oarcanjo.net\/site\/sao-felix-de-nola\/#primaryimage\",\"url\":\"http:\/\/www.cademeusanto.com.br\/SFelixNola.jpg\",\"contentUrl\":\"http:\/\/www.cademeusanto.com.br\/SFelixNola.jpg\"},{\"@type\":\"BreadcrumbList\",\"@id\":\"https:\/\/www.oarcanjo.net\/site\/sao-felix-de-nola\/#breadcrumb\",\"itemListElement\":[{\"@type\":\"ListItem\",\"position\":1,\"name\":\"In\u00edcio\",\"item\":\"https:\/\/www.oarcanjo.net\/site\/\"},{\"@type\":\"ListItem\",\"position\":2,\"name\":\"S\u00e3o Felix de Nola\"}]},{\"@type\":\"WebSite\",\"@id\":\"https:\/\/www.oarcanjo.net\/site\/#website\",\"url\":\"https:\/\/www.oarcanjo.net\/site\/\",\"name\":\"O Arcanjo no ar\",\"description\":\"Site da Par\u00f3quia S\u00e3o Miguel Arcanjo (Arquidiocese de SP)\",\"publisher\":{\"@id\":\"https:\/\/www.oarcanjo.net\/site\/#organization\"},\"potentialAction\":[{\"@type\":\"SearchAction\",\"target\":{\"@type\":\"EntryPoint\",\"urlTemplate\":\"https:\/\/www.oarcanjo.net\/site\/?s={search_term_string}\"},\"query-input\":{\"@type\":\"PropertyValueSpecification\",\"valueRequired\":true,\"valueName\":\"search_term_string\"}}],\"inLanguage\":\"pt-BR\"},{\"@type\":\"Organization\",\"@id\":\"https:\/\/www.oarcanjo.net\/site\/#organization\",\"name\":\"Par\u00f3quia S\u00e3o Miguel Arcanjo\",\"url\":\"https:\/\/www.oarcanjo.net\/site\/\",\"logo\":{\"@type\":\"ImageObject\",\"inLanguage\":\"pt-BR\",\"@id\":\"https:\/\/www.oarcanjo.net\/site\/#\/schema\/logo\/image\/\",\"url\":\"https:\/\/www.oarcanjo.net\/site\/wp-content\/uploads\/LogoOArcanjo.png\",\"contentUrl\":\"https:\/\/www.oarcanjo.net\/site\/wp-content\/uploads\/LogoOArcanjo.png\",\"width\":319,\"height\":99,\"caption\":\"Par\u00f3quia S\u00e3o Miguel Arcanjo\"},\"image\":{\"@id\":\"https:\/\/www.oarcanjo.net\/site\/#\/schema\/logo\/image\/\"},\"sameAs\":[\"https:\/\/www.facebook.com\/OArcanjoNoAr\/\"]},{\"@type\":\"Person\",\"@id\":\"https:\/\/www.oarcanjo.net\/site\/#\/schema\/person\/5eb9480bedd2f3c97e430ce128c29c6c\",\"name\":\"danilo\"}]}<\/script>\n<!-- \/ Yoast SEO plugin. -->","yoast_head_json":{"title":"S\u00e3o Felix de Nola - O Arcanjo no ar","robots":{"index":"index","follow":"follow","max-snippet":"max-snippet:-1","max-image-preview":"max-image-preview:large","max-video-preview":"max-video-preview:-1"},"canonical":"https:\/\/www.oarcanjo.net\/site\/sao-felix-de-nola\/","og_locale":"pt_BR","og_type":"article","og_title":"S\u00e3o Felix de Nola - O Arcanjo no ar","og_description":"14 de Janeiro Nasceu no terceiro s\u00e9culo, em Nola, perto de N\u00e1poles, It\u00e1lia Filho mais velho de Hermias, um soldado s\u00edrio que tinha se retirado para Nola. Ap\u00f3s a morte de seu pai, Felix vendeu quase todos os seus bens e deu para os pobres e passou a seguir a sua voca\u00e7\u00e3o clerical. Ordenado pelo [&hellip;]","og_url":"https:\/\/www.oarcanjo.net\/site\/sao-felix-de-nola\/","og_site_name":"O Arcanjo no ar","article_publisher":"https:\/\/www.facebook.com\/OArcanjoNoAr\/","article_published_time":"2017-01-14T02:05:12+00:00","article_modified_time":"2016-12-27T08:21:55+00:00","og_image":[{"url":"http:\/\/www.cademeusanto.com.br\/SFelixNola.jpg"}],"author":"danilo","twitter_card":"summary_large_image","twitter_misc":{"Escrito por":"danilo","Est. tempo de leitura":"2 minutos"},"schema":{"@context":"https:\/\/schema.org","@graph":[{"@type":"Article","@id":"https:\/\/www.oarcanjo.net\/site\/sao-felix-de-nola\/#article","isPartOf":{"@id":"https:\/\/www.oarcanjo.net\/site\/sao-felix-de-nola\/"},"author":{"name":"danilo","@id":"https:\/\/www.oarcanjo.net\/site\/#\/schema\/person\/5eb9480bedd2f3c97e430ce128c29c6c"},"headline":"S\u00e3o Felix de Nola","datePublished":"2017-01-14T02:05:12+00:00","dateModified":"2016-12-27T08:21:55+00:00","mainEntityOfPage":{"@id":"https:\/\/www.oarcanjo.net\/site\/sao-felix-de-nola\/"},"wordCount":435,"commentCount":0,"publisher":{"@id":"https:\/\/www.oarcanjo.net\/site\/#organization"},"image":{"@id":"https:\/\/www.oarcanjo.net\/site\/sao-felix-de-nola\/#primaryimage"},"thumbnailUrl":"http:\/\/www.cademeusanto.com.br\/SFelixNola.jpg","articleSection":["Testemunhos"],"inLanguage":"pt-BR","potentialAction":[{"@type":"CommentAction","name":"Comment","target":["https:\/\/www.oarcanjo.net\/site\/sao-felix-de-nola\/#respond"]}]},{"@type":"WebPage","@id":"https:\/\/www.oarcanjo.net\/site\/sao-felix-de-nola\/","url":"https:\/\/www.oarcanjo.net\/site\/sao-felix-de-nola\/","name":"S\u00e3o Felix de Nola - O Arcanjo no ar","isPartOf":{"@id":"https:\/\/www.oarcanjo.net\/site\/#website"},"primaryImageOfPage":{"@id":"https:\/\/www.oarcanjo.net\/site\/sao-felix-de-nola\/#primaryimage"},"image":{"@id":"https:\/\/www.oarcanjo.net\/site\/sao-felix-de-nola\/#primaryimage"},"thumbnailUrl":"http:\/\/www.cademeusanto.com.br\/SFelixNola.jpg","datePublished":"2017-01-14T02:05:12+00:00","dateModified":"2016-12-27T08:21:55+00:00","breadcrumb":{"@id":"https:\/\/www.oarcanjo.net\/site\/sao-felix-de-nola\/#breadcrumb"},"inLanguage":"pt-BR","potentialAction":[{"@type":"ReadAction","target":["https:\/\/www.oarcanjo.net\/site\/sao-felix-de-nola\/"]}]},{"@type":"ImageObject","inLanguage":"pt-BR","@id":"https:\/\/www.oarcanjo.net\/site\/sao-felix-de-nola\/#primaryimage","url":"http:\/\/www.cademeusanto.com.br\/SFelixNola.jpg","contentUrl":"http:\/\/www.cademeusanto.com.br\/SFelixNola.jpg"},{"@type":"BreadcrumbList","@id":"https:\/\/www.oarcanjo.net\/site\/sao-felix-de-nola\/#breadcrumb","itemListElement":[{"@type":"ListItem","position":1,"name":"In\u00edcio","item":"https:\/\/www.oarcanjo.net\/site\/"},{"@type":"ListItem","position":2,"name":"S\u00e3o Felix de Nola"}]},{"@type":"WebSite","@id":"https:\/\/www.oarcanjo.net\/site\/#website","url":"https:\/\/www.oarcanjo.net\/site\/","name":"O Arcanjo no ar","description":"Site da Par\u00f3quia S\u00e3o Miguel Arcanjo (Arquidiocese de SP)","publisher":{"@id":"https:\/\/www.oarcanjo.net\/site\/#organization"},"potentialAction":[{"@type":"SearchAction","target":{"@type":"EntryPoint","urlTemplate":"https:\/\/www.oarcanjo.net\/site\/?s={search_term_string}"},"query-input":{"@type":"PropertyValueSpecification","valueRequired":true,"valueName":"search_term_string"}}],"inLanguage":"pt-BR"},{"@type":"Organization","@id":"https:\/\/www.oarcanjo.net\/site\/#organization","name":"Par\u00f3quia S\u00e3o Miguel Arcanjo","url":"https:\/\/www.oarcanjo.net\/site\/","logo":{"@type":"ImageObject","inLanguage":"pt-BR","@id":"https:\/\/www.oarcanjo.net\/site\/#\/schema\/logo\/image\/","url":"https:\/\/www.oarcanjo.net\/site\/wp-content\/uploads\/LogoOArcanjo.png","contentUrl":"https:\/\/www.oarcanjo.net\/site\/wp-content\/uploads\/LogoOArcanjo.png","width":319,"height":99,"caption":"Par\u00f3quia S\u00e3o Miguel Arcanjo"},"image":{"@id":"https:\/\/www.oarcanjo.net\/site\/#\/schema\/logo\/image\/"},"sameAs":["https:\/\/www.facebook.com\/OArcanjoNoAr\/"]},{"@type":"Person","@id":"https:\/\/www.oarcanjo.net\/site\/#\/schema\/person\/5eb9480bedd2f3c97e430ce128c29c6c","name":"danilo"}]}},"publishpress_future_action":{"enabled":false,"date":"2026-05-07 17:57:52","action":"category","newStatus":"draft","terms":[],"taxonomy":"category"},"publishpress_future_workflow_manual_trigger":{"enabledWorkflows":[]},"_links":{"self":[{"href":"https:\/\/www.oarcanjo.net\/site\/wp-json\/wp\/v2\/posts\/7253"}],"collection":[{"href":"https:\/\/www.oarcanjo.net\/site\/wp-json\/wp\/v2\/posts"}],"about":[{"href":"https:\/\/www.oarcanjo.net\/site\/wp-json\/wp\/v2\/types\/post"}],"author":[{"embeddable":true,"href":"https:\/\/www.oarcanjo.net\/site\/wp-json\/wp\/v2\/users\/14"}],"replies":[{"embeddable":true,"href":"https:\/\/www.oarcanjo.net\/site\/wp-json\/wp\/v2\/comments?post=7253"}],"version-history":[{"count":0,"href":"https:\/\/www.oarcanjo.net\/site\/wp-json\/wp\/v2\/posts\/7253\/revisions"}],"wp:attachment":[{"href":"https:\/\/www.oarcanjo.net\/site\/wp-json\/wp\/v2\/media?parent=7253"}],"wp:term":[{"taxonomy":"category","embeddable":true,"href":"https:\/\/www.oarcanjo.net\/site\/wp-json\/wp\/v2\/categories?post=7253"},{"taxonomy":"post_tag","embeddable":true,"href":"https:\/\/www.oarcanjo.net\/site\/wp-json\/wp\/v2\/tags?post=7253"}],"curies":[{"name":"wp","href":"https:\/\/api.w.org\/{rel}","templated":true}]}}