
{"id":7255,"date":"2017-01-15T00:09:47","date_gmt":"2017-01-15T02:09:47","guid":{"rendered":"http:\/\/www.oarcanjo.net\/site\/?p=7255"},"modified":"2016-12-27T06:14:50","modified_gmt":"2016-12-27T08:14:50","slug":"santo-mauro-amaro","status":"publish","type":"post","link":"https:\/\/www.oarcanjo.net\/site\/santo-mauro-amaro\/","title":{"rendered":"Santo Mauro (Amaro)"},"content":{"rendered":"<p><img decoding=\"async\" src=\"http:\/\/www.prestservi.com.br\/diaconoalfredo\/santos\/m\/mauro.gif\" alt=\"\" \/><\/p>\n<p>15 de Janeiro<\/p>\n<p>Amaro \u00e9 o nome pelo qual santo Mauro tamb\u00e9m \u00e9 conhecido e festejado. Ele nasceu na cidade de Roma, filho \u00fanico do senador Eut\u00edquio e de J\u00falia uma rica fidalga, no ano de 512. Aos doze anos, teve um sonho, onde uma voz lhe dizia para entregar sua vida a servi\u00e7o de Cristo, e assim seria conduzido para o caminho da santidade. Interpretou como um chamado de Deus e comunicou aos pais seu desejo de ingressar num mosteiro.<\/p>\n<p>Eut\u00edquio era amigo do abade Bento de Norcia, venerado pela Igreja como o &#8220;pai dos monges ocidentais&#8221;, e conhecia o seu trabalho com os jovens que desejavam estudar e se aprofundar na f\u00e9, por isto decidiu que o filho iria para l\u00e1 . Amaro foi confiado a s\u00e3o Bento, juntamente com seu primo Pl\u00e1cido, de sete anos, que tamb\u00e9m foi canonizado. Os meninos ingressaram no mosteiro de Subiaco, onde estudaram e aprofundaram sua f\u00e9 em Deus.<\/p>\n<p>Certo dia, o santo abade estava rezando e Amaro executando suas tarefas di\u00e1rias, quando S\u00e3o Bento teve uma vis\u00e3o do menino Pl\u00e1cido se afogando no riacho onde f\u00f4ra buscar \u00e1gua. Imediatamente, S\u00e3o Bento chamou Amaro e o avisou que seu primo estava se afogando, mandou que ele corresse para l\u00e1 e tentasse salvar Pl\u00e1cido, de qualquer forma. Amaro se concentrou de tal maneira agiu t\u00e3o rapidamente, que nem percebeu que andava sobre as \u00e1guas daquele riacho, depois puxou o primo pelos cabelos e o levou para a terra firme. Assim, foi que aconteceu o primeiro prod\u00edgio de Amaro, que salvou o primo, andando sobre as \u00e1guas, como fez S\u00e3o Pedro para atender o chamado do Mestre Jesus, andando no mar da Galil\u00e9ia.<\/p>\n<p>Amaro se tornou o disc\u00edpulo predileto de S\u00e3o Bento e o acompanhou para o mosteiro de Montecassino, quando l\u00e1 se fixaram, sendo nomeado o primeiro superior e administrador. Sobre Amaro, os registros mostram que era um homem virtuoso, modelo de obedi\u00eancia, humildade e caridade.<\/p>\n<p>Em 535 quando S\u00e3o Bento recebeu o convite para abrir um mosteiro sob as suas Regras na G\u00e1lia, atual Fran\u00e7a . O escolhido para a miss\u00e3o foi Amaro, que chefiou com outros quatro monges, inclusive Fausto, que escreveu a &#8220;Vida de Amaro, abade&#8221;. O trabalho frutificou tanto que o mosteiro franc\u00eas deu origem a uma cidade com o seu nome. Muitos anos depois, ele tamb\u00e9m foi dado \u00e0 Congrega\u00e7\u00e3o Beneditina Francesa de Saint Maur, uma das mais importantes institui\u00e7\u00f5es cat\u00f3licas pela forma\u00e7\u00e3o de seus monges, que se expandiu por toda a Europa.<\/p>\n<p>O monge Fausto, no seu livro, narrou que Amaro, aos setenta e dois anos, contraiu a peste, epidemia que havia se instalado no mosteiro, levando \u00e0 morte uma centena de religiosos. Ele agonizou durante cinco meses, morrendo santamente em 15 de janeiro de 584. Foi sepultado na igreja de S\u00e3o Martinho, a mesma em que costumava ir rezar. Atualmente suas rel\u00edquias est\u00e3o na Cripta de a Capela do mosteiro de Montecassino, na It\u00e1lia. A Igreja o canonizou e a festa de Santo Amaro acontece no dia de sua morte. A partir de 1962, o seu primo passou a ser celebrado junto com ele. O culto de Santo Amaro \u00e9 muito vigoroso em todo o mundo, principalmente na Europa e na Fran\u00e7a.<\/p>\n<div id=\"themify_builder_content-7255\" data-postid=\"7255\" class=\"themify_builder_content themify_builder_content-7255 themify_builder themify_builder_front\">\n\t<\/div>\n<!-- \/themify_builder_content -->","protected":false},"excerpt":{"rendered":"<p>15 de Janeiro Amaro \u00e9 o nome pelo qual santo Mauro tamb\u00e9m \u00e9 conhecido e festejado. Ele nasceu na cidade de Roma, filho \u00fanico do senador Eut\u00edquio e de J\u00falia uma rica fidalga, no ano de 512. Aos doze anos, teve um sonho, onde uma voz lhe dizia para entregar sua vida a servi\u00e7o de [&hellip;]<\/p>\n","protected":false},"author":14,"featured_media":0,"comment_status":"open","ping_status":"open","sticky":false,"template":"","format":"standard","meta":{"ngg_post_thumbnail":0,"footnotes":""},"categories":[186],"tags":[],"yoast_head":"<!-- This site is optimized with the Yoast SEO plugin v23.5 - https:\/\/yoast.com\/wordpress\/plugins\/seo\/ -->\n<title>Santo Mauro (Amaro) - O Arcanjo no ar<\/title>\n<meta name=\"robots\" content=\"index, follow, max-snippet:-1, max-image-preview:large, max-video-preview:-1\" \/>\n<link rel=\"canonical\" href=\"https:\/\/www.oarcanjo.net\/site\/santo-mauro-amaro\/\" \/>\n<meta property=\"og:locale\" content=\"pt_BR\" \/>\n<meta property=\"og:type\" content=\"article\" \/>\n<meta property=\"og:title\" content=\"Santo Mauro (Amaro) - O Arcanjo no ar\" \/>\n<meta property=\"og:description\" content=\"15 de Janeiro Amaro \u00e9 o nome pelo qual santo Mauro tamb\u00e9m \u00e9 conhecido e festejado. Ele nasceu na cidade de Roma, filho \u00fanico do senador Eut\u00edquio e de J\u00falia uma rica fidalga, no ano de 512. Aos doze anos, teve um sonho, onde uma voz lhe dizia para entregar sua vida a servi\u00e7o de [&hellip;]\" \/>\n<meta property=\"og:url\" content=\"https:\/\/www.oarcanjo.net\/site\/santo-mauro-amaro\/\" \/>\n<meta property=\"og:site_name\" content=\"O Arcanjo no ar\" \/>\n<meta property=\"article:publisher\" content=\"https:\/\/www.facebook.com\/OArcanjoNoAr\/\" \/>\n<meta property=\"article:published_time\" content=\"2017-01-15T02:09:47+00:00\" \/>\n<meta property=\"article:modified_time\" content=\"2016-12-27T08:14:50+00:00\" \/>\n<meta property=\"og:image\" content=\"http:\/\/www.prestservi.com.br\/diaconoalfredo\/santos\/m\/mauro.gif\" \/>\n<meta name=\"author\" content=\"danilo\" \/>\n<meta name=\"twitter:card\" content=\"summary_large_image\" \/>\n<meta name=\"twitter:label1\" content=\"Escrito por\" \/>\n\t<meta name=\"twitter:data1\" content=\"danilo\" \/>\n\t<meta name=\"twitter:label2\" content=\"Est. tempo de leitura\" \/>\n\t<meta name=\"twitter:data2\" content=\"3 minutos\" \/>\n<script type=\"application\/ld+json\" class=\"yoast-schema-graph\">{\"@context\":\"https:\/\/schema.org\",\"@graph\":[{\"@type\":\"Article\",\"@id\":\"https:\/\/www.oarcanjo.net\/site\/santo-mauro-amaro\/#article\",\"isPartOf\":{\"@id\":\"https:\/\/www.oarcanjo.net\/site\/santo-mauro-amaro\/\"},\"author\":{\"name\":\"danilo\",\"@id\":\"https:\/\/www.oarcanjo.net\/site\/#\/schema\/person\/5eb9480bedd2f3c97e430ce128c29c6c\"},\"headline\":\"Santo Mauro (Amaro)\",\"datePublished\":\"2017-01-15T02:09:47+00:00\",\"dateModified\":\"2016-12-27T08:14:50+00:00\",\"mainEntityOfPage\":{\"@id\":\"https:\/\/www.oarcanjo.net\/site\/santo-mauro-amaro\/\"},\"wordCount\":563,\"commentCount\":1,\"publisher\":{\"@id\":\"https:\/\/www.oarcanjo.net\/site\/#organization\"},\"image\":{\"@id\":\"https:\/\/www.oarcanjo.net\/site\/santo-mauro-amaro\/#primaryimage\"},\"thumbnailUrl\":\"http:\/\/www.prestservi.com.br\/diaconoalfredo\/santos\/m\/mauro.gif\",\"articleSection\":[\"Testemunhos\"],\"inLanguage\":\"pt-BR\",\"potentialAction\":[{\"@type\":\"CommentAction\",\"name\":\"Comment\",\"target\":[\"https:\/\/www.oarcanjo.net\/site\/santo-mauro-amaro\/#respond\"]}]},{\"@type\":\"WebPage\",\"@id\":\"https:\/\/www.oarcanjo.net\/site\/santo-mauro-amaro\/\",\"url\":\"https:\/\/www.oarcanjo.net\/site\/santo-mauro-amaro\/\",\"name\":\"Santo Mauro (Amaro) - O Arcanjo no ar\",\"isPartOf\":{\"@id\":\"https:\/\/www.oarcanjo.net\/site\/#website\"},\"primaryImageOfPage\":{\"@id\":\"https:\/\/www.oarcanjo.net\/site\/santo-mauro-amaro\/#primaryimage\"},\"image\":{\"@id\":\"https:\/\/www.oarcanjo.net\/site\/santo-mauro-amaro\/#primaryimage\"},\"thumbnailUrl\":\"http:\/\/www.prestservi.com.br\/diaconoalfredo\/santos\/m\/mauro.gif\",\"datePublished\":\"2017-01-15T02:09:47+00:00\",\"dateModified\":\"2016-12-27T08:14:50+00:00\",\"breadcrumb\":{\"@id\":\"https:\/\/www.oarcanjo.net\/site\/santo-mauro-amaro\/#breadcrumb\"},\"inLanguage\":\"pt-BR\",\"potentialAction\":[{\"@type\":\"ReadAction\",\"target\":[\"https:\/\/www.oarcanjo.net\/site\/santo-mauro-amaro\/\"]}]},{\"@type\":\"ImageObject\",\"inLanguage\":\"pt-BR\",\"@id\":\"https:\/\/www.oarcanjo.net\/site\/santo-mauro-amaro\/#primaryimage\",\"url\":\"http:\/\/www.prestservi.com.br\/diaconoalfredo\/santos\/m\/mauro.gif\",\"contentUrl\":\"http:\/\/www.prestservi.com.br\/diaconoalfredo\/santos\/m\/mauro.gif\"},{\"@type\":\"BreadcrumbList\",\"@id\":\"https:\/\/www.oarcanjo.net\/site\/santo-mauro-amaro\/#breadcrumb\",\"itemListElement\":[{\"@type\":\"ListItem\",\"position\":1,\"name\":\"In\u00edcio\",\"item\":\"https:\/\/www.oarcanjo.net\/site\/\"},{\"@type\":\"ListItem\",\"position\":2,\"name\":\"Santo Mauro (Amaro)\"}]},{\"@type\":\"WebSite\",\"@id\":\"https:\/\/www.oarcanjo.net\/site\/#website\",\"url\":\"https:\/\/www.oarcanjo.net\/site\/\",\"name\":\"O Arcanjo no ar\",\"description\":\"Site da Par\u00f3quia S\u00e3o Miguel Arcanjo (Arquidiocese de SP)\",\"publisher\":{\"@id\":\"https:\/\/www.oarcanjo.net\/site\/#organization\"},\"potentialAction\":[{\"@type\":\"SearchAction\",\"target\":{\"@type\":\"EntryPoint\",\"urlTemplate\":\"https:\/\/www.oarcanjo.net\/site\/?s={search_term_string}\"},\"query-input\":{\"@type\":\"PropertyValueSpecification\",\"valueRequired\":true,\"valueName\":\"search_term_string\"}}],\"inLanguage\":\"pt-BR\"},{\"@type\":\"Organization\",\"@id\":\"https:\/\/www.oarcanjo.net\/site\/#organization\",\"name\":\"Par\u00f3quia S\u00e3o Miguel Arcanjo\",\"url\":\"https:\/\/www.oarcanjo.net\/site\/\",\"logo\":{\"@type\":\"ImageObject\",\"inLanguage\":\"pt-BR\",\"@id\":\"https:\/\/www.oarcanjo.net\/site\/#\/schema\/logo\/image\/\",\"url\":\"https:\/\/www.oarcanjo.net\/site\/wp-content\/uploads\/LogoOArcanjo.png\",\"contentUrl\":\"https:\/\/www.oarcanjo.net\/site\/wp-content\/uploads\/LogoOArcanjo.png\",\"width\":319,\"height\":99,\"caption\":\"Par\u00f3quia S\u00e3o Miguel Arcanjo\"},\"image\":{\"@id\":\"https:\/\/www.oarcanjo.net\/site\/#\/schema\/logo\/image\/\"},\"sameAs\":[\"https:\/\/www.facebook.com\/OArcanjoNoAr\/\"]},{\"@type\":\"Person\",\"@id\":\"https:\/\/www.oarcanjo.net\/site\/#\/schema\/person\/5eb9480bedd2f3c97e430ce128c29c6c\",\"name\":\"danilo\"}]}<\/script>\n<!-- \/ Yoast SEO plugin. -->","yoast_head_json":{"title":"Santo Mauro (Amaro) - O Arcanjo no ar","robots":{"index":"index","follow":"follow","max-snippet":"max-snippet:-1","max-image-preview":"max-image-preview:large","max-video-preview":"max-video-preview:-1"},"canonical":"https:\/\/www.oarcanjo.net\/site\/santo-mauro-amaro\/","og_locale":"pt_BR","og_type":"article","og_title":"Santo Mauro (Amaro) - O Arcanjo no ar","og_description":"15 de Janeiro Amaro \u00e9 o nome pelo qual santo Mauro tamb\u00e9m \u00e9 conhecido e festejado. Ele nasceu na cidade de Roma, filho \u00fanico do senador Eut\u00edquio e de J\u00falia uma rica fidalga, no ano de 512. Aos doze anos, teve um sonho, onde uma voz lhe dizia para entregar sua vida a servi\u00e7o de [&hellip;]","og_url":"https:\/\/www.oarcanjo.net\/site\/santo-mauro-amaro\/","og_site_name":"O Arcanjo no ar","article_publisher":"https:\/\/www.facebook.com\/OArcanjoNoAr\/","article_published_time":"2017-01-15T02:09:47+00:00","article_modified_time":"2016-12-27T08:14:50+00:00","og_image":[{"url":"http:\/\/www.prestservi.com.br\/diaconoalfredo\/santos\/m\/mauro.gif"}],"author":"danilo","twitter_card":"summary_large_image","twitter_misc":{"Escrito por":"danilo","Est. tempo de leitura":"3 minutos"},"schema":{"@context":"https:\/\/schema.org","@graph":[{"@type":"Article","@id":"https:\/\/www.oarcanjo.net\/site\/santo-mauro-amaro\/#article","isPartOf":{"@id":"https:\/\/www.oarcanjo.net\/site\/santo-mauro-amaro\/"},"author":{"name":"danilo","@id":"https:\/\/www.oarcanjo.net\/site\/#\/schema\/person\/5eb9480bedd2f3c97e430ce128c29c6c"},"headline":"Santo Mauro (Amaro)","datePublished":"2017-01-15T02:09:47+00:00","dateModified":"2016-12-27T08:14:50+00:00","mainEntityOfPage":{"@id":"https:\/\/www.oarcanjo.net\/site\/santo-mauro-amaro\/"},"wordCount":563,"commentCount":1,"publisher":{"@id":"https:\/\/www.oarcanjo.net\/site\/#organization"},"image":{"@id":"https:\/\/www.oarcanjo.net\/site\/santo-mauro-amaro\/#primaryimage"},"thumbnailUrl":"http:\/\/www.prestservi.com.br\/diaconoalfredo\/santos\/m\/mauro.gif","articleSection":["Testemunhos"],"inLanguage":"pt-BR","potentialAction":[{"@type":"CommentAction","name":"Comment","target":["https:\/\/www.oarcanjo.net\/site\/santo-mauro-amaro\/#respond"]}]},{"@type":"WebPage","@id":"https:\/\/www.oarcanjo.net\/site\/santo-mauro-amaro\/","url":"https:\/\/www.oarcanjo.net\/site\/santo-mauro-amaro\/","name":"Santo Mauro (Amaro) - O Arcanjo no ar","isPartOf":{"@id":"https:\/\/www.oarcanjo.net\/site\/#website"},"primaryImageOfPage":{"@id":"https:\/\/www.oarcanjo.net\/site\/santo-mauro-amaro\/#primaryimage"},"image":{"@id":"https:\/\/www.oarcanjo.net\/site\/santo-mauro-amaro\/#primaryimage"},"thumbnailUrl":"http:\/\/www.prestservi.com.br\/diaconoalfredo\/santos\/m\/mauro.gif","datePublished":"2017-01-15T02:09:47+00:00","dateModified":"2016-12-27T08:14:50+00:00","breadcrumb":{"@id":"https:\/\/www.oarcanjo.net\/site\/santo-mauro-amaro\/#breadcrumb"},"inLanguage":"pt-BR","potentialAction":[{"@type":"ReadAction","target":["https:\/\/www.oarcanjo.net\/site\/santo-mauro-amaro\/"]}]},{"@type":"ImageObject","inLanguage":"pt-BR","@id":"https:\/\/www.oarcanjo.net\/site\/santo-mauro-amaro\/#primaryimage","url":"http:\/\/www.prestservi.com.br\/diaconoalfredo\/santos\/m\/mauro.gif","contentUrl":"http:\/\/www.prestservi.com.br\/diaconoalfredo\/santos\/m\/mauro.gif"},{"@type":"BreadcrumbList","@id":"https:\/\/www.oarcanjo.net\/site\/santo-mauro-amaro\/#breadcrumb","itemListElement":[{"@type":"ListItem","position":1,"name":"In\u00edcio","item":"https:\/\/www.oarcanjo.net\/site\/"},{"@type":"ListItem","position":2,"name":"Santo Mauro (Amaro)"}]},{"@type":"WebSite","@id":"https:\/\/www.oarcanjo.net\/site\/#website","url":"https:\/\/www.oarcanjo.net\/site\/","name":"O Arcanjo no ar","description":"Site da Par\u00f3quia S\u00e3o Miguel Arcanjo (Arquidiocese de SP)","publisher":{"@id":"https:\/\/www.oarcanjo.net\/site\/#organization"},"potentialAction":[{"@type":"SearchAction","target":{"@type":"EntryPoint","urlTemplate":"https:\/\/www.oarcanjo.net\/site\/?s={search_term_string}"},"query-input":{"@type":"PropertyValueSpecification","valueRequired":true,"valueName":"search_term_string"}}],"inLanguage":"pt-BR"},{"@type":"Organization","@id":"https:\/\/www.oarcanjo.net\/site\/#organization","name":"Par\u00f3quia S\u00e3o Miguel Arcanjo","url":"https:\/\/www.oarcanjo.net\/site\/","logo":{"@type":"ImageObject","inLanguage":"pt-BR","@id":"https:\/\/www.oarcanjo.net\/site\/#\/schema\/logo\/image\/","url":"https:\/\/www.oarcanjo.net\/site\/wp-content\/uploads\/LogoOArcanjo.png","contentUrl":"https:\/\/www.oarcanjo.net\/site\/wp-content\/uploads\/LogoOArcanjo.png","width":319,"height":99,"caption":"Par\u00f3quia S\u00e3o Miguel Arcanjo"},"image":{"@id":"https:\/\/www.oarcanjo.net\/site\/#\/schema\/logo\/image\/"},"sameAs":["https:\/\/www.facebook.com\/OArcanjoNoAr\/"]},{"@type":"Person","@id":"https:\/\/www.oarcanjo.net\/site\/#\/schema\/person\/5eb9480bedd2f3c97e430ce128c29c6c","name":"danilo"}]}},"publishpress_future_action":{"enabled":false,"date":"2026-05-07 15:21:37","action":"category","newStatus":"draft","terms":[],"taxonomy":"category"},"publishpress_future_workflow_manual_trigger":{"enabledWorkflows":[]},"_links":{"self":[{"href":"https:\/\/www.oarcanjo.net\/site\/wp-json\/wp\/v2\/posts\/7255"}],"collection":[{"href":"https:\/\/www.oarcanjo.net\/site\/wp-json\/wp\/v2\/posts"}],"about":[{"href":"https:\/\/www.oarcanjo.net\/site\/wp-json\/wp\/v2\/types\/post"}],"author":[{"embeddable":true,"href":"https:\/\/www.oarcanjo.net\/site\/wp-json\/wp\/v2\/users\/14"}],"replies":[{"embeddable":true,"href":"https:\/\/www.oarcanjo.net\/site\/wp-json\/wp\/v2\/comments?post=7255"}],"version-history":[{"count":0,"href":"https:\/\/www.oarcanjo.net\/site\/wp-json\/wp\/v2\/posts\/7255\/revisions"}],"wp:attachment":[{"href":"https:\/\/www.oarcanjo.net\/site\/wp-json\/wp\/v2\/media?parent=7255"}],"wp:term":[{"taxonomy":"category","embeddable":true,"href":"https:\/\/www.oarcanjo.net\/site\/wp-json\/wp\/v2\/categories?post=7255"},{"taxonomy":"post_tag","embeddable":true,"href":"https:\/\/www.oarcanjo.net\/site\/wp-json\/wp\/v2\/tags?post=7255"}],"curies":[{"name":"wp","href":"https:\/\/api.w.org\/{rel}","templated":true}]}}