
{"id":7257,"date":"2017-01-15T00:11:21","date_gmt":"2017-01-15T02:11:21","guid":{"rendered":"http:\/\/www.oarcanjo.net\/site\/?p=7257"},"modified":"2016-12-27T06:14:39","modified_gmt":"2016-12-27T08:14:39","slug":"santo-arnaldo-janssen","status":"publish","type":"post","link":"https:\/\/www.oarcanjo.net\/site\/santo-arnaldo-janssen\/","title":{"rendered":"Santo Arnaldo Janssen"},"content":{"rendered":"<p><a href=\"http:\/\/1.bp.blogspot.com\/_xlVE8iwnxBs\/R4w1TdWRtFI\/AAAAAAAAAA0\/uouFVPTul6Y\/s1600-h\/santoarnaldo.jpg\"><img decoding=\"async\" src=\"http:\/\/1.bp.blogspot.com\/_xlVE8iwnxBs\/R4w1TdWRtFI\/AAAAAAAAAA0\/uouFVPTul6Y\/s400\/santoarnaldo.jpg\" border=\"0\" alt=\"\" \/><\/a><\/p>\n<p>15 de Janeiro<\/p>\n<p>Fundou as congrega\u00e7\u00f5es:<br \/>\nSociedade do Verbo Divino<br \/>\nMission\u00e1rias Servas<br \/>\ndo Esp\u00edrito Santo<br \/>\ne Servas do Esp\u00edrito Santo<br \/>\nda Adora\u00e7\u00e3o Perp\u00e9tua<\/p>\n<p>Arnaldo Janssen nasceu em Goch, na Baixa Ren\u00e2nia, Alemanha, em 05 de novembro de 1837. Ele era o segundo filho de uma fam\u00edlia numerosa de crist\u00e3os fervorosos de classe m\u00e9dia e se tornou um gigante por sua obra de fundador e pela atividade fecunda do seu apostolado, junto aos pobres, migrantes, cl\u00e9rigos e fi\u00e9is.<\/p>\n<p>Ap\u00f3s concluir o estudo colegial na diocese de Gaesdonck em 1855, seguiu para Munster , ingressando na real academia da Pr\u00fassia para estudar matem\u00e1tica, ci\u00eancias naturais e filosofia. Dois anos depois seguiu para a universidade de Bonn, na Alemanha, onde se diplomou e obteve a habilita\u00e7\u00e3o para lecionar todas as mat\u00e9rias do colegial. Assim, tendo apenas 20 anos j\u00e1 era professor.<\/p>\n<p>Pouco depois, entrou no Semin\u00e1rio de Munster e se consagrou sacerdote em 05 de agosto de 1861. Por quase doze anos, se dedicou ao ensino na escola p\u00fablica e ao Apostolado da Ora\u00e7\u00e3o como diretor na diocese, em Munster. Neste per\u00edodo amadureceu a id\u00e9ia de se dedicar exclusivamente a obra mission\u00e1ria. Decidiu e renunciou aos cargos de professor e diretor. Este foi o derradeiro passo para o in\u00edcio de sua atividade de fundador.<\/p>\n<p>Em 1873 fundou uma revista mensal chamada de &#8220;O pequeno mensageiro do Sagrado Cora\u00e7\u00e3o&#8221;, com o objetivo de informar os fi\u00e9is da necessidade de mission\u00e1rios no pa\u00eds e no exterior. Em 1874, conheceu o bispo de Hong Kong , percebendo que suas angustias eram as mesmas, teve a inspira\u00e7\u00e3o de fundar uma congrega\u00e7\u00e3o mission\u00e1ria, que pudesse suprir as necessidades dos cl\u00e9rigos e dos fi\u00e9is.<\/p>\n<p>No ano seguinte, instituiu na cidade de Steyl, Holanda, a primeira comunidade mission\u00e1ria de origem alem\u00e3, para a forma\u00e7\u00e3o de sacerdotes e irm\u00e3os, que recebeu o nome de Sociedade do Verbo Divino. Padre Arnaldo resolveu que a base de forma\u00e7\u00e3o sacerdotal teria a Regra da Terceira Ordem Dominicana. Nos anos que se sucederam, as obras e o apostolado se expandiram para o Extremo Oriente, Am\u00e9rica e \u00c1frica.<\/p>\n<p>Depois, fundou a Congrega\u00e7\u00e3o das Mission\u00e1rias Servas do Esp\u00edrito Santo em 1889, e a das Servas do Esp\u00edrito Santo da Adora\u00e7\u00e3o Perp\u00e9tua em 1896, em Steyl. As tr\u00eas congrega\u00e7\u00f5es foram fundadas na Holanda, porque al\u00ed os crist\u00e3os eram menos perseguidos e as chances de um poss\u00edvel fechamento das casas seria menor.<\/p>\n<p>Mais tarde, este foi o motivo que levou o Padre Arnaldo Janssen a se refugiar no territ\u00f3rio holand\u00eas, e naquela cidade, onde permaneceu, se dedicando \u00e0 sua esplendida obra de fundador e aos migrantes e pobres.<\/p>\n<p>Morreu em 15 de janeiro de 1909, consumido pelo trabalho. A Igreja o canonizou em 2003 e o proclamou pioneiro do movimento mission\u00e1rio moderno nos pa\u00edses de l\u00edngua alem\u00e3, holandesa e eslava. Seu culto lit\u00fargico foi indicado para o dia de sua morte.<\/p>\n<p><img loading=\"lazy\" decoding=\"async\" src=\"http:\/\/alexandrinabalasar.free.fr\/arnold_janssen_002.jpg\" border=\"1\" alt=\"\" hspace=\"10\" vspace=\"10\" width=\"450\" height=\"584\" align=\"right\" \/><\/p>\n<div id=\"themify_builder_content-7257\" data-postid=\"7257\" class=\"themify_builder_content themify_builder_content-7257 themify_builder themify_builder_front\">\n\t<\/div>\n<!-- \/themify_builder_content -->","protected":false},"excerpt":{"rendered":"<p>15 de Janeiro Fundou as congrega\u00e7\u00f5es: Sociedade do Verbo Divino Mission\u00e1rias Servas do Esp\u00edrito Santo e Servas do Esp\u00edrito Santo da Adora\u00e7\u00e3o Perp\u00e9tua Arnaldo Janssen nasceu em Goch, na Baixa Ren\u00e2nia, Alemanha, em 05 de novembro de 1837. Ele era o segundo filho de uma fam\u00edlia numerosa de crist\u00e3os fervorosos de classe m\u00e9dia e se [&hellip;]<\/p>\n","protected":false},"author":14,"featured_media":0,"comment_status":"open","ping_status":"open","sticky":false,"template":"","format":"standard","meta":{"ngg_post_thumbnail":0,"footnotes":""},"categories":[186],"tags":[],"yoast_head":"<!-- This site is optimized with the Yoast SEO plugin v23.5 - https:\/\/yoast.com\/wordpress\/plugins\/seo\/ -->\n<title>Santo Arnaldo Janssen - O Arcanjo no ar<\/title>\n<meta name=\"robots\" content=\"index, follow, max-snippet:-1, max-image-preview:large, max-video-preview:-1\" \/>\n<link rel=\"canonical\" href=\"https:\/\/www.oarcanjo.net\/site\/santo-arnaldo-janssen\/\" \/>\n<meta property=\"og:locale\" content=\"pt_BR\" \/>\n<meta property=\"og:type\" content=\"article\" \/>\n<meta property=\"og:title\" content=\"Santo Arnaldo Janssen - O Arcanjo no ar\" \/>\n<meta property=\"og:description\" content=\"15 de Janeiro Fundou as congrega\u00e7\u00f5es: Sociedade do Verbo Divino Mission\u00e1rias Servas do Esp\u00edrito Santo e Servas do Esp\u00edrito Santo da Adora\u00e7\u00e3o Perp\u00e9tua Arnaldo Janssen nasceu em Goch, na Baixa Ren\u00e2nia, Alemanha, em 05 de novembro de 1837. Ele era o segundo filho de uma fam\u00edlia numerosa de crist\u00e3os fervorosos de classe m\u00e9dia e se [&hellip;]\" \/>\n<meta property=\"og:url\" content=\"https:\/\/www.oarcanjo.net\/site\/santo-arnaldo-janssen\/\" \/>\n<meta property=\"og:site_name\" content=\"O Arcanjo no ar\" \/>\n<meta property=\"article:publisher\" content=\"https:\/\/www.facebook.com\/OArcanjoNoAr\/\" \/>\n<meta property=\"article:published_time\" content=\"2017-01-15T02:11:21+00:00\" \/>\n<meta property=\"article:modified_time\" content=\"2016-12-27T08:14:39+00:00\" \/>\n<meta property=\"og:image\" content=\"http:\/\/1.bp.blogspot.com\/_xlVE8iwnxBs\/R4w1TdWRtFI\/AAAAAAAAAA0\/uouFVPTul6Y\/s400\/santoarnaldo.jpg\" \/>\n<meta name=\"author\" content=\"danilo\" \/>\n<meta name=\"twitter:card\" content=\"summary_large_image\" \/>\n<meta name=\"twitter:label1\" content=\"Escrito por\" \/>\n\t<meta name=\"twitter:data1\" content=\"danilo\" \/>\n\t<meta name=\"twitter:label2\" content=\"Est. tempo de leitura\" \/>\n\t<meta name=\"twitter:data2\" content=\"3 minutos\" \/>\n<script type=\"application\/ld+json\" class=\"yoast-schema-graph\">{\"@context\":\"https:\/\/schema.org\",\"@graph\":[{\"@type\":\"Article\",\"@id\":\"https:\/\/www.oarcanjo.net\/site\/santo-arnaldo-janssen\/#article\",\"isPartOf\":{\"@id\":\"https:\/\/www.oarcanjo.net\/site\/santo-arnaldo-janssen\/\"},\"author\":{\"name\":\"danilo\",\"@id\":\"https:\/\/www.oarcanjo.net\/site\/#\/schema\/person\/5eb9480bedd2f3c97e430ce128c29c6c\"},\"headline\":\"Santo Arnaldo Janssen\",\"datePublished\":\"2017-01-15T02:11:21+00:00\",\"dateModified\":\"2016-12-27T08:14:39+00:00\",\"mainEntityOfPage\":{\"@id\":\"https:\/\/www.oarcanjo.net\/site\/santo-arnaldo-janssen\/\"},\"wordCount\":513,\"commentCount\":1,\"publisher\":{\"@id\":\"https:\/\/www.oarcanjo.net\/site\/#organization\"},\"image\":{\"@id\":\"https:\/\/www.oarcanjo.net\/site\/santo-arnaldo-janssen\/#primaryimage\"},\"thumbnailUrl\":\"http:\/\/1.bp.blogspot.com\/_xlVE8iwnxBs\/R4w1TdWRtFI\/AAAAAAAAAA0\/uouFVPTul6Y\/s400\/santoarnaldo.jpg\",\"articleSection\":[\"Testemunhos\"],\"inLanguage\":\"pt-BR\",\"potentialAction\":[{\"@type\":\"CommentAction\",\"name\":\"Comment\",\"target\":[\"https:\/\/www.oarcanjo.net\/site\/santo-arnaldo-janssen\/#respond\"]}]},{\"@type\":\"WebPage\",\"@id\":\"https:\/\/www.oarcanjo.net\/site\/santo-arnaldo-janssen\/\",\"url\":\"https:\/\/www.oarcanjo.net\/site\/santo-arnaldo-janssen\/\",\"name\":\"Santo Arnaldo Janssen - O Arcanjo no ar\",\"isPartOf\":{\"@id\":\"https:\/\/www.oarcanjo.net\/site\/#website\"},\"primaryImageOfPage\":{\"@id\":\"https:\/\/www.oarcanjo.net\/site\/santo-arnaldo-janssen\/#primaryimage\"},\"image\":{\"@id\":\"https:\/\/www.oarcanjo.net\/site\/santo-arnaldo-janssen\/#primaryimage\"},\"thumbnailUrl\":\"http:\/\/1.bp.blogspot.com\/_xlVE8iwnxBs\/R4w1TdWRtFI\/AAAAAAAAAA0\/uouFVPTul6Y\/s400\/santoarnaldo.jpg\",\"datePublished\":\"2017-01-15T02:11:21+00:00\",\"dateModified\":\"2016-12-27T08:14:39+00:00\",\"breadcrumb\":{\"@id\":\"https:\/\/www.oarcanjo.net\/site\/santo-arnaldo-janssen\/#breadcrumb\"},\"inLanguage\":\"pt-BR\",\"potentialAction\":[{\"@type\":\"ReadAction\",\"target\":[\"https:\/\/www.oarcanjo.net\/site\/santo-arnaldo-janssen\/\"]}]},{\"@type\":\"ImageObject\",\"inLanguage\":\"pt-BR\",\"@id\":\"https:\/\/www.oarcanjo.net\/site\/santo-arnaldo-janssen\/#primaryimage\",\"url\":\"http:\/\/1.bp.blogspot.com\/_xlVE8iwnxBs\/R4w1TdWRtFI\/AAAAAAAAAA0\/uouFVPTul6Y\/s400\/santoarnaldo.jpg\",\"contentUrl\":\"http:\/\/1.bp.blogspot.com\/_xlVE8iwnxBs\/R4w1TdWRtFI\/AAAAAAAAAA0\/uouFVPTul6Y\/s400\/santoarnaldo.jpg\"},{\"@type\":\"BreadcrumbList\",\"@id\":\"https:\/\/www.oarcanjo.net\/site\/santo-arnaldo-janssen\/#breadcrumb\",\"itemListElement\":[{\"@type\":\"ListItem\",\"position\":1,\"name\":\"In\u00edcio\",\"item\":\"https:\/\/www.oarcanjo.net\/site\/\"},{\"@type\":\"ListItem\",\"position\":2,\"name\":\"Santo Arnaldo Janssen\"}]},{\"@type\":\"WebSite\",\"@id\":\"https:\/\/www.oarcanjo.net\/site\/#website\",\"url\":\"https:\/\/www.oarcanjo.net\/site\/\",\"name\":\"O Arcanjo no ar\",\"description\":\"Site da Par\u00f3quia S\u00e3o Miguel Arcanjo (Arquidiocese de SP)\",\"publisher\":{\"@id\":\"https:\/\/www.oarcanjo.net\/site\/#organization\"},\"potentialAction\":[{\"@type\":\"SearchAction\",\"target\":{\"@type\":\"EntryPoint\",\"urlTemplate\":\"https:\/\/www.oarcanjo.net\/site\/?s={search_term_string}\"},\"query-input\":{\"@type\":\"PropertyValueSpecification\",\"valueRequired\":true,\"valueName\":\"search_term_string\"}}],\"inLanguage\":\"pt-BR\"},{\"@type\":\"Organization\",\"@id\":\"https:\/\/www.oarcanjo.net\/site\/#organization\",\"name\":\"Par\u00f3quia S\u00e3o Miguel Arcanjo\",\"url\":\"https:\/\/www.oarcanjo.net\/site\/\",\"logo\":{\"@type\":\"ImageObject\",\"inLanguage\":\"pt-BR\",\"@id\":\"https:\/\/www.oarcanjo.net\/site\/#\/schema\/logo\/image\/\",\"url\":\"https:\/\/www.oarcanjo.net\/site\/wp-content\/uploads\/LogoOArcanjo.png\",\"contentUrl\":\"https:\/\/www.oarcanjo.net\/site\/wp-content\/uploads\/LogoOArcanjo.png\",\"width\":319,\"height\":99,\"caption\":\"Par\u00f3quia S\u00e3o Miguel Arcanjo\"},\"image\":{\"@id\":\"https:\/\/www.oarcanjo.net\/site\/#\/schema\/logo\/image\/\"},\"sameAs\":[\"https:\/\/www.facebook.com\/OArcanjoNoAr\/\"]},{\"@type\":\"Person\",\"@id\":\"https:\/\/www.oarcanjo.net\/site\/#\/schema\/person\/5eb9480bedd2f3c97e430ce128c29c6c\",\"name\":\"danilo\"}]}<\/script>\n<!-- \/ Yoast SEO plugin. -->","yoast_head_json":{"title":"Santo Arnaldo Janssen - O Arcanjo no ar","robots":{"index":"index","follow":"follow","max-snippet":"max-snippet:-1","max-image-preview":"max-image-preview:large","max-video-preview":"max-video-preview:-1"},"canonical":"https:\/\/www.oarcanjo.net\/site\/santo-arnaldo-janssen\/","og_locale":"pt_BR","og_type":"article","og_title":"Santo Arnaldo Janssen - O Arcanjo no ar","og_description":"15 de Janeiro Fundou as congrega\u00e7\u00f5es: Sociedade do Verbo Divino Mission\u00e1rias Servas do Esp\u00edrito Santo e Servas do Esp\u00edrito Santo da Adora\u00e7\u00e3o Perp\u00e9tua Arnaldo Janssen nasceu em Goch, na Baixa Ren\u00e2nia, Alemanha, em 05 de novembro de 1837. Ele era o segundo filho de uma fam\u00edlia numerosa de crist\u00e3os fervorosos de classe m\u00e9dia e se [&hellip;]","og_url":"https:\/\/www.oarcanjo.net\/site\/santo-arnaldo-janssen\/","og_site_name":"O Arcanjo no ar","article_publisher":"https:\/\/www.facebook.com\/OArcanjoNoAr\/","article_published_time":"2017-01-15T02:11:21+00:00","article_modified_time":"2016-12-27T08:14:39+00:00","og_image":[{"url":"http:\/\/1.bp.blogspot.com\/_xlVE8iwnxBs\/R4w1TdWRtFI\/AAAAAAAAAA0\/uouFVPTul6Y\/s400\/santoarnaldo.jpg"}],"author":"danilo","twitter_card":"summary_large_image","twitter_misc":{"Escrito por":"danilo","Est. tempo de leitura":"3 minutos"},"schema":{"@context":"https:\/\/schema.org","@graph":[{"@type":"Article","@id":"https:\/\/www.oarcanjo.net\/site\/santo-arnaldo-janssen\/#article","isPartOf":{"@id":"https:\/\/www.oarcanjo.net\/site\/santo-arnaldo-janssen\/"},"author":{"name":"danilo","@id":"https:\/\/www.oarcanjo.net\/site\/#\/schema\/person\/5eb9480bedd2f3c97e430ce128c29c6c"},"headline":"Santo Arnaldo Janssen","datePublished":"2017-01-15T02:11:21+00:00","dateModified":"2016-12-27T08:14:39+00:00","mainEntityOfPage":{"@id":"https:\/\/www.oarcanjo.net\/site\/santo-arnaldo-janssen\/"},"wordCount":513,"commentCount":1,"publisher":{"@id":"https:\/\/www.oarcanjo.net\/site\/#organization"},"image":{"@id":"https:\/\/www.oarcanjo.net\/site\/santo-arnaldo-janssen\/#primaryimage"},"thumbnailUrl":"http:\/\/1.bp.blogspot.com\/_xlVE8iwnxBs\/R4w1TdWRtFI\/AAAAAAAAAA0\/uouFVPTul6Y\/s400\/santoarnaldo.jpg","articleSection":["Testemunhos"],"inLanguage":"pt-BR","potentialAction":[{"@type":"CommentAction","name":"Comment","target":["https:\/\/www.oarcanjo.net\/site\/santo-arnaldo-janssen\/#respond"]}]},{"@type":"WebPage","@id":"https:\/\/www.oarcanjo.net\/site\/santo-arnaldo-janssen\/","url":"https:\/\/www.oarcanjo.net\/site\/santo-arnaldo-janssen\/","name":"Santo Arnaldo Janssen - O Arcanjo no ar","isPartOf":{"@id":"https:\/\/www.oarcanjo.net\/site\/#website"},"primaryImageOfPage":{"@id":"https:\/\/www.oarcanjo.net\/site\/santo-arnaldo-janssen\/#primaryimage"},"image":{"@id":"https:\/\/www.oarcanjo.net\/site\/santo-arnaldo-janssen\/#primaryimage"},"thumbnailUrl":"http:\/\/1.bp.blogspot.com\/_xlVE8iwnxBs\/R4w1TdWRtFI\/AAAAAAAAAA0\/uouFVPTul6Y\/s400\/santoarnaldo.jpg","datePublished":"2017-01-15T02:11:21+00:00","dateModified":"2016-12-27T08:14:39+00:00","breadcrumb":{"@id":"https:\/\/www.oarcanjo.net\/site\/santo-arnaldo-janssen\/#breadcrumb"},"inLanguage":"pt-BR","potentialAction":[{"@type":"ReadAction","target":["https:\/\/www.oarcanjo.net\/site\/santo-arnaldo-janssen\/"]}]},{"@type":"ImageObject","inLanguage":"pt-BR","@id":"https:\/\/www.oarcanjo.net\/site\/santo-arnaldo-janssen\/#primaryimage","url":"http:\/\/1.bp.blogspot.com\/_xlVE8iwnxBs\/R4w1TdWRtFI\/AAAAAAAAAA0\/uouFVPTul6Y\/s400\/santoarnaldo.jpg","contentUrl":"http:\/\/1.bp.blogspot.com\/_xlVE8iwnxBs\/R4w1TdWRtFI\/AAAAAAAAAA0\/uouFVPTul6Y\/s400\/santoarnaldo.jpg"},{"@type":"BreadcrumbList","@id":"https:\/\/www.oarcanjo.net\/site\/santo-arnaldo-janssen\/#breadcrumb","itemListElement":[{"@type":"ListItem","position":1,"name":"In\u00edcio","item":"https:\/\/www.oarcanjo.net\/site\/"},{"@type":"ListItem","position":2,"name":"Santo Arnaldo Janssen"}]},{"@type":"WebSite","@id":"https:\/\/www.oarcanjo.net\/site\/#website","url":"https:\/\/www.oarcanjo.net\/site\/","name":"O Arcanjo no ar","description":"Site da Par\u00f3quia S\u00e3o Miguel Arcanjo (Arquidiocese de SP)","publisher":{"@id":"https:\/\/www.oarcanjo.net\/site\/#organization"},"potentialAction":[{"@type":"SearchAction","target":{"@type":"EntryPoint","urlTemplate":"https:\/\/www.oarcanjo.net\/site\/?s={search_term_string}"},"query-input":{"@type":"PropertyValueSpecification","valueRequired":true,"valueName":"search_term_string"}}],"inLanguage":"pt-BR"},{"@type":"Organization","@id":"https:\/\/www.oarcanjo.net\/site\/#organization","name":"Par\u00f3quia S\u00e3o Miguel Arcanjo","url":"https:\/\/www.oarcanjo.net\/site\/","logo":{"@type":"ImageObject","inLanguage":"pt-BR","@id":"https:\/\/www.oarcanjo.net\/site\/#\/schema\/logo\/image\/","url":"https:\/\/www.oarcanjo.net\/site\/wp-content\/uploads\/LogoOArcanjo.png","contentUrl":"https:\/\/www.oarcanjo.net\/site\/wp-content\/uploads\/LogoOArcanjo.png","width":319,"height":99,"caption":"Par\u00f3quia S\u00e3o Miguel Arcanjo"},"image":{"@id":"https:\/\/www.oarcanjo.net\/site\/#\/schema\/logo\/image\/"},"sameAs":["https:\/\/www.facebook.com\/OArcanjoNoAr\/"]},{"@type":"Person","@id":"https:\/\/www.oarcanjo.net\/site\/#\/schema\/person\/5eb9480bedd2f3c97e430ce128c29c6c","name":"danilo"}]}},"publishpress_future_action":{"enabled":false,"date":"2026-05-07 16:45:13","action":"category","newStatus":"draft","terms":[],"taxonomy":"category"},"publishpress_future_workflow_manual_trigger":{"enabledWorkflows":[]},"_links":{"self":[{"href":"https:\/\/www.oarcanjo.net\/site\/wp-json\/wp\/v2\/posts\/7257"}],"collection":[{"href":"https:\/\/www.oarcanjo.net\/site\/wp-json\/wp\/v2\/posts"}],"about":[{"href":"https:\/\/www.oarcanjo.net\/site\/wp-json\/wp\/v2\/types\/post"}],"author":[{"embeddable":true,"href":"https:\/\/www.oarcanjo.net\/site\/wp-json\/wp\/v2\/users\/14"}],"replies":[{"embeddable":true,"href":"https:\/\/www.oarcanjo.net\/site\/wp-json\/wp\/v2\/comments?post=7257"}],"version-history":[{"count":0,"href":"https:\/\/www.oarcanjo.net\/site\/wp-json\/wp\/v2\/posts\/7257\/revisions"}],"wp:attachment":[{"href":"https:\/\/www.oarcanjo.net\/site\/wp-json\/wp\/v2\/media?parent=7257"}],"wp:term":[{"taxonomy":"category","embeddable":true,"href":"https:\/\/www.oarcanjo.net\/site\/wp-json\/wp\/v2\/categories?post=7257"},{"taxonomy":"post_tag","embeddable":true,"href":"https:\/\/www.oarcanjo.net\/site\/wp-json\/wp\/v2\/tags?post=7257"}],"curies":[{"name":"wp","href":"https:\/\/api.w.org\/{rel}","templated":true}]}}