
{"id":7260,"date":"2017-01-15T00:15:23","date_gmt":"2017-01-15T02:15:23","guid":{"rendered":"http:\/\/www.oarcanjo.net\/site\/?p=7260"},"modified":"2016-12-27T06:15:18","modified_gmt":"2016-12-27T08:15:18","slug":"bem-aventurado-luis-variara","status":"publish","type":"post","link":"https:\/\/www.oarcanjo.net\/site\/bem-aventurado-luis-variara\/","title":{"rendered":"Bem-Aventurado Luis Variara"},"content":{"rendered":"<p><img decoding=\"async\" src=\"http:\/\/www.hijasdelossagradoscorazones.org\/imagenes\/foto_beato.jpg\" alt=\"\" \/><\/p>\n<p>15 de Janeiro<\/p>\n<p>Fundou a Congrega\u00e7\u00e3o das Filhas dos Sant\u00edssimos Cora\u00e7\u00f5es de Jesus e de Maria<\/p>\n<p>Luis Variara nasceu em 15 de janeiro de 1875 na cidade de Variagi, na It\u00e1lia. Ainda crian\u00e7a viu e ouviu Dom Bosco na celebra\u00e7\u00e3o de uma missa. Mais tarde, seu pai o mandou para o Semin\u00e1rio de Turim, que era dirigido por aquele santo. Quatro meses depois, Dom Bosco morreria, mas esta curta conviv\u00eancia o marcou por toda vida.<\/p>\n<p>Decidiu se tornar salesiano: entrou no noviciado e o concluiu em 1892, recebendo os votos perp\u00e9tuos das m\u00e3os de outro santo, Miguel Rua. Depois, seguiu os estudos de filosofia. Neste per\u00edodo tomou conhecimento sobre o trabalho mission\u00e1rio do Padre Unia na Am\u00e9rica do Sul. Em 1894 viajou para a Col\u00f4mbia resolvido a se juntar ao c\u00e9lebre mission\u00e1rio, que iniciava seu trabalho entre os leprosos da aldeia \u00c1gua de Deus.<\/p>\n<p>O pequeno povoado possu\u00eda dois mil habitantes, dos quais oitocentos eram leprosos. Luis mergulhou totalmente na sua miss\u00e3o. Possuindo aptid\u00e3o e conhecimentos musicais, organizou uma banda, formando um ambiente festivo na &#8220;cidade das dores&#8221;, como era conhecida. Ap\u00f3s quatro anos, Luis foi ordenado sacerdote, se revelando um \u00f3timo diretor espiritual. Entre as suas penitentes estavam tamb\u00e9m os membros da Associa\u00e7\u00e3o das Filhas de Maria, um grupo de cerca de duzentas mo\u00e7as, dentre elas muitas leprosas. Foi diante desta constata\u00e7\u00e3o que nasceu em Padre Luis a primeira id\u00e9ia de fundar uma congrega\u00e7\u00e3o que abrigasse tamb\u00e9m jovens leprosas.<\/p>\n<p>Em 1905, a Congrega\u00e7\u00e3o das &#8220;Filhas dos Sant\u00edssimos Cora\u00e7\u00f5es de Jesus e de Maria&#8221; teve inicio. Ele se sentia cada vez mais entusiasmado com a sua miss\u00e3o. Haviam transcorrido dez anos desde a sua chegada em \u00c1gua de Deus. Uma d\u00e9cada feliz e rica de realiza\u00e7\u00f5es. Dentre elas o t\u00e9rmino da constru\u00e7\u00e3o do Asilo &#8220;Dom Miguel Unia&#8221;, que apesar dos retardos provocados pela Guerra dos mil dias, p\u00f4de ser inaugurado.<\/p>\n<p>Por\u00e9m, come\u00e7ava um longo per\u00edodo de sofrimentos e de incompreens\u00f5es, para o generoso mission\u00e1rio. O bispo, que inicialmente havia dado sua aprova\u00e7\u00e3o, come\u00e7ou a retirar seu apoio. Por isso, durante algum tempo Padre Luis foi enviado para trabalhar nas par\u00f3quias de outras dioceses. Suspeitando que ele tivesse contra\u00eddo a lepra, diagn\u00f3stico que depois resultou errado, foi enviado de volta para \u00c1gua de Deus.<\/p>\n<p>Em 1921, em obedi\u00eancia, Padre Luis aceitou sua transfer\u00eancia para Tariba, uma cidadezinha venezuelana. Al\u00ed adoeceu gravemente. O m\u00e9dico aconselhou, por motivos clim\u00e1ticos, que fosse para a cidade de Cucuta, na Col\u00f4mbia. Viajou para l\u00e1. Mas a situa\u00e7\u00e3o se precipitou rapidamente e ele morreu em 1\u00b0 de fevereiro de 1923 com quarenta e nove anos de idade.<\/p>\n<p>Foi sepultado em Cucuta. Em 1932, suas rel\u00edquias foram transportadas para a capela da Congrega\u00e7\u00e3o das &#8220;suas&#8221; Filhas em \u00c1gua de Deus, onde ainda se encontram. Atualmente as Irm\u00e3s est\u00e3o espalhadas em onze na\u00e7\u00f5es da Am\u00e9rica, Europa e \u00c1frica, dedicadas em especial modo \u00e0 pastoral da sa\u00fade. Padre Luis Variara foi beatificado pelo Papa Jo\u00e3o Paulo II em 2002 e sua festa deve ser celebrada no dia do seu nascimento.<\/p>\n<div id=\"themify_builder_content-7260\" data-postid=\"7260\" class=\"themify_builder_content themify_builder_content-7260 themify_builder themify_builder_front\">\n\t<\/div>\n<!-- \/themify_builder_content -->","protected":false},"excerpt":{"rendered":"<p>15 de Janeiro Fundou a Congrega\u00e7\u00e3o das Filhas dos Sant\u00edssimos Cora\u00e7\u00f5es de Jesus e de Maria Luis Variara nasceu em 15 de janeiro de 1875 na cidade de Variagi, na It\u00e1lia. Ainda crian\u00e7a viu e ouviu Dom Bosco na celebra\u00e7\u00e3o de uma missa. Mais tarde, seu pai o mandou para o Semin\u00e1rio de Turim, que [&hellip;]<\/p>\n","protected":false},"author":14,"featured_media":0,"comment_status":"open","ping_status":"open","sticky":false,"template":"","format":"standard","meta":{"ngg_post_thumbnail":0,"footnotes":""},"categories":[186],"tags":[],"yoast_head":"<!-- This site is optimized with the Yoast SEO plugin v23.5 - https:\/\/yoast.com\/wordpress\/plugins\/seo\/ -->\n<title>Bem-Aventurado Luis Variara - O Arcanjo no ar<\/title>\n<meta name=\"robots\" content=\"index, follow, max-snippet:-1, max-image-preview:large, max-video-preview:-1\" \/>\n<link rel=\"canonical\" href=\"https:\/\/www.oarcanjo.net\/site\/bem-aventurado-luis-variara\/\" \/>\n<meta property=\"og:locale\" content=\"pt_BR\" \/>\n<meta property=\"og:type\" content=\"article\" \/>\n<meta property=\"og:title\" content=\"Bem-Aventurado Luis Variara - O Arcanjo no ar\" \/>\n<meta property=\"og:description\" content=\"15 de Janeiro Fundou a Congrega\u00e7\u00e3o das Filhas dos Sant\u00edssimos Cora\u00e7\u00f5es de Jesus e de Maria Luis Variara nasceu em 15 de janeiro de 1875 na cidade de Variagi, na It\u00e1lia. Ainda crian\u00e7a viu e ouviu Dom Bosco na celebra\u00e7\u00e3o de uma missa. Mais tarde, seu pai o mandou para o Semin\u00e1rio de Turim, que [&hellip;]\" \/>\n<meta property=\"og:url\" content=\"https:\/\/www.oarcanjo.net\/site\/bem-aventurado-luis-variara\/\" \/>\n<meta property=\"og:site_name\" content=\"O Arcanjo no ar\" \/>\n<meta property=\"article:publisher\" content=\"https:\/\/www.facebook.com\/OArcanjoNoAr\/\" \/>\n<meta property=\"article:published_time\" content=\"2017-01-15T02:15:23+00:00\" \/>\n<meta property=\"article:modified_time\" content=\"2016-12-27T08:15:18+00:00\" \/>\n<meta property=\"og:image\" content=\"http:\/\/www.hijasdelossagradoscorazones.org\/imagenes\/foto_beato.jpg\" \/>\n<meta name=\"author\" content=\"danilo\" \/>\n<meta name=\"twitter:card\" content=\"summary_large_image\" \/>\n<meta name=\"twitter:label1\" content=\"Escrito por\" \/>\n\t<meta name=\"twitter:data1\" content=\"danilo\" \/>\n\t<meta name=\"twitter:label2\" content=\"Est. tempo de leitura\" \/>\n\t<meta name=\"twitter:data2\" content=\"3 minutos\" \/>\n<script type=\"application\/ld+json\" class=\"yoast-schema-graph\">{\"@context\":\"https:\/\/schema.org\",\"@graph\":[{\"@type\":\"Article\",\"@id\":\"https:\/\/www.oarcanjo.net\/site\/bem-aventurado-luis-variara\/#article\",\"isPartOf\":{\"@id\":\"https:\/\/www.oarcanjo.net\/site\/bem-aventurado-luis-variara\/\"},\"author\":{\"name\":\"danilo\",\"@id\":\"https:\/\/www.oarcanjo.net\/site\/#\/schema\/person\/5eb9480bedd2f3c97e430ce128c29c6c\"},\"headline\":\"Bem-Aventurado Luis Variara\",\"datePublished\":\"2017-01-15T02:15:23+00:00\",\"dateModified\":\"2016-12-27T08:15:18+00:00\",\"mainEntityOfPage\":{\"@id\":\"https:\/\/www.oarcanjo.net\/site\/bem-aventurado-luis-variara\/\"},\"wordCount\":551,\"commentCount\":0,\"publisher\":{\"@id\":\"https:\/\/www.oarcanjo.net\/site\/#organization\"},\"image\":{\"@id\":\"https:\/\/www.oarcanjo.net\/site\/bem-aventurado-luis-variara\/#primaryimage\"},\"thumbnailUrl\":\"http:\/\/www.hijasdelossagradoscorazones.org\/imagenes\/foto_beato.jpg\",\"articleSection\":[\"Testemunhos\"],\"inLanguage\":\"pt-BR\",\"potentialAction\":[{\"@type\":\"CommentAction\",\"name\":\"Comment\",\"target\":[\"https:\/\/www.oarcanjo.net\/site\/bem-aventurado-luis-variara\/#respond\"]}]},{\"@type\":\"WebPage\",\"@id\":\"https:\/\/www.oarcanjo.net\/site\/bem-aventurado-luis-variara\/\",\"url\":\"https:\/\/www.oarcanjo.net\/site\/bem-aventurado-luis-variara\/\",\"name\":\"Bem-Aventurado Luis Variara - O Arcanjo no ar\",\"isPartOf\":{\"@id\":\"https:\/\/www.oarcanjo.net\/site\/#website\"},\"primaryImageOfPage\":{\"@id\":\"https:\/\/www.oarcanjo.net\/site\/bem-aventurado-luis-variara\/#primaryimage\"},\"image\":{\"@id\":\"https:\/\/www.oarcanjo.net\/site\/bem-aventurado-luis-variara\/#primaryimage\"},\"thumbnailUrl\":\"http:\/\/www.hijasdelossagradoscorazones.org\/imagenes\/foto_beato.jpg\",\"datePublished\":\"2017-01-15T02:15:23+00:00\",\"dateModified\":\"2016-12-27T08:15:18+00:00\",\"breadcrumb\":{\"@id\":\"https:\/\/www.oarcanjo.net\/site\/bem-aventurado-luis-variara\/#breadcrumb\"},\"inLanguage\":\"pt-BR\",\"potentialAction\":[{\"@type\":\"ReadAction\",\"target\":[\"https:\/\/www.oarcanjo.net\/site\/bem-aventurado-luis-variara\/\"]}]},{\"@type\":\"ImageObject\",\"inLanguage\":\"pt-BR\",\"@id\":\"https:\/\/www.oarcanjo.net\/site\/bem-aventurado-luis-variara\/#primaryimage\",\"url\":\"http:\/\/www.hijasdelossagradoscorazones.org\/imagenes\/foto_beato.jpg\",\"contentUrl\":\"http:\/\/www.hijasdelossagradoscorazones.org\/imagenes\/foto_beato.jpg\"},{\"@type\":\"BreadcrumbList\",\"@id\":\"https:\/\/www.oarcanjo.net\/site\/bem-aventurado-luis-variara\/#breadcrumb\",\"itemListElement\":[{\"@type\":\"ListItem\",\"position\":1,\"name\":\"In\u00edcio\",\"item\":\"https:\/\/www.oarcanjo.net\/site\/\"},{\"@type\":\"ListItem\",\"position\":2,\"name\":\"Bem-Aventurado Luis Variara\"}]},{\"@type\":\"WebSite\",\"@id\":\"https:\/\/www.oarcanjo.net\/site\/#website\",\"url\":\"https:\/\/www.oarcanjo.net\/site\/\",\"name\":\"O Arcanjo no ar\",\"description\":\"Site da Par\u00f3quia S\u00e3o Miguel Arcanjo (Arquidiocese de SP)\",\"publisher\":{\"@id\":\"https:\/\/www.oarcanjo.net\/site\/#organization\"},\"potentialAction\":[{\"@type\":\"SearchAction\",\"target\":{\"@type\":\"EntryPoint\",\"urlTemplate\":\"https:\/\/www.oarcanjo.net\/site\/?s={search_term_string}\"},\"query-input\":{\"@type\":\"PropertyValueSpecification\",\"valueRequired\":true,\"valueName\":\"search_term_string\"}}],\"inLanguage\":\"pt-BR\"},{\"@type\":\"Organization\",\"@id\":\"https:\/\/www.oarcanjo.net\/site\/#organization\",\"name\":\"Par\u00f3quia S\u00e3o Miguel Arcanjo\",\"url\":\"https:\/\/www.oarcanjo.net\/site\/\",\"logo\":{\"@type\":\"ImageObject\",\"inLanguage\":\"pt-BR\",\"@id\":\"https:\/\/www.oarcanjo.net\/site\/#\/schema\/logo\/image\/\",\"url\":\"https:\/\/www.oarcanjo.net\/site\/wp-content\/uploads\/LogoOArcanjo.png\",\"contentUrl\":\"https:\/\/www.oarcanjo.net\/site\/wp-content\/uploads\/LogoOArcanjo.png\",\"width\":319,\"height\":99,\"caption\":\"Par\u00f3quia S\u00e3o Miguel Arcanjo\"},\"image\":{\"@id\":\"https:\/\/www.oarcanjo.net\/site\/#\/schema\/logo\/image\/\"},\"sameAs\":[\"https:\/\/www.facebook.com\/OArcanjoNoAr\/\"]},{\"@type\":\"Person\",\"@id\":\"https:\/\/www.oarcanjo.net\/site\/#\/schema\/person\/5eb9480bedd2f3c97e430ce128c29c6c\",\"name\":\"danilo\"}]}<\/script>\n<!-- \/ Yoast SEO plugin. -->","yoast_head_json":{"title":"Bem-Aventurado Luis Variara - O Arcanjo no ar","robots":{"index":"index","follow":"follow","max-snippet":"max-snippet:-1","max-image-preview":"max-image-preview:large","max-video-preview":"max-video-preview:-1"},"canonical":"https:\/\/www.oarcanjo.net\/site\/bem-aventurado-luis-variara\/","og_locale":"pt_BR","og_type":"article","og_title":"Bem-Aventurado Luis Variara - O Arcanjo no ar","og_description":"15 de Janeiro Fundou a Congrega\u00e7\u00e3o das Filhas dos Sant\u00edssimos Cora\u00e7\u00f5es de Jesus e de Maria Luis Variara nasceu em 15 de janeiro de 1875 na cidade de Variagi, na It\u00e1lia. Ainda crian\u00e7a viu e ouviu Dom Bosco na celebra\u00e7\u00e3o de uma missa. Mais tarde, seu pai o mandou para o Semin\u00e1rio de Turim, que [&hellip;]","og_url":"https:\/\/www.oarcanjo.net\/site\/bem-aventurado-luis-variara\/","og_site_name":"O Arcanjo no ar","article_publisher":"https:\/\/www.facebook.com\/OArcanjoNoAr\/","article_published_time":"2017-01-15T02:15:23+00:00","article_modified_time":"2016-12-27T08:15:18+00:00","og_image":[{"url":"http:\/\/www.hijasdelossagradoscorazones.org\/imagenes\/foto_beato.jpg"}],"author":"danilo","twitter_card":"summary_large_image","twitter_misc":{"Escrito por":"danilo","Est. tempo de leitura":"3 minutos"},"schema":{"@context":"https:\/\/schema.org","@graph":[{"@type":"Article","@id":"https:\/\/www.oarcanjo.net\/site\/bem-aventurado-luis-variara\/#article","isPartOf":{"@id":"https:\/\/www.oarcanjo.net\/site\/bem-aventurado-luis-variara\/"},"author":{"name":"danilo","@id":"https:\/\/www.oarcanjo.net\/site\/#\/schema\/person\/5eb9480bedd2f3c97e430ce128c29c6c"},"headline":"Bem-Aventurado Luis Variara","datePublished":"2017-01-15T02:15:23+00:00","dateModified":"2016-12-27T08:15:18+00:00","mainEntityOfPage":{"@id":"https:\/\/www.oarcanjo.net\/site\/bem-aventurado-luis-variara\/"},"wordCount":551,"commentCount":0,"publisher":{"@id":"https:\/\/www.oarcanjo.net\/site\/#organization"},"image":{"@id":"https:\/\/www.oarcanjo.net\/site\/bem-aventurado-luis-variara\/#primaryimage"},"thumbnailUrl":"http:\/\/www.hijasdelossagradoscorazones.org\/imagenes\/foto_beato.jpg","articleSection":["Testemunhos"],"inLanguage":"pt-BR","potentialAction":[{"@type":"CommentAction","name":"Comment","target":["https:\/\/www.oarcanjo.net\/site\/bem-aventurado-luis-variara\/#respond"]}]},{"@type":"WebPage","@id":"https:\/\/www.oarcanjo.net\/site\/bem-aventurado-luis-variara\/","url":"https:\/\/www.oarcanjo.net\/site\/bem-aventurado-luis-variara\/","name":"Bem-Aventurado Luis Variara - O Arcanjo no ar","isPartOf":{"@id":"https:\/\/www.oarcanjo.net\/site\/#website"},"primaryImageOfPage":{"@id":"https:\/\/www.oarcanjo.net\/site\/bem-aventurado-luis-variara\/#primaryimage"},"image":{"@id":"https:\/\/www.oarcanjo.net\/site\/bem-aventurado-luis-variara\/#primaryimage"},"thumbnailUrl":"http:\/\/www.hijasdelossagradoscorazones.org\/imagenes\/foto_beato.jpg","datePublished":"2017-01-15T02:15:23+00:00","dateModified":"2016-12-27T08:15:18+00:00","breadcrumb":{"@id":"https:\/\/www.oarcanjo.net\/site\/bem-aventurado-luis-variara\/#breadcrumb"},"inLanguage":"pt-BR","potentialAction":[{"@type":"ReadAction","target":["https:\/\/www.oarcanjo.net\/site\/bem-aventurado-luis-variara\/"]}]},{"@type":"ImageObject","inLanguage":"pt-BR","@id":"https:\/\/www.oarcanjo.net\/site\/bem-aventurado-luis-variara\/#primaryimage","url":"http:\/\/www.hijasdelossagradoscorazones.org\/imagenes\/foto_beato.jpg","contentUrl":"http:\/\/www.hijasdelossagradoscorazones.org\/imagenes\/foto_beato.jpg"},{"@type":"BreadcrumbList","@id":"https:\/\/www.oarcanjo.net\/site\/bem-aventurado-luis-variara\/#breadcrumb","itemListElement":[{"@type":"ListItem","position":1,"name":"In\u00edcio","item":"https:\/\/www.oarcanjo.net\/site\/"},{"@type":"ListItem","position":2,"name":"Bem-Aventurado Luis Variara"}]},{"@type":"WebSite","@id":"https:\/\/www.oarcanjo.net\/site\/#website","url":"https:\/\/www.oarcanjo.net\/site\/","name":"O Arcanjo no ar","description":"Site da Par\u00f3quia S\u00e3o Miguel Arcanjo (Arquidiocese de SP)","publisher":{"@id":"https:\/\/www.oarcanjo.net\/site\/#organization"},"potentialAction":[{"@type":"SearchAction","target":{"@type":"EntryPoint","urlTemplate":"https:\/\/www.oarcanjo.net\/site\/?s={search_term_string}"},"query-input":{"@type":"PropertyValueSpecification","valueRequired":true,"valueName":"search_term_string"}}],"inLanguage":"pt-BR"},{"@type":"Organization","@id":"https:\/\/www.oarcanjo.net\/site\/#organization","name":"Par\u00f3quia S\u00e3o Miguel Arcanjo","url":"https:\/\/www.oarcanjo.net\/site\/","logo":{"@type":"ImageObject","inLanguage":"pt-BR","@id":"https:\/\/www.oarcanjo.net\/site\/#\/schema\/logo\/image\/","url":"https:\/\/www.oarcanjo.net\/site\/wp-content\/uploads\/LogoOArcanjo.png","contentUrl":"https:\/\/www.oarcanjo.net\/site\/wp-content\/uploads\/LogoOArcanjo.png","width":319,"height":99,"caption":"Par\u00f3quia S\u00e3o Miguel Arcanjo"},"image":{"@id":"https:\/\/www.oarcanjo.net\/site\/#\/schema\/logo\/image\/"},"sameAs":["https:\/\/www.facebook.com\/OArcanjoNoAr\/"]},{"@type":"Person","@id":"https:\/\/www.oarcanjo.net\/site\/#\/schema\/person\/5eb9480bedd2f3c97e430ce128c29c6c","name":"danilo"}]}},"publishpress_future_action":{"enabled":false,"date":"2026-05-07 17:58:55","action":"category","newStatus":"draft","terms":[],"taxonomy":"category"},"publishpress_future_workflow_manual_trigger":{"enabledWorkflows":[]},"_links":{"self":[{"href":"https:\/\/www.oarcanjo.net\/site\/wp-json\/wp\/v2\/posts\/7260"}],"collection":[{"href":"https:\/\/www.oarcanjo.net\/site\/wp-json\/wp\/v2\/posts"}],"about":[{"href":"https:\/\/www.oarcanjo.net\/site\/wp-json\/wp\/v2\/types\/post"}],"author":[{"embeddable":true,"href":"https:\/\/www.oarcanjo.net\/site\/wp-json\/wp\/v2\/users\/14"}],"replies":[{"embeddable":true,"href":"https:\/\/www.oarcanjo.net\/site\/wp-json\/wp\/v2\/comments?post=7260"}],"version-history":[{"count":0,"href":"https:\/\/www.oarcanjo.net\/site\/wp-json\/wp\/v2\/posts\/7260\/revisions"}],"wp:attachment":[{"href":"https:\/\/www.oarcanjo.net\/site\/wp-json\/wp\/v2\/media?parent=7260"}],"wp:term":[{"taxonomy":"category","embeddable":true,"href":"https:\/\/www.oarcanjo.net\/site\/wp-json\/wp\/v2\/categories?post=7260"},{"taxonomy":"post_tag","embeddable":true,"href":"https:\/\/www.oarcanjo.net\/site\/wp-json\/wp\/v2\/tags?post=7260"}],"curies":[{"name":"wp","href":"https:\/\/api.w.org\/{rel}","templated":true}]}}