
{"id":7269,"date":"2010-01-13T12:19:20","date_gmt":"2010-01-13T14:19:20","guid":{"rendered":"http:\/\/www.oarcanjo.net\/site\/?p=7269"},"modified":"2010-01-13T22:14:04","modified_gmt":"2010-01-14T00:14:04","slug":"dra-zilda-arns-morre-em-missao-no-haiti","status":"publish","type":"post","link":"https:\/\/www.oarcanjo.net\/site\/dra-zilda-arns-morre-em-missao-no-haiti\/","title":{"rendered":"Dra. Zilda Arns morre em miss\u00e3o no Haiti"},"content":{"rendered":"<p><img loading=\"lazy\" decoding=\"async\" class=\"alignnone size-full wp-image-7270\" title=\"Zilda Arns\" src=\"http:\/\/www.oarcanjo.net\/site\/wp-content\/uploads\/Zilda_010.jpg\" alt=\"Zilda Arns\" width=\"536\" height=\"357\" srcset=\"https:\/\/www.oarcanjo.net\/site\/wp-content\/uploads\/Zilda_010.jpg 596w, https:\/\/www.oarcanjo.net\/site\/wp-content\/uploads\/Zilda_010-300x199.jpg 300w\" sizes=\"(max-width: 536px) 100vw, 536px\" \/><\/p>\n<p>A fundadora da Pastoral da Crian\u00e7a e da Pastoral da Pessoa Idosa, dra. Zilda Arns, morreu no terremoto que acometeu o pa\u00eds na ter\u00e7a-feira. Ela estava em miss\u00e3o pelas ruas da capital, Porto Pr\u00edncipe.<\/p>\n<p>&#8220;Morreu no meio dos pobres a quem tanto amou e dedicou  sua vida! Mart\u00edrio pelo povo sofrido da Haiti, testemunha da f\u00e9 e do amor&#8221;, afirma o Pe. Julio Lancellotti que a conheceu pessoalmente. &#8220;Lembro com emo\u00e7\u00e3o a \u00faltima vez que encontrei dra. Zilda, de seu abra\u00e7o acolhedor. Ela sempre lembrava nossas andan\u00e7as pelas favelas de  S.Paulo&#8221;.<\/p>\n<p>Irm\u00e3 de D. Paulo Evaristo, cardeal Arns, arcebispo em\u00e9rito de S\u00e3o Paulo, dra. Zilda era m\u00e9dica, dedicada \u00e0 sa\u00fade p\u00fablica, especialmente ao cuidado das crian\u00e7as pobres e dos idosos. Em reconhecimento ao trabalho desenvolvido na coordena\u00e7\u00e3o da Pastoral da Crian\u00e7a, recebeu diversas homenagens e foi indicada para o Pr\u00eamio Nobel da Paz, em 2006.<\/p>\n<p>Para o Pe. Julio, &#8220;dra. Zilda carregou as dores do povo e com o povo mais pobre e  sofrido das am\u00e9ricas sofreu at\u00e9 o fim, assemelhou-se em tudo ao seu Mestre, \u00a0JESUS&#8221;.<\/p>\n<p><strong>Homenagens<\/strong><\/p>\n<p>Pela Internet, multiplicam-se homenagens a dra. Zilda Arns. A TV Cultura de S\u00e3o Paulo reapresenta nesta quarta-feira, 13, \u00e0s 22h o programa Roda Vida em que ela foi entrevistada.<\/p>\n<p>O jornalista Luiz Megale, da R\u00e1dio Band News FM afirma: &#8220;Se h\u00e1 um jeito certo de morrer, Zilda Arns morreu assim: no front&#8221;.<\/p>\n<p>O educador e vereador de S\u00e3o Paulo, Gabriel Chalita lembra que &#8220;hoje h\u00e1 muitos adultos que s\u00f3 est\u00e3o vivos porque foram cuidados pela Pastoral da Crian\u00e7a&#8221;. Para ele, &#8220;Zilda Arns \u00e9 uma mulher que passou pela vida e permaneceu. \u00c9 o amor em a\u00e7\u00e3o!&#8221;<\/p>\n<p>D. Paulo afirmou, segundo nota divulgada pela Rede Globo: &#8220;Acabo de ouvir emocionado a not\u00edcia de que minha car\u00edssima irm\u00e3 Zilda Arns Neumann sofreu com o bom povo do Haiti o efeito tr\u00e1gico do terremoto. Que nosso Deus, em sua miseric\u00f3rdia, acolha no c\u00e9u aqueles que na Terra lutaram pelas crian\u00e7as e os desamparados. <strong>N\u00e3o \u00e9 hora de perder a esperan\u00e7a<\/strong>.&#8221;<\/p>\n<p><object classid=\"clsid:d27cdb6e-ae6d-11cf-96b8-444553540000\" width=\"480\" height=\"385\" codebase=\"http:\/\/download.macromedia.com\/pub\/shockwave\/cabs\/flash\/swflash.cab#version=6,0,40,0\"><param name=\"allowFullScreen\" value=\"true\" \/><param name=\"allowscriptaccess\" value=\"always\" \/><param name=\"src\" value=\"http:\/\/www.youtube.com\/v\/ypQulYszwlM&amp;hl=pt_BR&amp;fs=1&amp;rel=0&amp;color1=0xe1600f&amp;color2=0xfebd01\" \/><param name=\"allowfullscreen\" value=\"true\" \/><embed type=\"application\/x-shockwave-flash\" width=\"480\" height=\"385\" src=\"http:\/\/www.youtube.com\/v\/ypQulYszwlM&amp;hl=pt_BR&amp;fs=1&amp;rel=0&amp;color1=0xe1600f&amp;color2=0xfebd01\" allowscriptaccess=\"always\" allowfullscreen=\"true\"><\/embed><\/object><\/p>\n<div id=\"themify_builder_content-7269\" data-postid=\"7269\" class=\"themify_builder_content themify_builder_content-7269 themify_builder themify_builder_front\">\n\t<\/div>\n<!-- \/themify_builder_content -->","protected":false},"excerpt":{"rendered":"<p>A fundadora da Pastoral da Crian\u00e7a e da Pastoral da Pessoa Idosa, dra. Zilda Arns, morreu no terremoto que acometeu o pa\u00eds na ter\u00e7a-feira. Ela estava em miss\u00e3o pelas ruas da capital, Porto Pr\u00edncipe. &#8220;Morreu no meio dos pobres a quem tanto amou e dedicou sua vida! Mart\u00edrio pelo povo sofrido da Haiti, testemunha da [&hellip;]<\/p>\n","protected":false},"author":2,"featured_media":0,"comment_status":"open","ping_status":"open","sticky":false,"template":"","format":"standard","meta":{"ngg_post_thumbnail":0,"footnotes":""},"categories":[3,8,280],"tags":[1404,295,305,1405,306],"yoast_head":"<!-- This site is optimized with the Yoast SEO plugin v23.5 - https:\/\/yoast.com\/wordpress\/plugins\/seo\/ -->\n<title>Dra. Zilda Arns morre em miss\u00e3o no Haiti - O Arcanjo no ar<\/title>\n<meta name=\"robots\" content=\"index, follow, max-snippet:-1, max-image-preview:large, max-video-preview:-1\" \/>\n<link rel=\"canonical\" href=\"https:\/\/www.oarcanjo.net\/site\/dra-zilda-arns-morre-em-missao-no-haiti\/\" \/>\n<meta property=\"og:locale\" content=\"pt_BR\" \/>\n<meta property=\"og:type\" content=\"article\" \/>\n<meta property=\"og:title\" content=\"Dra. Zilda Arns morre em miss\u00e3o no Haiti - O Arcanjo no ar\" \/>\n<meta property=\"og:description\" content=\"A fundadora da Pastoral da Crian\u00e7a e da Pastoral da Pessoa Idosa, dra. Zilda Arns, morreu no terremoto que acometeu o pa\u00eds na ter\u00e7a-feira. Ela estava em miss\u00e3o pelas ruas da capital, Porto Pr\u00edncipe. &#8220;Morreu no meio dos pobres a quem tanto amou e dedicou sua vida! Mart\u00edrio pelo povo sofrido da Haiti, testemunha da [&hellip;]\" \/>\n<meta property=\"og:url\" content=\"https:\/\/www.oarcanjo.net\/site\/dra-zilda-arns-morre-em-missao-no-haiti\/\" \/>\n<meta property=\"og:site_name\" content=\"O Arcanjo no ar\" \/>\n<meta property=\"article:publisher\" content=\"https:\/\/www.facebook.com\/OArcanjoNoAr\/\" \/>\n<meta property=\"article:published_time\" content=\"2010-01-13T14:19:20+00:00\" \/>\n<meta property=\"article:modified_time\" content=\"2010-01-14T00:14:04+00:00\" \/>\n<meta property=\"og:image\" content=\"http:\/\/www.oarcanjo.net\/site\/wp-content\/uploads\/Zilda_010.jpg\" \/>\n<meta name=\"author\" content=\"rubens.meyer\" \/>\n<meta name=\"twitter:card\" content=\"summary_large_image\" \/>\n<meta name=\"twitter:label1\" content=\"Escrito por\" \/>\n\t<meta name=\"twitter:data1\" content=\"rubens.meyer\" \/>\n\t<meta name=\"twitter:label2\" content=\"Est. tempo de leitura\" \/>\n\t<meta name=\"twitter:data2\" content=\"2 minutos\" \/>\n<script type=\"application\/ld+json\" class=\"yoast-schema-graph\">{\"@context\":\"https:\/\/schema.org\",\"@graph\":[{\"@type\":\"Article\",\"@id\":\"https:\/\/www.oarcanjo.net\/site\/dra-zilda-arns-morre-em-missao-no-haiti\/#article\",\"isPartOf\":{\"@id\":\"https:\/\/www.oarcanjo.net\/site\/dra-zilda-arns-morre-em-missao-no-haiti\/\"},\"author\":{\"name\":\"rubens.meyer\",\"@id\":\"https:\/\/www.oarcanjo.net\/site\/#\/schema\/person\/8f702af457b0cfb4ac1a7228ee23f026\"},\"headline\":\"Dra. Zilda Arns morre em miss\u00e3o no Haiti\",\"datePublished\":\"2010-01-13T14:19:20+00:00\",\"dateModified\":\"2010-01-14T00:14:04+00:00\",\"mainEntityOfPage\":{\"@id\":\"https:\/\/www.oarcanjo.net\/site\/dra-zilda-arns-morre-em-missao-no-haiti\/\"},\"wordCount\":372,\"commentCount\":7,\"publisher\":{\"@id\":\"https:\/\/www.oarcanjo.net\/site\/#organization\"},\"image\":{\"@id\":\"https:\/\/www.oarcanjo.net\/site\/dra-zilda-arns-morre-em-missao-no-haiti\/#primaryimage\"},\"thumbnailUrl\":\"http:\/\/www.oarcanjo.net\/site\/wp-content\/uploads\/Zilda_010.jpg\",\"keywords\":[\"Haiti\",\"Pastoral da Crian\u00e7a\",\"Pastoral da Pessoa Idosa\",\"terremoto\",\"Zilda Arns\"],\"articleSection\":[\"Destaques\",\"Not\u00edcias\",\"V\u00eddeos\"],\"inLanguage\":\"pt-BR\",\"potentialAction\":[{\"@type\":\"CommentAction\",\"name\":\"Comment\",\"target\":[\"https:\/\/www.oarcanjo.net\/site\/dra-zilda-arns-morre-em-missao-no-haiti\/#respond\"]}]},{\"@type\":\"WebPage\",\"@id\":\"https:\/\/www.oarcanjo.net\/site\/dra-zilda-arns-morre-em-missao-no-haiti\/\",\"url\":\"https:\/\/www.oarcanjo.net\/site\/dra-zilda-arns-morre-em-missao-no-haiti\/\",\"name\":\"Dra. Zilda Arns morre em miss\u00e3o no Haiti - O Arcanjo no ar\",\"isPartOf\":{\"@id\":\"https:\/\/www.oarcanjo.net\/site\/#website\"},\"primaryImageOfPage\":{\"@id\":\"https:\/\/www.oarcanjo.net\/site\/dra-zilda-arns-morre-em-missao-no-haiti\/#primaryimage\"},\"image\":{\"@id\":\"https:\/\/www.oarcanjo.net\/site\/dra-zilda-arns-morre-em-missao-no-haiti\/#primaryimage\"},\"thumbnailUrl\":\"http:\/\/www.oarcanjo.net\/site\/wp-content\/uploads\/Zilda_010.jpg\",\"datePublished\":\"2010-01-13T14:19:20+00:00\",\"dateModified\":\"2010-01-14T00:14:04+00:00\",\"breadcrumb\":{\"@id\":\"https:\/\/www.oarcanjo.net\/site\/dra-zilda-arns-morre-em-missao-no-haiti\/#breadcrumb\"},\"inLanguage\":\"pt-BR\",\"potentialAction\":[{\"@type\":\"ReadAction\",\"target\":[\"https:\/\/www.oarcanjo.net\/site\/dra-zilda-arns-morre-em-missao-no-haiti\/\"]}]},{\"@type\":\"ImageObject\",\"inLanguage\":\"pt-BR\",\"@id\":\"https:\/\/www.oarcanjo.net\/site\/dra-zilda-arns-morre-em-missao-no-haiti\/#primaryimage\",\"url\":\"https:\/\/www.oarcanjo.net\/site\/wp-content\/uploads\/Zilda_010.jpg\",\"contentUrl\":\"https:\/\/www.oarcanjo.net\/site\/wp-content\/uploads\/Zilda_010.jpg\",\"width\":\"596\",\"height\":\"397\",\"caption\":\"Zilda Arns\"},{\"@type\":\"BreadcrumbList\",\"@id\":\"https:\/\/www.oarcanjo.net\/site\/dra-zilda-arns-morre-em-missao-no-haiti\/#breadcrumb\",\"itemListElement\":[{\"@type\":\"ListItem\",\"position\":1,\"name\":\"In\u00edcio\",\"item\":\"https:\/\/www.oarcanjo.net\/site\/\"},{\"@type\":\"ListItem\",\"position\":2,\"name\":\"Dra. Zilda Arns morre em miss\u00e3o no Haiti\"}]},{\"@type\":\"WebSite\",\"@id\":\"https:\/\/www.oarcanjo.net\/site\/#website\",\"url\":\"https:\/\/www.oarcanjo.net\/site\/\",\"name\":\"O Arcanjo no ar\",\"description\":\"Site da Par\u00f3quia S\u00e3o Miguel Arcanjo (Arquidiocese de SP)\",\"publisher\":{\"@id\":\"https:\/\/www.oarcanjo.net\/site\/#organization\"},\"potentialAction\":[{\"@type\":\"SearchAction\",\"target\":{\"@type\":\"EntryPoint\",\"urlTemplate\":\"https:\/\/www.oarcanjo.net\/site\/?s={search_term_string}\"},\"query-input\":{\"@type\":\"PropertyValueSpecification\",\"valueRequired\":true,\"valueName\":\"search_term_string\"}}],\"inLanguage\":\"pt-BR\"},{\"@type\":\"Organization\",\"@id\":\"https:\/\/www.oarcanjo.net\/site\/#organization\",\"name\":\"Par\u00f3quia S\u00e3o Miguel Arcanjo\",\"url\":\"https:\/\/www.oarcanjo.net\/site\/\",\"logo\":{\"@type\":\"ImageObject\",\"inLanguage\":\"pt-BR\",\"@id\":\"https:\/\/www.oarcanjo.net\/site\/#\/schema\/logo\/image\/\",\"url\":\"https:\/\/www.oarcanjo.net\/site\/wp-content\/uploads\/LogoOArcanjo.png\",\"contentUrl\":\"https:\/\/www.oarcanjo.net\/site\/wp-content\/uploads\/LogoOArcanjo.png\",\"width\":319,\"height\":99,\"caption\":\"Par\u00f3quia S\u00e3o Miguel Arcanjo\"},\"image\":{\"@id\":\"https:\/\/www.oarcanjo.net\/site\/#\/schema\/logo\/image\/\"},\"sameAs\":[\"https:\/\/www.facebook.com\/OArcanjoNoAr\/\"]},{\"@type\":\"Person\",\"@id\":\"https:\/\/www.oarcanjo.net\/site\/#\/schema\/person\/8f702af457b0cfb4ac1a7228ee23f026\",\"name\":\"rubens.meyer\"}]}<\/script>\n<!-- \/ Yoast SEO plugin. -->","yoast_head_json":{"title":"Dra. Zilda Arns morre em miss\u00e3o no Haiti - O Arcanjo no ar","robots":{"index":"index","follow":"follow","max-snippet":"max-snippet:-1","max-image-preview":"max-image-preview:large","max-video-preview":"max-video-preview:-1"},"canonical":"https:\/\/www.oarcanjo.net\/site\/dra-zilda-arns-morre-em-missao-no-haiti\/","og_locale":"pt_BR","og_type":"article","og_title":"Dra. Zilda Arns morre em miss\u00e3o no Haiti - O Arcanjo no ar","og_description":"A fundadora da Pastoral da Crian\u00e7a e da Pastoral da Pessoa Idosa, dra. Zilda Arns, morreu no terremoto que acometeu o pa\u00eds na ter\u00e7a-feira. Ela estava em miss\u00e3o pelas ruas da capital, Porto Pr\u00edncipe. &#8220;Morreu no meio dos pobres a quem tanto amou e dedicou sua vida! Mart\u00edrio pelo povo sofrido da Haiti, testemunha da [&hellip;]","og_url":"https:\/\/www.oarcanjo.net\/site\/dra-zilda-arns-morre-em-missao-no-haiti\/","og_site_name":"O Arcanjo no ar","article_publisher":"https:\/\/www.facebook.com\/OArcanjoNoAr\/","article_published_time":"2010-01-13T14:19:20+00:00","article_modified_time":"2010-01-14T00:14:04+00:00","og_image":[{"url":"http:\/\/www.oarcanjo.net\/site\/wp-content\/uploads\/Zilda_010.jpg"}],"author":"rubens.meyer","twitter_card":"summary_large_image","twitter_misc":{"Escrito por":"rubens.meyer","Est. tempo de leitura":"2 minutos"},"schema":{"@context":"https:\/\/schema.org","@graph":[{"@type":"Article","@id":"https:\/\/www.oarcanjo.net\/site\/dra-zilda-arns-morre-em-missao-no-haiti\/#article","isPartOf":{"@id":"https:\/\/www.oarcanjo.net\/site\/dra-zilda-arns-morre-em-missao-no-haiti\/"},"author":{"name":"rubens.meyer","@id":"https:\/\/www.oarcanjo.net\/site\/#\/schema\/person\/8f702af457b0cfb4ac1a7228ee23f026"},"headline":"Dra. Zilda Arns morre em miss\u00e3o no Haiti","datePublished":"2010-01-13T14:19:20+00:00","dateModified":"2010-01-14T00:14:04+00:00","mainEntityOfPage":{"@id":"https:\/\/www.oarcanjo.net\/site\/dra-zilda-arns-morre-em-missao-no-haiti\/"},"wordCount":372,"commentCount":7,"publisher":{"@id":"https:\/\/www.oarcanjo.net\/site\/#organization"},"image":{"@id":"https:\/\/www.oarcanjo.net\/site\/dra-zilda-arns-morre-em-missao-no-haiti\/#primaryimage"},"thumbnailUrl":"http:\/\/www.oarcanjo.net\/site\/wp-content\/uploads\/Zilda_010.jpg","keywords":["Haiti","Pastoral da Crian\u00e7a","Pastoral da Pessoa Idosa","terremoto","Zilda Arns"],"articleSection":["Destaques","Not\u00edcias","V\u00eddeos"],"inLanguage":"pt-BR","potentialAction":[{"@type":"CommentAction","name":"Comment","target":["https:\/\/www.oarcanjo.net\/site\/dra-zilda-arns-morre-em-missao-no-haiti\/#respond"]}]},{"@type":"WebPage","@id":"https:\/\/www.oarcanjo.net\/site\/dra-zilda-arns-morre-em-missao-no-haiti\/","url":"https:\/\/www.oarcanjo.net\/site\/dra-zilda-arns-morre-em-missao-no-haiti\/","name":"Dra. Zilda Arns morre em miss\u00e3o no Haiti - O Arcanjo no ar","isPartOf":{"@id":"https:\/\/www.oarcanjo.net\/site\/#website"},"primaryImageOfPage":{"@id":"https:\/\/www.oarcanjo.net\/site\/dra-zilda-arns-morre-em-missao-no-haiti\/#primaryimage"},"image":{"@id":"https:\/\/www.oarcanjo.net\/site\/dra-zilda-arns-morre-em-missao-no-haiti\/#primaryimage"},"thumbnailUrl":"http:\/\/www.oarcanjo.net\/site\/wp-content\/uploads\/Zilda_010.jpg","datePublished":"2010-01-13T14:19:20+00:00","dateModified":"2010-01-14T00:14:04+00:00","breadcrumb":{"@id":"https:\/\/www.oarcanjo.net\/site\/dra-zilda-arns-morre-em-missao-no-haiti\/#breadcrumb"},"inLanguage":"pt-BR","potentialAction":[{"@type":"ReadAction","target":["https:\/\/www.oarcanjo.net\/site\/dra-zilda-arns-morre-em-missao-no-haiti\/"]}]},{"@type":"ImageObject","inLanguage":"pt-BR","@id":"https:\/\/www.oarcanjo.net\/site\/dra-zilda-arns-morre-em-missao-no-haiti\/#primaryimage","url":"https:\/\/www.oarcanjo.net\/site\/wp-content\/uploads\/Zilda_010.jpg","contentUrl":"https:\/\/www.oarcanjo.net\/site\/wp-content\/uploads\/Zilda_010.jpg","width":"596","height":"397","caption":"Zilda Arns"},{"@type":"BreadcrumbList","@id":"https:\/\/www.oarcanjo.net\/site\/dra-zilda-arns-morre-em-missao-no-haiti\/#breadcrumb","itemListElement":[{"@type":"ListItem","position":1,"name":"In\u00edcio","item":"https:\/\/www.oarcanjo.net\/site\/"},{"@type":"ListItem","position":2,"name":"Dra. Zilda Arns morre em miss\u00e3o no Haiti"}]},{"@type":"WebSite","@id":"https:\/\/www.oarcanjo.net\/site\/#website","url":"https:\/\/www.oarcanjo.net\/site\/","name":"O Arcanjo no ar","description":"Site da Par\u00f3quia S\u00e3o Miguel Arcanjo (Arquidiocese de SP)","publisher":{"@id":"https:\/\/www.oarcanjo.net\/site\/#organization"},"potentialAction":[{"@type":"SearchAction","target":{"@type":"EntryPoint","urlTemplate":"https:\/\/www.oarcanjo.net\/site\/?s={search_term_string}"},"query-input":{"@type":"PropertyValueSpecification","valueRequired":true,"valueName":"search_term_string"}}],"inLanguage":"pt-BR"},{"@type":"Organization","@id":"https:\/\/www.oarcanjo.net\/site\/#organization","name":"Par\u00f3quia S\u00e3o Miguel Arcanjo","url":"https:\/\/www.oarcanjo.net\/site\/","logo":{"@type":"ImageObject","inLanguage":"pt-BR","@id":"https:\/\/www.oarcanjo.net\/site\/#\/schema\/logo\/image\/","url":"https:\/\/www.oarcanjo.net\/site\/wp-content\/uploads\/LogoOArcanjo.png","contentUrl":"https:\/\/www.oarcanjo.net\/site\/wp-content\/uploads\/LogoOArcanjo.png","width":319,"height":99,"caption":"Par\u00f3quia S\u00e3o Miguel Arcanjo"},"image":{"@id":"https:\/\/www.oarcanjo.net\/site\/#\/schema\/logo\/image\/"},"sameAs":["https:\/\/www.facebook.com\/OArcanjoNoAr\/"]},{"@type":"Person","@id":"https:\/\/www.oarcanjo.net\/site\/#\/schema\/person\/8f702af457b0cfb4ac1a7228ee23f026","name":"rubens.meyer"}]}},"publishpress_future_action":{"enabled":false,"date":"2026-05-07 13:03:20","action":"category","newStatus":"draft","terms":[],"taxonomy":"category"},"publishpress_future_workflow_manual_trigger":{"enabledWorkflows":[]},"_links":{"self":[{"href":"https:\/\/www.oarcanjo.net\/site\/wp-json\/wp\/v2\/posts\/7269"}],"collection":[{"href":"https:\/\/www.oarcanjo.net\/site\/wp-json\/wp\/v2\/posts"}],"about":[{"href":"https:\/\/www.oarcanjo.net\/site\/wp-json\/wp\/v2\/types\/post"}],"author":[{"embeddable":true,"href":"https:\/\/www.oarcanjo.net\/site\/wp-json\/wp\/v2\/users\/2"}],"replies":[{"embeddable":true,"href":"https:\/\/www.oarcanjo.net\/site\/wp-json\/wp\/v2\/comments?post=7269"}],"version-history":[{"count":0,"href":"https:\/\/www.oarcanjo.net\/site\/wp-json\/wp\/v2\/posts\/7269\/revisions"}],"wp:attachment":[{"href":"https:\/\/www.oarcanjo.net\/site\/wp-json\/wp\/v2\/media?parent=7269"}],"wp:term":[{"taxonomy":"category","embeddable":true,"href":"https:\/\/www.oarcanjo.net\/site\/wp-json\/wp\/v2\/categories?post=7269"},{"taxonomy":"post_tag","embeddable":true,"href":"https:\/\/www.oarcanjo.net\/site\/wp-json\/wp\/v2\/tags?post=7269"}],"curies":[{"name":"wp","href":"https:\/\/api.w.org\/{rel}","templated":true}]}}