
{"id":72768,"date":"2016-05-27T17:37:58","date_gmt":"2016-05-27T20:37:58","guid":{"rendered":"http:\/\/www.oarcanjo.net\/site\/?p=72768"},"modified":"2016-05-30T18:46:18","modified_gmt":"2016-05-30T21:46:18","slug":"corpus-christi-procissao-pelas-ruas","status":"publish","type":"post","link":"https:\/\/www.oarcanjo.net\/site\/corpus-christi-procissao-pelas-ruas\/","title":{"rendered":"Corpus Christi &#8211; prociss\u00e3o pelas ruas"},"content":{"rendered":"<p style=\"text-align: justify;\">A \u00a0celebra\u00e7\u00e3o de Corpus Christi teve muita participa\u00e7\u00e3o. Ap\u00f3s a missa das 15hs na capela da Universidade S\u00e3o Judas Tadeu, a comunidade seguiu em prociss\u00e3o pelas ruas do bairro. Bandeiras, cantos, o p\u00e1lio, ora\u00e7\u00f5es. muita f\u00e9 na caminhada.<\/p>\n<p style=\"text-align: justify;\">No residencial IAPI, um longo tapete que cobria quase toda a extens\u00e3o da rua, delicadamente preparado pelos moradores. Misericordiosos como o Pai, foi a frase do primeiro quadro do bel\u00edssimo tapete. Pe Julio carregando o ostens\u00f3rio com o Sant\u00edssimo, num gesto de humildade e respeito, retirou sua sandalha. Silvia que levava o incenso repetiu o gesto. Muitos esperaram a prociss\u00e3o junto ao um altar, tradicionalmente preparado. Os fogos anunciaram a chegada. Ora\u00e7\u00f5es, partilha e distribui\u00e7\u00e3o de p\u00e3es, vinho e uvas.<\/p>\n<p style=\"text-align: justify;\">\u00a0Na sequ\u00eancia a caminhada prosseguiu com nova parada em frente \u00e0 casa da fam\u00edlia Fabretti. Nova recep\u00e7\u00e3o com o carinho e z\u00ealo que sempre marcou aquela fam\u00edlia. Primeiro os sinos tocaram e a m\u00fasica mais destacada &#8220;Prova de Amor maior n\u00e3o h\u00e1 que doar a vida pelo irm\u00e3o&#8221;.<\/p>\n<p style=\"text-align: justify;\">A noite foi chegando e a prociss\u00e3o \u00a0prosseguiu pelas ruas. O Pe Julio adentrou \u00e0 Igreja S\u00e3o Miguel com o ostens\u00f3rio ladeando das bandeiras da miseric\u00f3rdia. Os agradecimentos e as ora\u00e7\u00f5es finais.<\/p>\n<p>Vejam as fotos<\/p>\nngg_shortcode_0_placeholder\n<div id=\"themify_builder_content-72768\" data-postid=\"72768\" class=\"themify_builder_content themify_builder_content-72768 themify_builder themify_builder_front\">\n\t<\/div>\n<!-- \/themify_builder_content -->","protected":false},"excerpt":{"rendered":"<p>A  celebra\u00e7\u00e3o de Corpus Christi teve muita participa\u00e7\u00e3o. Ap\u00f3s a missa das 15hs na capela da Universidade S\u00e3o Judas Tadeu, a comunidade seguiu em prociss\u00e3o pelas ruas do bairro<\/p>\n","protected":false},"author":10,"featured_media":72791,"comment_status":"open","ping_status":"open","sticky":false,"template":"","format":"standard","meta":{"ngg_post_thumbnail":0,"footnotes":""},"categories":[3,8,7],"tags":[],"yoast_head":"<!-- This site is optimized with the Yoast SEO plugin v23.5 - https:\/\/yoast.com\/wordpress\/plugins\/seo\/ -->\n<title>Corpus Christi - prociss\u00e3o pelas ruas - O Arcanjo no ar<\/title>\n<meta name=\"robots\" content=\"index, follow, max-snippet:-1, max-image-preview:large, max-video-preview:-1\" \/>\n<link rel=\"canonical\" href=\"https:\/\/www.oarcanjo.net\/site\/corpus-christi-procissao-pelas-ruas\/\" \/>\n<meta property=\"og:locale\" content=\"pt_BR\" \/>\n<meta property=\"og:type\" content=\"article\" \/>\n<meta property=\"og:title\" content=\"Corpus Christi - prociss\u00e3o pelas ruas - O Arcanjo no ar\" \/>\n<meta property=\"og:description\" content=\"A celebra\u00e7\u00e3o de Corpus Christi teve muita participa\u00e7\u00e3o. Ap\u00f3s a missa das 15hs na capela da Universidade S\u00e3o Judas Tadeu, a comunidade seguiu em prociss\u00e3o pelas ruas do bairro\" \/>\n<meta property=\"og:url\" content=\"https:\/\/www.oarcanjo.net\/site\/corpus-christi-procissao-pelas-ruas\/\" \/>\n<meta property=\"og:site_name\" content=\"O Arcanjo no ar\" \/>\n<meta property=\"article:publisher\" content=\"https:\/\/www.facebook.com\/OArcanjoNoAr\/\" \/>\n<meta property=\"article:published_time\" content=\"2016-05-27T20:37:58+00:00\" \/>\n<meta property=\"article:modified_time\" content=\"2016-05-30T21:46:18+00:00\" \/>\n<meta property=\"og:image\" content=\"https:\/\/www.oarcanjo.net\/site\/wp-content\/uploads\/banner-corpus-christi-mai-2016.jpg\" \/>\n\t<meta property=\"og:image:width\" content=\"700\" \/>\n\t<meta property=\"og:image:height\" content=\"320\" \/>\n\t<meta property=\"og:image:type\" content=\"image\/jpeg\" \/>\n<meta name=\"author\" content=\"carlos\" \/>\n<meta name=\"twitter:card\" content=\"summary_large_image\" \/>\n<meta name=\"twitter:label1\" content=\"Escrito por\" \/>\n\t<meta name=\"twitter:data1\" content=\"carlos\" \/>\n\t<meta name=\"twitter:label2\" content=\"Est. tempo de leitura\" \/>\n\t<meta name=\"twitter:data2\" content=\"1 minuto\" \/>\n<script type=\"application\/ld+json\" class=\"yoast-schema-graph\">{\"@context\":\"https:\/\/schema.org\",\"@graph\":[{\"@type\":\"Article\",\"@id\":\"https:\/\/www.oarcanjo.net\/site\/corpus-christi-procissao-pelas-ruas\/#article\",\"isPartOf\":{\"@id\":\"https:\/\/www.oarcanjo.net\/site\/corpus-christi-procissao-pelas-ruas\/\"},\"author\":{\"name\":\"carlos\",\"@id\":\"https:\/\/www.oarcanjo.net\/site\/#\/schema\/person\/f7870e710d8c8c30673de3a0ac2e451d\"},\"headline\":\"Corpus Christi &#8211; prociss\u00e3o pelas ruas\",\"datePublished\":\"2016-05-27T20:37:58+00:00\",\"dateModified\":\"2016-05-30T21:46:18+00:00\",\"mainEntityOfPage\":{\"@id\":\"https:\/\/www.oarcanjo.net\/site\/corpus-christi-procissao-pelas-ruas\/\"},\"wordCount\":236,\"commentCount\":0,\"publisher\":{\"@id\":\"https:\/\/www.oarcanjo.net\/site\/#organization\"},\"image\":{\"@id\":\"https:\/\/www.oarcanjo.net\/site\/corpus-christi-procissao-pelas-ruas\/#primaryimage\"},\"thumbnailUrl\":\"https:\/\/www.oarcanjo.net\/site\/wp-content\/uploads\/banner-corpus-christi-mai-2016.jpg\",\"articleSection\":[\"Destaques\",\"Not\u00edcias\",\"Rosto da comunidade\"],\"inLanguage\":\"pt-BR\",\"potentialAction\":[{\"@type\":\"CommentAction\",\"name\":\"Comment\",\"target\":[\"https:\/\/www.oarcanjo.net\/site\/corpus-christi-procissao-pelas-ruas\/#respond\"]}]},{\"@type\":\"WebPage\",\"@id\":\"https:\/\/www.oarcanjo.net\/site\/corpus-christi-procissao-pelas-ruas\/\",\"url\":\"https:\/\/www.oarcanjo.net\/site\/corpus-christi-procissao-pelas-ruas\/\",\"name\":\"Corpus Christi - prociss\u00e3o pelas ruas - O Arcanjo no ar\",\"isPartOf\":{\"@id\":\"https:\/\/www.oarcanjo.net\/site\/#website\"},\"primaryImageOfPage\":{\"@id\":\"https:\/\/www.oarcanjo.net\/site\/corpus-christi-procissao-pelas-ruas\/#primaryimage\"},\"image\":{\"@id\":\"https:\/\/www.oarcanjo.net\/site\/corpus-christi-procissao-pelas-ruas\/#primaryimage\"},\"thumbnailUrl\":\"https:\/\/www.oarcanjo.net\/site\/wp-content\/uploads\/banner-corpus-christi-mai-2016.jpg\",\"datePublished\":\"2016-05-27T20:37:58+00:00\",\"dateModified\":\"2016-05-30T21:46:18+00:00\",\"breadcrumb\":{\"@id\":\"https:\/\/www.oarcanjo.net\/site\/corpus-christi-procissao-pelas-ruas\/#breadcrumb\"},\"inLanguage\":\"pt-BR\",\"potentialAction\":[{\"@type\":\"ReadAction\",\"target\":[\"https:\/\/www.oarcanjo.net\/site\/corpus-christi-procissao-pelas-ruas\/\"]}]},{\"@type\":\"ImageObject\",\"inLanguage\":\"pt-BR\",\"@id\":\"https:\/\/www.oarcanjo.net\/site\/corpus-christi-procissao-pelas-ruas\/#primaryimage\",\"url\":\"https:\/\/www.oarcanjo.net\/site\/wp-content\/uploads\/banner-corpus-christi-mai-2016.jpg\",\"contentUrl\":\"https:\/\/www.oarcanjo.net\/site\/wp-content\/uploads\/banner-corpus-christi-mai-2016.jpg\",\"width\":700,\"height\":320,\"caption\":\"Corpus Christi 2016\"},{\"@type\":\"BreadcrumbList\",\"@id\":\"https:\/\/www.oarcanjo.net\/site\/corpus-christi-procissao-pelas-ruas\/#breadcrumb\",\"itemListElement\":[{\"@type\":\"ListItem\",\"position\":1,\"name\":\"In\u00edcio\",\"item\":\"https:\/\/www.oarcanjo.net\/site\/\"},{\"@type\":\"ListItem\",\"position\":2,\"name\":\"Corpus Christi &#8211; prociss\u00e3o pelas ruas\"}]},{\"@type\":\"WebSite\",\"@id\":\"https:\/\/www.oarcanjo.net\/site\/#website\",\"url\":\"https:\/\/www.oarcanjo.net\/site\/\",\"name\":\"O Arcanjo no ar\",\"description\":\"Site da Par\u00f3quia S\u00e3o Miguel Arcanjo (Arquidiocese de SP)\",\"publisher\":{\"@id\":\"https:\/\/www.oarcanjo.net\/site\/#organization\"},\"potentialAction\":[{\"@type\":\"SearchAction\",\"target\":{\"@type\":\"EntryPoint\",\"urlTemplate\":\"https:\/\/www.oarcanjo.net\/site\/?s={search_term_string}\"},\"query-input\":{\"@type\":\"PropertyValueSpecification\",\"valueRequired\":true,\"valueName\":\"search_term_string\"}}],\"inLanguage\":\"pt-BR\"},{\"@type\":\"Organization\",\"@id\":\"https:\/\/www.oarcanjo.net\/site\/#organization\",\"name\":\"Par\u00f3quia S\u00e3o Miguel Arcanjo\",\"url\":\"https:\/\/www.oarcanjo.net\/site\/\",\"logo\":{\"@type\":\"ImageObject\",\"inLanguage\":\"pt-BR\",\"@id\":\"https:\/\/www.oarcanjo.net\/site\/#\/schema\/logo\/image\/\",\"url\":\"https:\/\/www.oarcanjo.net\/site\/wp-content\/uploads\/LogoOArcanjo.png\",\"contentUrl\":\"https:\/\/www.oarcanjo.net\/site\/wp-content\/uploads\/LogoOArcanjo.png\",\"width\":319,\"height\":99,\"caption\":\"Par\u00f3quia S\u00e3o Miguel Arcanjo\"},\"image\":{\"@id\":\"https:\/\/www.oarcanjo.net\/site\/#\/schema\/logo\/image\/\"},\"sameAs\":[\"https:\/\/www.facebook.com\/OArcanjoNoAr\/\"]},{\"@type\":\"Person\",\"@id\":\"https:\/\/www.oarcanjo.net\/site\/#\/schema\/person\/f7870e710d8c8c30673de3a0ac2e451d\",\"name\":\"carlos\"}]}<\/script>\n<!-- \/ Yoast SEO plugin. -->","yoast_head_json":{"title":"Corpus Christi - prociss\u00e3o pelas ruas - O Arcanjo no ar","robots":{"index":"index","follow":"follow","max-snippet":"max-snippet:-1","max-image-preview":"max-image-preview:large","max-video-preview":"max-video-preview:-1"},"canonical":"https:\/\/www.oarcanjo.net\/site\/corpus-christi-procissao-pelas-ruas\/","og_locale":"pt_BR","og_type":"article","og_title":"Corpus Christi - prociss\u00e3o pelas ruas - O Arcanjo no ar","og_description":"A celebra\u00e7\u00e3o de Corpus Christi teve muita participa\u00e7\u00e3o. Ap\u00f3s a missa das 15hs na capela da Universidade S\u00e3o Judas Tadeu, a comunidade seguiu em prociss\u00e3o pelas ruas do bairro","og_url":"https:\/\/www.oarcanjo.net\/site\/corpus-christi-procissao-pelas-ruas\/","og_site_name":"O Arcanjo no ar","article_publisher":"https:\/\/www.facebook.com\/OArcanjoNoAr\/","article_published_time":"2016-05-27T20:37:58+00:00","article_modified_time":"2016-05-30T21:46:18+00:00","og_image":[{"width":700,"height":320,"url":"https:\/\/www.oarcanjo.net\/site\/wp-content\/uploads\/banner-corpus-christi-mai-2016.jpg","type":"image\/jpeg"}],"author":"carlos","twitter_card":"summary_large_image","twitter_misc":{"Escrito por":"carlos","Est. tempo de leitura":"1 minuto"},"schema":{"@context":"https:\/\/schema.org","@graph":[{"@type":"Article","@id":"https:\/\/www.oarcanjo.net\/site\/corpus-christi-procissao-pelas-ruas\/#article","isPartOf":{"@id":"https:\/\/www.oarcanjo.net\/site\/corpus-christi-procissao-pelas-ruas\/"},"author":{"name":"carlos","@id":"https:\/\/www.oarcanjo.net\/site\/#\/schema\/person\/f7870e710d8c8c30673de3a0ac2e451d"},"headline":"Corpus Christi &#8211; prociss\u00e3o pelas ruas","datePublished":"2016-05-27T20:37:58+00:00","dateModified":"2016-05-30T21:46:18+00:00","mainEntityOfPage":{"@id":"https:\/\/www.oarcanjo.net\/site\/corpus-christi-procissao-pelas-ruas\/"},"wordCount":236,"commentCount":0,"publisher":{"@id":"https:\/\/www.oarcanjo.net\/site\/#organization"},"image":{"@id":"https:\/\/www.oarcanjo.net\/site\/corpus-christi-procissao-pelas-ruas\/#primaryimage"},"thumbnailUrl":"https:\/\/www.oarcanjo.net\/site\/wp-content\/uploads\/banner-corpus-christi-mai-2016.jpg","articleSection":["Destaques","Not\u00edcias","Rosto da comunidade"],"inLanguage":"pt-BR","potentialAction":[{"@type":"CommentAction","name":"Comment","target":["https:\/\/www.oarcanjo.net\/site\/corpus-christi-procissao-pelas-ruas\/#respond"]}]},{"@type":"WebPage","@id":"https:\/\/www.oarcanjo.net\/site\/corpus-christi-procissao-pelas-ruas\/","url":"https:\/\/www.oarcanjo.net\/site\/corpus-christi-procissao-pelas-ruas\/","name":"Corpus Christi - prociss\u00e3o pelas ruas - O Arcanjo no ar","isPartOf":{"@id":"https:\/\/www.oarcanjo.net\/site\/#website"},"primaryImageOfPage":{"@id":"https:\/\/www.oarcanjo.net\/site\/corpus-christi-procissao-pelas-ruas\/#primaryimage"},"image":{"@id":"https:\/\/www.oarcanjo.net\/site\/corpus-christi-procissao-pelas-ruas\/#primaryimage"},"thumbnailUrl":"https:\/\/www.oarcanjo.net\/site\/wp-content\/uploads\/banner-corpus-christi-mai-2016.jpg","datePublished":"2016-05-27T20:37:58+00:00","dateModified":"2016-05-30T21:46:18+00:00","breadcrumb":{"@id":"https:\/\/www.oarcanjo.net\/site\/corpus-christi-procissao-pelas-ruas\/#breadcrumb"},"inLanguage":"pt-BR","potentialAction":[{"@type":"ReadAction","target":["https:\/\/www.oarcanjo.net\/site\/corpus-christi-procissao-pelas-ruas\/"]}]},{"@type":"ImageObject","inLanguage":"pt-BR","@id":"https:\/\/www.oarcanjo.net\/site\/corpus-christi-procissao-pelas-ruas\/#primaryimage","url":"https:\/\/www.oarcanjo.net\/site\/wp-content\/uploads\/banner-corpus-christi-mai-2016.jpg","contentUrl":"https:\/\/www.oarcanjo.net\/site\/wp-content\/uploads\/banner-corpus-christi-mai-2016.jpg","width":700,"height":320,"caption":"Corpus Christi 2016"},{"@type":"BreadcrumbList","@id":"https:\/\/www.oarcanjo.net\/site\/corpus-christi-procissao-pelas-ruas\/#breadcrumb","itemListElement":[{"@type":"ListItem","position":1,"name":"In\u00edcio","item":"https:\/\/www.oarcanjo.net\/site\/"},{"@type":"ListItem","position":2,"name":"Corpus Christi &#8211; prociss\u00e3o pelas ruas"}]},{"@type":"WebSite","@id":"https:\/\/www.oarcanjo.net\/site\/#website","url":"https:\/\/www.oarcanjo.net\/site\/","name":"O Arcanjo no ar","description":"Site da Par\u00f3quia S\u00e3o Miguel Arcanjo (Arquidiocese de SP)","publisher":{"@id":"https:\/\/www.oarcanjo.net\/site\/#organization"},"potentialAction":[{"@type":"SearchAction","target":{"@type":"EntryPoint","urlTemplate":"https:\/\/www.oarcanjo.net\/site\/?s={search_term_string}"},"query-input":{"@type":"PropertyValueSpecification","valueRequired":true,"valueName":"search_term_string"}}],"inLanguage":"pt-BR"},{"@type":"Organization","@id":"https:\/\/www.oarcanjo.net\/site\/#organization","name":"Par\u00f3quia S\u00e3o Miguel Arcanjo","url":"https:\/\/www.oarcanjo.net\/site\/","logo":{"@type":"ImageObject","inLanguage":"pt-BR","@id":"https:\/\/www.oarcanjo.net\/site\/#\/schema\/logo\/image\/","url":"https:\/\/www.oarcanjo.net\/site\/wp-content\/uploads\/LogoOArcanjo.png","contentUrl":"https:\/\/www.oarcanjo.net\/site\/wp-content\/uploads\/LogoOArcanjo.png","width":319,"height":99,"caption":"Par\u00f3quia S\u00e3o Miguel Arcanjo"},"image":{"@id":"https:\/\/www.oarcanjo.net\/site\/#\/schema\/logo\/image\/"},"sameAs":["https:\/\/www.facebook.com\/OArcanjoNoAr\/"]},{"@type":"Person","@id":"https:\/\/www.oarcanjo.net\/site\/#\/schema\/person\/f7870e710d8c8c30673de3a0ac2e451d","name":"carlos"}]}},"publishpress_future_action":{"enabled":false,"date":"2026-05-08 19:33:35","action":"category","newStatus":"draft","terms":[],"taxonomy":"category"},"publishpress_future_workflow_manual_trigger":{"enabledWorkflows":[]},"_links":{"self":[{"href":"https:\/\/www.oarcanjo.net\/site\/wp-json\/wp\/v2\/posts\/72768"}],"collection":[{"href":"https:\/\/www.oarcanjo.net\/site\/wp-json\/wp\/v2\/posts"}],"about":[{"href":"https:\/\/www.oarcanjo.net\/site\/wp-json\/wp\/v2\/types\/post"}],"author":[{"embeddable":true,"href":"https:\/\/www.oarcanjo.net\/site\/wp-json\/wp\/v2\/users\/10"}],"replies":[{"embeddable":true,"href":"https:\/\/www.oarcanjo.net\/site\/wp-json\/wp\/v2\/comments?post=72768"}],"version-history":[{"count":0,"href":"https:\/\/www.oarcanjo.net\/site\/wp-json\/wp\/v2\/posts\/72768\/revisions"}],"wp:featuredmedia":[{"embeddable":true,"href":"https:\/\/www.oarcanjo.net\/site\/wp-json\/wp\/v2\/media\/72791"}],"wp:attachment":[{"href":"https:\/\/www.oarcanjo.net\/site\/wp-json\/wp\/v2\/media?parent=72768"}],"wp:term":[{"taxonomy":"category","embeddable":true,"href":"https:\/\/www.oarcanjo.net\/site\/wp-json\/wp\/v2\/categories?post=72768"},{"taxonomy":"post_tag","embeddable":true,"href":"https:\/\/www.oarcanjo.net\/site\/wp-json\/wp\/v2\/tags?post=72768"}],"curies":[{"name":"wp","href":"https:\/\/api.w.org\/{rel}","templated":true}]}}