
{"id":7291,"date":"2010-01-13T10:01:29","date_gmt":"2010-01-13T12:01:29","guid":{"rendered":"http:\/\/www.oarcanjo.net\/site\/?p=7291"},"modified":"2010-01-13T16:09:29","modified_gmt":"2010-01-13T18:09:29","slug":"nota-de-pesar-da-arquidiocese-de-sao-salvador-da-bahia","status":"publish","type":"post","link":"https:\/\/www.oarcanjo.net\/site\/nota-de-pesar-da-arquidiocese-de-sao-salvador-da-bahia\/","title":{"rendered":"Nota de pesar da Arquidiocese de S\u00e3o Salvador da Bahia"},"content":{"rendered":"<p>A Arquidiocese de S\u00e3o Salvador da Bahia, na pessoa do Sr. Cardeal arcebispo, dom Geraldo Majella Agnelo, dos bispos auxiliares, dos sacerdotes, di\u00e1conos, religiosos e religiosas e de todo o povo de Deus, sente-se profundamente entristecida com as consequ\u00eancias do terremoto que atingiu a j\u00e1 desafiada comunidade haitiana.<\/p>\n<p>O povo do Haiti, em processo de reconstru\u00e7\u00e3o do pa\u00eds depois dos anos de exce\u00e7\u00e3o pol\u00edtica, v\u00ea-se agora abatido por uma cat\u00e1strofe de propor\u00e7\u00f5es inigual\u00e1veis. Empenhamos a nossa mais profunda solidariedade com nossos irm\u00e3os do Haiti, com ora\u00e7\u00f5es e s\u00faplicas para que a reestrutura\u00e7\u00e3o f\u00edsica acompanhe a recupera\u00e7\u00e3o humana e espiritual, mantendo viva a esperan\u00e7a e o esp\u00edrito de luta t\u00e3o pr\u00f3prios daquele povo.<\/p>\n<p>A consterna\u00e7\u00e3o pelo acontecido se amplia com a not\u00edcia da morte de brasileiros, entre os quais da Dra. Zilda Arns Neumann, m\u00e9dica, pediatra e sanitarista. Mulher que honrou o Brasil com seu trabalho de total doa\u00e7\u00e3o \u00e0 vida, atrav\u00e9s das crian\u00e7as e suas fam\u00edlias, Dra. Zilda deixa uma lacuna em nossos cora\u00e7\u00f5es.<\/p>\n<p>O sentimento de gratid\u00e3o por todo bem que ela fez nos anos que lhe foram concedidos viver, deve despertar em todos n\u00f3s um compromisso renovado em dar continuidade ao seu legado.<\/p>\n<p>O cardeal arcebispo dom Geraldo Majella Agnelo presidir\u00e1 Celebra\u00e7\u00e3o Eucar\u00edstica pelas vitimas do terremoto, entre as quais a Dra. Zilda, hoje \u00e0s 18h na Capela Sagrada Fam\u00edlia da C\u00faria Bom Pastor (Av. Leovigildo Filgueiras, 270. Dorot\u00e9ias &#8211; Garcia), na capital baiana.<\/p>\n<div id=\"themify_builder_content-7291\" data-postid=\"7291\" class=\"themify_builder_content themify_builder_content-7291 themify_builder themify_builder_front\">\n\t<\/div>\n<!-- \/themify_builder_content -->","protected":false},"excerpt":{"rendered":"<p>A Arquidiocese de S\u00e3o Salvador da Bahia, na pessoa do Sr. Cardeal arcebispo, dom Geraldo Majella Agnelo, dos bispos auxiliares, dos sacerdotes, di\u00e1conos, religiosos e religiosas e de todo o povo de Deus, sente-se profundamente entristecida com as consequ\u00eancias do terremoto que atingiu a j\u00e1 desafiada comunidade haitiana. O povo do Haiti, em processo de [&hellip;]<\/p>\n","protected":false},"author":5,"featured_media":0,"comment_status":"open","ping_status":"open","sticky":false,"template":"","format":"standard","meta":{"ngg_post_thumbnail":0,"footnotes":""},"categories":[8],"tags":[1404,295,1407,1405,306],"yoast_head":"<!-- This site is optimized with the Yoast SEO plugin v23.5 - https:\/\/yoast.com\/wordpress\/plugins\/seo\/ -->\n<title>Nota de pesar da Arquidiocese de S\u00e3o Salvador da Bahia - O Arcanjo no ar<\/title>\n<meta name=\"robots\" content=\"index, follow, max-snippet:-1, max-image-preview:large, max-video-preview:-1\" \/>\n<link rel=\"canonical\" href=\"https:\/\/www.oarcanjo.net\/site\/nota-de-pesar-da-arquidiocese-de-sao-salvador-da-bahia\/\" \/>\n<meta property=\"og:locale\" content=\"pt_BR\" \/>\n<meta property=\"og:type\" content=\"article\" \/>\n<meta property=\"og:title\" content=\"Nota de pesar da Arquidiocese de S\u00e3o Salvador da Bahia - O Arcanjo no ar\" \/>\n<meta property=\"og:description\" content=\"A Arquidiocese de S\u00e3o Salvador da Bahia, na pessoa do Sr. Cardeal arcebispo, dom Geraldo Majella Agnelo, dos bispos auxiliares, dos sacerdotes, di\u00e1conos, religiosos e religiosas e de todo o povo de Deus, sente-se profundamente entristecida com as consequ\u00eancias do terremoto que atingiu a j\u00e1 desafiada comunidade haitiana. O povo do Haiti, em processo de [&hellip;]\" \/>\n<meta property=\"og:url\" content=\"https:\/\/www.oarcanjo.net\/site\/nota-de-pesar-da-arquidiocese-de-sao-salvador-da-bahia\/\" \/>\n<meta property=\"og:site_name\" content=\"O Arcanjo no ar\" \/>\n<meta property=\"article:publisher\" content=\"https:\/\/www.facebook.com\/OArcanjoNoAr\/\" \/>\n<meta property=\"article:published_time\" content=\"2010-01-13T12:01:29+00:00\" \/>\n<meta property=\"article:modified_time\" content=\"2010-01-13T18:09:29+00:00\" \/>\n<meta property=\"og:image\" content=\"https:\/\/www.oarcanjo.net\/site\/wp-content\/uploads\/logo-o-arcanjo-no-ar-facebook.png\" \/>\n\t<meta property=\"og:image:width\" content=\"300\" \/>\n\t<meta property=\"og:image:height\" content=\"300\" \/>\n\t<meta property=\"og:image:type\" content=\"image\/png\" \/>\n<meta name=\"author\" content=\"editor\" \/>\n<meta name=\"twitter:card\" content=\"summary_large_image\" \/>\n<meta name=\"twitter:label1\" content=\"Escrito por\" \/>\n\t<meta name=\"twitter:data1\" content=\"editor\" \/>\n\t<meta name=\"twitter:label2\" content=\"Est. tempo de leitura\" \/>\n\t<meta name=\"twitter:data2\" content=\"1 minuto\" \/>\n<script type=\"application\/ld+json\" class=\"yoast-schema-graph\">{\"@context\":\"https:\/\/schema.org\",\"@graph\":[{\"@type\":\"Article\",\"@id\":\"https:\/\/www.oarcanjo.net\/site\/nota-de-pesar-da-arquidiocese-de-sao-salvador-da-bahia\/#article\",\"isPartOf\":{\"@id\":\"https:\/\/www.oarcanjo.net\/site\/nota-de-pesar-da-arquidiocese-de-sao-salvador-da-bahia\/\"},\"author\":{\"name\":\"editor\",\"@id\":\"https:\/\/www.oarcanjo.net\/site\/#\/schema\/person\/f7024d007863202483a31326673a0838\"},\"headline\":\"Nota de pesar da Arquidiocese de S\u00e3o Salvador da Bahia\",\"datePublished\":\"2010-01-13T12:01:29+00:00\",\"dateModified\":\"2010-01-13T18:09:29+00:00\",\"mainEntityOfPage\":{\"@id\":\"https:\/\/www.oarcanjo.net\/site\/nota-de-pesar-da-arquidiocese-de-sao-salvador-da-bahia\/\"},\"wordCount\":281,\"commentCount\":0,\"publisher\":{\"@id\":\"https:\/\/www.oarcanjo.net\/site\/#organization\"},\"keywords\":[\"Haiti\",\"Pastoral da Crian\u00e7a\",\"Salvador\",\"terremoto\",\"Zilda Arns\"],\"articleSection\":[\"Not\u00edcias\"],\"inLanguage\":\"pt-BR\",\"potentialAction\":[{\"@type\":\"CommentAction\",\"name\":\"Comment\",\"target\":[\"https:\/\/www.oarcanjo.net\/site\/nota-de-pesar-da-arquidiocese-de-sao-salvador-da-bahia\/#respond\"]}]},{\"@type\":\"WebPage\",\"@id\":\"https:\/\/www.oarcanjo.net\/site\/nota-de-pesar-da-arquidiocese-de-sao-salvador-da-bahia\/\",\"url\":\"https:\/\/www.oarcanjo.net\/site\/nota-de-pesar-da-arquidiocese-de-sao-salvador-da-bahia\/\",\"name\":\"Nota de pesar da Arquidiocese de S\u00e3o Salvador da Bahia - O Arcanjo no ar\",\"isPartOf\":{\"@id\":\"https:\/\/www.oarcanjo.net\/site\/#website\"},\"datePublished\":\"2010-01-13T12:01:29+00:00\",\"dateModified\":\"2010-01-13T18:09:29+00:00\",\"breadcrumb\":{\"@id\":\"https:\/\/www.oarcanjo.net\/site\/nota-de-pesar-da-arquidiocese-de-sao-salvador-da-bahia\/#breadcrumb\"},\"inLanguage\":\"pt-BR\",\"potentialAction\":[{\"@type\":\"ReadAction\",\"target\":[\"https:\/\/www.oarcanjo.net\/site\/nota-de-pesar-da-arquidiocese-de-sao-salvador-da-bahia\/\"]}]},{\"@type\":\"BreadcrumbList\",\"@id\":\"https:\/\/www.oarcanjo.net\/site\/nota-de-pesar-da-arquidiocese-de-sao-salvador-da-bahia\/#breadcrumb\",\"itemListElement\":[{\"@type\":\"ListItem\",\"position\":1,\"name\":\"In\u00edcio\",\"item\":\"https:\/\/www.oarcanjo.net\/site\/\"},{\"@type\":\"ListItem\",\"position\":2,\"name\":\"Nota de pesar da Arquidiocese de S\u00e3o Salvador da Bahia\"}]},{\"@type\":\"WebSite\",\"@id\":\"https:\/\/www.oarcanjo.net\/site\/#website\",\"url\":\"https:\/\/www.oarcanjo.net\/site\/\",\"name\":\"O Arcanjo no ar\",\"description\":\"Site da Par\u00f3quia S\u00e3o Miguel Arcanjo (Arquidiocese de SP)\",\"publisher\":{\"@id\":\"https:\/\/www.oarcanjo.net\/site\/#organization\"},\"potentialAction\":[{\"@type\":\"SearchAction\",\"target\":{\"@type\":\"EntryPoint\",\"urlTemplate\":\"https:\/\/www.oarcanjo.net\/site\/?s={search_term_string}\"},\"query-input\":{\"@type\":\"PropertyValueSpecification\",\"valueRequired\":true,\"valueName\":\"search_term_string\"}}],\"inLanguage\":\"pt-BR\"},{\"@type\":\"Organization\",\"@id\":\"https:\/\/www.oarcanjo.net\/site\/#organization\",\"name\":\"Par\u00f3quia S\u00e3o Miguel Arcanjo\",\"url\":\"https:\/\/www.oarcanjo.net\/site\/\",\"logo\":{\"@type\":\"ImageObject\",\"inLanguage\":\"pt-BR\",\"@id\":\"https:\/\/www.oarcanjo.net\/site\/#\/schema\/logo\/image\/\",\"url\":\"https:\/\/www.oarcanjo.net\/site\/wp-content\/uploads\/LogoOArcanjo.png\",\"contentUrl\":\"https:\/\/www.oarcanjo.net\/site\/wp-content\/uploads\/LogoOArcanjo.png\",\"width\":319,\"height\":99,\"caption\":\"Par\u00f3quia S\u00e3o Miguel Arcanjo\"},\"image\":{\"@id\":\"https:\/\/www.oarcanjo.net\/site\/#\/schema\/logo\/image\/\"},\"sameAs\":[\"https:\/\/www.facebook.com\/OArcanjoNoAr\/\"]},{\"@type\":\"Person\",\"@id\":\"https:\/\/www.oarcanjo.net\/site\/#\/schema\/person\/f7024d007863202483a31326673a0838\",\"name\":\"editor\",\"sameAs\":[\"http:\/\/www.oarcanjo.net\"]}]}<\/script>\n<!-- \/ Yoast SEO plugin. -->","yoast_head_json":{"title":"Nota de pesar da Arquidiocese de S\u00e3o Salvador da Bahia - O Arcanjo no ar","robots":{"index":"index","follow":"follow","max-snippet":"max-snippet:-1","max-image-preview":"max-image-preview:large","max-video-preview":"max-video-preview:-1"},"canonical":"https:\/\/www.oarcanjo.net\/site\/nota-de-pesar-da-arquidiocese-de-sao-salvador-da-bahia\/","og_locale":"pt_BR","og_type":"article","og_title":"Nota de pesar da Arquidiocese de S\u00e3o Salvador da Bahia - O Arcanjo no ar","og_description":"A Arquidiocese de S\u00e3o Salvador da Bahia, na pessoa do Sr. Cardeal arcebispo, dom Geraldo Majella Agnelo, dos bispos auxiliares, dos sacerdotes, di\u00e1conos, religiosos e religiosas e de todo o povo de Deus, sente-se profundamente entristecida com as consequ\u00eancias do terremoto que atingiu a j\u00e1 desafiada comunidade haitiana. O povo do Haiti, em processo de [&hellip;]","og_url":"https:\/\/www.oarcanjo.net\/site\/nota-de-pesar-da-arquidiocese-de-sao-salvador-da-bahia\/","og_site_name":"O Arcanjo no ar","article_publisher":"https:\/\/www.facebook.com\/OArcanjoNoAr\/","article_published_time":"2010-01-13T12:01:29+00:00","article_modified_time":"2010-01-13T18:09:29+00:00","og_image":[{"width":300,"height":300,"url":"https:\/\/www.oarcanjo.net\/site\/wp-content\/uploads\/logo-o-arcanjo-no-ar-facebook.png","type":"image\/png"}],"author":"editor","twitter_card":"summary_large_image","twitter_misc":{"Escrito por":"editor","Est. tempo de leitura":"1 minuto"},"schema":{"@context":"https:\/\/schema.org","@graph":[{"@type":"Article","@id":"https:\/\/www.oarcanjo.net\/site\/nota-de-pesar-da-arquidiocese-de-sao-salvador-da-bahia\/#article","isPartOf":{"@id":"https:\/\/www.oarcanjo.net\/site\/nota-de-pesar-da-arquidiocese-de-sao-salvador-da-bahia\/"},"author":{"name":"editor","@id":"https:\/\/www.oarcanjo.net\/site\/#\/schema\/person\/f7024d007863202483a31326673a0838"},"headline":"Nota de pesar da Arquidiocese de S\u00e3o Salvador da Bahia","datePublished":"2010-01-13T12:01:29+00:00","dateModified":"2010-01-13T18:09:29+00:00","mainEntityOfPage":{"@id":"https:\/\/www.oarcanjo.net\/site\/nota-de-pesar-da-arquidiocese-de-sao-salvador-da-bahia\/"},"wordCount":281,"commentCount":0,"publisher":{"@id":"https:\/\/www.oarcanjo.net\/site\/#organization"},"keywords":["Haiti","Pastoral da Crian\u00e7a","Salvador","terremoto","Zilda Arns"],"articleSection":["Not\u00edcias"],"inLanguage":"pt-BR","potentialAction":[{"@type":"CommentAction","name":"Comment","target":["https:\/\/www.oarcanjo.net\/site\/nota-de-pesar-da-arquidiocese-de-sao-salvador-da-bahia\/#respond"]}]},{"@type":"WebPage","@id":"https:\/\/www.oarcanjo.net\/site\/nota-de-pesar-da-arquidiocese-de-sao-salvador-da-bahia\/","url":"https:\/\/www.oarcanjo.net\/site\/nota-de-pesar-da-arquidiocese-de-sao-salvador-da-bahia\/","name":"Nota de pesar da Arquidiocese de S\u00e3o Salvador da Bahia - O Arcanjo no ar","isPartOf":{"@id":"https:\/\/www.oarcanjo.net\/site\/#website"},"datePublished":"2010-01-13T12:01:29+00:00","dateModified":"2010-01-13T18:09:29+00:00","breadcrumb":{"@id":"https:\/\/www.oarcanjo.net\/site\/nota-de-pesar-da-arquidiocese-de-sao-salvador-da-bahia\/#breadcrumb"},"inLanguage":"pt-BR","potentialAction":[{"@type":"ReadAction","target":["https:\/\/www.oarcanjo.net\/site\/nota-de-pesar-da-arquidiocese-de-sao-salvador-da-bahia\/"]}]},{"@type":"BreadcrumbList","@id":"https:\/\/www.oarcanjo.net\/site\/nota-de-pesar-da-arquidiocese-de-sao-salvador-da-bahia\/#breadcrumb","itemListElement":[{"@type":"ListItem","position":1,"name":"In\u00edcio","item":"https:\/\/www.oarcanjo.net\/site\/"},{"@type":"ListItem","position":2,"name":"Nota de pesar da Arquidiocese de S\u00e3o Salvador da Bahia"}]},{"@type":"WebSite","@id":"https:\/\/www.oarcanjo.net\/site\/#website","url":"https:\/\/www.oarcanjo.net\/site\/","name":"O Arcanjo no ar","description":"Site da Par\u00f3quia S\u00e3o Miguel Arcanjo (Arquidiocese de SP)","publisher":{"@id":"https:\/\/www.oarcanjo.net\/site\/#organization"},"potentialAction":[{"@type":"SearchAction","target":{"@type":"EntryPoint","urlTemplate":"https:\/\/www.oarcanjo.net\/site\/?s={search_term_string}"},"query-input":{"@type":"PropertyValueSpecification","valueRequired":true,"valueName":"search_term_string"}}],"inLanguage":"pt-BR"},{"@type":"Organization","@id":"https:\/\/www.oarcanjo.net\/site\/#organization","name":"Par\u00f3quia S\u00e3o Miguel Arcanjo","url":"https:\/\/www.oarcanjo.net\/site\/","logo":{"@type":"ImageObject","inLanguage":"pt-BR","@id":"https:\/\/www.oarcanjo.net\/site\/#\/schema\/logo\/image\/","url":"https:\/\/www.oarcanjo.net\/site\/wp-content\/uploads\/LogoOArcanjo.png","contentUrl":"https:\/\/www.oarcanjo.net\/site\/wp-content\/uploads\/LogoOArcanjo.png","width":319,"height":99,"caption":"Par\u00f3quia S\u00e3o Miguel Arcanjo"},"image":{"@id":"https:\/\/www.oarcanjo.net\/site\/#\/schema\/logo\/image\/"},"sameAs":["https:\/\/www.facebook.com\/OArcanjoNoAr\/"]},{"@type":"Person","@id":"https:\/\/www.oarcanjo.net\/site\/#\/schema\/person\/f7024d007863202483a31326673a0838","name":"editor","sameAs":["http:\/\/www.oarcanjo.net"]}]}},"publishpress_future_action":{"enabled":false,"date":"2026-05-07 08:08:00","action":"category","newStatus":"draft","terms":[],"taxonomy":"category"},"publishpress_future_workflow_manual_trigger":{"enabledWorkflows":[]},"_links":{"self":[{"href":"https:\/\/www.oarcanjo.net\/site\/wp-json\/wp\/v2\/posts\/7291"}],"collection":[{"href":"https:\/\/www.oarcanjo.net\/site\/wp-json\/wp\/v2\/posts"}],"about":[{"href":"https:\/\/www.oarcanjo.net\/site\/wp-json\/wp\/v2\/types\/post"}],"author":[{"embeddable":true,"href":"https:\/\/www.oarcanjo.net\/site\/wp-json\/wp\/v2\/users\/5"}],"replies":[{"embeddable":true,"href":"https:\/\/www.oarcanjo.net\/site\/wp-json\/wp\/v2\/comments?post=7291"}],"version-history":[{"count":0,"href":"https:\/\/www.oarcanjo.net\/site\/wp-json\/wp\/v2\/posts\/7291\/revisions"}],"wp:attachment":[{"href":"https:\/\/www.oarcanjo.net\/site\/wp-json\/wp\/v2\/media?parent=7291"}],"wp:term":[{"taxonomy":"category","embeddable":true,"href":"https:\/\/www.oarcanjo.net\/site\/wp-json\/wp\/v2\/categories?post=7291"},{"taxonomy":"post_tag","embeddable":true,"href":"https:\/\/www.oarcanjo.net\/site\/wp-json\/wp\/v2\/tags?post=7291"}],"curies":[{"name":"wp","href":"https:\/\/api.w.org\/{rel}","templated":true}]}}