
{"id":7294,"date":"2010-01-13T22:51:34","date_gmt":"2010-01-14T00:51:34","guid":{"rendered":"http:\/\/www.oarcanjo.net\/site\/?p=7294"},"modified":"2010-01-13T22:51:34","modified_gmt":"2010-01-14T00:51:34","slug":"musicas-que-falam-em-mudar-o-nosso-mundo","status":"publish","type":"post","link":"https:\/\/www.oarcanjo.net\/site\/musicas-que-falam-em-mudar-o-nosso-mundo\/","title":{"rendered":"M\u00fasicas que falam em mudar o nosso mundo"},"content":{"rendered":"<p>As m\u00fasicas abaixo falam de salvar nosso mundo as m\u00fasicas s\u00e3o do grande artista \u00a0Michael Jackson e do grupo Rouge.<\/p>\n<p>M\u00fasica Vamos mudar o mundo do grupo Rouge:<\/p>\n<p>Vamos mudar o mundo.<br \/>\nAgora, nesse instante<br \/>\nVamos mudar o rumo<br \/>\nQuerer \u00e9 o importante.<br \/>\nVamos olhar pra dentro dos sentimentos<br \/>\nQue o amor renova o universo<br \/>\nMudar o mundo<br \/>\nCome\u00e7a por voc\u00ea,come\u00e7a por voc\u00ea<br \/>\nVoc\u00ea vai ver que as cores<br \/>\nS\u00e3o muito mais brilhantes<br \/>\nVai ver com outros olhos<br \/>\nMagia em toda parte<\/p>\n<p>Vem,vamos em frente,olhando pro horizonte<br \/>\nSe o sol tamb\u00e9m renasce<br \/>\nRenascer\u00e3o os homens<br \/>\nMudar o mundo come\u00e7a por voc\u00ea<br \/>\nPra renovar a esperan\u00e7a, come\u00e7a por voc\u00ea<br \/>\nSe voc\u00ea achar que se pode mudar Se eu quero um novo c\u00e9u<br \/>\nPrimeiro pe\u00e7o a Deus<br \/>\nElevo minhas preces<br \/>\nPro mundo ser feliz<br \/>\nPara mudar o mundo, come\u00e7o por mim.<br \/>\nPara mudar o mundo<br \/>\nCome\u00e7o por mim<br \/>\nPara mudar o mundo&#8230;<\/p>\n<p>Vem mudar hoje mesmo<br \/>\nO destino dessa viagem.<br \/>\nVai ver que \u00e9 bem melhor<br \/>\nS\u00f3 tem que ter coragem<br \/>\nVem, vamos em frente&#8230;<\/p>\n<p>M\u00fasica Earth Song de Michael Jackson:<\/p>\n<p>O que aconteceu com o nascer do sol?<br \/>\nE com a chuva?<br \/>\nO que aconteceu com tudo<br \/>\nQue voc\u00ea disse que ir\u00edamos ganhar?<br \/>\nE os campos de exterm\u00ednio?<br \/>\nVamos ter um descanso?<br \/>\nE o que aconteceu com tudo<br \/>\nQue voc\u00ea disse que era meu e seu?<br \/>\nVoc\u00ea j\u00e1 parou para pensar<br \/>\nSobre todo o sangue derramado?<br \/>\nJ\u00e1 parou pra pensar<br \/>\nQue a Terra, os mares est\u00e3o chorando?<\/p>\n<p>Aaaaaaaaaah Aaaaaaaaaah<\/p>\n<p>O que fizemos com o mundo?<br \/>\nOlhe o que fizemos<br \/>\nE a paz<br \/>\nQue voc\u00ea prometeu a seu \u00fanico filho?<br \/>\nO que aconteceu com os campos floridos?<br \/>\nVamos ter um descanso?<br \/>\nO que aconteceu com todos os sonhos<br \/>\nQue voc\u00ea disse serem seus e meus?<br \/>\nVoc\u00ea j\u00e1 parou para pensar<br \/>\nSobre todas as crian\u00e7as mortas com a guerra?<br \/>\nVoc\u00ea j\u00e1 parou para pensar<br \/>\nQue a Terra, os mares est\u00e3o chorando?<br \/>\nAaaaaaaaaah Aaaaaaaaaah<\/p>\n<p>Eu costumava sonhar<br \/>\nCostumava viajar al\u00e9m das estrelas<br \/>\nAgora j\u00e1 n\u00e3o sei onde estamos<br \/>\nEmbora saiba que fomos muitos longe<\/p>\n<p>Aaaaaaaaaah Aaaaaaaaaah<br \/>\nAaaaaaaaaah Aaaaaaaaaah<\/p>\n<p>O que vai virar do passado?<br \/>\n(E de n\u00f3s?)<br \/>\nE os mares?<br \/>\n(E de n\u00f3s?)<br \/>\nO c\u00e9u est\u00e1 caindo<br \/>\n(E de n\u00f3s?)<br \/>\nN\u00e3o consigo nem respirar<br \/>\n(E de n\u00f3s?)<br \/>\nE a terra sangrando?<br \/>\n(E de n\u00f3s?)<br \/>\nN\u00e3o conseguimos sentir as feridas?<br \/>\n(E de n\u00f3s?)<br \/>\nE o valor da natureza?<\/p>\n<p>(ooo, ooo)<\/p>\n<p>\u00c9 o vento do nosso planeta<br \/>\n(E de n\u00f3s?)<br \/>\nE os animais?<br \/>\n(E de n\u00f3s?)<br \/>\nFizemos de reinados, poeira<br \/>\n(E de n\u00f3s?)<br \/>\nE os elefantes?<br \/>\n(E de n\u00f3s?)<br \/>\nPerdemos a confian\u00e7a deles?<br \/>\n(E de n\u00f3s?)<br \/>\nE as baleias chorando?<br \/>\n(E de n\u00f3s?)<br \/>\nEstamos destruindo os mares<br \/>\n(E de n\u00f3s?)<br \/>\nE as florestas?<\/p>\n<p>(ooo, ooo)<\/p>\n<p>Queimadas, apesar dos apelos<br \/>\n(E de n\u00f3s?)<br \/>\nE a terra prometida?<br \/>\n(E de n\u00f3s?)<br \/>\nRasgada ao meio pelos dogmas<br \/>\n(E de n\u00f3s?)<br \/>\nE o homem comum?<br \/>\n(E de n\u00f3s?)<br \/>\nN\u00e3o podemos libert\u00e1-lo?<br \/>\n(E de n\u00f3s?)<br \/>\nE as crian\u00e7as chorando?<br \/>\n(E de n\u00f3s?)<br \/>\nN\u00e3o consegue ouvi-las chorar?<br \/>\n(E de n\u00f3s?)<br \/>\nO que fizemos de errado?<\/p>\n<p>(ooo, ooo)<\/p>\n<p>Algu\u00e9m me fale o porqu\u00ea<br \/>\n(E de n\u00f3s?)<br \/>\nE os beb\u00eas?<br \/>\n(E de n\u00f3s?)<br \/>\nE os dias?<br \/>\n(E de n\u00f3s?)<br \/>\nE toda a alegria?<br \/>\n(E de n\u00f3s?)<br \/>\nE o homem?<br \/>\n(E de n\u00f3s?)<br \/>\nO homem chorando?<br \/>\n(E de n\u00f3s?)<br \/>\nE Abra\u00e3o?<br \/>\n(E de n\u00f3s?)<br \/>\nE a morte de novo?<\/p>\n<p>(ooo, ooo)<\/p>\n<p>A gente se importa?<\/p>\n<div id=\"themify_builder_content-7294\" data-postid=\"7294\" class=\"themify_builder_content themify_builder_content-7294 themify_builder themify_builder_front\">\n\t<\/div>\n<!-- \/themify_builder_content -->","protected":false},"excerpt":{"rendered":"<p>As m\u00fasicas abaixo falam de salvar nosso mundo as m\u00fasicas s\u00e3o do grande artista \u00a0Michael Jackson e do grupo Rouge. M\u00fasica Vamos mudar o mundo do grupo Rouge: Vamos mudar o mundo. Agora, nesse instante Vamos mudar o rumo Querer \u00e9 o importante. Vamos olhar pra dentro dos sentimentos Que o amor renova o universo [&hellip;]<\/p>\n","protected":false},"author":12,"featured_media":0,"comment_status":"open","ping_status":"open","sticky":false,"template":"","format":"standard","meta":{"ngg_post_thumbnail":0,"footnotes":""},"categories":[395],"tags":[468],"yoast_head":"<!-- This site is optimized with the Yoast SEO plugin v23.5 - https:\/\/yoast.com\/wordpress\/plugins\/seo\/ -->\n<title>M\u00fasicas que falam em mudar o nosso mundo - O Arcanjo no ar<\/title>\n<meta name=\"robots\" content=\"index, follow, max-snippet:-1, max-image-preview:large, max-video-preview:-1\" \/>\n<link rel=\"canonical\" href=\"https:\/\/www.oarcanjo.net\/site\/musicas-que-falam-em-mudar-o-nosso-mundo\/\" \/>\n<meta property=\"og:locale\" content=\"pt_BR\" \/>\n<meta property=\"og:type\" content=\"article\" \/>\n<meta property=\"og:title\" content=\"M\u00fasicas que falam em mudar o nosso mundo - O Arcanjo no ar\" \/>\n<meta property=\"og:description\" content=\"As m\u00fasicas abaixo falam de salvar nosso mundo as m\u00fasicas s\u00e3o do grande artista \u00a0Michael Jackson e do grupo Rouge. M\u00fasica Vamos mudar o mundo do grupo Rouge: Vamos mudar o mundo. Agora, nesse instante Vamos mudar o rumo Querer \u00e9 o importante. Vamos olhar pra dentro dos sentimentos Que o amor renova o universo [&hellip;]\" \/>\n<meta property=\"og:url\" content=\"https:\/\/www.oarcanjo.net\/site\/musicas-que-falam-em-mudar-o-nosso-mundo\/\" \/>\n<meta property=\"og:site_name\" content=\"O Arcanjo no ar\" \/>\n<meta property=\"article:publisher\" content=\"https:\/\/www.facebook.com\/OArcanjoNoAr\/\" \/>\n<meta property=\"article:published_time\" content=\"2010-01-14T00:51:34+00:00\" \/>\n<meta property=\"og:image\" content=\"https:\/\/www.oarcanjo.net\/site\/wp-content\/uploads\/logo-o-arcanjo-no-ar-facebook.png\" \/>\n\t<meta property=\"og:image:width\" content=\"300\" \/>\n\t<meta property=\"og:image:height\" content=\"300\" \/>\n\t<meta property=\"og:image:type\" content=\"image\/png\" \/>\n<meta name=\"author\" content=\"mariana\" \/>\n<meta name=\"twitter:card\" content=\"summary_large_image\" \/>\n<meta name=\"twitter:label1\" content=\"Escrito por\" \/>\n\t<meta name=\"twitter:data1\" content=\"mariana\" \/>\n\t<meta name=\"twitter:label2\" content=\"Est. tempo de leitura\" \/>\n\t<meta name=\"twitter:data2\" content=\"3 minutos\" \/>\n<script type=\"application\/ld+json\" class=\"yoast-schema-graph\">{\"@context\":\"https:\/\/schema.org\",\"@graph\":[{\"@type\":\"Article\",\"@id\":\"https:\/\/www.oarcanjo.net\/site\/musicas-que-falam-em-mudar-o-nosso-mundo\/#article\",\"isPartOf\":{\"@id\":\"https:\/\/www.oarcanjo.net\/site\/musicas-que-falam-em-mudar-o-nosso-mundo\/\"},\"author\":{\"name\":\"mariana\",\"@id\":\"https:\/\/www.oarcanjo.net\/site\/#\/schema\/person\/e54a5c62347067e278a5d0cf64f6a6e6\"},\"headline\":\"M\u00fasicas que falam em mudar o nosso mundo\",\"datePublished\":\"2010-01-14T00:51:34+00:00\",\"dateModified\":\"2010-01-14T00:51:34+00:00\",\"mainEntityOfPage\":{\"@id\":\"https:\/\/www.oarcanjo.net\/site\/musicas-que-falam-em-mudar-o-nosso-mundo\/\"},\"wordCount\":631,\"commentCount\":5,\"publisher\":{\"@id\":\"https:\/\/www.oarcanjo.net\/site\/#organization\"},\"keywords\":[\"meio ambiente\"],\"articleSection\":[\"Jovens\"],\"inLanguage\":\"pt-BR\",\"potentialAction\":[{\"@type\":\"CommentAction\",\"name\":\"Comment\",\"target\":[\"https:\/\/www.oarcanjo.net\/site\/musicas-que-falam-em-mudar-o-nosso-mundo\/#respond\"]}]},{\"@type\":\"WebPage\",\"@id\":\"https:\/\/www.oarcanjo.net\/site\/musicas-que-falam-em-mudar-o-nosso-mundo\/\",\"url\":\"https:\/\/www.oarcanjo.net\/site\/musicas-que-falam-em-mudar-o-nosso-mundo\/\",\"name\":\"M\u00fasicas que falam em mudar o nosso mundo - O Arcanjo no ar\",\"isPartOf\":{\"@id\":\"https:\/\/www.oarcanjo.net\/site\/#website\"},\"datePublished\":\"2010-01-14T00:51:34+00:00\",\"dateModified\":\"2010-01-14T00:51:34+00:00\",\"breadcrumb\":{\"@id\":\"https:\/\/www.oarcanjo.net\/site\/musicas-que-falam-em-mudar-o-nosso-mundo\/#breadcrumb\"},\"inLanguage\":\"pt-BR\",\"potentialAction\":[{\"@type\":\"ReadAction\",\"target\":[\"https:\/\/www.oarcanjo.net\/site\/musicas-que-falam-em-mudar-o-nosso-mundo\/\"]}]},{\"@type\":\"BreadcrumbList\",\"@id\":\"https:\/\/www.oarcanjo.net\/site\/musicas-que-falam-em-mudar-o-nosso-mundo\/#breadcrumb\",\"itemListElement\":[{\"@type\":\"ListItem\",\"position\":1,\"name\":\"In\u00edcio\",\"item\":\"https:\/\/www.oarcanjo.net\/site\/\"},{\"@type\":\"ListItem\",\"position\":2,\"name\":\"M\u00fasicas que falam em mudar o nosso mundo\"}]},{\"@type\":\"WebSite\",\"@id\":\"https:\/\/www.oarcanjo.net\/site\/#website\",\"url\":\"https:\/\/www.oarcanjo.net\/site\/\",\"name\":\"O Arcanjo no ar\",\"description\":\"Site da Par\u00f3quia S\u00e3o Miguel Arcanjo (Arquidiocese de SP)\",\"publisher\":{\"@id\":\"https:\/\/www.oarcanjo.net\/site\/#organization\"},\"potentialAction\":[{\"@type\":\"SearchAction\",\"target\":{\"@type\":\"EntryPoint\",\"urlTemplate\":\"https:\/\/www.oarcanjo.net\/site\/?s={search_term_string}\"},\"query-input\":{\"@type\":\"PropertyValueSpecification\",\"valueRequired\":true,\"valueName\":\"search_term_string\"}}],\"inLanguage\":\"pt-BR\"},{\"@type\":\"Organization\",\"@id\":\"https:\/\/www.oarcanjo.net\/site\/#organization\",\"name\":\"Par\u00f3quia S\u00e3o Miguel Arcanjo\",\"url\":\"https:\/\/www.oarcanjo.net\/site\/\",\"logo\":{\"@type\":\"ImageObject\",\"inLanguage\":\"pt-BR\",\"@id\":\"https:\/\/www.oarcanjo.net\/site\/#\/schema\/logo\/image\/\",\"url\":\"https:\/\/www.oarcanjo.net\/site\/wp-content\/uploads\/LogoOArcanjo.png\",\"contentUrl\":\"https:\/\/www.oarcanjo.net\/site\/wp-content\/uploads\/LogoOArcanjo.png\",\"width\":319,\"height\":99,\"caption\":\"Par\u00f3quia S\u00e3o Miguel Arcanjo\"},\"image\":{\"@id\":\"https:\/\/www.oarcanjo.net\/site\/#\/schema\/logo\/image\/\"},\"sameAs\":[\"https:\/\/www.facebook.com\/OArcanjoNoAr\/\"]},{\"@type\":\"Person\",\"@id\":\"https:\/\/www.oarcanjo.net\/site\/#\/schema\/person\/e54a5c62347067e278a5d0cf64f6a6e6\",\"name\":\"mariana\"}]}<\/script>\n<!-- \/ Yoast SEO plugin. -->","yoast_head_json":{"title":"M\u00fasicas que falam em mudar o nosso mundo - O Arcanjo no ar","robots":{"index":"index","follow":"follow","max-snippet":"max-snippet:-1","max-image-preview":"max-image-preview:large","max-video-preview":"max-video-preview:-1"},"canonical":"https:\/\/www.oarcanjo.net\/site\/musicas-que-falam-em-mudar-o-nosso-mundo\/","og_locale":"pt_BR","og_type":"article","og_title":"M\u00fasicas que falam em mudar o nosso mundo - O Arcanjo no ar","og_description":"As m\u00fasicas abaixo falam de salvar nosso mundo as m\u00fasicas s\u00e3o do grande artista \u00a0Michael Jackson e do grupo Rouge. M\u00fasica Vamos mudar o mundo do grupo Rouge: Vamos mudar o mundo. Agora, nesse instante Vamos mudar o rumo Querer \u00e9 o importante. Vamos olhar pra dentro dos sentimentos Que o amor renova o universo [&hellip;]","og_url":"https:\/\/www.oarcanjo.net\/site\/musicas-que-falam-em-mudar-o-nosso-mundo\/","og_site_name":"O Arcanjo no ar","article_publisher":"https:\/\/www.facebook.com\/OArcanjoNoAr\/","article_published_time":"2010-01-14T00:51:34+00:00","og_image":[{"width":300,"height":300,"url":"https:\/\/www.oarcanjo.net\/site\/wp-content\/uploads\/logo-o-arcanjo-no-ar-facebook.png","type":"image\/png"}],"author":"mariana","twitter_card":"summary_large_image","twitter_misc":{"Escrito por":"mariana","Est. tempo de leitura":"3 minutos"},"schema":{"@context":"https:\/\/schema.org","@graph":[{"@type":"Article","@id":"https:\/\/www.oarcanjo.net\/site\/musicas-que-falam-em-mudar-o-nosso-mundo\/#article","isPartOf":{"@id":"https:\/\/www.oarcanjo.net\/site\/musicas-que-falam-em-mudar-o-nosso-mundo\/"},"author":{"name":"mariana","@id":"https:\/\/www.oarcanjo.net\/site\/#\/schema\/person\/e54a5c62347067e278a5d0cf64f6a6e6"},"headline":"M\u00fasicas que falam em mudar o nosso mundo","datePublished":"2010-01-14T00:51:34+00:00","dateModified":"2010-01-14T00:51:34+00:00","mainEntityOfPage":{"@id":"https:\/\/www.oarcanjo.net\/site\/musicas-que-falam-em-mudar-o-nosso-mundo\/"},"wordCount":631,"commentCount":5,"publisher":{"@id":"https:\/\/www.oarcanjo.net\/site\/#organization"},"keywords":["meio ambiente"],"articleSection":["Jovens"],"inLanguage":"pt-BR","potentialAction":[{"@type":"CommentAction","name":"Comment","target":["https:\/\/www.oarcanjo.net\/site\/musicas-que-falam-em-mudar-o-nosso-mundo\/#respond"]}]},{"@type":"WebPage","@id":"https:\/\/www.oarcanjo.net\/site\/musicas-que-falam-em-mudar-o-nosso-mundo\/","url":"https:\/\/www.oarcanjo.net\/site\/musicas-que-falam-em-mudar-o-nosso-mundo\/","name":"M\u00fasicas que falam em mudar o nosso mundo - O Arcanjo no ar","isPartOf":{"@id":"https:\/\/www.oarcanjo.net\/site\/#website"},"datePublished":"2010-01-14T00:51:34+00:00","dateModified":"2010-01-14T00:51:34+00:00","breadcrumb":{"@id":"https:\/\/www.oarcanjo.net\/site\/musicas-que-falam-em-mudar-o-nosso-mundo\/#breadcrumb"},"inLanguage":"pt-BR","potentialAction":[{"@type":"ReadAction","target":["https:\/\/www.oarcanjo.net\/site\/musicas-que-falam-em-mudar-o-nosso-mundo\/"]}]},{"@type":"BreadcrumbList","@id":"https:\/\/www.oarcanjo.net\/site\/musicas-que-falam-em-mudar-o-nosso-mundo\/#breadcrumb","itemListElement":[{"@type":"ListItem","position":1,"name":"In\u00edcio","item":"https:\/\/www.oarcanjo.net\/site\/"},{"@type":"ListItem","position":2,"name":"M\u00fasicas que falam em mudar o nosso mundo"}]},{"@type":"WebSite","@id":"https:\/\/www.oarcanjo.net\/site\/#website","url":"https:\/\/www.oarcanjo.net\/site\/","name":"O Arcanjo no ar","description":"Site da Par\u00f3quia S\u00e3o Miguel Arcanjo (Arquidiocese de SP)","publisher":{"@id":"https:\/\/www.oarcanjo.net\/site\/#organization"},"potentialAction":[{"@type":"SearchAction","target":{"@type":"EntryPoint","urlTemplate":"https:\/\/www.oarcanjo.net\/site\/?s={search_term_string}"},"query-input":{"@type":"PropertyValueSpecification","valueRequired":true,"valueName":"search_term_string"}}],"inLanguage":"pt-BR"},{"@type":"Organization","@id":"https:\/\/www.oarcanjo.net\/site\/#organization","name":"Par\u00f3quia S\u00e3o Miguel Arcanjo","url":"https:\/\/www.oarcanjo.net\/site\/","logo":{"@type":"ImageObject","inLanguage":"pt-BR","@id":"https:\/\/www.oarcanjo.net\/site\/#\/schema\/logo\/image\/","url":"https:\/\/www.oarcanjo.net\/site\/wp-content\/uploads\/LogoOArcanjo.png","contentUrl":"https:\/\/www.oarcanjo.net\/site\/wp-content\/uploads\/LogoOArcanjo.png","width":319,"height":99,"caption":"Par\u00f3quia S\u00e3o Miguel Arcanjo"},"image":{"@id":"https:\/\/www.oarcanjo.net\/site\/#\/schema\/logo\/image\/"},"sameAs":["https:\/\/www.facebook.com\/OArcanjoNoAr\/"]},{"@type":"Person","@id":"https:\/\/www.oarcanjo.net\/site\/#\/schema\/person\/e54a5c62347067e278a5d0cf64f6a6e6","name":"mariana"}]}},"publishpress_future_action":{"enabled":false,"date":"2026-05-07 10:08:00","action":"category","newStatus":"draft","terms":[],"taxonomy":"category"},"publishpress_future_workflow_manual_trigger":{"enabledWorkflows":[]},"_links":{"self":[{"href":"https:\/\/www.oarcanjo.net\/site\/wp-json\/wp\/v2\/posts\/7294"}],"collection":[{"href":"https:\/\/www.oarcanjo.net\/site\/wp-json\/wp\/v2\/posts"}],"about":[{"href":"https:\/\/www.oarcanjo.net\/site\/wp-json\/wp\/v2\/types\/post"}],"author":[{"embeddable":true,"href":"https:\/\/www.oarcanjo.net\/site\/wp-json\/wp\/v2\/users\/12"}],"replies":[{"embeddable":true,"href":"https:\/\/www.oarcanjo.net\/site\/wp-json\/wp\/v2\/comments?post=7294"}],"version-history":[{"count":0,"href":"https:\/\/www.oarcanjo.net\/site\/wp-json\/wp\/v2\/posts\/7294\/revisions"}],"wp:attachment":[{"href":"https:\/\/www.oarcanjo.net\/site\/wp-json\/wp\/v2\/media?parent=7294"}],"wp:term":[{"taxonomy":"category","embeddable":true,"href":"https:\/\/www.oarcanjo.net\/site\/wp-json\/wp\/v2\/categories?post=7294"},{"taxonomy":"post_tag","embeddable":true,"href":"https:\/\/www.oarcanjo.net\/site\/wp-json\/wp\/v2\/tags?post=7294"}],"curies":[{"name":"wp","href":"https:\/\/api.w.org\/{rel}","templated":true}]}}