
{"id":7295,"date":"2010-01-13T21:56:45","date_gmt":"2010-01-13T23:56:45","guid":{"rendered":"http:\/\/www.oarcanjo.net\/site\/?p=7295"},"modified":"2010-01-16T13:54:51","modified_gmt":"2010-01-16T15:54:51","slug":"igreja-de-sao-paulo-reza-pelo-haiti-e-em-memoria-de-zilda-arns","status":"publish","type":"post","link":"https:\/\/www.oarcanjo.net\/site\/igreja-de-sao-paulo-reza-pelo-haiti-e-em-memoria-de-zilda-arns\/","title":{"rendered":"Igreja de S\u00e3o Paulo reza pelo Haiti e em mem\u00f3ria de Zilda Arns"},"content":{"rendered":"<p>Alexandre Nunes<\/p>\n<p><img loading=\"lazy\" decoding=\"async\" class=\"alignnone size-full wp-image-7310\" title=\"Missa em mem\u00f3ria de Zilda Arns\" src=\"http:\/\/www.oarcanjo.net\/site\/wp-content\/uploads\/MissaZildaArns.png\" alt=\"Missa em mem\u00f3ria de Zilda Arns\" width=\"450\" height=\"231\" srcset=\"https:\/\/www.oarcanjo.net\/site\/wp-content\/uploads\/MissaZildaArns.png 450w, https:\/\/www.oarcanjo.net\/site\/wp-content\/uploads\/MissaZildaArns-300x154.png 300w\" sizes=\"(max-width: 450px) 100vw, 450px\" \/><\/p>\n<p><a href=\"http:\/\/www.oarcanjo.net\/site\/wp-content\/uploads\/MissaZildaArns.png\"><\/a>\u201cNo pa\u00eds mais pobre das Am\u00e9ricas, Dra Zilda Arns morreu junto com os mais pobres\u201d. Com essa frase Padre J\u00falio iniciou a celebra\u00e7\u00e3o eucar\u00edstica em homenagem a Dra Zilda Arns, 75, e as outras milhares de pessoas que tamb\u00e9m perderam a vida, entre elas o Arcebispo de Porto Pr\u00edncipe, D. Serge Miot.<\/p>\n<p>Na presen\u00e7a de aproximadamente 150 pessoas, entre elas o presidente da OAB \u2013SP, Luiz Fl\u00e1vio Borges D\u00b4Urso, do ex-deputado federal Pl\u00ednio de Arruda Sampaio e do deputado Adriano Diogo, a missa come\u00e7ou com a entrada de um banner com uma foto de Zilda Arns. Na homilia,\u00a0 Pe. J\u00falio arrancou aplausos de todos mostrando novamente a imagem dela e lembrando todos os mortos do Haiti. \u201cDra. Zilda para sempre viver\u00e1. Quem ama n\u00e3o morre jamais\u201d, afirmou o padre.<\/p>\n<p>No final da celebra\u00e7\u00e3o, padre J\u00falio pediu para que todo o mundo seja solid\u00e1rio com o Haiti. \u201cningu\u00e9m \u00e9 feliz sozinho, ainda mais com uma trag\u00e9dia como essa, devemos ser solid\u00e1rios\u201d.<\/p>\n<p>Para o ex- deputado federal Pl\u00ednio de Arruda Sampaio, Dra Zilda fazia um trabalho sensacional: \u201cGuardo a lembran\u00e7a de uma mulher extremamente inteligente, uma executiva que sabia bem o que queria\u201d. A Coordenadora Arquidiocesana da Pastoral da Crian\u00e7a, Maria do Ros\u00e1rio Gazzola de Souza, disse que Dra. Zilda \u201cmorreu como queria, junto dos pobres\u201d.<\/p>\n<p><video style=\"width: 100%; height: auto; aspect-ratio: 480\/334; border: none; overflow: hidden;\" controls>\n                <source src=\"http:\/\/www.oarcanjo.net\/video\/Homilia20100113-ZildaArns-final.wmv\" type=\"video\/x-ms-wmv\">\n                <source src=\"http:\/\/www.oarcanjo.net\/video\/Homilia20100113-ZildaArns-final.wmv\" type=\"video\/wmv\">\n                Your browser does not support the video tag.\n            <\/video><\/p>\n<div id=\"themify_builder_content-7295\" data-postid=\"7295\" class=\"themify_builder_content themify_builder_content-7295 themify_builder themify_builder_front\">\n\t<\/div>\n<!-- \/themify_builder_content -->","protected":false},"excerpt":{"rendered":"<p>Alexandre Nunes \u201cNo pa\u00eds mais pobre das Am\u00e9ricas, Dra Zilda Arns morreu junto com os mais pobres\u201d. Com essa frase Padre J\u00falio iniciou a celebra\u00e7\u00e3o eucar\u00edstica em homenagem a Dra Zilda Arns, 75, e as outras milhares de pessoas que tamb\u00e9m perderam a vida, entre elas o Arcebispo de Porto Pr\u00edncipe, D. Serge Miot. Na [&hellip;]<\/p>\n","protected":false},"author":5,"featured_media":0,"comment_status":"open","ping_status":"open","sticky":false,"template":"","format":"standard","meta":{"ngg_post_thumbnail":0,"footnotes":""},"categories":[8,280],"tags":[239,295,88,1405,306],"yoast_head":"<!-- This site is optimized with the Yoast SEO plugin v23.5 - https:\/\/yoast.com\/wordpress\/plugins\/seo\/ -->\n<title>Igreja de S\u00e3o Paulo reza pelo Haiti e em mem\u00f3ria de Zilda Arns - O Arcanjo no ar<\/title>\n<meta name=\"robots\" content=\"index, follow, max-snippet:-1, max-image-preview:large, max-video-preview:-1\" \/>\n<link rel=\"canonical\" href=\"https:\/\/www.oarcanjo.net\/site\/igreja-de-sao-paulo-reza-pelo-haiti-e-em-memoria-de-zilda-arns\/\" \/>\n<meta property=\"og:locale\" content=\"pt_BR\" \/>\n<meta property=\"og:type\" content=\"article\" \/>\n<meta property=\"og:title\" content=\"Igreja de S\u00e3o Paulo reza pelo Haiti e em mem\u00f3ria de Zilda Arns - O Arcanjo no ar\" \/>\n<meta property=\"og:description\" content=\"Alexandre Nunes \u201cNo pa\u00eds mais pobre das Am\u00e9ricas, Dra Zilda Arns morreu junto com os mais pobres\u201d. Com essa frase Padre J\u00falio iniciou a celebra\u00e7\u00e3o eucar\u00edstica em homenagem a Dra Zilda Arns, 75, e as outras milhares de pessoas que tamb\u00e9m perderam a vida, entre elas o Arcebispo de Porto Pr\u00edncipe, D. Serge Miot. Na [&hellip;]\" \/>\n<meta property=\"og:url\" content=\"https:\/\/www.oarcanjo.net\/site\/igreja-de-sao-paulo-reza-pelo-haiti-e-em-memoria-de-zilda-arns\/\" \/>\n<meta property=\"og:site_name\" content=\"O Arcanjo no ar\" \/>\n<meta property=\"article:publisher\" content=\"https:\/\/www.facebook.com\/OArcanjoNoAr\/\" \/>\n<meta property=\"article:published_time\" content=\"2010-01-13T23:56:45+00:00\" \/>\n<meta property=\"article:modified_time\" content=\"2010-01-16T15:54:51+00:00\" \/>\n<meta property=\"og:image\" content=\"http:\/\/www.oarcanjo.net\/site\/wp-content\/uploads\/MissaZildaArns.png\" \/>\n<meta name=\"author\" content=\"editor\" \/>\n<meta name=\"twitter:card\" content=\"summary_large_image\" \/>\n<meta name=\"twitter:label1\" content=\"Escrito por\" \/>\n\t<meta name=\"twitter:data1\" content=\"editor\" \/>\n\t<meta name=\"twitter:label2\" content=\"Est. tempo de leitura\" \/>\n\t<meta name=\"twitter:data2\" content=\"1 minuto\" \/>\n<script type=\"application\/ld+json\" class=\"yoast-schema-graph\">{\"@context\":\"https:\/\/schema.org\",\"@graph\":[{\"@type\":\"Article\",\"@id\":\"https:\/\/www.oarcanjo.net\/site\/igreja-de-sao-paulo-reza-pelo-haiti-e-em-memoria-de-zilda-arns\/#article\",\"isPartOf\":{\"@id\":\"https:\/\/www.oarcanjo.net\/site\/igreja-de-sao-paulo-reza-pelo-haiti-e-em-memoria-de-zilda-arns\/\"},\"author\":{\"name\":\"editor\",\"@id\":\"https:\/\/www.oarcanjo.net\/site\/#\/schema\/person\/f7024d007863202483a31326673a0838\"},\"headline\":\"Igreja de S\u00e3o Paulo reza pelo Haiti e em mem\u00f3ria de Zilda Arns\",\"datePublished\":\"2010-01-13T23:56:45+00:00\",\"dateModified\":\"2010-01-16T15:54:51+00:00\",\"mainEntityOfPage\":{\"@id\":\"https:\/\/www.oarcanjo.net\/site\/igreja-de-sao-paulo-reza-pelo-haiti-e-em-memoria-de-zilda-arns\/\"},\"wordCount\":262,\"commentCount\":3,\"publisher\":{\"@id\":\"https:\/\/www.oarcanjo.net\/site\/#organization\"},\"image\":{\"@id\":\"https:\/\/www.oarcanjo.net\/site\/igreja-de-sao-paulo-reza-pelo-haiti-e-em-memoria-de-zilda-arns\/#primaryimage\"},\"thumbnailUrl\":\"http:\/\/www.oarcanjo.net\/site\/wp-content\/uploads\/MissaZildaArns.png\",\"keywords\":[\"Arquidiocese de S\u00e3o Paulo\",\"Pastoral da Crian\u00e7a\",\"solidariedade\",\"terremoto\",\"Zilda Arns\"],\"articleSection\":[\"Not\u00edcias\",\"V\u00eddeos\"],\"inLanguage\":\"pt-BR\",\"potentialAction\":[{\"@type\":\"CommentAction\",\"name\":\"Comment\",\"target\":[\"https:\/\/www.oarcanjo.net\/site\/igreja-de-sao-paulo-reza-pelo-haiti-e-em-memoria-de-zilda-arns\/#respond\"]}]},{\"@type\":\"WebPage\",\"@id\":\"https:\/\/www.oarcanjo.net\/site\/igreja-de-sao-paulo-reza-pelo-haiti-e-em-memoria-de-zilda-arns\/\",\"url\":\"https:\/\/www.oarcanjo.net\/site\/igreja-de-sao-paulo-reza-pelo-haiti-e-em-memoria-de-zilda-arns\/\",\"name\":\"Igreja de S\u00e3o Paulo reza pelo Haiti e em mem\u00f3ria de Zilda Arns - O Arcanjo no ar\",\"isPartOf\":{\"@id\":\"https:\/\/www.oarcanjo.net\/site\/#website\"},\"primaryImageOfPage\":{\"@id\":\"https:\/\/www.oarcanjo.net\/site\/igreja-de-sao-paulo-reza-pelo-haiti-e-em-memoria-de-zilda-arns\/#primaryimage\"},\"image\":{\"@id\":\"https:\/\/www.oarcanjo.net\/site\/igreja-de-sao-paulo-reza-pelo-haiti-e-em-memoria-de-zilda-arns\/#primaryimage\"},\"thumbnailUrl\":\"http:\/\/www.oarcanjo.net\/site\/wp-content\/uploads\/MissaZildaArns.png\",\"datePublished\":\"2010-01-13T23:56:45+00:00\",\"dateModified\":\"2010-01-16T15:54:51+00:00\",\"breadcrumb\":{\"@id\":\"https:\/\/www.oarcanjo.net\/site\/igreja-de-sao-paulo-reza-pelo-haiti-e-em-memoria-de-zilda-arns\/#breadcrumb\"},\"inLanguage\":\"pt-BR\",\"potentialAction\":[{\"@type\":\"ReadAction\",\"target\":[\"https:\/\/www.oarcanjo.net\/site\/igreja-de-sao-paulo-reza-pelo-haiti-e-em-memoria-de-zilda-arns\/\"]}]},{\"@type\":\"ImageObject\",\"inLanguage\":\"pt-BR\",\"@id\":\"https:\/\/www.oarcanjo.net\/site\/igreja-de-sao-paulo-reza-pelo-haiti-e-em-memoria-de-zilda-arns\/#primaryimage\",\"url\":\"http:\/\/www.oarcanjo.net\/site\/wp-content\/uploads\/MissaZildaArns.png\",\"contentUrl\":\"http:\/\/www.oarcanjo.net\/site\/wp-content\/uploads\/MissaZildaArns.png\"},{\"@type\":\"BreadcrumbList\",\"@id\":\"https:\/\/www.oarcanjo.net\/site\/igreja-de-sao-paulo-reza-pelo-haiti-e-em-memoria-de-zilda-arns\/#breadcrumb\",\"itemListElement\":[{\"@type\":\"ListItem\",\"position\":1,\"name\":\"In\u00edcio\",\"item\":\"https:\/\/www.oarcanjo.net\/site\/\"},{\"@type\":\"ListItem\",\"position\":2,\"name\":\"Igreja de S\u00e3o Paulo reza pelo Haiti e em mem\u00f3ria de Zilda Arns\"}]},{\"@type\":\"WebSite\",\"@id\":\"https:\/\/www.oarcanjo.net\/site\/#website\",\"url\":\"https:\/\/www.oarcanjo.net\/site\/\",\"name\":\"O Arcanjo no ar\",\"description\":\"Site da Par\u00f3quia S\u00e3o Miguel Arcanjo (Arquidiocese de SP)\",\"publisher\":{\"@id\":\"https:\/\/www.oarcanjo.net\/site\/#organization\"},\"potentialAction\":[{\"@type\":\"SearchAction\",\"target\":{\"@type\":\"EntryPoint\",\"urlTemplate\":\"https:\/\/www.oarcanjo.net\/site\/?s={search_term_string}\"},\"query-input\":{\"@type\":\"PropertyValueSpecification\",\"valueRequired\":true,\"valueName\":\"search_term_string\"}}],\"inLanguage\":\"pt-BR\"},{\"@type\":\"Organization\",\"@id\":\"https:\/\/www.oarcanjo.net\/site\/#organization\",\"name\":\"Par\u00f3quia S\u00e3o Miguel Arcanjo\",\"url\":\"https:\/\/www.oarcanjo.net\/site\/\",\"logo\":{\"@type\":\"ImageObject\",\"inLanguage\":\"pt-BR\",\"@id\":\"https:\/\/www.oarcanjo.net\/site\/#\/schema\/logo\/image\/\",\"url\":\"https:\/\/www.oarcanjo.net\/site\/wp-content\/uploads\/LogoOArcanjo.png\",\"contentUrl\":\"https:\/\/www.oarcanjo.net\/site\/wp-content\/uploads\/LogoOArcanjo.png\",\"width\":319,\"height\":99,\"caption\":\"Par\u00f3quia S\u00e3o Miguel Arcanjo\"},\"image\":{\"@id\":\"https:\/\/www.oarcanjo.net\/site\/#\/schema\/logo\/image\/\"},\"sameAs\":[\"https:\/\/www.facebook.com\/OArcanjoNoAr\/\"]},{\"@type\":\"Person\",\"@id\":\"https:\/\/www.oarcanjo.net\/site\/#\/schema\/person\/f7024d007863202483a31326673a0838\",\"name\":\"editor\",\"sameAs\":[\"http:\/\/www.oarcanjo.net\"]}]}<\/script>\n<!-- \/ Yoast SEO plugin. -->","yoast_head_json":{"title":"Igreja de S\u00e3o Paulo reza pelo Haiti e em mem\u00f3ria de Zilda Arns - O Arcanjo no ar","robots":{"index":"index","follow":"follow","max-snippet":"max-snippet:-1","max-image-preview":"max-image-preview:large","max-video-preview":"max-video-preview:-1"},"canonical":"https:\/\/www.oarcanjo.net\/site\/igreja-de-sao-paulo-reza-pelo-haiti-e-em-memoria-de-zilda-arns\/","og_locale":"pt_BR","og_type":"article","og_title":"Igreja de S\u00e3o Paulo reza pelo Haiti e em mem\u00f3ria de Zilda Arns - O Arcanjo no ar","og_description":"Alexandre Nunes \u201cNo pa\u00eds mais pobre das Am\u00e9ricas, Dra Zilda Arns morreu junto com os mais pobres\u201d. Com essa frase Padre J\u00falio iniciou a celebra\u00e7\u00e3o eucar\u00edstica em homenagem a Dra Zilda Arns, 75, e as outras milhares de pessoas que tamb\u00e9m perderam a vida, entre elas o Arcebispo de Porto Pr\u00edncipe, D. Serge Miot. Na [&hellip;]","og_url":"https:\/\/www.oarcanjo.net\/site\/igreja-de-sao-paulo-reza-pelo-haiti-e-em-memoria-de-zilda-arns\/","og_site_name":"O Arcanjo no ar","article_publisher":"https:\/\/www.facebook.com\/OArcanjoNoAr\/","article_published_time":"2010-01-13T23:56:45+00:00","article_modified_time":"2010-01-16T15:54:51+00:00","og_image":[{"url":"http:\/\/www.oarcanjo.net\/site\/wp-content\/uploads\/MissaZildaArns.png"}],"author":"editor","twitter_card":"summary_large_image","twitter_misc":{"Escrito por":"editor","Est. tempo de leitura":"1 minuto"},"schema":{"@context":"https:\/\/schema.org","@graph":[{"@type":"Article","@id":"https:\/\/www.oarcanjo.net\/site\/igreja-de-sao-paulo-reza-pelo-haiti-e-em-memoria-de-zilda-arns\/#article","isPartOf":{"@id":"https:\/\/www.oarcanjo.net\/site\/igreja-de-sao-paulo-reza-pelo-haiti-e-em-memoria-de-zilda-arns\/"},"author":{"name":"editor","@id":"https:\/\/www.oarcanjo.net\/site\/#\/schema\/person\/f7024d007863202483a31326673a0838"},"headline":"Igreja de S\u00e3o Paulo reza pelo Haiti e em mem\u00f3ria de Zilda Arns","datePublished":"2010-01-13T23:56:45+00:00","dateModified":"2010-01-16T15:54:51+00:00","mainEntityOfPage":{"@id":"https:\/\/www.oarcanjo.net\/site\/igreja-de-sao-paulo-reza-pelo-haiti-e-em-memoria-de-zilda-arns\/"},"wordCount":262,"commentCount":3,"publisher":{"@id":"https:\/\/www.oarcanjo.net\/site\/#organization"},"image":{"@id":"https:\/\/www.oarcanjo.net\/site\/igreja-de-sao-paulo-reza-pelo-haiti-e-em-memoria-de-zilda-arns\/#primaryimage"},"thumbnailUrl":"http:\/\/www.oarcanjo.net\/site\/wp-content\/uploads\/MissaZildaArns.png","keywords":["Arquidiocese de S\u00e3o Paulo","Pastoral da Crian\u00e7a","solidariedade","terremoto","Zilda Arns"],"articleSection":["Not\u00edcias","V\u00eddeos"],"inLanguage":"pt-BR","potentialAction":[{"@type":"CommentAction","name":"Comment","target":["https:\/\/www.oarcanjo.net\/site\/igreja-de-sao-paulo-reza-pelo-haiti-e-em-memoria-de-zilda-arns\/#respond"]}]},{"@type":"WebPage","@id":"https:\/\/www.oarcanjo.net\/site\/igreja-de-sao-paulo-reza-pelo-haiti-e-em-memoria-de-zilda-arns\/","url":"https:\/\/www.oarcanjo.net\/site\/igreja-de-sao-paulo-reza-pelo-haiti-e-em-memoria-de-zilda-arns\/","name":"Igreja de S\u00e3o Paulo reza pelo Haiti e em mem\u00f3ria de Zilda Arns - O Arcanjo no ar","isPartOf":{"@id":"https:\/\/www.oarcanjo.net\/site\/#website"},"primaryImageOfPage":{"@id":"https:\/\/www.oarcanjo.net\/site\/igreja-de-sao-paulo-reza-pelo-haiti-e-em-memoria-de-zilda-arns\/#primaryimage"},"image":{"@id":"https:\/\/www.oarcanjo.net\/site\/igreja-de-sao-paulo-reza-pelo-haiti-e-em-memoria-de-zilda-arns\/#primaryimage"},"thumbnailUrl":"http:\/\/www.oarcanjo.net\/site\/wp-content\/uploads\/MissaZildaArns.png","datePublished":"2010-01-13T23:56:45+00:00","dateModified":"2010-01-16T15:54:51+00:00","breadcrumb":{"@id":"https:\/\/www.oarcanjo.net\/site\/igreja-de-sao-paulo-reza-pelo-haiti-e-em-memoria-de-zilda-arns\/#breadcrumb"},"inLanguage":"pt-BR","potentialAction":[{"@type":"ReadAction","target":["https:\/\/www.oarcanjo.net\/site\/igreja-de-sao-paulo-reza-pelo-haiti-e-em-memoria-de-zilda-arns\/"]}]},{"@type":"ImageObject","inLanguage":"pt-BR","@id":"https:\/\/www.oarcanjo.net\/site\/igreja-de-sao-paulo-reza-pelo-haiti-e-em-memoria-de-zilda-arns\/#primaryimage","url":"http:\/\/www.oarcanjo.net\/site\/wp-content\/uploads\/MissaZildaArns.png","contentUrl":"http:\/\/www.oarcanjo.net\/site\/wp-content\/uploads\/MissaZildaArns.png"},{"@type":"BreadcrumbList","@id":"https:\/\/www.oarcanjo.net\/site\/igreja-de-sao-paulo-reza-pelo-haiti-e-em-memoria-de-zilda-arns\/#breadcrumb","itemListElement":[{"@type":"ListItem","position":1,"name":"In\u00edcio","item":"https:\/\/www.oarcanjo.net\/site\/"},{"@type":"ListItem","position":2,"name":"Igreja de S\u00e3o Paulo reza pelo Haiti e em mem\u00f3ria de Zilda Arns"}]},{"@type":"WebSite","@id":"https:\/\/www.oarcanjo.net\/site\/#website","url":"https:\/\/www.oarcanjo.net\/site\/","name":"O Arcanjo no ar","description":"Site da Par\u00f3quia S\u00e3o Miguel Arcanjo (Arquidiocese de SP)","publisher":{"@id":"https:\/\/www.oarcanjo.net\/site\/#organization"},"potentialAction":[{"@type":"SearchAction","target":{"@type":"EntryPoint","urlTemplate":"https:\/\/www.oarcanjo.net\/site\/?s={search_term_string}"},"query-input":{"@type":"PropertyValueSpecification","valueRequired":true,"valueName":"search_term_string"}}],"inLanguage":"pt-BR"},{"@type":"Organization","@id":"https:\/\/www.oarcanjo.net\/site\/#organization","name":"Par\u00f3quia S\u00e3o Miguel Arcanjo","url":"https:\/\/www.oarcanjo.net\/site\/","logo":{"@type":"ImageObject","inLanguage":"pt-BR","@id":"https:\/\/www.oarcanjo.net\/site\/#\/schema\/logo\/image\/","url":"https:\/\/www.oarcanjo.net\/site\/wp-content\/uploads\/LogoOArcanjo.png","contentUrl":"https:\/\/www.oarcanjo.net\/site\/wp-content\/uploads\/LogoOArcanjo.png","width":319,"height":99,"caption":"Par\u00f3quia S\u00e3o Miguel Arcanjo"},"image":{"@id":"https:\/\/www.oarcanjo.net\/site\/#\/schema\/logo\/image\/"},"sameAs":["https:\/\/www.facebook.com\/OArcanjoNoAr\/"]},{"@type":"Person","@id":"https:\/\/www.oarcanjo.net\/site\/#\/schema\/person\/f7024d007863202483a31326673a0838","name":"editor","sameAs":["http:\/\/www.oarcanjo.net"]}]}},"publishpress_future_action":{"enabled":false,"date":"2026-05-07 13:03:08","action":"category","newStatus":"draft","terms":[],"taxonomy":"category"},"publishpress_future_workflow_manual_trigger":{"enabledWorkflows":[]},"_links":{"self":[{"href":"https:\/\/www.oarcanjo.net\/site\/wp-json\/wp\/v2\/posts\/7295"}],"collection":[{"href":"https:\/\/www.oarcanjo.net\/site\/wp-json\/wp\/v2\/posts"}],"about":[{"href":"https:\/\/www.oarcanjo.net\/site\/wp-json\/wp\/v2\/types\/post"}],"author":[{"embeddable":true,"href":"https:\/\/www.oarcanjo.net\/site\/wp-json\/wp\/v2\/users\/5"}],"replies":[{"embeddable":true,"href":"https:\/\/www.oarcanjo.net\/site\/wp-json\/wp\/v2\/comments?post=7295"}],"version-history":[{"count":0,"href":"https:\/\/www.oarcanjo.net\/site\/wp-json\/wp\/v2\/posts\/7295\/revisions"}],"wp:attachment":[{"href":"https:\/\/www.oarcanjo.net\/site\/wp-json\/wp\/v2\/media?parent=7295"}],"wp:term":[{"taxonomy":"category","embeddable":true,"href":"https:\/\/www.oarcanjo.net\/site\/wp-json\/wp\/v2\/categories?post=7295"},{"taxonomy":"post_tag","embeddable":true,"href":"https:\/\/www.oarcanjo.net\/site\/wp-json\/wp\/v2\/tags?post=7295"}],"curies":[{"name":"wp","href":"https:\/\/api.w.org\/{rel}","templated":true}]}}