
{"id":7303,"date":"2010-01-13T22:29:41","date_gmt":"2010-01-14T00:29:41","guid":{"rendered":"http:\/\/www.oarcanjo.net\/site\/?p=7303"},"modified":"2010-01-14T00:32:32","modified_gmt":"2010-01-14T02:32:32","slug":"nota-da-cnbb-pela-morte-da-dra-zilda-arns","status":"publish","type":"post","link":"https:\/\/www.oarcanjo.net\/site\/nota-da-cnbb-pela-morte-da-dra-zilda-arns\/","title":{"rendered":"Nota da CNBB pela morte da Dra. Zilda Arns"},"content":{"rendered":"<p><em>\u201cQuem acolher em meu nome uma crian\u00e7a, estar\u00e1 acolhendo a mim mesmo\u201d (Mt. 18, 4-5)<span style=\"font-style: normal;\"> <\/span><\/em><\/p>\n<p>A Confer\u00eancia Nacional dos Bispos do Brasil \u2013 CNBB &#8211; recebeu, com dor profunda, a not\u00edcia da morte da Dra. Zilda Arns, m\u00e9dica pediatra, fundadora da Pastoral da Crian\u00e7a e da Pastoral da Pessoa Idosa, ocorrida na ter\u00e7a-feira, 12 de janeiro, v\u00edtima do tr\u00e1gico terremoto que se abateu sobre o Haiti.<\/p>\n<p>Dra. Zilda devotou-se, com amor apaixonado, \u00e0 defesa da vida, da fam\u00edlia e, de modo muito especial, ao cuidado das crian\u00e7as empobrecidas.<\/p>\n<p>Cidad\u00e3 atuante, Dra. Zilda conquistou respeito e credibilidade junto \u00e0 sociedade brasileira e internacional, por suas posi\u00e7\u00f5es claras e firmes em favor de pol\u00edticas sociais, especialmente as da sa\u00fade. Foi ainda uma das sanitaristas mais respeitadas e comprometidas com o movimento da reforma sanit\u00e1ria brasileira, que culminou com a consolida\u00e7\u00e3o do Sistema \u00danico de Sa\u00fade (SUS).<\/p>\n<p>A obra fundada por ela, inspirada na f\u00e9 crist\u00e3, haver\u00e1 de continuar no trabalho abnegado dos mais de 260 mil l\u00edderes que, cotidianamente, se dedicam \u00e0 causa da crian\u00e7a e da pessoa idosa.<\/p>\n<p>Em miss\u00e3o no Haiti, a convite da Confer\u00eancia dos Religiosos e de autoridades civis daquele pa\u00eds, Dra. Zilda se despediu, no pleno exerc\u00edcio da causa em que sempre acreditou.  Ela buscou realizar na pr\u00e1tica a miss\u00e3o de Jesus: \u201dEu vim para que todos tenham vida e a tenham em abund\u00e2ncia\u201d (Jo 10,10).<\/p>\n<p>A CNBB agradece a Deus por ter tido, em seus quadros, esta personalidade t\u00e3o virtuosa que muito dignificou a Igreja no Brasil. A CNBB se une ao querido Cardeal Dom Paulo Evaristo Arns, irm\u00e3o da Dra. Zilda, aos  outros irm\u00e3os, filhos, netos, demais familiares e amigos, na prece solid\u00e1ria e na certeza de que a ela ser\u00e1 dado gozar as alegrias eternas, reservadas para todos que, nesta vida, souberam amar a Deus servindo os irm\u00e3os.<\/p>\n<p>Bras\u00edlia-DF, 13 de Janeiro de 2010<\/p>\n<p>Dom Geraldo Lyrio Rocha<br \/>\nArcebispo de Mariana<br \/>\nPresidente da CNBB<\/p>\n<p>Dom Luiz Soares Vieira<br \/>\nArcebispo de Manaus<br \/>\nVice-presidente da CNBB<\/p>\n<p>Dom Dimas Lara Barbosa<br \/>\nBispo auxiliar do Rio de Janeiro<br \/>\nSecret\u00e1rio-geral da CNBB<\/p>\n<div id=\"themify_builder_content-7303\" data-postid=\"7303\" class=\"themify_builder_content themify_builder_content-7303 themify_builder themify_builder_front\">\n\t<\/div>\n<!-- \/themify_builder_content -->","protected":false},"excerpt":{"rendered":"<p>\u201cQuem acolher em meu nome uma crian\u00e7a, estar\u00e1 acolhendo a mim mesmo\u201d (Mt. 18, 4-5) A Confer\u00eancia Nacional dos Bispos do Brasil \u2013 CNBB &#8211; recebeu, com dor profunda, a not\u00edcia da morte da Dra. Zilda Arns, m\u00e9dica pediatra, fundadora da Pastoral da Crian\u00e7a e da Pastoral da Pessoa Idosa, ocorrida na ter\u00e7a-feira, 12 de [&hellip;]<\/p>\n","protected":false},"author":5,"featured_media":0,"comment_status":"open","ping_status":"open","sticky":false,"template":"","format":"standard","meta":{"ngg_post_thumbnail":0,"footnotes":""},"categories":[8],"tags":[63,1404,295,1405,306],"yoast_head":"<!-- This site is optimized with the Yoast SEO plugin v23.5 - https:\/\/yoast.com\/wordpress\/plugins\/seo\/ -->\n<title>Nota da CNBB pela morte da Dra. Zilda Arns - O Arcanjo no ar<\/title>\n<meta name=\"robots\" content=\"index, follow, max-snippet:-1, max-image-preview:large, max-video-preview:-1\" \/>\n<link rel=\"canonical\" href=\"https:\/\/www.oarcanjo.net\/site\/nota-da-cnbb-pela-morte-da-dra-zilda-arns\/\" \/>\n<meta property=\"og:locale\" content=\"pt_BR\" \/>\n<meta property=\"og:type\" content=\"article\" \/>\n<meta property=\"og:title\" content=\"Nota da CNBB pela morte da Dra. Zilda Arns - O Arcanjo no ar\" \/>\n<meta property=\"og:description\" content=\"\u201cQuem acolher em meu nome uma crian\u00e7a, estar\u00e1 acolhendo a mim mesmo\u201d (Mt. 18, 4-5) A Confer\u00eancia Nacional dos Bispos do Brasil \u2013 CNBB &#8211; recebeu, com dor profunda, a not\u00edcia da morte da Dra. Zilda Arns, m\u00e9dica pediatra, fundadora da Pastoral da Crian\u00e7a e da Pastoral da Pessoa Idosa, ocorrida na ter\u00e7a-feira, 12 de [&hellip;]\" \/>\n<meta property=\"og:url\" content=\"https:\/\/www.oarcanjo.net\/site\/nota-da-cnbb-pela-morte-da-dra-zilda-arns\/\" \/>\n<meta property=\"og:site_name\" content=\"O Arcanjo no ar\" \/>\n<meta property=\"article:publisher\" content=\"https:\/\/www.facebook.com\/OArcanjoNoAr\/\" \/>\n<meta property=\"article:published_time\" content=\"2010-01-14T00:29:41+00:00\" \/>\n<meta property=\"article:modified_time\" content=\"2010-01-14T02:32:32+00:00\" \/>\n<meta property=\"og:image\" content=\"https:\/\/www.oarcanjo.net\/site\/wp-content\/uploads\/logo-o-arcanjo-no-ar-facebook.png\" \/>\n\t<meta property=\"og:image:width\" content=\"300\" \/>\n\t<meta property=\"og:image:height\" content=\"300\" \/>\n\t<meta property=\"og:image:type\" content=\"image\/png\" \/>\n<meta name=\"author\" content=\"editor\" \/>\n<meta name=\"twitter:card\" content=\"summary_large_image\" \/>\n<meta name=\"twitter:label1\" content=\"Escrito por\" \/>\n\t<meta name=\"twitter:data1\" content=\"editor\" \/>\n\t<meta name=\"twitter:label2\" content=\"Est. tempo de leitura\" \/>\n\t<meta name=\"twitter:data2\" content=\"2 minutos\" \/>\n<script type=\"application\/ld+json\" class=\"yoast-schema-graph\">{\"@context\":\"https:\/\/schema.org\",\"@graph\":[{\"@type\":\"Article\",\"@id\":\"https:\/\/www.oarcanjo.net\/site\/nota-da-cnbb-pela-morte-da-dra-zilda-arns\/#article\",\"isPartOf\":{\"@id\":\"https:\/\/www.oarcanjo.net\/site\/nota-da-cnbb-pela-morte-da-dra-zilda-arns\/\"},\"author\":{\"name\":\"editor\",\"@id\":\"https:\/\/www.oarcanjo.net\/site\/#\/schema\/person\/f7024d007863202483a31326673a0838\"},\"headline\":\"Nota da CNBB pela morte da Dra. Zilda Arns\",\"datePublished\":\"2010-01-14T00:29:41+00:00\",\"dateModified\":\"2010-01-14T02:32:32+00:00\",\"mainEntityOfPage\":{\"@id\":\"https:\/\/www.oarcanjo.net\/site\/nota-da-cnbb-pela-morte-da-dra-zilda-arns\/\"},\"wordCount\":374,\"commentCount\":0,\"publisher\":{\"@id\":\"https:\/\/www.oarcanjo.net\/site\/#organization\"},\"keywords\":[\"CNBB\",\"Haiti\",\"Pastoral da Crian\u00e7a\",\"terremoto\",\"Zilda Arns\"],\"articleSection\":[\"Not\u00edcias\"],\"inLanguage\":\"pt-BR\",\"potentialAction\":[{\"@type\":\"CommentAction\",\"name\":\"Comment\",\"target\":[\"https:\/\/www.oarcanjo.net\/site\/nota-da-cnbb-pela-morte-da-dra-zilda-arns\/#respond\"]}]},{\"@type\":\"WebPage\",\"@id\":\"https:\/\/www.oarcanjo.net\/site\/nota-da-cnbb-pela-morte-da-dra-zilda-arns\/\",\"url\":\"https:\/\/www.oarcanjo.net\/site\/nota-da-cnbb-pela-morte-da-dra-zilda-arns\/\",\"name\":\"Nota da CNBB pela morte da Dra. Zilda Arns - O Arcanjo no ar\",\"isPartOf\":{\"@id\":\"https:\/\/www.oarcanjo.net\/site\/#website\"},\"datePublished\":\"2010-01-14T00:29:41+00:00\",\"dateModified\":\"2010-01-14T02:32:32+00:00\",\"breadcrumb\":{\"@id\":\"https:\/\/www.oarcanjo.net\/site\/nota-da-cnbb-pela-morte-da-dra-zilda-arns\/#breadcrumb\"},\"inLanguage\":\"pt-BR\",\"potentialAction\":[{\"@type\":\"ReadAction\",\"target\":[\"https:\/\/www.oarcanjo.net\/site\/nota-da-cnbb-pela-morte-da-dra-zilda-arns\/\"]}]},{\"@type\":\"BreadcrumbList\",\"@id\":\"https:\/\/www.oarcanjo.net\/site\/nota-da-cnbb-pela-morte-da-dra-zilda-arns\/#breadcrumb\",\"itemListElement\":[{\"@type\":\"ListItem\",\"position\":1,\"name\":\"In\u00edcio\",\"item\":\"https:\/\/www.oarcanjo.net\/site\/\"},{\"@type\":\"ListItem\",\"position\":2,\"name\":\"Nota da CNBB pela morte da Dra. Zilda Arns\"}]},{\"@type\":\"WebSite\",\"@id\":\"https:\/\/www.oarcanjo.net\/site\/#website\",\"url\":\"https:\/\/www.oarcanjo.net\/site\/\",\"name\":\"O Arcanjo no ar\",\"description\":\"Site da Par\u00f3quia S\u00e3o Miguel Arcanjo (Arquidiocese de SP)\",\"publisher\":{\"@id\":\"https:\/\/www.oarcanjo.net\/site\/#organization\"},\"potentialAction\":[{\"@type\":\"SearchAction\",\"target\":{\"@type\":\"EntryPoint\",\"urlTemplate\":\"https:\/\/www.oarcanjo.net\/site\/?s={search_term_string}\"},\"query-input\":{\"@type\":\"PropertyValueSpecification\",\"valueRequired\":true,\"valueName\":\"search_term_string\"}}],\"inLanguage\":\"pt-BR\"},{\"@type\":\"Organization\",\"@id\":\"https:\/\/www.oarcanjo.net\/site\/#organization\",\"name\":\"Par\u00f3quia S\u00e3o Miguel Arcanjo\",\"url\":\"https:\/\/www.oarcanjo.net\/site\/\",\"logo\":{\"@type\":\"ImageObject\",\"inLanguage\":\"pt-BR\",\"@id\":\"https:\/\/www.oarcanjo.net\/site\/#\/schema\/logo\/image\/\",\"url\":\"https:\/\/www.oarcanjo.net\/site\/wp-content\/uploads\/LogoOArcanjo.png\",\"contentUrl\":\"https:\/\/www.oarcanjo.net\/site\/wp-content\/uploads\/LogoOArcanjo.png\",\"width\":319,\"height\":99,\"caption\":\"Par\u00f3quia S\u00e3o Miguel Arcanjo\"},\"image\":{\"@id\":\"https:\/\/www.oarcanjo.net\/site\/#\/schema\/logo\/image\/\"},\"sameAs\":[\"https:\/\/www.facebook.com\/OArcanjoNoAr\/\"]},{\"@type\":\"Person\",\"@id\":\"https:\/\/www.oarcanjo.net\/site\/#\/schema\/person\/f7024d007863202483a31326673a0838\",\"name\":\"editor\",\"sameAs\":[\"http:\/\/www.oarcanjo.net\"]}]}<\/script>\n<!-- \/ Yoast SEO plugin. -->","yoast_head_json":{"title":"Nota da CNBB pela morte da Dra. Zilda Arns - O Arcanjo no ar","robots":{"index":"index","follow":"follow","max-snippet":"max-snippet:-1","max-image-preview":"max-image-preview:large","max-video-preview":"max-video-preview:-1"},"canonical":"https:\/\/www.oarcanjo.net\/site\/nota-da-cnbb-pela-morte-da-dra-zilda-arns\/","og_locale":"pt_BR","og_type":"article","og_title":"Nota da CNBB pela morte da Dra. Zilda Arns - O Arcanjo no ar","og_description":"\u201cQuem acolher em meu nome uma crian\u00e7a, estar\u00e1 acolhendo a mim mesmo\u201d (Mt. 18, 4-5) A Confer\u00eancia Nacional dos Bispos do Brasil \u2013 CNBB &#8211; recebeu, com dor profunda, a not\u00edcia da morte da Dra. Zilda Arns, m\u00e9dica pediatra, fundadora da Pastoral da Crian\u00e7a e da Pastoral da Pessoa Idosa, ocorrida na ter\u00e7a-feira, 12 de [&hellip;]","og_url":"https:\/\/www.oarcanjo.net\/site\/nota-da-cnbb-pela-morte-da-dra-zilda-arns\/","og_site_name":"O Arcanjo no ar","article_publisher":"https:\/\/www.facebook.com\/OArcanjoNoAr\/","article_published_time":"2010-01-14T00:29:41+00:00","article_modified_time":"2010-01-14T02:32:32+00:00","og_image":[{"width":300,"height":300,"url":"https:\/\/www.oarcanjo.net\/site\/wp-content\/uploads\/logo-o-arcanjo-no-ar-facebook.png","type":"image\/png"}],"author":"editor","twitter_card":"summary_large_image","twitter_misc":{"Escrito por":"editor","Est. tempo de leitura":"2 minutos"},"schema":{"@context":"https:\/\/schema.org","@graph":[{"@type":"Article","@id":"https:\/\/www.oarcanjo.net\/site\/nota-da-cnbb-pela-morte-da-dra-zilda-arns\/#article","isPartOf":{"@id":"https:\/\/www.oarcanjo.net\/site\/nota-da-cnbb-pela-morte-da-dra-zilda-arns\/"},"author":{"name":"editor","@id":"https:\/\/www.oarcanjo.net\/site\/#\/schema\/person\/f7024d007863202483a31326673a0838"},"headline":"Nota da CNBB pela morte da Dra. Zilda Arns","datePublished":"2010-01-14T00:29:41+00:00","dateModified":"2010-01-14T02:32:32+00:00","mainEntityOfPage":{"@id":"https:\/\/www.oarcanjo.net\/site\/nota-da-cnbb-pela-morte-da-dra-zilda-arns\/"},"wordCount":374,"commentCount":0,"publisher":{"@id":"https:\/\/www.oarcanjo.net\/site\/#organization"},"keywords":["CNBB","Haiti","Pastoral da Crian\u00e7a","terremoto","Zilda Arns"],"articleSection":["Not\u00edcias"],"inLanguage":"pt-BR","potentialAction":[{"@type":"CommentAction","name":"Comment","target":["https:\/\/www.oarcanjo.net\/site\/nota-da-cnbb-pela-morte-da-dra-zilda-arns\/#respond"]}]},{"@type":"WebPage","@id":"https:\/\/www.oarcanjo.net\/site\/nota-da-cnbb-pela-morte-da-dra-zilda-arns\/","url":"https:\/\/www.oarcanjo.net\/site\/nota-da-cnbb-pela-morte-da-dra-zilda-arns\/","name":"Nota da CNBB pela morte da Dra. Zilda Arns - O Arcanjo no ar","isPartOf":{"@id":"https:\/\/www.oarcanjo.net\/site\/#website"},"datePublished":"2010-01-14T00:29:41+00:00","dateModified":"2010-01-14T02:32:32+00:00","breadcrumb":{"@id":"https:\/\/www.oarcanjo.net\/site\/nota-da-cnbb-pela-morte-da-dra-zilda-arns\/#breadcrumb"},"inLanguage":"pt-BR","potentialAction":[{"@type":"ReadAction","target":["https:\/\/www.oarcanjo.net\/site\/nota-da-cnbb-pela-morte-da-dra-zilda-arns\/"]}]},{"@type":"BreadcrumbList","@id":"https:\/\/www.oarcanjo.net\/site\/nota-da-cnbb-pela-morte-da-dra-zilda-arns\/#breadcrumb","itemListElement":[{"@type":"ListItem","position":1,"name":"In\u00edcio","item":"https:\/\/www.oarcanjo.net\/site\/"},{"@type":"ListItem","position":2,"name":"Nota da CNBB pela morte da Dra. Zilda Arns"}]},{"@type":"WebSite","@id":"https:\/\/www.oarcanjo.net\/site\/#website","url":"https:\/\/www.oarcanjo.net\/site\/","name":"O Arcanjo no ar","description":"Site da Par\u00f3quia S\u00e3o Miguel Arcanjo (Arquidiocese de SP)","publisher":{"@id":"https:\/\/www.oarcanjo.net\/site\/#organization"},"potentialAction":[{"@type":"SearchAction","target":{"@type":"EntryPoint","urlTemplate":"https:\/\/www.oarcanjo.net\/site\/?s={search_term_string}"},"query-input":{"@type":"PropertyValueSpecification","valueRequired":true,"valueName":"search_term_string"}}],"inLanguage":"pt-BR"},{"@type":"Organization","@id":"https:\/\/www.oarcanjo.net\/site\/#organization","name":"Par\u00f3quia S\u00e3o Miguel Arcanjo","url":"https:\/\/www.oarcanjo.net\/site\/","logo":{"@type":"ImageObject","inLanguage":"pt-BR","@id":"https:\/\/www.oarcanjo.net\/site\/#\/schema\/logo\/image\/","url":"https:\/\/www.oarcanjo.net\/site\/wp-content\/uploads\/LogoOArcanjo.png","contentUrl":"https:\/\/www.oarcanjo.net\/site\/wp-content\/uploads\/LogoOArcanjo.png","width":319,"height":99,"caption":"Par\u00f3quia S\u00e3o Miguel Arcanjo"},"image":{"@id":"https:\/\/www.oarcanjo.net\/site\/#\/schema\/logo\/image\/"},"sameAs":["https:\/\/www.facebook.com\/OArcanjoNoAr\/"]},{"@type":"Person","@id":"https:\/\/www.oarcanjo.net\/site\/#\/schema\/person\/f7024d007863202483a31326673a0838","name":"editor","sameAs":["http:\/\/www.oarcanjo.net"]}]}},"publishpress_future_action":{"enabled":false,"date":"2026-05-07 14:33:04","action":"category","newStatus":"draft","terms":[],"taxonomy":"category"},"publishpress_future_workflow_manual_trigger":{"enabledWorkflows":[]},"_links":{"self":[{"href":"https:\/\/www.oarcanjo.net\/site\/wp-json\/wp\/v2\/posts\/7303"}],"collection":[{"href":"https:\/\/www.oarcanjo.net\/site\/wp-json\/wp\/v2\/posts"}],"about":[{"href":"https:\/\/www.oarcanjo.net\/site\/wp-json\/wp\/v2\/types\/post"}],"author":[{"embeddable":true,"href":"https:\/\/www.oarcanjo.net\/site\/wp-json\/wp\/v2\/users\/5"}],"replies":[{"embeddable":true,"href":"https:\/\/www.oarcanjo.net\/site\/wp-json\/wp\/v2\/comments?post=7303"}],"version-history":[{"count":0,"href":"https:\/\/www.oarcanjo.net\/site\/wp-json\/wp\/v2\/posts\/7303\/revisions"}],"wp:attachment":[{"href":"https:\/\/www.oarcanjo.net\/site\/wp-json\/wp\/v2\/media?parent=7303"}],"wp:term":[{"taxonomy":"category","embeddable":true,"href":"https:\/\/www.oarcanjo.net\/site\/wp-json\/wp\/v2\/categories?post=7303"},{"taxonomy":"post_tag","embeddable":true,"href":"https:\/\/www.oarcanjo.net\/site\/wp-json\/wp\/v2\/tags?post=7303"}],"curies":[{"name":"wp","href":"https:\/\/api.w.org\/{rel}","templated":true}]}}