
{"id":7328,"date":"2017-01-16T00:52:25","date_gmt":"2017-01-16T02:52:25","guid":{"rendered":"http:\/\/www.oarcanjo.net\/site\/?p=7328"},"modified":"2016-12-27T06:14:34","modified_gmt":"2016-12-27T08:14:34","slug":"sao-marcelo","status":"publish","type":"post","link":"https:\/\/www.oarcanjo.net\/site\/sao-marcelo\/","title":{"rendered":"S\u00e3o Marcelo"},"content":{"rendered":"<p><img decoding=\"async\" src=\"http:\/\/1.bp.blogspot.com\/_rZxtUb7v96Y\/SxmBNCdFiHI\/AAAAAAAABTE\/xfCnVdpBmoY\/s320\/Nova+Imagem+(40).png\" border=\"0\" alt=\"\" \/><\/p>\n<p>16 de Janeiro<\/p>\n<p>No in\u00edcio do ano 304 com a morte do Papa Marcelino, a Igreja viveu um longo e confuso per\u00edodo de sua hist\u00f3ria, recheado de incertezas e de persegui\u00e7\u00f5es, que a desorganizou, inclusive internamente. Neste quadro, apareceu a singela figura de Marcelo I, confundido por muitos anos com o pr\u00f3prio Marcelino pois, alguns bi\u00f3grafos acreditaram que eram a mesma pessoa e outros historiadores afirmaram, que ele havia sido apenas um padre. Vejamos como tudo se esclareceu e a relev\u00e2ncia deste Papa e Santo, para a Igreja.<\/p>\n<p>Os anos trezentos, tamb\u00e9m para o Imp\u00e9rio Romano n\u00e3o foram nada agrad\u00e1veis, pois j\u00e1 se delineava a sua queda hist\u00f3rica. O imperador Diocleciano que se mostrava um tirano insensato e insano, tamb\u00e9m j\u00e1 n\u00e3o governava por si mesmo, era comandado pelo &#8220;vice&#8221; Gel\u00e1sio. Foi a mando dele, que Diocleciano decretou a mais feroz, cruel e sangrenta persegui\u00e7\u00e3o aos crist\u00e3os, estendida para todos dos dom\u00ednios do Imp\u00e9rio. E continuou, ap\u00f3s a sua morte, sob o patroc\u00ednio do novo imperador Max\u00eancio.<\/p>\n<p>A C\u00e1tedra de S\u00e3o Pedro vivia num per\u00edodo de &#8220;vicatio&#8221;, como \u00e9 chamado o tempo de aus\u00eancia entre a elei\u00e7\u00e3o leg\u00edtima e a entrada de um novo pont\u00edfice. Foi uma \u00e9poca obscura e de solavancos para toda a Igreja, que agonizava com a confus\u00e3o generalizada provocada pelas heresias e pelos &#8220;lapsis&#8221;, esta figura sombria que surgira em conseq\u00fc\u00eancia das persegui\u00e7\u00f5es.<\/p>\n<p>Em 27 de maio de 308, foi eleito o Papa Marcelo I, um presb\u00edtero de origem romana, humilde, generoso, de car\u00e1ter firme e f\u00e9 inabal\u00e1vel. Ele assumiu a dire\u00e7\u00e3o da Igreja, ap\u00f3s quatro anos da morte do seu predecessor e se ocupou da dif\u00edcil tarefa de sua reorganiza\u00e7\u00e3o.<\/p>\n<p>O seu pontificado, ao contr\u00e1rio do que se imaginava, ficou muito bem atestado pelas fontes da \u00e9poca. Nestes relatos se constatou o comportamento p\u00f3s-persegui\u00e7\u00e3o que a Igreja teve com os &#8220;lapsis&#8221; ou &#8220;renegados&#8221;, como eram chamados os crist\u00e3os que, por medo, haviam publicamente renunciado a F\u00e9 em Cristo.<\/p>\n<p>A esse respeito, existe o registro de um elogio feito ao papa Marcelo I pelo papa Dam\u00e1sio I em 366, com muita justi\u00e7a. Enquanto muitos bispos do Oriente pediam a excomunh\u00e3o destes crist\u00e3os, especialmente para os que faziam parte do clero, ele se mostrou rigoroso mas menos radical. Severo, decidiu que a Igreja iria acolh\u00ea-los, depois de um per\u00edodo de penit\u00eancia. Tamb\u00e9m, determinou que nenhum conc\u00edlio podia ser convocado sem a pr\u00e9via autoriza\u00e7\u00e3o do papa.<\/p>\n<p>Mas acabou sendo preso por ordem do imperador Max\u00eancio, que o exilou e obrigou a trabalhar na sua pr\u00f3pria igreja, a qual f\u00f4ra transformada em est\u00e1bulo. Morreu em conseq\u00fc\u00eancia dos maus tratos recebidos, no dia 16 de janeiro de 309.<\/p>\n<p>A Igreja declarou Marcelo I santo e m\u00e1rtir da f\u00e9, para ser festejado nesta data . As suas rel\u00edquias est\u00e3o guardadas na Cripta dos Papas no cemit\u00e9rio de Santa Priscila, em Roma.<\/p>\n<div id=\"themify_builder_content-7328\" data-postid=\"7328\" class=\"themify_builder_content themify_builder_content-7328 themify_builder themify_builder_front\">\n\t<\/div>\n<!-- \/themify_builder_content -->","protected":false},"excerpt":{"rendered":"<p>16 de Janeiro No in\u00edcio do ano 304 com a morte do Papa Marcelino, a Igreja viveu um longo e confuso per\u00edodo de sua hist\u00f3ria, recheado de incertezas e de persegui\u00e7\u00f5es, que a desorganizou, inclusive internamente. Neste quadro, apareceu a singela figura de Marcelo I, confundido por muitos anos com o pr\u00f3prio Marcelino pois, alguns [&hellip;]<\/p>\n","protected":false},"author":14,"featured_media":0,"comment_status":"open","ping_status":"open","sticky":false,"template":"","format":"standard","meta":{"ngg_post_thumbnail":0,"footnotes":""},"categories":[186],"tags":[],"yoast_head":"<!-- This site is optimized with the Yoast SEO plugin v23.5 - https:\/\/yoast.com\/wordpress\/plugins\/seo\/ -->\n<title>S\u00e3o Marcelo - O Arcanjo no ar<\/title>\n<meta name=\"robots\" content=\"index, follow, max-snippet:-1, max-image-preview:large, max-video-preview:-1\" \/>\n<link rel=\"canonical\" href=\"https:\/\/www.oarcanjo.net\/site\/sao-marcelo\/\" \/>\n<meta property=\"og:locale\" content=\"pt_BR\" \/>\n<meta property=\"og:type\" content=\"article\" \/>\n<meta property=\"og:title\" content=\"S\u00e3o Marcelo - O Arcanjo no ar\" \/>\n<meta property=\"og:description\" content=\"16 de Janeiro No in\u00edcio do ano 304 com a morte do Papa Marcelino, a Igreja viveu um longo e confuso per\u00edodo de sua hist\u00f3ria, recheado de incertezas e de persegui\u00e7\u00f5es, que a desorganizou, inclusive internamente. Neste quadro, apareceu a singela figura de Marcelo I, confundido por muitos anos com o pr\u00f3prio Marcelino pois, alguns [&hellip;]\" \/>\n<meta property=\"og:url\" content=\"https:\/\/www.oarcanjo.net\/site\/sao-marcelo\/\" \/>\n<meta property=\"og:site_name\" content=\"O Arcanjo no ar\" \/>\n<meta property=\"article:publisher\" content=\"https:\/\/www.facebook.com\/OArcanjoNoAr\/\" \/>\n<meta property=\"article:published_time\" content=\"2017-01-16T02:52:25+00:00\" \/>\n<meta property=\"article:modified_time\" content=\"2016-12-27T08:14:34+00:00\" \/>\n<meta property=\"og:image\" content=\"http:\/\/1.bp.blogspot.com\/_rZxtUb7v96Y\/SxmBNCdFiHI\/AAAAAAAABTE\/xfCnVdpBmoY\/s320\/Nova+Imagem+(40).png\" \/>\n<meta name=\"author\" content=\"danilo\" \/>\n<meta name=\"twitter:card\" content=\"summary_large_image\" \/>\n<meta name=\"twitter:label1\" content=\"Escrito por\" \/>\n\t<meta name=\"twitter:data1\" content=\"danilo\" \/>\n\t<meta name=\"twitter:label2\" content=\"Est. tempo de leitura\" \/>\n\t<meta name=\"twitter:data2\" content=\"3 minutos\" \/>\n<script type=\"application\/ld+json\" class=\"yoast-schema-graph\">{\"@context\":\"https:\/\/schema.org\",\"@graph\":[{\"@type\":\"Article\",\"@id\":\"https:\/\/www.oarcanjo.net\/site\/sao-marcelo\/#article\",\"isPartOf\":{\"@id\":\"https:\/\/www.oarcanjo.net\/site\/sao-marcelo\/\"},\"author\":{\"name\":\"danilo\",\"@id\":\"https:\/\/www.oarcanjo.net\/site\/#\/schema\/person\/5eb9480bedd2f3c97e430ce128c29c6c\"},\"headline\":\"S\u00e3o Marcelo\",\"datePublished\":\"2017-01-16T02:52:25+00:00\",\"dateModified\":\"2016-12-27T08:14:34+00:00\",\"mainEntityOfPage\":{\"@id\":\"https:\/\/www.oarcanjo.net\/site\/sao-marcelo\/\"},\"wordCount\":527,\"commentCount\":1,\"publisher\":{\"@id\":\"https:\/\/www.oarcanjo.net\/site\/#organization\"},\"image\":{\"@id\":\"https:\/\/www.oarcanjo.net\/site\/sao-marcelo\/#primaryimage\"},\"thumbnailUrl\":\"http:\/\/1.bp.blogspot.com\/_rZxtUb7v96Y\/SxmBNCdFiHI\/AAAAAAAABTE\/xfCnVdpBmoY\/s320\/Nova+Imagem+(40).png\",\"articleSection\":[\"Testemunhos\"],\"inLanguage\":\"pt-BR\",\"potentialAction\":[{\"@type\":\"CommentAction\",\"name\":\"Comment\",\"target\":[\"https:\/\/www.oarcanjo.net\/site\/sao-marcelo\/#respond\"]}]},{\"@type\":\"WebPage\",\"@id\":\"https:\/\/www.oarcanjo.net\/site\/sao-marcelo\/\",\"url\":\"https:\/\/www.oarcanjo.net\/site\/sao-marcelo\/\",\"name\":\"S\u00e3o Marcelo - O Arcanjo no ar\",\"isPartOf\":{\"@id\":\"https:\/\/www.oarcanjo.net\/site\/#website\"},\"primaryImageOfPage\":{\"@id\":\"https:\/\/www.oarcanjo.net\/site\/sao-marcelo\/#primaryimage\"},\"image\":{\"@id\":\"https:\/\/www.oarcanjo.net\/site\/sao-marcelo\/#primaryimage\"},\"thumbnailUrl\":\"http:\/\/1.bp.blogspot.com\/_rZxtUb7v96Y\/SxmBNCdFiHI\/AAAAAAAABTE\/xfCnVdpBmoY\/s320\/Nova+Imagem+(40).png\",\"datePublished\":\"2017-01-16T02:52:25+00:00\",\"dateModified\":\"2016-12-27T08:14:34+00:00\",\"breadcrumb\":{\"@id\":\"https:\/\/www.oarcanjo.net\/site\/sao-marcelo\/#breadcrumb\"},\"inLanguage\":\"pt-BR\",\"potentialAction\":[{\"@type\":\"ReadAction\",\"target\":[\"https:\/\/www.oarcanjo.net\/site\/sao-marcelo\/\"]}]},{\"@type\":\"ImageObject\",\"inLanguage\":\"pt-BR\",\"@id\":\"https:\/\/www.oarcanjo.net\/site\/sao-marcelo\/#primaryimage\",\"url\":\"http:\/\/1.bp.blogspot.com\/_rZxtUb7v96Y\/SxmBNCdFiHI\/AAAAAAAABTE\/xfCnVdpBmoY\/s320\/Nova+Imagem+(40).png\",\"contentUrl\":\"http:\/\/1.bp.blogspot.com\/_rZxtUb7v96Y\/SxmBNCdFiHI\/AAAAAAAABTE\/xfCnVdpBmoY\/s320\/Nova+Imagem+(40).png\"},{\"@type\":\"BreadcrumbList\",\"@id\":\"https:\/\/www.oarcanjo.net\/site\/sao-marcelo\/#breadcrumb\",\"itemListElement\":[{\"@type\":\"ListItem\",\"position\":1,\"name\":\"In\u00edcio\",\"item\":\"https:\/\/www.oarcanjo.net\/site\/\"},{\"@type\":\"ListItem\",\"position\":2,\"name\":\"S\u00e3o Marcelo\"}]},{\"@type\":\"WebSite\",\"@id\":\"https:\/\/www.oarcanjo.net\/site\/#website\",\"url\":\"https:\/\/www.oarcanjo.net\/site\/\",\"name\":\"O Arcanjo no ar\",\"description\":\"Site da Par\u00f3quia S\u00e3o Miguel Arcanjo (Arquidiocese de SP)\",\"publisher\":{\"@id\":\"https:\/\/www.oarcanjo.net\/site\/#organization\"},\"potentialAction\":[{\"@type\":\"SearchAction\",\"target\":{\"@type\":\"EntryPoint\",\"urlTemplate\":\"https:\/\/www.oarcanjo.net\/site\/?s={search_term_string}\"},\"query-input\":{\"@type\":\"PropertyValueSpecification\",\"valueRequired\":true,\"valueName\":\"search_term_string\"}}],\"inLanguage\":\"pt-BR\"},{\"@type\":\"Organization\",\"@id\":\"https:\/\/www.oarcanjo.net\/site\/#organization\",\"name\":\"Par\u00f3quia S\u00e3o Miguel Arcanjo\",\"url\":\"https:\/\/www.oarcanjo.net\/site\/\",\"logo\":{\"@type\":\"ImageObject\",\"inLanguage\":\"pt-BR\",\"@id\":\"https:\/\/www.oarcanjo.net\/site\/#\/schema\/logo\/image\/\",\"url\":\"https:\/\/www.oarcanjo.net\/site\/wp-content\/uploads\/LogoOArcanjo.png\",\"contentUrl\":\"https:\/\/www.oarcanjo.net\/site\/wp-content\/uploads\/LogoOArcanjo.png\",\"width\":319,\"height\":99,\"caption\":\"Par\u00f3quia S\u00e3o Miguel Arcanjo\"},\"image\":{\"@id\":\"https:\/\/www.oarcanjo.net\/site\/#\/schema\/logo\/image\/\"},\"sameAs\":[\"https:\/\/www.facebook.com\/OArcanjoNoAr\/\"]},{\"@type\":\"Person\",\"@id\":\"https:\/\/www.oarcanjo.net\/site\/#\/schema\/person\/5eb9480bedd2f3c97e430ce128c29c6c\",\"name\":\"danilo\"}]}<\/script>\n<!-- \/ Yoast SEO plugin. -->","yoast_head_json":{"title":"S\u00e3o Marcelo - O Arcanjo no ar","robots":{"index":"index","follow":"follow","max-snippet":"max-snippet:-1","max-image-preview":"max-image-preview:large","max-video-preview":"max-video-preview:-1"},"canonical":"https:\/\/www.oarcanjo.net\/site\/sao-marcelo\/","og_locale":"pt_BR","og_type":"article","og_title":"S\u00e3o Marcelo - O Arcanjo no ar","og_description":"16 de Janeiro No in\u00edcio do ano 304 com a morte do Papa Marcelino, a Igreja viveu um longo e confuso per\u00edodo de sua hist\u00f3ria, recheado de incertezas e de persegui\u00e7\u00f5es, que a desorganizou, inclusive internamente. Neste quadro, apareceu a singela figura de Marcelo I, confundido por muitos anos com o pr\u00f3prio Marcelino pois, alguns [&hellip;]","og_url":"https:\/\/www.oarcanjo.net\/site\/sao-marcelo\/","og_site_name":"O Arcanjo no ar","article_publisher":"https:\/\/www.facebook.com\/OArcanjoNoAr\/","article_published_time":"2017-01-16T02:52:25+00:00","article_modified_time":"2016-12-27T08:14:34+00:00","og_image":[{"url":"http:\/\/1.bp.blogspot.com\/_rZxtUb7v96Y\/SxmBNCdFiHI\/AAAAAAAABTE\/xfCnVdpBmoY\/s320\/Nova+Imagem+(40).png"}],"author":"danilo","twitter_card":"summary_large_image","twitter_misc":{"Escrito por":"danilo","Est. tempo de leitura":"3 minutos"},"schema":{"@context":"https:\/\/schema.org","@graph":[{"@type":"Article","@id":"https:\/\/www.oarcanjo.net\/site\/sao-marcelo\/#article","isPartOf":{"@id":"https:\/\/www.oarcanjo.net\/site\/sao-marcelo\/"},"author":{"name":"danilo","@id":"https:\/\/www.oarcanjo.net\/site\/#\/schema\/person\/5eb9480bedd2f3c97e430ce128c29c6c"},"headline":"S\u00e3o Marcelo","datePublished":"2017-01-16T02:52:25+00:00","dateModified":"2016-12-27T08:14:34+00:00","mainEntityOfPage":{"@id":"https:\/\/www.oarcanjo.net\/site\/sao-marcelo\/"},"wordCount":527,"commentCount":1,"publisher":{"@id":"https:\/\/www.oarcanjo.net\/site\/#organization"},"image":{"@id":"https:\/\/www.oarcanjo.net\/site\/sao-marcelo\/#primaryimage"},"thumbnailUrl":"http:\/\/1.bp.blogspot.com\/_rZxtUb7v96Y\/SxmBNCdFiHI\/AAAAAAAABTE\/xfCnVdpBmoY\/s320\/Nova+Imagem+(40).png","articleSection":["Testemunhos"],"inLanguage":"pt-BR","potentialAction":[{"@type":"CommentAction","name":"Comment","target":["https:\/\/www.oarcanjo.net\/site\/sao-marcelo\/#respond"]}]},{"@type":"WebPage","@id":"https:\/\/www.oarcanjo.net\/site\/sao-marcelo\/","url":"https:\/\/www.oarcanjo.net\/site\/sao-marcelo\/","name":"S\u00e3o Marcelo - O Arcanjo no ar","isPartOf":{"@id":"https:\/\/www.oarcanjo.net\/site\/#website"},"primaryImageOfPage":{"@id":"https:\/\/www.oarcanjo.net\/site\/sao-marcelo\/#primaryimage"},"image":{"@id":"https:\/\/www.oarcanjo.net\/site\/sao-marcelo\/#primaryimage"},"thumbnailUrl":"http:\/\/1.bp.blogspot.com\/_rZxtUb7v96Y\/SxmBNCdFiHI\/AAAAAAAABTE\/xfCnVdpBmoY\/s320\/Nova+Imagem+(40).png","datePublished":"2017-01-16T02:52:25+00:00","dateModified":"2016-12-27T08:14:34+00:00","breadcrumb":{"@id":"https:\/\/www.oarcanjo.net\/site\/sao-marcelo\/#breadcrumb"},"inLanguage":"pt-BR","potentialAction":[{"@type":"ReadAction","target":["https:\/\/www.oarcanjo.net\/site\/sao-marcelo\/"]}]},{"@type":"ImageObject","inLanguage":"pt-BR","@id":"https:\/\/www.oarcanjo.net\/site\/sao-marcelo\/#primaryimage","url":"http:\/\/1.bp.blogspot.com\/_rZxtUb7v96Y\/SxmBNCdFiHI\/AAAAAAAABTE\/xfCnVdpBmoY\/s320\/Nova+Imagem+(40).png","contentUrl":"http:\/\/1.bp.blogspot.com\/_rZxtUb7v96Y\/SxmBNCdFiHI\/AAAAAAAABTE\/xfCnVdpBmoY\/s320\/Nova+Imagem+(40).png"},{"@type":"BreadcrumbList","@id":"https:\/\/www.oarcanjo.net\/site\/sao-marcelo\/#breadcrumb","itemListElement":[{"@type":"ListItem","position":1,"name":"In\u00edcio","item":"https:\/\/www.oarcanjo.net\/site\/"},{"@type":"ListItem","position":2,"name":"S\u00e3o Marcelo"}]},{"@type":"WebSite","@id":"https:\/\/www.oarcanjo.net\/site\/#website","url":"https:\/\/www.oarcanjo.net\/site\/","name":"O Arcanjo no ar","description":"Site da Par\u00f3quia S\u00e3o Miguel Arcanjo (Arquidiocese de SP)","publisher":{"@id":"https:\/\/www.oarcanjo.net\/site\/#organization"},"potentialAction":[{"@type":"SearchAction","target":{"@type":"EntryPoint","urlTemplate":"https:\/\/www.oarcanjo.net\/site\/?s={search_term_string}"},"query-input":{"@type":"PropertyValueSpecification","valueRequired":true,"valueName":"search_term_string"}}],"inLanguage":"pt-BR"},{"@type":"Organization","@id":"https:\/\/www.oarcanjo.net\/site\/#organization","name":"Par\u00f3quia S\u00e3o Miguel Arcanjo","url":"https:\/\/www.oarcanjo.net\/site\/","logo":{"@type":"ImageObject","inLanguage":"pt-BR","@id":"https:\/\/www.oarcanjo.net\/site\/#\/schema\/logo\/image\/","url":"https:\/\/www.oarcanjo.net\/site\/wp-content\/uploads\/LogoOArcanjo.png","contentUrl":"https:\/\/www.oarcanjo.net\/site\/wp-content\/uploads\/LogoOArcanjo.png","width":319,"height":99,"caption":"Par\u00f3quia S\u00e3o Miguel Arcanjo"},"image":{"@id":"https:\/\/www.oarcanjo.net\/site\/#\/schema\/logo\/image\/"},"sameAs":["https:\/\/www.facebook.com\/OArcanjoNoAr\/"]},{"@type":"Person","@id":"https:\/\/www.oarcanjo.net\/site\/#\/schema\/person\/5eb9480bedd2f3c97e430ce128c29c6c","name":"danilo"}]}},"publishpress_future_action":{"enabled":false,"date":"2026-05-07 22:02:54","action":"category","newStatus":"draft","terms":[],"taxonomy":"category"},"publishpress_future_workflow_manual_trigger":{"enabledWorkflows":[]},"_links":{"self":[{"href":"https:\/\/www.oarcanjo.net\/site\/wp-json\/wp\/v2\/posts\/7328"}],"collection":[{"href":"https:\/\/www.oarcanjo.net\/site\/wp-json\/wp\/v2\/posts"}],"about":[{"href":"https:\/\/www.oarcanjo.net\/site\/wp-json\/wp\/v2\/types\/post"}],"author":[{"embeddable":true,"href":"https:\/\/www.oarcanjo.net\/site\/wp-json\/wp\/v2\/users\/14"}],"replies":[{"embeddable":true,"href":"https:\/\/www.oarcanjo.net\/site\/wp-json\/wp\/v2\/comments?post=7328"}],"version-history":[{"count":0,"href":"https:\/\/www.oarcanjo.net\/site\/wp-json\/wp\/v2\/posts\/7328\/revisions"}],"wp:attachment":[{"href":"https:\/\/www.oarcanjo.net\/site\/wp-json\/wp\/v2\/media?parent=7328"}],"wp:term":[{"taxonomy":"category","embeddable":true,"href":"https:\/\/www.oarcanjo.net\/site\/wp-json\/wp\/v2\/categories?post=7328"},{"taxonomy":"post_tag","embeddable":true,"href":"https:\/\/www.oarcanjo.net\/site\/wp-json\/wp\/v2\/tags?post=7328"}],"curies":[{"name":"wp","href":"https:\/\/api.w.org\/{rel}","templated":true}]}}