
{"id":7330,"date":"2017-01-16T00:55:18","date_gmt":"2017-01-16T02:55:18","guid":{"rendered":"http:\/\/www.oarcanjo.net\/site\/?p=7330"},"modified":"2016-12-27T06:15:12","modified_gmt":"2016-12-27T08:15:12","slug":"santo-tamaro","status":"publish","type":"post","link":"https:\/\/www.oarcanjo.net\/site\/santo-tamaro\/","title":{"rendered":"Santo Tamaro"},"content":{"rendered":"<p><img decoding=\"async\" src=\"http:\/\/www.minutodesabedoria.com.br\/uploads\/santo_do_dia\/S_Tamaro.jpg\" alt=\"\" \/><\/p>\n<p>16 de Janeiro<\/p>\n<p>Sabemos que no s\u00e9culo cinco houve a grande invas\u00e3o dos v\u00e2ndalos no norte da \u00c1frica liderados pelo rei Genserico. Eles promoveram a separa\u00e7\u00e3o entre a nova popula\u00e7\u00e3o v\u00e2ndala e os cidad\u00e3os romanos. Em conseq\u00fc\u00eancia, muitos padres acabam expulsos da \u00c1frica, incluindo Tammaro.<\/p>\n<p>Os registros mostram que ap\u00f3s de serem amea\u00e7ados os sacerdotes foram embarcados num navio que ficaria \u00e0 deriva at\u00e9 atracar pr\u00f3ximo da costa sul da It\u00e1lia. Al\u00ed os sobreviventes desembarcaram e iniciaram uma caminhada de prega\u00e7\u00e3o do Evangelho ao longo dessa pen\u00ednsula.<\/p>\n<p>Segundo a tradi\u00e7\u00e3o, o sacerdote Tammaro foi um aluno da escola de Santo Agostinho, embora n\u00e3o haja registros que comprovem esse fato. E ainda, segundo os estudiosos, Tammaro se tornou um monge eremita na regi\u00e3o de Caserta. Devido \u00e0 sua sabedoria e solidariedade, o povo o teria aclamado bispo.<\/p>\n<p>S\u00e3o muitos os registros da venera\u00e7\u00e3o que o povo tinha por esse religioso, principalmente os calend\u00e1rios lit\u00fargicos antigos, al\u00e9m das in\u00fameras igrejas erguidas em sua homenagem.<br \/>\nMesmo tendo deixado poucos dados e testemunhos de sua vida, a recorda\u00e7\u00e3o e venera\u00e7\u00e3o de seu nome se mantiveram vigorosos ao longo dos s\u00e9culos chegando aos nossos dias.<\/p>\n<p>Sabe-se que o seu culto teria surgido na regi\u00e3o do Benevento, especificamente onde hoje est\u00e1 a cidade de N\u00e1poles. No s\u00e9culo dezessete, os habitantes o proclamaram como seu padroeiro difundindo amplamente o seu culto.<\/p>\n<p>Tammaro morreu por volta do ano 490, com a idade j\u00e1 avan\u00e7ada, na Vila Literno e foi sepultado na Catedral de Benevento, It\u00e1lia. As rel\u00edquias foram colocadas em uma urna de m\u00e1rmore a qual resistiu ao bombardeio que destruiu a igreja onde estava para salvaguarda durante a Segunda Guerra Mundial.<\/p>\n<p>Hoje, uma parte dessas rel\u00edquias encontra-se em Grumo Nevano, na Bas\u00edlica dedicada \u00e0 Santo Tammaro, que \u00e9 venerado em 16 de janeiro.<\/p>\n<p><img loading=\"lazy\" decoding=\"async\" src=\"http:\/\/www.fotografieitalia.it\/foto\/1705\/GRUMO%20NEVANO_1705-01-06-11-1537.jpg\" alt=\"GRUMO NEVANO (NA) | BASILICA SAN TAMMARO  | BASILICA SAN TAMMARO VESCOVO GRUMO NEVANO NAPOLI | Autore: CARLO RECCIA\" width=\"550\" height=\"412\" \/><\/p>\n<p>Bas\u00edlica Santo Tammaro<\/p>\n<p><img loading=\"lazy\" decoding=\"async\" src=\"http:\/\/www.fotografieitalia.it\/foto\/1705\/GRUMO%20NEVANO_1705-03-12-09-8193.jpg\" alt=\"GRUMO NEVANO (NA) | RELIQUIE DI SAN TAMMARO VESCOVO | RELIQUIE DI SAN TAMMARO,PATRONO DI GRUMO NEVANO NAPOLI | Autore: CARLO RECCIA\" width=\"550\" height=\"412\" \/><\/p>\n<p>Reliquia Santo Tammaro<\/p>\n<div id=\"themify_builder_content-7330\" data-postid=\"7330\" class=\"themify_builder_content themify_builder_content-7330 themify_builder themify_builder_front\">\n\t<\/div>\n<!-- \/themify_builder_content -->","protected":false},"excerpt":{"rendered":"<p>16 de Janeiro Sabemos que no s\u00e9culo cinco houve a grande invas\u00e3o dos v\u00e2ndalos no norte da \u00c1frica liderados pelo rei Genserico. Eles promoveram a separa\u00e7\u00e3o entre a nova popula\u00e7\u00e3o v\u00e2ndala e os cidad\u00e3os romanos. Em conseq\u00fc\u00eancia, muitos padres acabam expulsos da \u00c1frica, incluindo Tammaro. Os registros mostram que ap\u00f3s de serem amea\u00e7ados os sacerdotes [&hellip;]<\/p>\n","protected":false},"author":14,"featured_media":0,"comment_status":"open","ping_status":"open","sticky":false,"template":"","format":"standard","meta":{"ngg_post_thumbnail":0,"footnotes":""},"categories":[186],"tags":[],"yoast_head":"<!-- This site is optimized with the Yoast SEO plugin v23.5 - https:\/\/yoast.com\/wordpress\/plugins\/seo\/ -->\n<title>Santo Tamaro - O Arcanjo no ar<\/title>\n<meta name=\"robots\" content=\"index, follow, max-snippet:-1, max-image-preview:large, max-video-preview:-1\" \/>\n<link rel=\"canonical\" href=\"https:\/\/www.oarcanjo.net\/site\/santo-tamaro\/\" \/>\n<meta property=\"og:locale\" content=\"pt_BR\" \/>\n<meta property=\"og:type\" content=\"article\" \/>\n<meta property=\"og:title\" content=\"Santo Tamaro - O Arcanjo no ar\" \/>\n<meta property=\"og:description\" content=\"16 de Janeiro Sabemos que no s\u00e9culo cinco houve a grande invas\u00e3o dos v\u00e2ndalos no norte da \u00c1frica liderados pelo rei Genserico. Eles promoveram a separa\u00e7\u00e3o entre a nova popula\u00e7\u00e3o v\u00e2ndala e os cidad\u00e3os romanos. Em conseq\u00fc\u00eancia, muitos padres acabam expulsos da \u00c1frica, incluindo Tammaro. Os registros mostram que ap\u00f3s de serem amea\u00e7ados os sacerdotes [&hellip;]\" \/>\n<meta property=\"og:url\" content=\"https:\/\/www.oarcanjo.net\/site\/santo-tamaro\/\" \/>\n<meta property=\"og:site_name\" content=\"O Arcanjo no ar\" \/>\n<meta property=\"article:publisher\" content=\"https:\/\/www.facebook.com\/OArcanjoNoAr\/\" \/>\n<meta property=\"article:published_time\" content=\"2017-01-16T02:55:18+00:00\" \/>\n<meta property=\"article:modified_time\" content=\"2016-12-27T08:15:12+00:00\" \/>\n<meta property=\"og:image\" content=\"http:\/\/www.minutodesabedoria.com.br\/uploads\/santo_do_dia\/S_Tamaro.jpg\" \/>\n<meta name=\"author\" content=\"danilo\" \/>\n<meta name=\"twitter:card\" content=\"summary_large_image\" \/>\n<meta name=\"twitter:label1\" content=\"Escrito por\" \/>\n\t<meta name=\"twitter:data1\" content=\"danilo\" \/>\n\t<meta name=\"twitter:label2\" content=\"Est. tempo de leitura\" \/>\n\t<meta name=\"twitter:data2\" content=\"2 minutos\" \/>\n<script type=\"application\/ld+json\" class=\"yoast-schema-graph\">{\"@context\":\"https:\/\/schema.org\",\"@graph\":[{\"@type\":\"Article\",\"@id\":\"https:\/\/www.oarcanjo.net\/site\/santo-tamaro\/#article\",\"isPartOf\":{\"@id\":\"https:\/\/www.oarcanjo.net\/site\/santo-tamaro\/\"},\"author\":{\"name\":\"danilo\",\"@id\":\"https:\/\/www.oarcanjo.net\/site\/#\/schema\/person\/5eb9480bedd2f3c97e430ce128c29c6c\"},\"headline\":\"Santo Tamaro\",\"datePublished\":\"2017-01-16T02:55:18+00:00\",\"dateModified\":\"2016-12-27T08:15:12+00:00\",\"mainEntityOfPage\":{\"@id\":\"https:\/\/www.oarcanjo.net\/site\/santo-tamaro\/\"},\"wordCount\":333,\"commentCount\":0,\"publisher\":{\"@id\":\"https:\/\/www.oarcanjo.net\/site\/#organization\"},\"image\":{\"@id\":\"https:\/\/www.oarcanjo.net\/site\/santo-tamaro\/#primaryimage\"},\"thumbnailUrl\":\"http:\/\/www.minutodesabedoria.com.br\/uploads\/santo_do_dia\/S_Tamaro.jpg\",\"articleSection\":[\"Testemunhos\"],\"inLanguage\":\"pt-BR\",\"potentialAction\":[{\"@type\":\"CommentAction\",\"name\":\"Comment\",\"target\":[\"https:\/\/www.oarcanjo.net\/site\/santo-tamaro\/#respond\"]}]},{\"@type\":\"WebPage\",\"@id\":\"https:\/\/www.oarcanjo.net\/site\/santo-tamaro\/\",\"url\":\"https:\/\/www.oarcanjo.net\/site\/santo-tamaro\/\",\"name\":\"Santo Tamaro - O Arcanjo no ar\",\"isPartOf\":{\"@id\":\"https:\/\/www.oarcanjo.net\/site\/#website\"},\"primaryImageOfPage\":{\"@id\":\"https:\/\/www.oarcanjo.net\/site\/santo-tamaro\/#primaryimage\"},\"image\":{\"@id\":\"https:\/\/www.oarcanjo.net\/site\/santo-tamaro\/#primaryimage\"},\"thumbnailUrl\":\"http:\/\/www.minutodesabedoria.com.br\/uploads\/santo_do_dia\/S_Tamaro.jpg\",\"datePublished\":\"2017-01-16T02:55:18+00:00\",\"dateModified\":\"2016-12-27T08:15:12+00:00\",\"breadcrumb\":{\"@id\":\"https:\/\/www.oarcanjo.net\/site\/santo-tamaro\/#breadcrumb\"},\"inLanguage\":\"pt-BR\",\"potentialAction\":[{\"@type\":\"ReadAction\",\"target\":[\"https:\/\/www.oarcanjo.net\/site\/santo-tamaro\/\"]}]},{\"@type\":\"ImageObject\",\"inLanguage\":\"pt-BR\",\"@id\":\"https:\/\/www.oarcanjo.net\/site\/santo-tamaro\/#primaryimage\",\"url\":\"http:\/\/www.minutodesabedoria.com.br\/uploads\/santo_do_dia\/S_Tamaro.jpg\",\"contentUrl\":\"http:\/\/www.minutodesabedoria.com.br\/uploads\/santo_do_dia\/S_Tamaro.jpg\"},{\"@type\":\"BreadcrumbList\",\"@id\":\"https:\/\/www.oarcanjo.net\/site\/santo-tamaro\/#breadcrumb\",\"itemListElement\":[{\"@type\":\"ListItem\",\"position\":1,\"name\":\"In\u00edcio\",\"item\":\"https:\/\/www.oarcanjo.net\/site\/\"},{\"@type\":\"ListItem\",\"position\":2,\"name\":\"Santo Tamaro\"}]},{\"@type\":\"WebSite\",\"@id\":\"https:\/\/www.oarcanjo.net\/site\/#website\",\"url\":\"https:\/\/www.oarcanjo.net\/site\/\",\"name\":\"O Arcanjo no ar\",\"description\":\"Site da Par\u00f3quia S\u00e3o Miguel Arcanjo (Arquidiocese de SP)\",\"publisher\":{\"@id\":\"https:\/\/www.oarcanjo.net\/site\/#organization\"},\"potentialAction\":[{\"@type\":\"SearchAction\",\"target\":{\"@type\":\"EntryPoint\",\"urlTemplate\":\"https:\/\/www.oarcanjo.net\/site\/?s={search_term_string}\"},\"query-input\":{\"@type\":\"PropertyValueSpecification\",\"valueRequired\":true,\"valueName\":\"search_term_string\"}}],\"inLanguage\":\"pt-BR\"},{\"@type\":\"Organization\",\"@id\":\"https:\/\/www.oarcanjo.net\/site\/#organization\",\"name\":\"Par\u00f3quia S\u00e3o Miguel Arcanjo\",\"url\":\"https:\/\/www.oarcanjo.net\/site\/\",\"logo\":{\"@type\":\"ImageObject\",\"inLanguage\":\"pt-BR\",\"@id\":\"https:\/\/www.oarcanjo.net\/site\/#\/schema\/logo\/image\/\",\"url\":\"https:\/\/www.oarcanjo.net\/site\/wp-content\/uploads\/LogoOArcanjo.png\",\"contentUrl\":\"https:\/\/www.oarcanjo.net\/site\/wp-content\/uploads\/LogoOArcanjo.png\",\"width\":319,\"height\":99,\"caption\":\"Par\u00f3quia S\u00e3o Miguel Arcanjo\"},\"image\":{\"@id\":\"https:\/\/www.oarcanjo.net\/site\/#\/schema\/logo\/image\/\"},\"sameAs\":[\"https:\/\/www.facebook.com\/OArcanjoNoAr\/\"]},{\"@type\":\"Person\",\"@id\":\"https:\/\/www.oarcanjo.net\/site\/#\/schema\/person\/5eb9480bedd2f3c97e430ce128c29c6c\",\"name\":\"danilo\"}]}<\/script>\n<!-- \/ Yoast SEO plugin. -->","yoast_head_json":{"title":"Santo Tamaro - O Arcanjo no ar","robots":{"index":"index","follow":"follow","max-snippet":"max-snippet:-1","max-image-preview":"max-image-preview:large","max-video-preview":"max-video-preview:-1"},"canonical":"https:\/\/www.oarcanjo.net\/site\/santo-tamaro\/","og_locale":"pt_BR","og_type":"article","og_title":"Santo Tamaro - O Arcanjo no ar","og_description":"16 de Janeiro Sabemos que no s\u00e9culo cinco houve a grande invas\u00e3o dos v\u00e2ndalos no norte da \u00c1frica liderados pelo rei Genserico. Eles promoveram a separa\u00e7\u00e3o entre a nova popula\u00e7\u00e3o v\u00e2ndala e os cidad\u00e3os romanos. Em conseq\u00fc\u00eancia, muitos padres acabam expulsos da \u00c1frica, incluindo Tammaro. Os registros mostram que ap\u00f3s de serem amea\u00e7ados os sacerdotes [&hellip;]","og_url":"https:\/\/www.oarcanjo.net\/site\/santo-tamaro\/","og_site_name":"O Arcanjo no ar","article_publisher":"https:\/\/www.facebook.com\/OArcanjoNoAr\/","article_published_time":"2017-01-16T02:55:18+00:00","article_modified_time":"2016-12-27T08:15:12+00:00","og_image":[{"url":"http:\/\/www.minutodesabedoria.com.br\/uploads\/santo_do_dia\/S_Tamaro.jpg"}],"author":"danilo","twitter_card":"summary_large_image","twitter_misc":{"Escrito por":"danilo","Est. tempo de leitura":"2 minutos"},"schema":{"@context":"https:\/\/schema.org","@graph":[{"@type":"Article","@id":"https:\/\/www.oarcanjo.net\/site\/santo-tamaro\/#article","isPartOf":{"@id":"https:\/\/www.oarcanjo.net\/site\/santo-tamaro\/"},"author":{"name":"danilo","@id":"https:\/\/www.oarcanjo.net\/site\/#\/schema\/person\/5eb9480bedd2f3c97e430ce128c29c6c"},"headline":"Santo Tamaro","datePublished":"2017-01-16T02:55:18+00:00","dateModified":"2016-12-27T08:15:12+00:00","mainEntityOfPage":{"@id":"https:\/\/www.oarcanjo.net\/site\/santo-tamaro\/"},"wordCount":333,"commentCount":0,"publisher":{"@id":"https:\/\/www.oarcanjo.net\/site\/#organization"},"image":{"@id":"https:\/\/www.oarcanjo.net\/site\/santo-tamaro\/#primaryimage"},"thumbnailUrl":"http:\/\/www.minutodesabedoria.com.br\/uploads\/santo_do_dia\/S_Tamaro.jpg","articleSection":["Testemunhos"],"inLanguage":"pt-BR","potentialAction":[{"@type":"CommentAction","name":"Comment","target":["https:\/\/www.oarcanjo.net\/site\/santo-tamaro\/#respond"]}]},{"@type":"WebPage","@id":"https:\/\/www.oarcanjo.net\/site\/santo-tamaro\/","url":"https:\/\/www.oarcanjo.net\/site\/santo-tamaro\/","name":"Santo Tamaro - O Arcanjo no ar","isPartOf":{"@id":"https:\/\/www.oarcanjo.net\/site\/#website"},"primaryImageOfPage":{"@id":"https:\/\/www.oarcanjo.net\/site\/santo-tamaro\/#primaryimage"},"image":{"@id":"https:\/\/www.oarcanjo.net\/site\/santo-tamaro\/#primaryimage"},"thumbnailUrl":"http:\/\/www.minutodesabedoria.com.br\/uploads\/santo_do_dia\/S_Tamaro.jpg","datePublished":"2017-01-16T02:55:18+00:00","dateModified":"2016-12-27T08:15:12+00:00","breadcrumb":{"@id":"https:\/\/www.oarcanjo.net\/site\/santo-tamaro\/#breadcrumb"},"inLanguage":"pt-BR","potentialAction":[{"@type":"ReadAction","target":["https:\/\/www.oarcanjo.net\/site\/santo-tamaro\/"]}]},{"@type":"ImageObject","inLanguage":"pt-BR","@id":"https:\/\/www.oarcanjo.net\/site\/santo-tamaro\/#primaryimage","url":"http:\/\/www.minutodesabedoria.com.br\/uploads\/santo_do_dia\/S_Tamaro.jpg","contentUrl":"http:\/\/www.minutodesabedoria.com.br\/uploads\/santo_do_dia\/S_Tamaro.jpg"},{"@type":"BreadcrumbList","@id":"https:\/\/www.oarcanjo.net\/site\/santo-tamaro\/#breadcrumb","itemListElement":[{"@type":"ListItem","position":1,"name":"In\u00edcio","item":"https:\/\/www.oarcanjo.net\/site\/"},{"@type":"ListItem","position":2,"name":"Santo Tamaro"}]},{"@type":"WebSite","@id":"https:\/\/www.oarcanjo.net\/site\/#website","url":"https:\/\/www.oarcanjo.net\/site\/","name":"O Arcanjo no ar","description":"Site da Par\u00f3quia S\u00e3o Miguel Arcanjo (Arquidiocese de SP)","publisher":{"@id":"https:\/\/www.oarcanjo.net\/site\/#organization"},"potentialAction":[{"@type":"SearchAction","target":{"@type":"EntryPoint","urlTemplate":"https:\/\/www.oarcanjo.net\/site\/?s={search_term_string}"},"query-input":{"@type":"PropertyValueSpecification","valueRequired":true,"valueName":"search_term_string"}}],"inLanguage":"pt-BR"},{"@type":"Organization","@id":"https:\/\/www.oarcanjo.net\/site\/#organization","name":"Par\u00f3quia S\u00e3o Miguel Arcanjo","url":"https:\/\/www.oarcanjo.net\/site\/","logo":{"@type":"ImageObject","inLanguage":"pt-BR","@id":"https:\/\/www.oarcanjo.net\/site\/#\/schema\/logo\/image\/","url":"https:\/\/www.oarcanjo.net\/site\/wp-content\/uploads\/LogoOArcanjo.png","contentUrl":"https:\/\/www.oarcanjo.net\/site\/wp-content\/uploads\/LogoOArcanjo.png","width":319,"height":99,"caption":"Par\u00f3quia S\u00e3o Miguel Arcanjo"},"image":{"@id":"https:\/\/www.oarcanjo.net\/site\/#\/schema\/logo\/image\/"},"sameAs":["https:\/\/www.facebook.com\/OArcanjoNoAr\/"]},{"@type":"Person","@id":"https:\/\/www.oarcanjo.net\/site\/#\/schema\/person\/5eb9480bedd2f3c97e430ce128c29c6c","name":"danilo"}]}},"publishpress_future_action":{"enabled":false,"date":"2026-05-07 22:16:25","action":"category","newStatus":"draft","terms":[],"taxonomy":"category"},"publishpress_future_workflow_manual_trigger":{"enabledWorkflows":[]},"_links":{"self":[{"href":"https:\/\/www.oarcanjo.net\/site\/wp-json\/wp\/v2\/posts\/7330"}],"collection":[{"href":"https:\/\/www.oarcanjo.net\/site\/wp-json\/wp\/v2\/posts"}],"about":[{"href":"https:\/\/www.oarcanjo.net\/site\/wp-json\/wp\/v2\/types\/post"}],"author":[{"embeddable":true,"href":"https:\/\/www.oarcanjo.net\/site\/wp-json\/wp\/v2\/users\/14"}],"replies":[{"embeddable":true,"href":"https:\/\/www.oarcanjo.net\/site\/wp-json\/wp\/v2\/comments?post=7330"}],"version-history":[{"count":0,"href":"https:\/\/www.oarcanjo.net\/site\/wp-json\/wp\/v2\/posts\/7330\/revisions"}],"wp:attachment":[{"href":"https:\/\/www.oarcanjo.net\/site\/wp-json\/wp\/v2\/media?parent=7330"}],"wp:term":[{"taxonomy":"category","embeddable":true,"href":"https:\/\/www.oarcanjo.net\/site\/wp-json\/wp\/v2\/categories?post=7330"},{"taxonomy":"post_tag","embeddable":true,"href":"https:\/\/www.oarcanjo.net\/site\/wp-json\/wp\/v2\/tags?post=7330"}],"curies":[{"name":"wp","href":"https:\/\/api.w.org\/{rel}","templated":true}]}}