
{"id":7332,"date":"2017-01-17T00:01:04","date_gmt":"2017-01-17T02:01:04","guid":{"rendered":"http:\/\/www.oarcanjo.net\/site\/?p=7332"},"modified":"2016-12-27T06:14:29","modified_gmt":"2016-12-27T08:14:29","slug":"santo-antao","status":"publish","type":"post","link":"https:\/\/www.oarcanjo.net\/site\/santo-antao\/","title":{"rendered":"Santo Ant\u00e3o"},"content":{"rendered":"<p><img decoding=\"async\" src=\"http:\/\/www.tudook.com\/portalcatolico\/images\/asantoantao.jpg\" alt=\"\" \/><\/p>\n<p>17 de Janeiro<\/p>\n<p>Antonio do Deserto nasceu na cidade de Conam, no cora\u00e7\u00e3o do antigo Egito, em 251, e batizado com o nome de Ant\u00e3o. Era o primog\u00eanito de uma fam\u00edlia crist\u00e3 de camponeses abastados e tinha apenas uma irm\u00e3.<\/p>\n<p>Aos vinte anos, com a morte dos pais, herdou todos os bens e a irm\u00e3 para cuidar. Mas, numa missa, foi tocado pela mensagem do Evangelho em que Cristo ensina a quem quer ser perfeito: &#8220;Vende os teus bens, d\u00e1 aos pobres e ter\u00e1s um tesouro nos c\u00e9us. Depois, vem e me segue&#8221;. Foi exatamente o que ele fez. Distribuiu tudo o que tinha aos pobres, consagrou sua irm\u00e3 ao estado de virgem crist\u00e3 e se retirou para um deserto n\u00e3o muito longe de sua casa.<\/p>\n<p>Passou a viver na ora\u00e7\u00e3o e na penit\u00eancia, dedicado exclusivamente \u00e0 Deus. Como, entretanto, n\u00e3o deixava de atender quem lhe pedia orienta\u00e7\u00e3o e ajuda, come\u00e7ou a ser muito procurado. Por isto, decidiu se retirar ainda para mais longe, vivendo numa gruta abandonada, por dezoito anos. Assim surgiu Antonio do Deserto o \u00fanico disc\u00edpulo do santo mais singular da Igreja: S\u00e3o Paulo, o ermit\u00e3o.<\/p>\n<p>Mas seus seguidores n\u00e3o o abandonavam. Aos cinq\u00fcenta e cinco anos, atendeu o pedido de seus disc\u00edpulos, abandonando o isolamento do deserto. Com isto, nasceu uma forma curiosa de eremitas, os disc\u00edpulos viviam solit\u00e1rios, cada um em sua cabana, mas todos em contato e sob a dire\u00e7\u00e3o espiritual de Antonio.<\/p>\n<p>A fama de sua extraordin\u00e1ria experi\u00eancia de vida santa no deserto, correu o mundo. Passou a ser o modelo do monge recluso e chamado, at\u00e9 hoje, de &#8220;pai dos monges crist\u00e3os&#8221;.<br \/>\nAntonio n\u00e3o deixou de ser procurado tamb\u00e9m pelo pr\u00f3prio clero, por magistrados e peregrinos que n\u00e3o abriam m\u00e3o de seus conselhos e consolo. At\u00e9 o imperador Constantino e seus filhos estiveram com ele.<\/p>\n<p>Mas, o corajoso Antonio esteve em Alexandria duas vezes: em 311 e 335. A primeira para animar e confortar os crist\u00e3os perseguidos por Diocleciano. E a segunda, para defender seu disc\u00edpulo Atan\u00e1sio, que era o bispo, e estava sendo perseguido e caluniado pelos arianos e para exortar os crist\u00e3os a se manterem fi\u00e9is \u00e0 doutrina do Conc\u00edlio de Nic\u00e9ia de 325.<\/p>\n<p>Ele tamb\u00e9m profetizou sua morte, depois de uma \u00faltima vis\u00e3o de Deus com seus santos, que ocorreu aos cento e cinco anos, em 17 de janeiro de 356, na cidade de Coltzum, Egito. Antonio do Deserto ou Ant\u00e3o do Egito, foi colocado no Livro dos Santos para ser cultuado no dia de sua morte. Santo Atan\u00e1sio foi o disc\u00edpulo e amigo que escreveu sua biografia, registrando tudo sobre o car\u00e1ter, costumes, obras e pensamento do monge mais ilustre da Igreja Cat\u00f3lica antiga.<\/p>\n<p>As suas rel\u00edquias s\u00e3o conservadas na igreja de Santo Antonio de Viennois, na Fran\u00e7a, onde os seus disc\u00edpulos constru\u00edram um hospital e numerosas casas para abrigar os doentes abandonados. Mais tarde, se tornaram uma congrega\u00e7\u00e3o e receberam o nome de &#8220;Ordem dos Hospedeiros Antonianos&#8221;, que atravessou os s\u00e9culos, vigorosa e prestigiada.<\/p>\n<div id=\"themify_builder_content-7332\" data-postid=\"7332\" class=\"themify_builder_content themify_builder_content-7332 themify_builder themify_builder_front\">\n\t<\/div>\n<!-- \/themify_builder_content -->","protected":false},"excerpt":{"rendered":"<p>17 de Janeiro Antonio do Deserto nasceu na cidade de Conam, no cora\u00e7\u00e3o do antigo Egito, em 251, e batizado com o nome de Ant\u00e3o. Era o primog\u00eanito de uma fam\u00edlia crist\u00e3 de camponeses abastados e tinha apenas uma irm\u00e3. Aos vinte anos, com a morte dos pais, herdou todos os bens e a irm\u00e3 [&hellip;]<\/p>\n","protected":false},"author":14,"featured_media":0,"comment_status":"open","ping_status":"open","sticky":false,"template":"","format":"standard","meta":{"ngg_post_thumbnail":0,"footnotes":""},"categories":[186],"tags":[],"yoast_head":"<!-- This site is optimized with the Yoast SEO plugin v23.5 - https:\/\/yoast.com\/wordpress\/plugins\/seo\/ -->\n<title>Santo Ant\u00e3o - O Arcanjo no ar<\/title>\n<meta name=\"robots\" content=\"index, follow, max-snippet:-1, max-image-preview:large, max-video-preview:-1\" \/>\n<link rel=\"canonical\" href=\"https:\/\/www.oarcanjo.net\/site\/santo-antao\/\" \/>\n<meta property=\"og:locale\" content=\"pt_BR\" \/>\n<meta property=\"og:type\" content=\"article\" \/>\n<meta property=\"og:title\" content=\"Santo Ant\u00e3o - O Arcanjo no ar\" \/>\n<meta property=\"og:description\" content=\"17 de Janeiro Antonio do Deserto nasceu na cidade de Conam, no cora\u00e7\u00e3o do antigo Egito, em 251, e batizado com o nome de Ant\u00e3o. Era o primog\u00eanito de uma fam\u00edlia crist\u00e3 de camponeses abastados e tinha apenas uma irm\u00e3. Aos vinte anos, com a morte dos pais, herdou todos os bens e a irm\u00e3 [&hellip;]\" \/>\n<meta property=\"og:url\" content=\"https:\/\/www.oarcanjo.net\/site\/santo-antao\/\" \/>\n<meta property=\"og:site_name\" content=\"O Arcanjo no ar\" \/>\n<meta property=\"article:publisher\" content=\"https:\/\/www.facebook.com\/OArcanjoNoAr\/\" \/>\n<meta property=\"article:published_time\" content=\"2017-01-17T02:01:04+00:00\" \/>\n<meta property=\"article:modified_time\" content=\"2016-12-27T08:14:29+00:00\" \/>\n<meta property=\"og:image\" content=\"http:\/\/www.tudook.com\/portalcatolico\/images\/asantoantao.jpg\" \/>\n<meta name=\"author\" content=\"danilo\" \/>\n<meta name=\"twitter:card\" content=\"summary_large_image\" \/>\n<meta name=\"twitter:label1\" content=\"Escrito por\" \/>\n\t<meta name=\"twitter:data1\" content=\"danilo\" \/>\n\t<meta name=\"twitter:label2\" content=\"Est. tempo de leitura\" \/>\n\t<meta name=\"twitter:data2\" content=\"3 minutos\" \/>\n<script type=\"application\/ld+json\" class=\"yoast-schema-graph\">{\"@context\":\"https:\/\/schema.org\",\"@graph\":[{\"@type\":\"Article\",\"@id\":\"https:\/\/www.oarcanjo.net\/site\/santo-antao\/#article\",\"isPartOf\":{\"@id\":\"https:\/\/www.oarcanjo.net\/site\/santo-antao\/\"},\"author\":{\"name\":\"danilo\",\"@id\":\"https:\/\/www.oarcanjo.net\/site\/#\/schema\/person\/5eb9480bedd2f3c97e430ce128c29c6c\"},\"headline\":\"Santo Ant\u00e3o\",\"datePublished\":\"2017-01-17T02:01:04+00:00\",\"dateModified\":\"2016-12-27T08:14:29+00:00\",\"mainEntityOfPage\":{\"@id\":\"https:\/\/www.oarcanjo.net\/site\/santo-antao\/\"},\"wordCount\":541,\"commentCount\":0,\"publisher\":{\"@id\":\"https:\/\/www.oarcanjo.net\/site\/#organization\"},\"image\":{\"@id\":\"https:\/\/www.oarcanjo.net\/site\/santo-antao\/#primaryimage\"},\"thumbnailUrl\":\"http:\/\/www.tudook.com\/portalcatolico\/images\/asantoantao.jpg\",\"articleSection\":[\"Testemunhos\"],\"inLanguage\":\"pt-BR\",\"potentialAction\":[{\"@type\":\"CommentAction\",\"name\":\"Comment\",\"target\":[\"https:\/\/www.oarcanjo.net\/site\/santo-antao\/#respond\"]}]},{\"@type\":\"WebPage\",\"@id\":\"https:\/\/www.oarcanjo.net\/site\/santo-antao\/\",\"url\":\"https:\/\/www.oarcanjo.net\/site\/santo-antao\/\",\"name\":\"Santo Ant\u00e3o - O Arcanjo no ar\",\"isPartOf\":{\"@id\":\"https:\/\/www.oarcanjo.net\/site\/#website\"},\"primaryImageOfPage\":{\"@id\":\"https:\/\/www.oarcanjo.net\/site\/santo-antao\/#primaryimage\"},\"image\":{\"@id\":\"https:\/\/www.oarcanjo.net\/site\/santo-antao\/#primaryimage\"},\"thumbnailUrl\":\"http:\/\/www.tudook.com\/portalcatolico\/images\/asantoantao.jpg\",\"datePublished\":\"2017-01-17T02:01:04+00:00\",\"dateModified\":\"2016-12-27T08:14:29+00:00\",\"breadcrumb\":{\"@id\":\"https:\/\/www.oarcanjo.net\/site\/santo-antao\/#breadcrumb\"},\"inLanguage\":\"pt-BR\",\"potentialAction\":[{\"@type\":\"ReadAction\",\"target\":[\"https:\/\/www.oarcanjo.net\/site\/santo-antao\/\"]}]},{\"@type\":\"ImageObject\",\"inLanguage\":\"pt-BR\",\"@id\":\"https:\/\/www.oarcanjo.net\/site\/santo-antao\/#primaryimage\",\"url\":\"http:\/\/www.tudook.com\/portalcatolico\/images\/asantoantao.jpg\",\"contentUrl\":\"http:\/\/www.tudook.com\/portalcatolico\/images\/asantoantao.jpg\"},{\"@type\":\"BreadcrumbList\",\"@id\":\"https:\/\/www.oarcanjo.net\/site\/santo-antao\/#breadcrumb\",\"itemListElement\":[{\"@type\":\"ListItem\",\"position\":1,\"name\":\"In\u00edcio\",\"item\":\"https:\/\/www.oarcanjo.net\/site\/\"},{\"@type\":\"ListItem\",\"position\":2,\"name\":\"Santo Ant\u00e3o\"}]},{\"@type\":\"WebSite\",\"@id\":\"https:\/\/www.oarcanjo.net\/site\/#website\",\"url\":\"https:\/\/www.oarcanjo.net\/site\/\",\"name\":\"O Arcanjo no ar\",\"description\":\"Site da Par\u00f3quia S\u00e3o Miguel Arcanjo (Arquidiocese de SP)\",\"publisher\":{\"@id\":\"https:\/\/www.oarcanjo.net\/site\/#organization\"},\"potentialAction\":[{\"@type\":\"SearchAction\",\"target\":{\"@type\":\"EntryPoint\",\"urlTemplate\":\"https:\/\/www.oarcanjo.net\/site\/?s={search_term_string}\"},\"query-input\":{\"@type\":\"PropertyValueSpecification\",\"valueRequired\":true,\"valueName\":\"search_term_string\"}}],\"inLanguage\":\"pt-BR\"},{\"@type\":\"Organization\",\"@id\":\"https:\/\/www.oarcanjo.net\/site\/#organization\",\"name\":\"Par\u00f3quia S\u00e3o Miguel Arcanjo\",\"url\":\"https:\/\/www.oarcanjo.net\/site\/\",\"logo\":{\"@type\":\"ImageObject\",\"inLanguage\":\"pt-BR\",\"@id\":\"https:\/\/www.oarcanjo.net\/site\/#\/schema\/logo\/image\/\",\"url\":\"https:\/\/www.oarcanjo.net\/site\/wp-content\/uploads\/LogoOArcanjo.png\",\"contentUrl\":\"https:\/\/www.oarcanjo.net\/site\/wp-content\/uploads\/LogoOArcanjo.png\",\"width\":319,\"height\":99,\"caption\":\"Par\u00f3quia S\u00e3o Miguel Arcanjo\"},\"image\":{\"@id\":\"https:\/\/www.oarcanjo.net\/site\/#\/schema\/logo\/image\/\"},\"sameAs\":[\"https:\/\/www.facebook.com\/OArcanjoNoAr\/\"]},{\"@type\":\"Person\",\"@id\":\"https:\/\/www.oarcanjo.net\/site\/#\/schema\/person\/5eb9480bedd2f3c97e430ce128c29c6c\",\"name\":\"danilo\"}]}<\/script>\n<!-- \/ Yoast SEO plugin. -->","yoast_head_json":{"title":"Santo Ant\u00e3o - O Arcanjo no ar","robots":{"index":"index","follow":"follow","max-snippet":"max-snippet:-1","max-image-preview":"max-image-preview:large","max-video-preview":"max-video-preview:-1"},"canonical":"https:\/\/www.oarcanjo.net\/site\/santo-antao\/","og_locale":"pt_BR","og_type":"article","og_title":"Santo Ant\u00e3o - O Arcanjo no ar","og_description":"17 de Janeiro Antonio do Deserto nasceu na cidade de Conam, no cora\u00e7\u00e3o do antigo Egito, em 251, e batizado com o nome de Ant\u00e3o. Era o primog\u00eanito de uma fam\u00edlia crist\u00e3 de camponeses abastados e tinha apenas uma irm\u00e3. Aos vinte anos, com a morte dos pais, herdou todos os bens e a irm\u00e3 [&hellip;]","og_url":"https:\/\/www.oarcanjo.net\/site\/santo-antao\/","og_site_name":"O Arcanjo no ar","article_publisher":"https:\/\/www.facebook.com\/OArcanjoNoAr\/","article_published_time":"2017-01-17T02:01:04+00:00","article_modified_time":"2016-12-27T08:14:29+00:00","og_image":[{"url":"http:\/\/www.tudook.com\/portalcatolico\/images\/asantoantao.jpg"}],"author":"danilo","twitter_card":"summary_large_image","twitter_misc":{"Escrito por":"danilo","Est. tempo de leitura":"3 minutos"},"schema":{"@context":"https:\/\/schema.org","@graph":[{"@type":"Article","@id":"https:\/\/www.oarcanjo.net\/site\/santo-antao\/#article","isPartOf":{"@id":"https:\/\/www.oarcanjo.net\/site\/santo-antao\/"},"author":{"name":"danilo","@id":"https:\/\/www.oarcanjo.net\/site\/#\/schema\/person\/5eb9480bedd2f3c97e430ce128c29c6c"},"headline":"Santo Ant\u00e3o","datePublished":"2017-01-17T02:01:04+00:00","dateModified":"2016-12-27T08:14:29+00:00","mainEntityOfPage":{"@id":"https:\/\/www.oarcanjo.net\/site\/santo-antao\/"},"wordCount":541,"commentCount":0,"publisher":{"@id":"https:\/\/www.oarcanjo.net\/site\/#organization"},"image":{"@id":"https:\/\/www.oarcanjo.net\/site\/santo-antao\/#primaryimage"},"thumbnailUrl":"http:\/\/www.tudook.com\/portalcatolico\/images\/asantoantao.jpg","articleSection":["Testemunhos"],"inLanguage":"pt-BR","potentialAction":[{"@type":"CommentAction","name":"Comment","target":["https:\/\/www.oarcanjo.net\/site\/santo-antao\/#respond"]}]},{"@type":"WebPage","@id":"https:\/\/www.oarcanjo.net\/site\/santo-antao\/","url":"https:\/\/www.oarcanjo.net\/site\/santo-antao\/","name":"Santo Ant\u00e3o - O Arcanjo no ar","isPartOf":{"@id":"https:\/\/www.oarcanjo.net\/site\/#website"},"primaryImageOfPage":{"@id":"https:\/\/www.oarcanjo.net\/site\/santo-antao\/#primaryimage"},"image":{"@id":"https:\/\/www.oarcanjo.net\/site\/santo-antao\/#primaryimage"},"thumbnailUrl":"http:\/\/www.tudook.com\/portalcatolico\/images\/asantoantao.jpg","datePublished":"2017-01-17T02:01:04+00:00","dateModified":"2016-12-27T08:14:29+00:00","breadcrumb":{"@id":"https:\/\/www.oarcanjo.net\/site\/santo-antao\/#breadcrumb"},"inLanguage":"pt-BR","potentialAction":[{"@type":"ReadAction","target":["https:\/\/www.oarcanjo.net\/site\/santo-antao\/"]}]},{"@type":"ImageObject","inLanguage":"pt-BR","@id":"https:\/\/www.oarcanjo.net\/site\/santo-antao\/#primaryimage","url":"http:\/\/www.tudook.com\/portalcatolico\/images\/asantoantao.jpg","contentUrl":"http:\/\/www.tudook.com\/portalcatolico\/images\/asantoantao.jpg"},{"@type":"BreadcrumbList","@id":"https:\/\/www.oarcanjo.net\/site\/santo-antao\/#breadcrumb","itemListElement":[{"@type":"ListItem","position":1,"name":"In\u00edcio","item":"https:\/\/www.oarcanjo.net\/site\/"},{"@type":"ListItem","position":2,"name":"Santo Ant\u00e3o"}]},{"@type":"WebSite","@id":"https:\/\/www.oarcanjo.net\/site\/#website","url":"https:\/\/www.oarcanjo.net\/site\/","name":"O Arcanjo no ar","description":"Site da Par\u00f3quia S\u00e3o Miguel Arcanjo (Arquidiocese de SP)","publisher":{"@id":"https:\/\/www.oarcanjo.net\/site\/#organization"},"potentialAction":[{"@type":"SearchAction","target":{"@type":"EntryPoint","urlTemplate":"https:\/\/www.oarcanjo.net\/site\/?s={search_term_string}"},"query-input":{"@type":"PropertyValueSpecification","valueRequired":true,"valueName":"search_term_string"}}],"inLanguage":"pt-BR"},{"@type":"Organization","@id":"https:\/\/www.oarcanjo.net\/site\/#organization","name":"Par\u00f3quia S\u00e3o Miguel Arcanjo","url":"https:\/\/www.oarcanjo.net\/site\/","logo":{"@type":"ImageObject","inLanguage":"pt-BR","@id":"https:\/\/www.oarcanjo.net\/site\/#\/schema\/logo\/image\/","url":"https:\/\/www.oarcanjo.net\/site\/wp-content\/uploads\/LogoOArcanjo.png","contentUrl":"https:\/\/www.oarcanjo.net\/site\/wp-content\/uploads\/LogoOArcanjo.png","width":319,"height":99,"caption":"Par\u00f3quia S\u00e3o Miguel Arcanjo"},"image":{"@id":"https:\/\/www.oarcanjo.net\/site\/#\/schema\/logo\/image\/"},"sameAs":["https:\/\/www.facebook.com\/OArcanjoNoAr\/"]},{"@type":"Person","@id":"https:\/\/www.oarcanjo.net\/site\/#\/schema\/person\/5eb9480bedd2f3c97e430ce128c29c6c","name":"danilo"}]}},"publishpress_future_action":{"enabled":false,"date":"2026-05-07 23:36:45","action":"category","newStatus":"draft","terms":[],"taxonomy":"category"},"publishpress_future_workflow_manual_trigger":{"enabledWorkflows":[]},"_links":{"self":[{"href":"https:\/\/www.oarcanjo.net\/site\/wp-json\/wp\/v2\/posts\/7332"}],"collection":[{"href":"https:\/\/www.oarcanjo.net\/site\/wp-json\/wp\/v2\/posts"}],"about":[{"href":"https:\/\/www.oarcanjo.net\/site\/wp-json\/wp\/v2\/types\/post"}],"author":[{"embeddable":true,"href":"https:\/\/www.oarcanjo.net\/site\/wp-json\/wp\/v2\/users\/14"}],"replies":[{"embeddable":true,"href":"https:\/\/www.oarcanjo.net\/site\/wp-json\/wp\/v2\/comments?post=7332"}],"version-history":[{"count":0,"href":"https:\/\/www.oarcanjo.net\/site\/wp-json\/wp\/v2\/posts\/7332\/revisions"}],"wp:attachment":[{"href":"https:\/\/www.oarcanjo.net\/site\/wp-json\/wp\/v2\/media?parent=7332"}],"wp:term":[{"taxonomy":"category","embeddable":true,"href":"https:\/\/www.oarcanjo.net\/site\/wp-json\/wp\/v2\/categories?post=7332"},{"taxonomy":"post_tag","embeddable":true,"href":"https:\/\/www.oarcanjo.net\/site\/wp-json\/wp\/v2\/tags?post=7332"}],"curies":[{"name":"wp","href":"https:\/\/api.w.org\/{rel}","templated":true}]}}