
{"id":7334,"date":"2017-01-17T00:35:21","date_gmt":"2017-01-17T02:35:21","guid":{"rendered":"http:\/\/www.oarcanjo.net\/site\/?p=7334"},"modified":"2016-12-27T06:25:04","modified_gmt":"2016-12-27T08:25:04","slug":"sao-sulpicio-o-piedoso","status":"publish","type":"post","link":"https:\/\/www.oarcanjo.net\/site\/sao-sulpicio-o-piedoso\/","title":{"rendered":"S\u00e3o Sulpicio, o Piedoso"},"content":{"rendered":"<p><a href=\"http:\/\/pt.wikipedia.org\/wiki\/Ficheiro:Fontaine_Saint-Sulpice_00.JPG\"><img loading=\"lazy\" decoding=\"async\" src=\"http:\/\/upload.wikimedia.org\/wikipedia\/commons\/thumb\/5\/5d\/Fontaine_Saint-Sulpice_00.JPG\/250px-Fontaine_Saint-Sulpice_00.JPG\" alt=\"\" width=\"250\" height=\"333\" \/><\/a><\/p>\n<p>A fonte de Saint-Sulpice, Paris.<\/p>\n<p>17 de Janeiro<\/p>\n<p><strong>Conhecido tamb\u00e9m como S\u00e3o Supl\u00edcio e S\u00e3o Sulpicius le Debonnaire<br \/>\nEle \u00e9 tamb\u00e9m listado como Sulpicius II Pius. Era filho de parentes ricos e nasceu em Berry em 624, Fran\u00e7a \u00e9 titular do semin\u00e1rio e da Igreja de Saint Sulpice, em Paris. <\/strong><\/p>\n<p><strong>Na sua juventude ele deu o seu patrim\u00f4nio para a Igreja e devotou-se para Cristo. Ap\u00f3s a ordena\u00e7\u00e3o ele serviu ao Rei Clotaire II como capel\u00e3o do seu exercito. Certa vez o Rei estava muito doente e ele conseguiu cura-lo apenas com a suas ora\u00e7\u00f5es e jejuns.<\/strong><\/p>\n<p><strong>Em 624 Sulpicius sucedeu Santo Austreg\u00e9sius como o segundo Bispo de Bourges .Ele ganhou admira\u00e7\u00e3o popular pela sua generosidade, solicitude e por defender seus paroquianos da tirania dos reis Merovingians, particularmente do oficial Dagoberto. Sua caridade parecei inexaur\u00edvel, e ele era tido como tendo poderes miraculosos. \u00c9 relatado que ele converteu todos os judeus de sua diocese e passava todo o seu tempo em ora\u00e7\u00f5es e trabalhos episcopais.<\/strong><\/p>\n<p><strong>Teria sido amigo e conselheiro de Santa Clara de Marmoutier e foi o escritor da biografia de S\u00e3o Martin de Tours, e o respons\u00e1vel por difundir a santidade dele e torna-lo o mais popular santo da Fran\u00e7a. <\/strong><\/p>\n<p><strong>Em 627 S\u00e3o Sulpicius atendeu o Consilho de Clichy. Mais tarde ele renunciou a sua posi\u00e7\u00e3o de modo a ter mais tempo para meditar. V\u00e1rios milagres foram creditados a sua intercess\u00e3o. Morreu em 17 de janeiro de 647.<br \/>\nSeu funeral foi uma extraordin\u00e1ria demonstra\u00e7\u00e3o de fervor e devo\u00e7\u00e3o popular e foi muito dif\u00edcil conduzir os servi\u00e7os funer\u00e1rios.<\/strong><\/p>\n<p><strong>A cole\u00e7\u00e3o de cartas de <\/strong><span style=\"font-size: xx-small\">S\u00e3o Desiderio de Cahors,<\/span><strong> contem um volume intitulado &#8220;Para o Santo Patriarca, Sulpicius e v\u00e1rios de nossos santos para ele&#8221;. O famoso monast\u00e9rio de Saint Sulpice em Bourges \u00e9 tido com sendo fundado por ele sob a invoca\u00e7\u00e3o da Santa Virgem e agora pertence a congrega\u00e7\u00e3o de Saint Maur e enriquecida com as suas rel\u00edquias e do sangue de S\u00e3o Stephen , santo titular da Catedral. Um osso de um bra\u00e7o de S\u00e3o Sulpicius \u00e9 guardado na famosa Igreja de Saint Sulpice\u00a0 em Paris. <\/strong><\/p>\n<p><strong>Na arte lit\u00fargica ele \u00e9 mostrado visitando os doentes.<\/strong><\/p>\n<div id=\"themify_builder_content-7334\" data-postid=\"7334\" class=\"themify_builder_content themify_builder_content-7334 themify_builder themify_builder_front\">\n\t<\/div>\n<!-- \/themify_builder_content -->","protected":false},"excerpt":{"rendered":"<p>A fonte de Saint-Sulpice, Paris. 17 de Janeiro Conhecido tamb\u00e9m como S\u00e3o Supl\u00edcio e S\u00e3o Sulpicius le Debonnaire Ele \u00e9 tamb\u00e9m listado como Sulpicius II Pius. Era filho de parentes ricos e nasceu em Berry em 624, Fran\u00e7a \u00e9 titular do semin\u00e1rio e da Igreja de Saint Sulpice, em Paris. Na sua juventude ele deu [&hellip;]<\/p>\n","protected":false},"author":14,"featured_media":0,"comment_status":"open","ping_status":"open","sticky":false,"template":"","format":"standard","meta":{"ngg_post_thumbnail":0,"footnotes":""},"categories":[186],"tags":[],"yoast_head":"<!-- This site is optimized with the Yoast SEO plugin v23.5 - https:\/\/yoast.com\/wordpress\/plugins\/seo\/ -->\n<title>S\u00e3o Sulpicio, o Piedoso - O Arcanjo no ar<\/title>\n<meta name=\"robots\" content=\"index, follow, max-snippet:-1, max-image-preview:large, max-video-preview:-1\" \/>\n<link rel=\"canonical\" href=\"https:\/\/www.oarcanjo.net\/site\/sao-sulpicio-o-piedoso\/\" \/>\n<meta property=\"og:locale\" content=\"pt_BR\" \/>\n<meta property=\"og:type\" content=\"article\" \/>\n<meta property=\"og:title\" content=\"S\u00e3o Sulpicio, o Piedoso - O Arcanjo no ar\" \/>\n<meta property=\"og:description\" content=\"A fonte de Saint-Sulpice, Paris. 17 de Janeiro Conhecido tamb\u00e9m como S\u00e3o Supl\u00edcio e S\u00e3o Sulpicius le Debonnaire Ele \u00e9 tamb\u00e9m listado como Sulpicius II Pius. Era filho de parentes ricos e nasceu em Berry em 624, Fran\u00e7a \u00e9 titular do semin\u00e1rio e da Igreja de Saint Sulpice, em Paris. Na sua juventude ele deu [&hellip;]\" \/>\n<meta property=\"og:url\" content=\"https:\/\/www.oarcanjo.net\/site\/sao-sulpicio-o-piedoso\/\" \/>\n<meta property=\"og:site_name\" content=\"O Arcanjo no ar\" \/>\n<meta property=\"article:publisher\" content=\"https:\/\/www.facebook.com\/OArcanjoNoAr\/\" \/>\n<meta property=\"article:published_time\" content=\"2017-01-17T02:35:21+00:00\" \/>\n<meta property=\"article:modified_time\" content=\"2016-12-27T08:25:04+00:00\" \/>\n<meta property=\"og:image\" content=\"http:\/\/upload.wikimedia.org\/wikipedia\/commons\/thumb\/5\/5d\/Fontaine_Saint-Sulpice_00.JPG\/250px-Fontaine_Saint-Sulpice_00.JPG\" \/>\n<meta name=\"author\" content=\"danilo\" \/>\n<meta name=\"twitter:card\" content=\"summary_large_image\" \/>\n<meta name=\"twitter:label1\" content=\"Escrito por\" \/>\n\t<meta name=\"twitter:data1\" content=\"danilo\" \/>\n\t<meta name=\"twitter:label2\" content=\"Est. tempo de leitura\" \/>\n\t<meta name=\"twitter:data2\" content=\"2 minutos\" \/>\n<script type=\"application\/ld+json\" class=\"yoast-schema-graph\">{\"@context\":\"https:\/\/schema.org\",\"@graph\":[{\"@type\":\"Article\",\"@id\":\"https:\/\/www.oarcanjo.net\/site\/sao-sulpicio-o-piedoso\/#article\",\"isPartOf\":{\"@id\":\"https:\/\/www.oarcanjo.net\/site\/sao-sulpicio-o-piedoso\/\"},\"author\":{\"name\":\"danilo\",\"@id\":\"https:\/\/www.oarcanjo.net\/site\/#\/schema\/person\/5eb9480bedd2f3c97e430ce128c29c6c\"},\"headline\":\"S\u00e3o Sulpicio, o Piedoso\",\"datePublished\":\"2017-01-17T02:35:21+00:00\",\"dateModified\":\"2016-12-27T08:25:04+00:00\",\"mainEntityOfPage\":{\"@id\":\"https:\/\/www.oarcanjo.net\/site\/sao-sulpicio-o-piedoso\/\"},\"wordCount\":389,\"commentCount\":0,\"publisher\":{\"@id\":\"https:\/\/www.oarcanjo.net\/site\/#organization\"},\"image\":{\"@id\":\"https:\/\/www.oarcanjo.net\/site\/sao-sulpicio-o-piedoso\/#primaryimage\"},\"thumbnailUrl\":\"http:\/\/upload.wikimedia.org\/wikipedia\/commons\/thumb\/5\/5d\/Fontaine_Saint-Sulpice_00.JPG\/250px-Fontaine_Saint-Sulpice_00.JPG\",\"articleSection\":[\"Testemunhos\"],\"inLanguage\":\"pt-BR\",\"potentialAction\":[{\"@type\":\"CommentAction\",\"name\":\"Comment\",\"target\":[\"https:\/\/www.oarcanjo.net\/site\/sao-sulpicio-o-piedoso\/#respond\"]}]},{\"@type\":\"WebPage\",\"@id\":\"https:\/\/www.oarcanjo.net\/site\/sao-sulpicio-o-piedoso\/\",\"url\":\"https:\/\/www.oarcanjo.net\/site\/sao-sulpicio-o-piedoso\/\",\"name\":\"S\u00e3o Sulpicio, o Piedoso - O Arcanjo no ar\",\"isPartOf\":{\"@id\":\"https:\/\/www.oarcanjo.net\/site\/#website\"},\"primaryImageOfPage\":{\"@id\":\"https:\/\/www.oarcanjo.net\/site\/sao-sulpicio-o-piedoso\/#primaryimage\"},\"image\":{\"@id\":\"https:\/\/www.oarcanjo.net\/site\/sao-sulpicio-o-piedoso\/#primaryimage\"},\"thumbnailUrl\":\"http:\/\/upload.wikimedia.org\/wikipedia\/commons\/thumb\/5\/5d\/Fontaine_Saint-Sulpice_00.JPG\/250px-Fontaine_Saint-Sulpice_00.JPG\",\"datePublished\":\"2017-01-17T02:35:21+00:00\",\"dateModified\":\"2016-12-27T08:25:04+00:00\",\"breadcrumb\":{\"@id\":\"https:\/\/www.oarcanjo.net\/site\/sao-sulpicio-o-piedoso\/#breadcrumb\"},\"inLanguage\":\"pt-BR\",\"potentialAction\":[{\"@type\":\"ReadAction\",\"target\":[\"https:\/\/www.oarcanjo.net\/site\/sao-sulpicio-o-piedoso\/\"]}]},{\"@type\":\"ImageObject\",\"inLanguage\":\"pt-BR\",\"@id\":\"https:\/\/www.oarcanjo.net\/site\/sao-sulpicio-o-piedoso\/#primaryimage\",\"url\":\"http:\/\/upload.wikimedia.org\/wikipedia\/commons\/thumb\/5\/5d\/Fontaine_Saint-Sulpice_00.JPG\/250px-Fontaine_Saint-Sulpice_00.JPG\",\"contentUrl\":\"http:\/\/upload.wikimedia.org\/wikipedia\/commons\/thumb\/5\/5d\/Fontaine_Saint-Sulpice_00.JPG\/250px-Fontaine_Saint-Sulpice_00.JPG\"},{\"@type\":\"BreadcrumbList\",\"@id\":\"https:\/\/www.oarcanjo.net\/site\/sao-sulpicio-o-piedoso\/#breadcrumb\",\"itemListElement\":[{\"@type\":\"ListItem\",\"position\":1,\"name\":\"In\u00edcio\",\"item\":\"https:\/\/www.oarcanjo.net\/site\/\"},{\"@type\":\"ListItem\",\"position\":2,\"name\":\"S\u00e3o Sulpicio, o Piedoso\"}]},{\"@type\":\"WebSite\",\"@id\":\"https:\/\/www.oarcanjo.net\/site\/#website\",\"url\":\"https:\/\/www.oarcanjo.net\/site\/\",\"name\":\"O Arcanjo no ar\",\"description\":\"Site da Par\u00f3quia S\u00e3o Miguel Arcanjo (Arquidiocese de SP)\",\"publisher\":{\"@id\":\"https:\/\/www.oarcanjo.net\/site\/#organization\"},\"potentialAction\":[{\"@type\":\"SearchAction\",\"target\":{\"@type\":\"EntryPoint\",\"urlTemplate\":\"https:\/\/www.oarcanjo.net\/site\/?s={search_term_string}\"},\"query-input\":{\"@type\":\"PropertyValueSpecification\",\"valueRequired\":true,\"valueName\":\"search_term_string\"}}],\"inLanguage\":\"pt-BR\"},{\"@type\":\"Organization\",\"@id\":\"https:\/\/www.oarcanjo.net\/site\/#organization\",\"name\":\"Par\u00f3quia S\u00e3o Miguel Arcanjo\",\"url\":\"https:\/\/www.oarcanjo.net\/site\/\",\"logo\":{\"@type\":\"ImageObject\",\"inLanguage\":\"pt-BR\",\"@id\":\"https:\/\/www.oarcanjo.net\/site\/#\/schema\/logo\/image\/\",\"url\":\"https:\/\/www.oarcanjo.net\/site\/wp-content\/uploads\/LogoOArcanjo.png\",\"contentUrl\":\"https:\/\/www.oarcanjo.net\/site\/wp-content\/uploads\/LogoOArcanjo.png\",\"width\":319,\"height\":99,\"caption\":\"Par\u00f3quia S\u00e3o Miguel Arcanjo\"},\"image\":{\"@id\":\"https:\/\/www.oarcanjo.net\/site\/#\/schema\/logo\/image\/\"},\"sameAs\":[\"https:\/\/www.facebook.com\/OArcanjoNoAr\/\"]},{\"@type\":\"Person\",\"@id\":\"https:\/\/www.oarcanjo.net\/site\/#\/schema\/person\/5eb9480bedd2f3c97e430ce128c29c6c\",\"name\":\"danilo\"}]}<\/script>\n<!-- \/ Yoast SEO plugin. -->","yoast_head_json":{"title":"S\u00e3o Sulpicio, o Piedoso - O Arcanjo no ar","robots":{"index":"index","follow":"follow","max-snippet":"max-snippet:-1","max-image-preview":"max-image-preview:large","max-video-preview":"max-video-preview:-1"},"canonical":"https:\/\/www.oarcanjo.net\/site\/sao-sulpicio-o-piedoso\/","og_locale":"pt_BR","og_type":"article","og_title":"S\u00e3o Sulpicio, o Piedoso - O Arcanjo no ar","og_description":"A fonte de Saint-Sulpice, Paris. 17 de Janeiro Conhecido tamb\u00e9m como S\u00e3o Supl\u00edcio e S\u00e3o Sulpicius le Debonnaire Ele \u00e9 tamb\u00e9m listado como Sulpicius II Pius. Era filho de parentes ricos e nasceu em Berry em 624, Fran\u00e7a \u00e9 titular do semin\u00e1rio e da Igreja de Saint Sulpice, em Paris. Na sua juventude ele deu [&hellip;]","og_url":"https:\/\/www.oarcanjo.net\/site\/sao-sulpicio-o-piedoso\/","og_site_name":"O Arcanjo no ar","article_publisher":"https:\/\/www.facebook.com\/OArcanjoNoAr\/","article_published_time":"2017-01-17T02:35:21+00:00","article_modified_time":"2016-12-27T08:25:04+00:00","og_image":[{"url":"http:\/\/upload.wikimedia.org\/wikipedia\/commons\/thumb\/5\/5d\/Fontaine_Saint-Sulpice_00.JPG\/250px-Fontaine_Saint-Sulpice_00.JPG"}],"author":"danilo","twitter_card":"summary_large_image","twitter_misc":{"Escrito por":"danilo","Est. tempo de leitura":"2 minutos"},"schema":{"@context":"https:\/\/schema.org","@graph":[{"@type":"Article","@id":"https:\/\/www.oarcanjo.net\/site\/sao-sulpicio-o-piedoso\/#article","isPartOf":{"@id":"https:\/\/www.oarcanjo.net\/site\/sao-sulpicio-o-piedoso\/"},"author":{"name":"danilo","@id":"https:\/\/www.oarcanjo.net\/site\/#\/schema\/person\/5eb9480bedd2f3c97e430ce128c29c6c"},"headline":"S\u00e3o Sulpicio, o Piedoso","datePublished":"2017-01-17T02:35:21+00:00","dateModified":"2016-12-27T08:25:04+00:00","mainEntityOfPage":{"@id":"https:\/\/www.oarcanjo.net\/site\/sao-sulpicio-o-piedoso\/"},"wordCount":389,"commentCount":0,"publisher":{"@id":"https:\/\/www.oarcanjo.net\/site\/#organization"},"image":{"@id":"https:\/\/www.oarcanjo.net\/site\/sao-sulpicio-o-piedoso\/#primaryimage"},"thumbnailUrl":"http:\/\/upload.wikimedia.org\/wikipedia\/commons\/thumb\/5\/5d\/Fontaine_Saint-Sulpice_00.JPG\/250px-Fontaine_Saint-Sulpice_00.JPG","articleSection":["Testemunhos"],"inLanguage":"pt-BR","potentialAction":[{"@type":"CommentAction","name":"Comment","target":["https:\/\/www.oarcanjo.net\/site\/sao-sulpicio-o-piedoso\/#respond"]}]},{"@type":"WebPage","@id":"https:\/\/www.oarcanjo.net\/site\/sao-sulpicio-o-piedoso\/","url":"https:\/\/www.oarcanjo.net\/site\/sao-sulpicio-o-piedoso\/","name":"S\u00e3o Sulpicio, o Piedoso - O Arcanjo no ar","isPartOf":{"@id":"https:\/\/www.oarcanjo.net\/site\/#website"},"primaryImageOfPage":{"@id":"https:\/\/www.oarcanjo.net\/site\/sao-sulpicio-o-piedoso\/#primaryimage"},"image":{"@id":"https:\/\/www.oarcanjo.net\/site\/sao-sulpicio-o-piedoso\/#primaryimage"},"thumbnailUrl":"http:\/\/upload.wikimedia.org\/wikipedia\/commons\/thumb\/5\/5d\/Fontaine_Saint-Sulpice_00.JPG\/250px-Fontaine_Saint-Sulpice_00.JPG","datePublished":"2017-01-17T02:35:21+00:00","dateModified":"2016-12-27T08:25:04+00:00","breadcrumb":{"@id":"https:\/\/www.oarcanjo.net\/site\/sao-sulpicio-o-piedoso\/#breadcrumb"},"inLanguage":"pt-BR","potentialAction":[{"@type":"ReadAction","target":["https:\/\/www.oarcanjo.net\/site\/sao-sulpicio-o-piedoso\/"]}]},{"@type":"ImageObject","inLanguage":"pt-BR","@id":"https:\/\/www.oarcanjo.net\/site\/sao-sulpicio-o-piedoso\/#primaryimage","url":"http:\/\/upload.wikimedia.org\/wikipedia\/commons\/thumb\/5\/5d\/Fontaine_Saint-Sulpice_00.JPG\/250px-Fontaine_Saint-Sulpice_00.JPG","contentUrl":"http:\/\/upload.wikimedia.org\/wikipedia\/commons\/thumb\/5\/5d\/Fontaine_Saint-Sulpice_00.JPG\/250px-Fontaine_Saint-Sulpice_00.JPG"},{"@type":"BreadcrumbList","@id":"https:\/\/www.oarcanjo.net\/site\/sao-sulpicio-o-piedoso\/#breadcrumb","itemListElement":[{"@type":"ListItem","position":1,"name":"In\u00edcio","item":"https:\/\/www.oarcanjo.net\/site\/"},{"@type":"ListItem","position":2,"name":"S\u00e3o Sulpicio, o Piedoso"}]},{"@type":"WebSite","@id":"https:\/\/www.oarcanjo.net\/site\/#website","url":"https:\/\/www.oarcanjo.net\/site\/","name":"O Arcanjo no ar","description":"Site da Par\u00f3quia S\u00e3o Miguel Arcanjo (Arquidiocese de SP)","publisher":{"@id":"https:\/\/www.oarcanjo.net\/site\/#organization"},"potentialAction":[{"@type":"SearchAction","target":{"@type":"EntryPoint","urlTemplate":"https:\/\/www.oarcanjo.net\/site\/?s={search_term_string}"},"query-input":{"@type":"PropertyValueSpecification","valueRequired":true,"valueName":"search_term_string"}}],"inLanguage":"pt-BR"},{"@type":"Organization","@id":"https:\/\/www.oarcanjo.net\/site\/#organization","name":"Par\u00f3quia S\u00e3o Miguel Arcanjo","url":"https:\/\/www.oarcanjo.net\/site\/","logo":{"@type":"ImageObject","inLanguage":"pt-BR","@id":"https:\/\/www.oarcanjo.net\/site\/#\/schema\/logo\/image\/","url":"https:\/\/www.oarcanjo.net\/site\/wp-content\/uploads\/LogoOArcanjo.png","contentUrl":"https:\/\/www.oarcanjo.net\/site\/wp-content\/uploads\/LogoOArcanjo.png","width":319,"height":99,"caption":"Par\u00f3quia S\u00e3o Miguel Arcanjo"},"image":{"@id":"https:\/\/www.oarcanjo.net\/site\/#\/schema\/logo\/image\/"},"sameAs":["https:\/\/www.facebook.com\/OArcanjoNoAr\/"]},{"@type":"Person","@id":"https:\/\/www.oarcanjo.net\/site\/#\/schema\/person\/5eb9480bedd2f3c97e430ce128c29c6c","name":"danilo"}]}},"publishpress_future_action":{"enabled":false,"date":"2026-05-08 01:04:01","action":"category","newStatus":"draft","terms":[],"taxonomy":"category"},"publishpress_future_workflow_manual_trigger":{"enabledWorkflows":[]},"_links":{"self":[{"href":"https:\/\/www.oarcanjo.net\/site\/wp-json\/wp\/v2\/posts\/7334"}],"collection":[{"href":"https:\/\/www.oarcanjo.net\/site\/wp-json\/wp\/v2\/posts"}],"about":[{"href":"https:\/\/www.oarcanjo.net\/site\/wp-json\/wp\/v2\/types\/post"}],"author":[{"embeddable":true,"href":"https:\/\/www.oarcanjo.net\/site\/wp-json\/wp\/v2\/users\/14"}],"replies":[{"embeddable":true,"href":"https:\/\/www.oarcanjo.net\/site\/wp-json\/wp\/v2\/comments?post=7334"}],"version-history":[{"count":0,"href":"https:\/\/www.oarcanjo.net\/site\/wp-json\/wp\/v2\/posts\/7334\/revisions"}],"wp:attachment":[{"href":"https:\/\/www.oarcanjo.net\/site\/wp-json\/wp\/v2\/media?parent=7334"}],"wp:term":[{"taxonomy":"category","embeddable":true,"href":"https:\/\/www.oarcanjo.net\/site\/wp-json\/wp\/v2\/categories?post=7334"},{"taxonomy":"post_tag","embeddable":true,"href":"https:\/\/www.oarcanjo.net\/site\/wp-json\/wp\/v2\/tags?post=7334"}],"curies":[{"name":"wp","href":"https:\/\/api.w.org\/{rel}","templated":true}]}}