
{"id":7341,"date":"2010-01-14T17:43:27","date_gmt":"2010-01-14T19:43:27","guid":{"rendered":"http:\/\/www.oarcanjo.net\/site\/?p=7341"},"modified":"2010-01-14T17:44:31","modified_gmt":"2010-01-14T19:44:31","slug":"missa-de-setimo-dia-em-sao-paulo-ja-esta-marcada","status":"publish","type":"post","link":"https:\/\/www.oarcanjo.net\/site\/missa-de-setimo-dia-em-sao-paulo-ja-esta-marcada\/","title":{"rendered":"Missa de s\u00e9timo dia de Zilda Arns em S\u00e3o Paulo j\u00e1 est\u00e1 marcada"},"content":{"rendered":"<p>Cristiane Reimberg<\/p>\n<p>A missa de s\u00e9timo dia da fundadora da Pastoral da Crian\u00e7a, Zilda Arns, ser\u00e1 realizada na segunda-feira, dia 18, \u00e0s 18h. A celebra\u00e7\u00e3o, na Catedral da S\u00e9, ser\u00e1 presidida por Dom Tom\u00e9 Ferreira da Silva, Bispo auxiliar da Arquidiocese de S\u00e3o Paulo. \u201cSer\u00e1 tamb\u00e9m uma homenagem para Dra. Zilda, que muito nos ensinou. Temos que continuar a sua obra e precisaremos de mais volunt\u00e1rios para dar continuidade a esses trabalhos em defesa da vida das crian\u00e7as e dos idosos\u201d, afirma a coordenadora da Pastoral da Crian\u00e7a na Arquidiocese de S\u00e3o Paulo, Maria do Ros\u00e1rio Gazzola de Souza.<\/p>\n<p>Uma primeira homenagem j\u00e1 foi realizada no fim da tarde de quarta-feira, dia 13. <a href=\"http:\/\/www.oarcanjo.net\/site\/index.php\/destaque\/igreja-de-sao-paulo-reza-pelo-haiti-e-em-memoria-de-zilda-arns\/\" target=\"_blank\">O padre J\u00falio Lancellotti celebrou uma missa na Catedral da S\u00e9<\/a>. \u201cO Haiti est\u00e1 precisando de condi\u00e7\u00f5es de socorro, de equipamentos para salvar as pessoas. \u00c9 nesse lugar que estava a Dra. Zilda. Ela n\u00e3o estava de f\u00e9rias. Estava no Haiti. Esse \u00e9 um sinal. Onde a Igreja deve estar? Onde a Pastoral deve estar? No meio dos pobres. No meio do povo\u201d, afirmou o padre no final da missa, entre aplausos.<\/p>\n<p>A celebra\u00e7\u00e3o tamb\u00e9m buscou homenagear os militares brasileiros mortos no Haiti. Ainda se rezou pelo povo haitiano, para que consiga reconstruir um novo espa\u00e7o permeado de amor, paz e justi\u00e7a.<\/p>\n<p><strong>Pastoral em S\u00e3o Paulo<\/strong><\/p>\n<p>A primeira palestra de Dra. Zilda Arns sobre a Pastoral da Crian\u00e7a na cidade de S\u00e3o Paulo ocorreu na regi\u00e3o do Bel\u00e9m, em conjunto com o padre J\u00falio Lancellotti. Em favelas desse local e na regi\u00e3o do Ipiranga, o trabalho da Pastoral da Crian\u00e7a passou a ser desenvolvido na capital paulista.<\/p>\n<p>A a\u00e7\u00e3o da Pastoral da Crian\u00e7a come\u00e7ou em 1983, em Florest\u00f3polis\/PR, e foi idealizada por Zilda Arns a partir de um pedido de seu irm\u00e3o, Dom Paulo Evaristo Arns, ent\u00e3o Arcebispo de S\u00e3o Paulo. Ele pediu que a m\u00e9dica pensasse em uma a\u00e7\u00e3o para disseminar o uso do soro caseiro e combater a mortalidade infantil. Ao longo dos anos, o trabalho cresceu baseado na multiplica\u00e7\u00e3o do conhecimento nas comunidades. S\u00e3o realizadas visitas \u00e0s fam\u00edlias, encontros, reuni\u00f5es e a\u00e7\u00f5es complementares como alfabetiza\u00e7\u00e3o, gera\u00e7\u00e3o de renda, brinquedos e brincadeiras e comunica\u00e7\u00e3o popular.<\/p>\n<p>Os dados mais atuais da Pastoral da Crian\u00e7a apontam que cerca de 1 milh\u00e3o e 600 mil crian\u00e7as s\u00e3o acompanhadas em todo o Brasil. O trabalho ainda abrange 85 mil gestantes. H\u00e1 4000 munic\u00edpios com Pastoral da Crian\u00e7a. A a\u00e7\u00e3o conta com quase 240 mil volunt\u00e1rios no pa\u00eds.<\/p>\n<p>Segundo a PNDS 2006, o valor m\u00e9dio nacional de mortes de crian\u00e7as com menos de 1 ano \u00e9 de 22 por mil nascidos vivos no Brasil. Na Pastoral da Crian\u00e7a, esse \u00edndice  est\u00e1 atualmente em 12,4 por mil nascidos vivos. Vale lembrar que s\u00e3o acompanhadas somente crian\u00e7as de bols\u00f5es de pobreza no pa\u00eds.<\/p>\n<p>J\u00e1 o trabalho internacional chegou a outros 19 pa\u00edses: Angola, Guin\u00e9-Bissau, Mo\u00e7ambique, Timor Leste, Argentina, Paraguai, Honduras, M\u00e9xico, Venezuela, Bol\u00edvia, Uruguai, Peru, Panam\u00e1, Rep\u00fablica Dominicana, Col\u00f4mbia, Guatemala, Filipinas, Guin\u00e9 e Haiti.<\/p>\n<p><strong>Padre Julio fala de Dra. Zilda<\/strong><\/p>\n<p>Antes da missa celebrada quarta-feira, dia 13\/01, padre J\u00falio Lancelotti deu uma pequena entrevista e falou sobre Zilda Arns:<\/p>\n<p><em>O senhor poderia falar sobre essa perda?<\/em><\/p>\n<p>Estamos consternados. \u00c9 inacredit\u00e1vel.  \u00c9 dif\u00edcil de acreditar, a impress\u00e3o que temos \u00e9 que ela vai chegar, que vamos v\u00ea-la outra vez e que vamos abra\u00e7\u00e1-la, que ela vai contar uma por\u00e7\u00e3o de coisa para n\u00f3s. \u00c9 muito dif\u00edcil ainda. Um momento de dor. \u00c9 o que colocamos no site de nossa par\u00f3quia: quem ama \u00e9 imortal, n\u00e3o morre jamais, a Dra. Zilda est\u00e1 viva.<\/p>\n<p><em>Qual \u00e9 a import\u00e2ncia do trabalho realizado por Dra. Zilda e da metodologia por ela criada?<\/em><\/p>\n<p>A Dra. Zilda conseguiu trazer conhecimentos t\u00e9cnicos e cient\u00edficos para a linguagem popular. Ent\u00e3o ela trabalhou no empoderamento da fam\u00edlia, das mulheres, dos l\u00edderes e das l\u00edderes da Pastoral da Crian\u00e7a. A grande sacada da Dra. Zilda foi socializar o conhecimento, trazendo aquilo que era um conhecimento privativo dos m\u00e9dicos, pediatras, sanitaristas, para a a\u00e7\u00e3o e o trabalho das l\u00edderes com as fam\u00edlias. \u00c9 uma das grandes mulheres do Brasil.<\/p>\n<p><em>O senhor ajudou o in\u00edcio da Pastoral da Crian\u00e7a em S\u00e3o Paulo. Em uma entrevista que realizei, ela contou que a a\u00e7\u00e3o come\u00e7ou na Regi\u00e3o Bel\u00e9m, onde o senhor atua, e no Ipiranga. Como foi esse come\u00e7o<\/em>?<\/p>\n<p>Foi um come\u00e7o dif\u00edcil, mas a Dra. Zilda n\u00e3o se impressionava com a dificuldade. Ela n\u00e3o se abalava nem mudava a maneira de agir. Lembro quando fui com ela na favela do Sinh\u00e1. Andamos pela favela toda. Ela ficou na celebra\u00e7\u00e3o comigo. Depois conversou com as fam\u00edlias. Percebeu que l\u00e1 era terra f\u00e9rtil. As comunidades se mobilizavam. Ela tinha convic\u00e7\u00e3o de que na hora em que as pessoas ouvissem a proposta e a metodologia iam aceitar. E foi isso que aconteceu.<\/p>\n<div id=\"themify_builder_content-7341\" data-postid=\"7341\" class=\"themify_builder_content themify_builder_content-7341 themify_builder themify_builder_front\">\n\t<\/div>\n<!-- \/themify_builder_content -->","protected":false},"excerpt":{"rendered":"<p>Cristiane Reimberg A missa de s\u00e9timo dia da fundadora da Pastoral da Crian\u00e7a, Zilda Arns, ser\u00e1 realizada na segunda-feira, dia 18, \u00e0s 18h. A celebra\u00e7\u00e3o, na Catedral da S\u00e9, ser\u00e1 presidida por Dom Tom\u00e9 Ferreira da Silva, Bispo auxiliar da Arquidiocese de S\u00e3o Paulo. \u201cSer\u00e1 tamb\u00e9m uma homenagem para Dra. Zilda, que muito nos ensinou. [&hellip;]<\/p>\n","protected":false},"author":2,"featured_media":0,"comment_status":"open","ping_status":"open","sticky":false,"template":"","format":"standard","meta":{"ngg_post_thumbnail":0,"footnotes":""},"categories":[8],"tags":[1408,306],"yoast_head":"<!-- This site is optimized with the Yoast SEO plugin v23.5 - https:\/\/yoast.com\/wordpress\/plugins\/seo\/ -->\n<title>Missa de s\u00e9timo dia de Zilda Arns em S\u00e3o Paulo j\u00e1 est\u00e1 marcada - O Arcanjo no ar<\/title>\n<meta name=\"robots\" content=\"index, follow, max-snippet:-1, max-image-preview:large, max-video-preview:-1\" \/>\n<link rel=\"canonical\" href=\"https:\/\/www.oarcanjo.net\/site\/missa-de-setimo-dia-em-sao-paulo-ja-esta-marcada\/\" \/>\n<meta property=\"og:locale\" content=\"pt_BR\" \/>\n<meta property=\"og:type\" content=\"article\" \/>\n<meta property=\"og:title\" content=\"Missa de s\u00e9timo dia de Zilda Arns em S\u00e3o Paulo j\u00e1 est\u00e1 marcada - O Arcanjo no ar\" \/>\n<meta property=\"og:description\" content=\"Cristiane Reimberg A missa de s\u00e9timo dia da fundadora da Pastoral da Crian\u00e7a, Zilda Arns, ser\u00e1 realizada na segunda-feira, dia 18, \u00e0s 18h. A celebra\u00e7\u00e3o, na Catedral da S\u00e9, ser\u00e1 presidida por Dom Tom\u00e9 Ferreira da Silva, Bispo auxiliar da Arquidiocese de S\u00e3o Paulo. \u201cSer\u00e1 tamb\u00e9m uma homenagem para Dra. Zilda, que muito nos ensinou. [&hellip;]\" \/>\n<meta property=\"og:url\" content=\"https:\/\/www.oarcanjo.net\/site\/missa-de-setimo-dia-em-sao-paulo-ja-esta-marcada\/\" \/>\n<meta property=\"og:site_name\" content=\"O Arcanjo no ar\" \/>\n<meta property=\"article:publisher\" content=\"https:\/\/www.facebook.com\/OArcanjoNoAr\/\" \/>\n<meta property=\"article:published_time\" content=\"2010-01-14T19:43:27+00:00\" \/>\n<meta property=\"article:modified_time\" content=\"2010-01-14T19:44:31+00:00\" \/>\n<meta property=\"og:image\" content=\"https:\/\/www.oarcanjo.net\/site\/wp-content\/uploads\/logo-o-arcanjo-no-ar-facebook.png\" \/>\n\t<meta property=\"og:image:width\" content=\"300\" \/>\n\t<meta property=\"og:image:height\" content=\"300\" \/>\n\t<meta property=\"og:image:type\" content=\"image\/png\" \/>\n<meta name=\"author\" content=\"rubens.meyer\" \/>\n<meta name=\"twitter:card\" content=\"summary_large_image\" \/>\n<meta name=\"twitter:label1\" content=\"Escrito por\" \/>\n\t<meta name=\"twitter:data1\" content=\"rubens.meyer\" \/>\n\t<meta name=\"twitter:label2\" content=\"Est. tempo de leitura\" \/>\n\t<meta name=\"twitter:data2\" content=\"4 minutos\" \/>\n<script type=\"application\/ld+json\" class=\"yoast-schema-graph\">{\"@context\":\"https:\/\/schema.org\",\"@graph\":[{\"@type\":\"Article\",\"@id\":\"https:\/\/www.oarcanjo.net\/site\/missa-de-setimo-dia-em-sao-paulo-ja-esta-marcada\/#article\",\"isPartOf\":{\"@id\":\"https:\/\/www.oarcanjo.net\/site\/missa-de-setimo-dia-em-sao-paulo-ja-esta-marcada\/\"},\"author\":{\"name\":\"rubens.meyer\",\"@id\":\"https:\/\/www.oarcanjo.net\/site\/#\/schema\/person\/8f702af457b0cfb4ac1a7228ee23f026\"},\"headline\":\"Missa de s\u00e9timo dia de Zilda Arns em S\u00e3o Paulo j\u00e1 est\u00e1 marcada\",\"datePublished\":\"2010-01-14T19:43:27+00:00\",\"dateModified\":\"2010-01-14T19:44:31+00:00\",\"mainEntityOfPage\":{\"@id\":\"https:\/\/www.oarcanjo.net\/site\/missa-de-setimo-dia-em-sao-paulo-ja-esta-marcada\/\"},\"wordCount\":889,\"commentCount\":0,\"publisher\":{\"@id\":\"https:\/\/www.oarcanjo.net\/site\/#organization\"},\"keywords\":[\"missa de s\u00e9timo dia\",\"Zilda Arns\"],\"articleSection\":[\"Not\u00edcias\"],\"inLanguage\":\"pt-BR\",\"potentialAction\":[{\"@type\":\"CommentAction\",\"name\":\"Comment\",\"target\":[\"https:\/\/www.oarcanjo.net\/site\/missa-de-setimo-dia-em-sao-paulo-ja-esta-marcada\/#respond\"]}]},{\"@type\":\"WebPage\",\"@id\":\"https:\/\/www.oarcanjo.net\/site\/missa-de-setimo-dia-em-sao-paulo-ja-esta-marcada\/\",\"url\":\"https:\/\/www.oarcanjo.net\/site\/missa-de-setimo-dia-em-sao-paulo-ja-esta-marcada\/\",\"name\":\"Missa de s\u00e9timo dia de Zilda Arns em S\u00e3o Paulo j\u00e1 est\u00e1 marcada - O Arcanjo no ar\",\"isPartOf\":{\"@id\":\"https:\/\/www.oarcanjo.net\/site\/#website\"},\"datePublished\":\"2010-01-14T19:43:27+00:00\",\"dateModified\":\"2010-01-14T19:44:31+00:00\",\"breadcrumb\":{\"@id\":\"https:\/\/www.oarcanjo.net\/site\/missa-de-setimo-dia-em-sao-paulo-ja-esta-marcada\/#breadcrumb\"},\"inLanguage\":\"pt-BR\",\"potentialAction\":[{\"@type\":\"ReadAction\",\"target\":[\"https:\/\/www.oarcanjo.net\/site\/missa-de-setimo-dia-em-sao-paulo-ja-esta-marcada\/\"]}]},{\"@type\":\"BreadcrumbList\",\"@id\":\"https:\/\/www.oarcanjo.net\/site\/missa-de-setimo-dia-em-sao-paulo-ja-esta-marcada\/#breadcrumb\",\"itemListElement\":[{\"@type\":\"ListItem\",\"position\":1,\"name\":\"In\u00edcio\",\"item\":\"https:\/\/www.oarcanjo.net\/site\/\"},{\"@type\":\"ListItem\",\"position\":2,\"name\":\"Missa de s\u00e9timo dia de Zilda Arns em S\u00e3o Paulo j\u00e1 est\u00e1 marcada\"}]},{\"@type\":\"WebSite\",\"@id\":\"https:\/\/www.oarcanjo.net\/site\/#website\",\"url\":\"https:\/\/www.oarcanjo.net\/site\/\",\"name\":\"O Arcanjo no ar\",\"description\":\"Site da Par\u00f3quia S\u00e3o Miguel Arcanjo (Arquidiocese de SP)\",\"publisher\":{\"@id\":\"https:\/\/www.oarcanjo.net\/site\/#organization\"},\"potentialAction\":[{\"@type\":\"SearchAction\",\"target\":{\"@type\":\"EntryPoint\",\"urlTemplate\":\"https:\/\/www.oarcanjo.net\/site\/?s={search_term_string}\"},\"query-input\":{\"@type\":\"PropertyValueSpecification\",\"valueRequired\":true,\"valueName\":\"search_term_string\"}}],\"inLanguage\":\"pt-BR\"},{\"@type\":\"Organization\",\"@id\":\"https:\/\/www.oarcanjo.net\/site\/#organization\",\"name\":\"Par\u00f3quia S\u00e3o Miguel Arcanjo\",\"url\":\"https:\/\/www.oarcanjo.net\/site\/\",\"logo\":{\"@type\":\"ImageObject\",\"inLanguage\":\"pt-BR\",\"@id\":\"https:\/\/www.oarcanjo.net\/site\/#\/schema\/logo\/image\/\",\"url\":\"https:\/\/www.oarcanjo.net\/site\/wp-content\/uploads\/LogoOArcanjo.png\",\"contentUrl\":\"https:\/\/www.oarcanjo.net\/site\/wp-content\/uploads\/LogoOArcanjo.png\",\"width\":319,\"height\":99,\"caption\":\"Par\u00f3quia S\u00e3o Miguel Arcanjo\"},\"image\":{\"@id\":\"https:\/\/www.oarcanjo.net\/site\/#\/schema\/logo\/image\/\"},\"sameAs\":[\"https:\/\/www.facebook.com\/OArcanjoNoAr\/\"]},{\"@type\":\"Person\",\"@id\":\"https:\/\/www.oarcanjo.net\/site\/#\/schema\/person\/8f702af457b0cfb4ac1a7228ee23f026\",\"name\":\"rubens.meyer\"}]}<\/script>\n<!-- \/ Yoast SEO plugin. -->","yoast_head_json":{"title":"Missa de s\u00e9timo dia de Zilda Arns em S\u00e3o Paulo j\u00e1 est\u00e1 marcada - O Arcanjo no ar","robots":{"index":"index","follow":"follow","max-snippet":"max-snippet:-1","max-image-preview":"max-image-preview:large","max-video-preview":"max-video-preview:-1"},"canonical":"https:\/\/www.oarcanjo.net\/site\/missa-de-setimo-dia-em-sao-paulo-ja-esta-marcada\/","og_locale":"pt_BR","og_type":"article","og_title":"Missa de s\u00e9timo dia de Zilda Arns em S\u00e3o Paulo j\u00e1 est\u00e1 marcada - O Arcanjo no ar","og_description":"Cristiane Reimberg A missa de s\u00e9timo dia da fundadora da Pastoral da Crian\u00e7a, Zilda Arns, ser\u00e1 realizada na segunda-feira, dia 18, \u00e0s 18h. A celebra\u00e7\u00e3o, na Catedral da S\u00e9, ser\u00e1 presidida por Dom Tom\u00e9 Ferreira da Silva, Bispo auxiliar da Arquidiocese de S\u00e3o Paulo. \u201cSer\u00e1 tamb\u00e9m uma homenagem para Dra. Zilda, que muito nos ensinou. [&hellip;]","og_url":"https:\/\/www.oarcanjo.net\/site\/missa-de-setimo-dia-em-sao-paulo-ja-esta-marcada\/","og_site_name":"O Arcanjo no ar","article_publisher":"https:\/\/www.facebook.com\/OArcanjoNoAr\/","article_published_time":"2010-01-14T19:43:27+00:00","article_modified_time":"2010-01-14T19:44:31+00:00","og_image":[{"width":300,"height":300,"url":"https:\/\/www.oarcanjo.net\/site\/wp-content\/uploads\/logo-o-arcanjo-no-ar-facebook.png","type":"image\/png"}],"author":"rubens.meyer","twitter_card":"summary_large_image","twitter_misc":{"Escrito por":"rubens.meyer","Est. tempo de leitura":"4 minutos"},"schema":{"@context":"https:\/\/schema.org","@graph":[{"@type":"Article","@id":"https:\/\/www.oarcanjo.net\/site\/missa-de-setimo-dia-em-sao-paulo-ja-esta-marcada\/#article","isPartOf":{"@id":"https:\/\/www.oarcanjo.net\/site\/missa-de-setimo-dia-em-sao-paulo-ja-esta-marcada\/"},"author":{"name":"rubens.meyer","@id":"https:\/\/www.oarcanjo.net\/site\/#\/schema\/person\/8f702af457b0cfb4ac1a7228ee23f026"},"headline":"Missa de s\u00e9timo dia de Zilda Arns em S\u00e3o Paulo j\u00e1 est\u00e1 marcada","datePublished":"2010-01-14T19:43:27+00:00","dateModified":"2010-01-14T19:44:31+00:00","mainEntityOfPage":{"@id":"https:\/\/www.oarcanjo.net\/site\/missa-de-setimo-dia-em-sao-paulo-ja-esta-marcada\/"},"wordCount":889,"commentCount":0,"publisher":{"@id":"https:\/\/www.oarcanjo.net\/site\/#organization"},"keywords":["missa de s\u00e9timo dia","Zilda Arns"],"articleSection":["Not\u00edcias"],"inLanguage":"pt-BR","potentialAction":[{"@type":"CommentAction","name":"Comment","target":["https:\/\/www.oarcanjo.net\/site\/missa-de-setimo-dia-em-sao-paulo-ja-esta-marcada\/#respond"]}]},{"@type":"WebPage","@id":"https:\/\/www.oarcanjo.net\/site\/missa-de-setimo-dia-em-sao-paulo-ja-esta-marcada\/","url":"https:\/\/www.oarcanjo.net\/site\/missa-de-setimo-dia-em-sao-paulo-ja-esta-marcada\/","name":"Missa de s\u00e9timo dia de Zilda Arns em S\u00e3o Paulo j\u00e1 est\u00e1 marcada - O Arcanjo no ar","isPartOf":{"@id":"https:\/\/www.oarcanjo.net\/site\/#website"},"datePublished":"2010-01-14T19:43:27+00:00","dateModified":"2010-01-14T19:44:31+00:00","breadcrumb":{"@id":"https:\/\/www.oarcanjo.net\/site\/missa-de-setimo-dia-em-sao-paulo-ja-esta-marcada\/#breadcrumb"},"inLanguage":"pt-BR","potentialAction":[{"@type":"ReadAction","target":["https:\/\/www.oarcanjo.net\/site\/missa-de-setimo-dia-em-sao-paulo-ja-esta-marcada\/"]}]},{"@type":"BreadcrumbList","@id":"https:\/\/www.oarcanjo.net\/site\/missa-de-setimo-dia-em-sao-paulo-ja-esta-marcada\/#breadcrumb","itemListElement":[{"@type":"ListItem","position":1,"name":"In\u00edcio","item":"https:\/\/www.oarcanjo.net\/site\/"},{"@type":"ListItem","position":2,"name":"Missa de s\u00e9timo dia de Zilda Arns em S\u00e3o Paulo j\u00e1 est\u00e1 marcada"}]},{"@type":"WebSite","@id":"https:\/\/www.oarcanjo.net\/site\/#website","url":"https:\/\/www.oarcanjo.net\/site\/","name":"O Arcanjo no ar","description":"Site da Par\u00f3quia S\u00e3o Miguel Arcanjo (Arquidiocese de SP)","publisher":{"@id":"https:\/\/www.oarcanjo.net\/site\/#organization"},"potentialAction":[{"@type":"SearchAction","target":{"@type":"EntryPoint","urlTemplate":"https:\/\/www.oarcanjo.net\/site\/?s={search_term_string}"},"query-input":{"@type":"PropertyValueSpecification","valueRequired":true,"valueName":"search_term_string"}}],"inLanguage":"pt-BR"},{"@type":"Organization","@id":"https:\/\/www.oarcanjo.net\/site\/#organization","name":"Par\u00f3quia S\u00e3o Miguel Arcanjo","url":"https:\/\/www.oarcanjo.net\/site\/","logo":{"@type":"ImageObject","inLanguage":"pt-BR","@id":"https:\/\/www.oarcanjo.net\/site\/#\/schema\/logo\/image\/","url":"https:\/\/www.oarcanjo.net\/site\/wp-content\/uploads\/LogoOArcanjo.png","contentUrl":"https:\/\/www.oarcanjo.net\/site\/wp-content\/uploads\/LogoOArcanjo.png","width":319,"height":99,"caption":"Par\u00f3quia S\u00e3o Miguel Arcanjo"},"image":{"@id":"https:\/\/www.oarcanjo.net\/site\/#\/schema\/logo\/image\/"},"sameAs":["https:\/\/www.facebook.com\/OArcanjoNoAr\/"]},{"@type":"Person","@id":"https:\/\/www.oarcanjo.net\/site\/#\/schema\/person\/8f702af457b0cfb4ac1a7228ee23f026","name":"rubens.meyer"}]}},"publishpress_future_action":{"enabled":false,"date":"2026-05-07 16:04:30","action":"category","newStatus":"draft","terms":[],"taxonomy":"category"},"publishpress_future_workflow_manual_trigger":{"enabledWorkflows":[]},"_links":{"self":[{"href":"https:\/\/www.oarcanjo.net\/site\/wp-json\/wp\/v2\/posts\/7341"}],"collection":[{"href":"https:\/\/www.oarcanjo.net\/site\/wp-json\/wp\/v2\/posts"}],"about":[{"href":"https:\/\/www.oarcanjo.net\/site\/wp-json\/wp\/v2\/types\/post"}],"author":[{"embeddable":true,"href":"https:\/\/www.oarcanjo.net\/site\/wp-json\/wp\/v2\/users\/2"}],"replies":[{"embeddable":true,"href":"https:\/\/www.oarcanjo.net\/site\/wp-json\/wp\/v2\/comments?post=7341"}],"version-history":[{"count":0,"href":"https:\/\/www.oarcanjo.net\/site\/wp-json\/wp\/v2\/posts\/7341\/revisions"}],"wp:attachment":[{"href":"https:\/\/www.oarcanjo.net\/site\/wp-json\/wp\/v2\/media?parent=7341"}],"wp:term":[{"taxonomy":"category","embeddable":true,"href":"https:\/\/www.oarcanjo.net\/site\/wp-json\/wp\/v2\/categories?post=7341"},{"taxonomy":"post_tag","embeddable":true,"href":"https:\/\/www.oarcanjo.net\/site\/wp-json\/wp\/v2\/tags?post=7341"}],"curies":[{"name":"wp","href":"https:\/\/api.w.org\/{rel}","templated":true}]}}