
{"id":7362,"date":"2010-01-16T08:19:15","date_gmt":"2010-01-16T10:19:15","guid":{"rendered":"http:\/\/www.oarcanjo.net\/site\/?p=7362"},"modified":"2010-01-16T08:24:45","modified_gmt":"2010-01-16T10:24:45","slug":"programa-da-redetv-faz-homenagem-zilda-arns-com-pe-julio-lancellotti","status":"publish","type":"post","link":"https:\/\/www.oarcanjo.net\/site\/programa-da-redetv-faz-homenagem-zilda-arns-com-pe-julio-lancellotti\/","title":{"rendered":"Programa da RedeTV! faz homenagem a Zilda Arns, com Pe. Julio Lancellotti"},"content":{"rendered":"<p>O Pe. Julio Lancellotti e Monica Picco, da Pastoral da Pessoa Idosa, participaram na sexta-feira, 15, do programa <strong>Manh\u00e3 Maior<\/strong>, da RedeTV!, que prestou homenagem \u00e0 dra. Zilda Arns. Assista abaixo:<\/p>\n<p>Parte 1:<\/p>\n<p><object classid=\"clsid:d27cdb6e-ae6d-11cf-96b8-444553540000\" width=\"480\" height=\"290\" codebase=\"http:\/\/download.macromedia.com\/pub\/shockwave\/cabs\/flash\/swflash.cab#version=6,0,40,0\"><param name=\"flashvars\" value=\"volume=100&amp;autostart=false&amp;file=http:\/\/72.233.85.146\/videos\/portal\/\/MAOR\/2010\/01\/15\/R1314ZILDAARNS.mov&amp;image=http:\/\/www.redetv.com.br\/portal\/images\/thumbnail_videos\/370x208\/MAOR\/2010\/01\/15\/R1314ZILDAARNS.jpg\" \/><param name=\"src\" value=\"http:\/\/www.redetv.com.br\/portal\/player\/jw\/4.4\/player.swf\" \/><param name=\"allowfullscreen\" value=\"true\" \/><embed type=\"application\/x-shockwave-flash\" width=\"480\" height=\"290\" src=\"http:\/\/www.redetv.com.br\/portal\/player\/jw\/4.4\/player.swf\" allowfullscreen=\"true\" flashvars=\"volume=100&amp;autostart=false&amp;file=http:\/\/72.233.85.146\/videos\/portal\/\/MAOR\/2010\/01\/15\/R1314ZILDAARNS.mov&amp;image=http:\/\/www.redetv.com.br\/portal\/images\/thumbnail_videos\/370x208\/MAOR\/2010\/01\/15\/R1314ZILDAARNS.jpg\"><\/embed><\/object><\/p>\n<p>Parte 2:<\/p>\n<p><object classid=\"clsid:d27cdb6e-ae6d-11cf-96b8-444553540000\" width=\"480\" height=\"290\" codebase=\"http:\/\/download.macromedia.com\/pub\/shockwave\/cabs\/flash\/swflash.cab#version=6,0,40,0\"><param name=\"flashvars\" value=\"volume=100&amp;autostart=false&amp;file=http:\/\/72.233.85.146\/videos\/portal\/\/MAOR\/2010\/01\/15\/R1332ZILDAARNS2.mov&amp;image=http:\/\/www.redetv.com.br\/portal\/images\/thumbnail_videos\/370x208\/MAOR\/2010\/01\/15\/R1332ZILDAARNS2.jpg\" \/><param name=\"src\" value=\"http:\/\/www.redetv.com.br\/portal\/player\/jw\/4.4\/player.swf\" \/><param name=\"allowfullscreen\" value=\"true\" \/><embed type=\"application\/x-shockwave-flash\" width=\"480\" height=\"290\" src=\"http:\/\/www.redetv.com.br\/portal\/player\/jw\/4.4\/player.swf\" allowfullscreen=\"true\" flashvars=\"volume=100&amp;autostart=false&amp;file=http:\/\/72.233.85.146\/videos\/portal\/\/MAOR\/2010\/01\/15\/R1332ZILDAARNS2.mov&amp;image=http:\/\/www.redetv.com.br\/portal\/images\/thumbnail_videos\/370x208\/MAOR\/2010\/01\/15\/R1332ZILDAARNS2.jpg\"><\/embed><\/object><\/p>\n<p>Parte 3:<\/p>\n<p><object classid=\"clsid:d27cdb6e-ae6d-11cf-96b8-444553540000\" width=\"480\" height=\"290\" codebase=\"http:\/\/download.macromedia.com\/pub\/shockwave\/cabs\/flash\/swflash.cab#version=6,0,40,0\"><param name=\"flashvars\" value=\"volume=100&amp;autostart=false&amp;file=http:\/\/72.233.85.146\/videos\/portal\/\/MAOR\/2010\/01\/15\/R1426ZILDAARNS3.mov&amp;image=http:\/\/www.redetv.com.br\/portal\/images\/thumbnail_videos\/370x208\/MAOR\/2010\/01\/15\/R1426ZILDAARNS3.jpg\" \/><param name=\"src\" value=\"http:\/\/www.redetv.com.br\/portal\/player\/jw\/4.4\/player.swf\" \/><param name=\"allowfullscreen\" value=\"true\" \/><embed type=\"application\/x-shockwave-flash\" width=\"480\" height=\"290\" src=\"http:\/\/www.redetv.com.br\/portal\/player\/jw\/4.4\/player.swf\" allowfullscreen=\"true\" flashvars=\"volume=100&amp;autostart=false&amp;file=http:\/\/72.233.85.146\/videos\/portal\/\/MAOR\/2010\/01\/15\/R1426ZILDAARNS3.mov&amp;image=http:\/\/www.redetv.com.br\/portal\/images\/thumbnail_videos\/370x208\/MAOR\/2010\/01\/15\/R1426ZILDAARNS3.jpg\"><\/embed><\/object><\/p>\n<p>Parte 4:<\/p>\n<p><object classid=\"clsid:d27cdb6e-ae6d-11cf-96b8-444553540000\" width=\"480\" height=\"290\" codebase=\"http:\/\/download.macromedia.com\/pub\/shockwave\/cabs\/flash\/swflash.cab#version=6,0,40,0\"><param name=\"flashvars\" value=\"volume=100&amp;autostart=false&amp;file=http:\/\/72.233.85.146\/videos\/portal\/\/MAOR\/2010\/01\/15\/R1452ZILDAARNS4.mov&amp;image=http:\/\/www.redetv.com.br\/portal\/images\/thumbnail_videos\/370x208\/MAOR\/2010\/01\/15\/R1452ZILDAARNS4.jpg\" \/><param name=\"src\" value=\"http:\/\/www.redetv.com.br\/portal\/player\/jw\/4.4\/player.swf\" \/><param name=\"allowfullscreen\" value=\"true\" \/><embed type=\"application\/x-shockwave-flash\" width=\"480\" height=\"290\" src=\"http:\/\/www.redetv.com.br\/portal\/player\/jw\/4.4\/player.swf\" allowfullscreen=\"true\" flashvars=\"volume=100&amp;autostart=false&amp;file=http:\/\/72.233.85.146\/videos\/portal\/\/MAOR\/2010\/01\/15\/R1452ZILDAARNS4.mov&amp;image=http:\/\/www.redetv.com.br\/portal\/images\/thumbnail_videos\/370x208\/MAOR\/2010\/01\/15\/R1452ZILDAARNS4.jpg\"><\/embed><\/object><\/p>\n<div id=\"themify_builder_content-7362\" data-postid=\"7362\" class=\"themify_builder_content themify_builder_content-7362 themify_builder themify_builder_front\">\n\t<\/div>\n<!-- \/themify_builder_content -->","protected":false},"excerpt":{"rendered":"<p>O Pe. Julio Lancellotti e Monica Picco, da Pastoral da Pessoa Idosa, participaram na sexta-feira, 15, do programa Manh\u00e3 Maior, da RedeTV!, que prestou homenagem \u00e0 dra. Zilda Arns. Assista abaixo: Parte 1: Parte 2: Parte 3: Parte 4:<\/p>\n","protected":false},"author":5,"featured_media":0,"comment_status":"open","ping_status":"open","sticky":false,"template":"","format":"standard","meta":{"ngg_post_thumbnail":0,"footnotes":""},"categories":[3,8,280],"tags":[295,305,306],"yoast_head":"<!-- This site is optimized with the Yoast SEO plugin v23.5 - https:\/\/yoast.com\/wordpress\/plugins\/seo\/ -->\n<title>Programa da RedeTV! faz homenagem a Zilda Arns, com Pe. Julio Lancellotti - O Arcanjo no ar<\/title>\n<meta name=\"robots\" content=\"index, follow, max-snippet:-1, max-image-preview:large, max-video-preview:-1\" \/>\n<link rel=\"canonical\" href=\"https:\/\/www.oarcanjo.net\/site\/programa-da-redetv-faz-homenagem-zilda-arns-com-pe-julio-lancellotti\/\" \/>\n<meta property=\"og:locale\" content=\"pt_BR\" \/>\n<meta property=\"og:type\" content=\"article\" \/>\n<meta property=\"og:title\" content=\"Programa da RedeTV! faz homenagem a Zilda Arns, com Pe. Julio Lancellotti - O Arcanjo no ar\" \/>\n<meta property=\"og:description\" content=\"O Pe. Julio Lancellotti e Monica Picco, da Pastoral da Pessoa Idosa, participaram na sexta-feira, 15, do programa Manh\u00e3 Maior, da RedeTV!, que prestou homenagem \u00e0 dra. Zilda Arns. Assista abaixo: Parte 1: Parte 2: Parte 3: Parte 4:\" \/>\n<meta property=\"og:url\" content=\"https:\/\/www.oarcanjo.net\/site\/programa-da-redetv-faz-homenagem-zilda-arns-com-pe-julio-lancellotti\/\" \/>\n<meta property=\"og:site_name\" content=\"O Arcanjo no ar\" \/>\n<meta property=\"article:publisher\" content=\"https:\/\/www.facebook.com\/OArcanjoNoAr\/\" \/>\n<meta property=\"article:published_time\" content=\"2010-01-16T10:19:15+00:00\" \/>\n<meta property=\"article:modified_time\" content=\"2010-01-16T10:24:45+00:00\" \/>\n<meta property=\"og:image\" content=\"https:\/\/www.oarcanjo.net\/site\/wp-content\/uploads\/logo-o-arcanjo-no-ar-facebook.png\" \/>\n\t<meta property=\"og:image:width\" content=\"300\" \/>\n\t<meta property=\"og:image:height\" content=\"300\" \/>\n\t<meta property=\"og:image:type\" content=\"image\/png\" \/>\n<meta name=\"author\" content=\"editor\" \/>\n<meta name=\"twitter:card\" content=\"summary_large_image\" \/>\n<meta name=\"twitter:label1\" content=\"Escrito por\" \/>\n\t<meta name=\"twitter:data1\" content=\"editor\" \/>\n<script type=\"application\/ld+json\" class=\"yoast-schema-graph\">{\"@context\":\"https:\/\/schema.org\",\"@graph\":[{\"@type\":\"Article\",\"@id\":\"https:\/\/www.oarcanjo.net\/site\/programa-da-redetv-faz-homenagem-zilda-arns-com-pe-julio-lancellotti\/#article\",\"isPartOf\":{\"@id\":\"https:\/\/www.oarcanjo.net\/site\/programa-da-redetv-faz-homenagem-zilda-arns-com-pe-julio-lancellotti\/\"},\"author\":{\"name\":\"editor\",\"@id\":\"https:\/\/www.oarcanjo.net\/site\/#\/schema\/person\/f7024d007863202483a31326673a0838\"},\"headline\":\"Programa da RedeTV! faz homenagem a Zilda Arns, com Pe. Julio Lancellotti\",\"datePublished\":\"2010-01-16T10:19:15+00:00\",\"dateModified\":\"2010-01-16T10:24:45+00:00\",\"mainEntityOfPage\":{\"@id\":\"https:\/\/www.oarcanjo.net\/site\/programa-da-redetv-faz-homenagem-zilda-arns-com-pe-julio-lancellotti\/\"},\"wordCount\":45,\"commentCount\":2,\"publisher\":{\"@id\":\"https:\/\/www.oarcanjo.net\/site\/#organization\"},\"keywords\":[\"Pastoral da Crian\u00e7a\",\"Pastoral da Pessoa Idosa\",\"Zilda Arns\"],\"articleSection\":[\"Destaques\",\"Not\u00edcias\",\"V\u00eddeos\"],\"inLanguage\":\"pt-BR\",\"potentialAction\":[{\"@type\":\"CommentAction\",\"name\":\"Comment\",\"target\":[\"https:\/\/www.oarcanjo.net\/site\/programa-da-redetv-faz-homenagem-zilda-arns-com-pe-julio-lancellotti\/#respond\"]}]},{\"@type\":\"WebPage\",\"@id\":\"https:\/\/www.oarcanjo.net\/site\/programa-da-redetv-faz-homenagem-zilda-arns-com-pe-julio-lancellotti\/\",\"url\":\"https:\/\/www.oarcanjo.net\/site\/programa-da-redetv-faz-homenagem-zilda-arns-com-pe-julio-lancellotti\/\",\"name\":\"Programa da RedeTV! faz homenagem a Zilda Arns, com Pe. Julio Lancellotti - O Arcanjo no ar\",\"isPartOf\":{\"@id\":\"https:\/\/www.oarcanjo.net\/site\/#website\"},\"datePublished\":\"2010-01-16T10:19:15+00:00\",\"dateModified\":\"2010-01-16T10:24:45+00:00\",\"breadcrumb\":{\"@id\":\"https:\/\/www.oarcanjo.net\/site\/programa-da-redetv-faz-homenagem-zilda-arns-com-pe-julio-lancellotti\/#breadcrumb\"},\"inLanguage\":\"pt-BR\",\"potentialAction\":[{\"@type\":\"ReadAction\",\"target\":[\"https:\/\/www.oarcanjo.net\/site\/programa-da-redetv-faz-homenagem-zilda-arns-com-pe-julio-lancellotti\/\"]}]},{\"@type\":\"BreadcrumbList\",\"@id\":\"https:\/\/www.oarcanjo.net\/site\/programa-da-redetv-faz-homenagem-zilda-arns-com-pe-julio-lancellotti\/#breadcrumb\",\"itemListElement\":[{\"@type\":\"ListItem\",\"position\":1,\"name\":\"In\u00edcio\",\"item\":\"https:\/\/www.oarcanjo.net\/site\/\"},{\"@type\":\"ListItem\",\"position\":2,\"name\":\"Programa da RedeTV! faz homenagem a Zilda Arns, com Pe. Julio Lancellotti\"}]},{\"@type\":\"WebSite\",\"@id\":\"https:\/\/www.oarcanjo.net\/site\/#website\",\"url\":\"https:\/\/www.oarcanjo.net\/site\/\",\"name\":\"O Arcanjo no ar\",\"description\":\"Site da Par\u00f3quia S\u00e3o Miguel Arcanjo (Arquidiocese de SP)\",\"publisher\":{\"@id\":\"https:\/\/www.oarcanjo.net\/site\/#organization\"},\"potentialAction\":[{\"@type\":\"SearchAction\",\"target\":{\"@type\":\"EntryPoint\",\"urlTemplate\":\"https:\/\/www.oarcanjo.net\/site\/?s={search_term_string}\"},\"query-input\":{\"@type\":\"PropertyValueSpecification\",\"valueRequired\":true,\"valueName\":\"search_term_string\"}}],\"inLanguage\":\"pt-BR\"},{\"@type\":\"Organization\",\"@id\":\"https:\/\/www.oarcanjo.net\/site\/#organization\",\"name\":\"Par\u00f3quia S\u00e3o Miguel Arcanjo\",\"url\":\"https:\/\/www.oarcanjo.net\/site\/\",\"logo\":{\"@type\":\"ImageObject\",\"inLanguage\":\"pt-BR\",\"@id\":\"https:\/\/www.oarcanjo.net\/site\/#\/schema\/logo\/image\/\",\"url\":\"https:\/\/www.oarcanjo.net\/site\/wp-content\/uploads\/LogoOArcanjo.png\",\"contentUrl\":\"https:\/\/www.oarcanjo.net\/site\/wp-content\/uploads\/LogoOArcanjo.png\",\"width\":319,\"height\":99,\"caption\":\"Par\u00f3quia S\u00e3o Miguel Arcanjo\"},\"image\":{\"@id\":\"https:\/\/www.oarcanjo.net\/site\/#\/schema\/logo\/image\/\"},\"sameAs\":[\"https:\/\/www.facebook.com\/OArcanjoNoAr\/\"]},{\"@type\":\"Person\",\"@id\":\"https:\/\/www.oarcanjo.net\/site\/#\/schema\/person\/f7024d007863202483a31326673a0838\",\"name\":\"editor\",\"sameAs\":[\"http:\/\/www.oarcanjo.net\"]}]}<\/script>\n<!-- \/ Yoast SEO plugin. -->","yoast_head_json":{"title":"Programa da RedeTV! faz homenagem a Zilda Arns, com Pe. Julio Lancellotti - O Arcanjo no ar","robots":{"index":"index","follow":"follow","max-snippet":"max-snippet:-1","max-image-preview":"max-image-preview:large","max-video-preview":"max-video-preview:-1"},"canonical":"https:\/\/www.oarcanjo.net\/site\/programa-da-redetv-faz-homenagem-zilda-arns-com-pe-julio-lancellotti\/","og_locale":"pt_BR","og_type":"article","og_title":"Programa da RedeTV! faz homenagem a Zilda Arns, com Pe. Julio Lancellotti - O Arcanjo no ar","og_description":"O Pe. Julio Lancellotti e Monica Picco, da Pastoral da Pessoa Idosa, participaram na sexta-feira, 15, do programa Manh\u00e3 Maior, da RedeTV!, que prestou homenagem \u00e0 dra. Zilda Arns. Assista abaixo: Parte 1: Parte 2: Parte 3: Parte 4:","og_url":"https:\/\/www.oarcanjo.net\/site\/programa-da-redetv-faz-homenagem-zilda-arns-com-pe-julio-lancellotti\/","og_site_name":"O Arcanjo no ar","article_publisher":"https:\/\/www.facebook.com\/OArcanjoNoAr\/","article_published_time":"2010-01-16T10:19:15+00:00","article_modified_time":"2010-01-16T10:24:45+00:00","og_image":[{"width":300,"height":300,"url":"https:\/\/www.oarcanjo.net\/site\/wp-content\/uploads\/logo-o-arcanjo-no-ar-facebook.png","type":"image\/png"}],"author":"editor","twitter_card":"summary_large_image","twitter_misc":{"Escrito por":"editor"},"schema":{"@context":"https:\/\/schema.org","@graph":[{"@type":"Article","@id":"https:\/\/www.oarcanjo.net\/site\/programa-da-redetv-faz-homenagem-zilda-arns-com-pe-julio-lancellotti\/#article","isPartOf":{"@id":"https:\/\/www.oarcanjo.net\/site\/programa-da-redetv-faz-homenagem-zilda-arns-com-pe-julio-lancellotti\/"},"author":{"name":"editor","@id":"https:\/\/www.oarcanjo.net\/site\/#\/schema\/person\/f7024d007863202483a31326673a0838"},"headline":"Programa da RedeTV! faz homenagem a Zilda Arns, com Pe. Julio Lancellotti","datePublished":"2010-01-16T10:19:15+00:00","dateModified":"2010-01-16T10:24:45+00:00","mainEntityOfPage":{"@id":"https:\/\/www.oarcanjo.net\/site\/programa-da-redetv-faz-homenagem-zilda-arns-com-pe-julio-lancellotti\/"},"wordCount":45,"commentCount":2,"publisher":{"@id":"https:\/\/www.oarcanjo.net\/site\/#organization"},"keywords":["Pastoral da Crian\u00e7a","Pastoral da Pessoa Idosa","Zilda Arns"],"articleSection":["Destaques","Not\u00edcias","V\u00eddeos"],"inLanguage":"pt-BR","potentialAction":[{"@type":"CommentAction","name":"Comment","target":["https:\/\/www.oarcanjo.net\/site\/programa-da-redetv-faz-homenagem-zilda-arns-com-pe-julio-lancellotti\/#respond"]}]},{"@type":"WebPage","@id":"https:\/\/www.oarcanjo.net\/site\/programa-da-redetv-faz-homenagem-zilda-arns-com-pe-julio-lancellotti\/","url":"https:\/\/www.oarcanjo.net\/site\/programa-da-redetv-faz-homenagem-zilda-arns-com-pe-julio-lancellotti\/","name":"Programa da RedeTV! faz homenagem a Zilda Arns, com Pe. Julio Lancellotti - O Arcanjo no ar","isPartOf":{"@id":"https:\/\/www.oarcanjo.net\/site\/#website"},"datePublished":"2010-01-16T10:19:15+00:00","dateModified":"2010-01-16T10:24:45+00:00","breadcrumb":{"@id":"https:\/\/www.oarcanjo.net\/site\/programa-da-redetv-faz-homenagem-zilda-arns-com-pe-julio-lancellotti\/#breadcrumb"},"inLanguage":"pt-BR","potentialAction":[{"@type":"ReadAction","target":["https:\/\/www.oarcanjo.net\/site\/programa-da-redetv-faz-homenagem-zilda-arns-com-pe-julio-lancellotti\/"]}]},{"@type":"BreadcrumbList","@id":"https:\/\/www.oarcanjo.net\/site\/programa-da-redetv-faz-homenagem-zilda-arns-com-pe-julio-lancellotti\/#breadcrumb","itemListElement":[{"@type":"ListItem","position":1,"name":"In\u00edcio","item":"https:\/\/www.oarcanjo.net\/site\/"},{"@type":"ListItem","position":2,"name":"Programa da RedeTV! faz homenagem a Zilda Arns, com Pe. Julio Lancellotti"}]},{"@type":"WebSite","@id":"https:\/\/www.oarcanjo.net\/site\/#website","url":"https:\/\/www.oarcanjo.net\/site\/","name":"O Arcanjo no ar","description":"Site da Par\u00f3quia S\u00e3o Miguel Arcanjo (Arquidiocese de SP)","publisher":{"@id":"https:\/\/www.oarcanjo.net\/site\/#organization"},"potentialAction":[{"@type":"SearchAction","target":{"@type":"EntryPoint","urlTemplate":"https:\/\/www.oarcanjo.net\/site\/?s={search_term_string}"},"query-input":{"@type":"PropertyValueSpecification","valueRequired":true,"valueName":"search_term_string"}}],"inLanguage":"pt-BR"},{"@type":"Organization","@id":"https:\/\/www.oarcanjo.net\/site\/#organization","name":"Par\u00f3quia S\u00e3o Miguel Arcanjo","url":"https:\/\/www.oarcanjo.net\/site\/","logo":{"@type":"ImageObject","inLanguage":"pt-BR","@id":"https:\/\/www.oarcanjo.net\/site\/#\/schema\/logo\/image\/","url":"https:\/\/www.oarcanjo.net\/site\/wp-content\/uploads\/LogoOArcanjo.png","contentUrl":"https:\/\/www.oarcanjo.net\/site\/wp-content\/uploads\/LogoOArcanjo.png","width":319,"height":99,"caption":"Par\u00f3quia S\u00e3o Miguel Arcanjo"},"image":{"@id":"https:\/\/www.oarcanjo.net\/site\/#\/schema\/logo\/image\/"},"sameAs":["https:\/\/www.facebook.com\/OArcanjoNoAr\/"]},{"@type":"Person","@id":"https:\/\/www.oarcanjo.net\/site\/#\/schema\/person\/f7024d007863202483a31326673a0838","name":"editor","sameAs":["http:\/\/www.oarcanjo.net"]}]}},"publishpress_future_action":{"enabled":false,"date":"2026-05-07 13:03:07","action":"category","newStatus":"draft","terms":[],"taxonomy":"category"},"publishpress_future_workflow_manual_trigger":{"enabledWorkflows":[]},"_links":{"self":[{"href":"https:\/\/www.oarcanjo.net\/site\/wp-json\/wp\/v2\/posts\/7362"}],"collection":[{"href":"https:\/\/www.oarcanjo.net\/site\/wp-json\/wp\/v2\/posts"}],"about":[{"href":"https:\/\/www.oarcanjo.net\/site\/wp-json\/wp\/v2\/types\/post"}],"author":[{"embeddable":true,"href":"https:\/\/www.oarcanjo.net\/site\/wp-json\/wp\/v2\/users\/5"}],"replies":[{"embeddable":true,"href":"https:\/\/www.oarcanjo.net\/site\/wp-json\/wp\/v2\/comments?post=7362"}],"version-history":[{"count":0,"href":"https:\/\/www.oarcanjo.net\/site\/wp-json\/wp\/v2\/posts\/7362\/revisions"}],"wp:attachment":[{"href":"https:\/\/www.oarcanjo.net\/site\/wp-json\/wp\/v2\/media?parent=7362"}],"wp:term":[{"taxonomy":"category","embeddable":true,"href":"https:\/\/www.oarcanjo.net\/site\/wp-json\/wp\/v2\/categories?post=7362"},{"taxonomy":"post_tag","embeddable":true,"href":"https:\/\/www.oarcanjo.net\/site\/wp-json\/wp\/v2\/tags?post=7362"}],"curies":[{"name":"wp","href":"https:\/\/api.w.org\/{rel}","templated":true}]}}