
{"id":7372,"date":"2017-01-18T00:56:53","date_gmt":"2017-01-18T02:56:53","guid":{"rendered":"http:\/\/www.oarcanjo.net\/site\/?p=7372"},"modified":"2016-12-27T06:24:06","modified_gmt":"2016-12-27T08:24:06","slug":"santa-margarida-da-hungria","status":"publish","type":"post","link":"https:\/\/www.oarcanjo.net\/site\/santa-margarida-da-hungria\/","title":{"rendered":"Santa Margarida da Hungria"},"content":{"rendered":"<p><a href=\"http:\/\/3.bp.blogspot.com\/_VsL8VkjSZWw\/SXSNxQh3tVI\/AAAAAAAAAug\/gm2i1GJOoOU\/s1600-h\/Santa_Margherita_dUngheria.jpg\"><img decoding=\"async\" src=\"http:\/\/3.bp.blogspot.com\/_VsL8VkjSZWw\/SXSNxQh3tVI\/AAAAAAAAAug\/gm2i1GJOoOU\/s400\/Santa_Margherita_dUngheria.jpg\" border=\"0\" alt=\"\" \/><\/a><\/p>\n<p>18 de Janeiro<\/p>\n<p>Margarida era uma princesa, filha do rei Bela IV, da Hungria e da rainha Maria, de origem bizantina. Ela nasceu no castelo de Turoc, em 1242, logo foi batizada, pois os reis eram fervorosos crist\u00e3os. Aos dez anos, o casal real a entregou para viver e ser preparada para os votos religiosos, no mosteiro dominicano de Vespem, em agradecimento pela liberta\u00e7\u00e3o da p\u00e1tria dos T\u00e1rtaros.<\/p>\n<p>Dois anos depois, fez a profiss\u00e3o de f\u00e9 de religiosa num novo mosteiro, fundado para ela por seu pai, na Ilha das Lebres, localizada no rio Dan\u00fabio, perto de Budapeste. Em 1261, tomou o v\u00e9u definitivo, entregando seu cora\u00e7\u00e3o e sua vida a servi\u00e7o do Senhor, tendo uma particular devo\u00e7\u00e3o pela Eucaristia e Paix\u00e3o de Cristo. Ela realmente, era especial, foi um exemplo de humildade e virtude para as outras religiosas. Rezava sempre, e fazia penitencias, se oferecendo como v\u00edtima proposital, para a salva\u00e7\u00e3o do seu povo.<\/p>\n<p>Margarida, n\u00e3o desejou ter uma cultura elevada. Sua instru\u00e7\u00e3o se limitou ao conhecimento prim\u00e1rio da escrita e da leitura, talvez apenas um pouco mais que isto. Ela pedia que lhe lessem as Sagradas Escrituras e confiava sua dire\u00e7\u00e3o espiritual ao seu confessor, o dominicano Marcelo, que era o superior da Ordem.<\/p>\n<p>Possu\u00eda um ilimitado desapego \u00e0s coisas materiais, amando plenamente a pobreza, o qual unido \u00e0 sua vida contemplativa espiritual, a elevou a uma tal proximidade de Deus, que recebeu o dom das vis\u00f5es. Ela se tornou uma das grandes m\u00edsticas medievais da Europa, respeitada e amada pelas comunidades religiosas, pela corte e popula\u00e7\u00e3o. Morreu em 18 de janeiro de 1270, no seu mosteiro.<\/p>\n<p>A sua sepultura se tornou meta de peregrina\u00e7\u00e3o, pelas sucessivas gra\u00e7as e milagres atribu\u00eddos \u00e0 sua intercess\u00e3o. Um ano depois da sua morte, seu irm\u00e3o, Estev\u00e3o V, rei da Hungria, encaminhou um pedido de santidade, \u00e0 Roma. Mas este processo desapareceu, bem como um outro, que foi enviado em 1276. Por\u00e9m na sua p\u00e1tria e em outros paises, Margarida j\u00e1 era venerada como Santa.<\/p>\n<p>Depois de muitos desencontros, em 1729 um processo chegou em Roma, completo e contendo dados de autenticidade inquestion\u00e1vel. Neste meio tempo as rel\u00edquias de Margarida tinham sido transferidas, por causa da invas\u00e3o turca, do convento da Ilha das Lebres para o de Presburgo em 1618.<\/p>\n<p>Em 1804, mesmo sem o reconhecimento oficial, seu culto se estendia na Ordem Dominicana e na diocese da Transilv\u00e2nia. No s\u00e9culo XIX, sua festa se expandiu por todas as dioceses h\u00fangaras. A canoniza\u00e7\u00e3o de Santa Margarida da Hungria foi concedida pelo papa Pio XII em 1943, em meio ao j\u00fabilo dos devotos e fi\u00e9is, de todo o mundo, especialmente pelos da comunidade crist\u00e3 do Leste Europeu, onde sua venera\u00e7\u00e3o \u00e9 muito intensa.<\/p>\n<p><img decoding=\"async\" src=\"http:\/\/www.oratorio.com.br\/acervo\/150\/detalhe\/102\/Imagem_072A_06.jpg\" alt=\"\" \/><\/p>\n<div id=\"themify_builder_content-7372\" data-postid=\"7372\" class=\"themify_builder_content themify_builder_content-7372 themify_builder themify_builder_front\">\n\t<\/div>\n<!-- \/themify_builder_content -->","protected":false},"excerpt":{"rendered":"<p>18 de Janeiro Margarida era uma princesa, filha do rei Bela IV, da Hungria e da rainha Maria, de origem bizantina. Ela nasceu no castelo de Turoc, em 1242, logo foi batizada, pois os reis eram fervorosos crist\u00e3os. Aos dez anos, o casal real a entregou para viver e ser preparada para os votos religiosos, [&hellip;]<\/p>\n","protected":false},"author":14,"featured_media":0,"comment_status":"open","ping_status":"open","sticky":false,"template":"","format":"standard","meta":{"ngg_post_thumbnail":0,"footnotes":""},"categories":[186],"tags":[],"yoast_head":"<!-- This site is optimized with the Yoast SEO plugin v23.5 - https:\/\/yoast.com\/wordpress\/plugins\/seo\/ -->\n<title>Santa Margarida da Hungria - O Arcanjo no ar<\/title>\n<meta name=\"robots\" content=\"index, follow, max-snippet:-1, max-image-preview:large, max-video-preview:-1\" \/>\n<link rel=\"canonical\" href=\"https:\/\/www.oarcanjo.net\/site\/santa-margarida-da-hungria\/\" \/>\n<meta property=\"og:locale\" content=\"pt_BR\" \/>\n<meta property=\"og:type\" content=\"article\" \/>\n<meta property=\"og:title\" content=\"Santa Margarida da Hungria - O Arcanjo no ar\" \/>\n<meta property=\"og:description\" content=\"18 de Janeiro Margarida era uma princesa, filha do rei Bela IV, da Hungria e da rainha Maria, de origem bizantina. Ela nasceu no castelo de Turoc, em 1242, logo foi batizada, pois os reis eram fervorosos crist\u00e3os. Aos dez anos, o casal real a entregou para viver e ser preparada para os votos religiosos, [&hellip;]\" \/>\n<meta property=\"og:url\" content=\"https:\/\/www.oarcanjo.net\/site\/santa-margarida-da-hungria\/\" \/>\n<meta property=\"og:site_name\" content=\"O Arcanjo no ar\" \/>\n<meta property=\"article:publisher\" content=\"https:\/\/www.facebook.com\/OArcanjoNoAr\/\" \/>\n<meta property=\"article:published_time\" content=\"2017-01-18T02:56:53+00:00\" \/>\n<meta property=\"article:modified_time\" content=\"2016-12-27T08:24:06+00:00\" \/>\n<meta property=\"og:image\" content=\"http:\/\/3.bp.blogspot.com\/_VsL8VkjSZWw\/SXSNxQh3tVI\/AAAAAAAAAug\/gm2i1GJOoOU\/s400\/Santa_Margherita_dUngheria.jpg\" \/>\n<meta name=\"author\" content=\"danilo\" \/>\n<meta name=\"twitter:card\" content=\"summary_large_image\" \/>\n<meta name=\"twitter:label1\" content=\"Escrito por\" \/>\n\t<meta name=\"twitter:data1\" content=\"danilo\" \/>\n\t<meta name=\"twitter:label2\" content=\"Est. tempo de leitura\" \/>\n\t<meta name=\"twitter:data2\" content=\"2 minutos\" \/>\n<script type=\"application\/ld+json\" class=\"yoast-schema-graph\">{\"@context\":\"https:\/\/schema.org\",\"@graph\":[{\"@type\":\"Article\",\"@id\":\"https:\/\/www.oarcanjo.net\/site\/santa-margarida-da-hungria\/#article\",\"isPartOf\":{\"@id\":\"https:\/\/www.oarcanjo.net\/site\/santa-margarida-da-hungria\/\"},\"author\":{\"name\":\"danilo\",\"@id\":\"https:\/\/www.oarcanjo.net\/site\/#\/schema\/person\/5eb9480bedd2f3c97e430ce128c29c6c\"},\"headline\":\"Santa Margarida da Hungria\",\"datePublished\":\"2017-01-18T02:56:53+00:00\",\"dateModified\":\"2016-12-27T08:24:06+00:00\",\"mainEntityOfPage\":{\"@id\":\"https:\/\/www.oarcanjo.net\/site\/santa-margarida-da-hungria\/\"},\"wordCount\":479,\"commentCount\":0,\"publisher\":{\"@id\":\"https:\/\/www.oarcanjo.net\/site\/#organization\"},\"image\":{\"@id\":\"https:\/\/www.oarcanjo.net\/site\/santa-margarida-da-hungria\/#primaryimage\"},\"thumbnailUrl\":\"http:\/\/3.bp.blogspot.com\/_VsL8VkjSZWw\/SXSNxQh3tVI\/AAAAAAAAAug\/gm2i1GJOoOU\/s400\/Santa_Margherita_dUngheria.jpg\",\"articleSection\":[\"Testemunhos\"],\"inLanguage\":\"pt-BR\",\"potentialAction\":[{\"@type\":\"CommentAction\",\"name\":\"Comment\",\"target\":[\"https:\/\/www.oarcanjo.net\/site\/santa-margarida-da-hungria\/#respond\"]}]},{\"@type\":\"WebPage\",\"@id\":\"https:\/\/www.oarcanjo.net\/site\/santa-margarida-da-hungria\/\",\"url\":\"https:\/\/www.oarcanjo.net\/site\/santa-margarida-da-hungria\/\",\"name\":\"Santa Margarida da Hungria - O Arcanjo no ar\",\"isPartOf\":{\"@id\":\"https:\/\/www.oarcanjo.net\/site\/#website\"},\"primaryImageOfPage\":{\"@id\":\"https:\/\/www.oarcanjo.net\/site\/santa-margarida-da-hungria\/#primaryimage\"},\"image\":{\"@id\":\"https:\/\/www.oarcanjo.net\/site\/santa-margarida-da-hungria\/#primaryimage\"},\"thumbnailUrl\":\"http:\/\/3.bp.blogspot.com\/_VsL8VkjSZWw\/SXSNxQh3tVI\/AAAAAAAAAug\/gm2i1GJOoOU\/s400\/Santa_Margherita_dUngheria.jpg\",\"datePublished\":\"2017-01-18T02:56:53+00:00\",\"dateModified\":\"2016-12-27T08:24:06+00:00\",\"breadcrumb\":{\"@id\":\"https:\/\/www.oarcanjo.net\/site\/santa-margarida-da-hungria\/#breadcrumb\"},\"inLanguage\":\"pt-BR\",\"potentialAction\":[{\"@type\":\"ReadAction\",\"target\":[\"https:\/\/www.oarcanjo.net\/site\/santa-margarida-da-hungria\/\"]}]},{\"@type\":\"ImageObject\",\"inLanguage\":\"pt-BR\",\"@id\":\"https:\/\/www.oarcanjo.net\/site\/santa-margarida-da-hungria\/#primaryimage\",\"url\":\"http:\/\/3.bp.blogspot.com\/_VsL8VkjSZWw\/SXSNxQh3tVI\/AAAAAAAAAug\/gm2i1GJOoOU\/s400\/Santa_Margherita_dUngheria.jpg\",\"contentUrl\":\"http:\/\/3.bp.blogspot.com\/_VsL8VkjSZWw\/SXSNxQh3tVI\/AAAAAAAAAug\/gm2i1GJOoOU\/s400\/Santa_Margherita_dUngheria.jpg\"},{\"@type\":\"BreadcrumbList\",\"@id\":\"https:\/\/www.oarcanjo.net\/site\/santa-margarida-da-hungria\/#breadcrumb\",\"itemListElement\":[{\"@type\":\"ListItem\",\"position\":1,\"name\":\"In\u00edcio\",\"item\":\"https:\/\/www.oarcanjo.net\/site\/\"},{\"@type\":\"ListItem\",\"position\":2,\"name\":\"Santa Margarida da Hungria\"}]},{\"@type\":\"WebSite\",\"@id\":\"https:\/\/www.oarcanjo.net\/site\/#website\",\"url\":\"https:\/\/www.oarcanjo.net\/site\/\",\"name\":\"O Arcanjo no ar\",\"description\":\"Site da Par\u00f3quia S\u00e3o Miguel Arcanjo (Arquidiocese de SP)\",\"publisher\":{\"@id\":\"https:\/\/www.oarcanjo.net\/site\/#organization\"},\"potentialAction\":[{\"@type\":\"SearchAction\",\"target\":{\"@type\":\"EntryPoint\",\"urlTemplate\":\"https:\/\/www.oarcanjo.net\/site\/?s={search_term_string}\"},\"query-input\":{\"@type\":\"PropertyValueSpecification\",\"valueRequired\":true,\"valueName\":\"search_term_string\"}}],\"inLanguage\":\"pt-BR\"},{\"@type\":\"Organization\",\"@id\":\"https:\/\/www.oarcanjo.net\/site\/#organization\",\"name\":\"Par\u00f3quia S\u00e3o Miguel Arcanjo\",\"url\":\"https:\/\/www.oarcanjo.net\/site\/\",\"logo\":{\"@type\":\"ImageObject\",\"inLanguage\":\"pt-BR\",\"@id\":\"https:\/\/www.oarcanjo.net\/site\/#\/schema\/logo\/image\/\",\"url\":\"https:\/\/www.oarcanjo.net\/site\/wp-content\/uploads\/LogoOArcanjo.png\",\"contentUrl\":\"https:\/\/www.oarcanjo.net\/site\/wp-content\/uploads\/LogoOArcanjo.png\",\"width\":319,\"height\":99,\"caption\":\"Par\u00f3quia S\u00e3o Miguel Arcanjo\"},\"image\":{\"@id\":\"https:\/\/www.oarcanjo.net\/site\/#\/schema\/logo\/image\/\"},\"sameAs\":[\"https:\/\/www.facebook.com\/OArcanjoNoAr\/\"]},{\"@type\":\"Person\",\"@id\":\"https:\/\/www.oarcanjo.net\/site\/#\/schema\/person\/5eb9480bedd2f3c97e430ce128c29c6c\",\"name\":\"danilo\"}]}<\/script>\n<!-- \/ Yoast SEO plugin. -->","yoast_head_json":{"title":"Santa Margarida da Hungria - O Arcanjo no ar","robots":{"index":"index","follow":"follow","max-snippet":"max-snippet:-1","max-image-preview":"max-image-preview:large","max-video-preview":"max-video-preview:-1"},"canonical":"https:\/\/www.oarcanjo.net\/site\/santa-margarida-da-hungria\/","og_locale":"pt_BR","og_type":"article","og_title":"Santa Margarida da Hungria - O Arcanjo no ar","og_description":"18 de Janeiro Margarida era uma princesa, filha do rei Bela IV, da Hungria e da rainha Maria, de origem bizantina. Ela nasceu no castelo de Turoc, em 1242, logo foi batizada, pois os reis eram fervorosos crist\u00e3os. Aos dez anos, o casal real a entregou para viver e ser preparada para os votos religiosos, [&hellip;]","og_url":"https:\/\/www.oarcanjo.net\/site\/santa-margarida-da-hungria\/","og_site_name":"O Arcanjo no ar","article_publisher":"https:\/\/www.facebook.com\/OArcanjoNoAr\/","article_published_time":"2017-01-18T02:56:53+00:00","article_modified_time":"2016-12-27T08:24:06+00:00","og_image":[{"url":"http:\/\/3.bp.blogspot.com\/_VsL8VkjSZWw\/SXSNxQh3tVI\/AAAAAAAAAug\/gm2i1GJOoOU\/s400\/Santa_Margherita_dUngheria.jpg"}],"author":"danilo","twitter_card":"summary_large_image","twitter_misc":{"Escrito por":"danilo","Est. tempo de leitura":"2 minutos"},"schema":{"@context":"https:\/\/schema.org","@graph":[{"@type":"Article","@id":"https:\/\/www.oarcanjo.net\/site\/santa-margarida-da-hungria\/#article","isPartOf":{"@id":"https:\/\/www.oarcanjo.net\/site\/santa-margarida-da-hungria\/"},"author":{"name":"danilo","@id":"https:\/\/www.oarcanjo.net\/site\/#\/schema\/person\/5eb9480bedd2f3c97e430ce128c29c6c"},"headline":"Santa Margarida da Hungria","datePublished":"2017-01-18T02:56:53+00:00","dateModified":"2016-12-27T08:24:06+00:00","mainEntityOfPage":{"@id":"https:\/\/www.oarcanjo.net\/site\/santa-margarida-da-hungria\/"},"wordCount":479,"commentCount":0,"publisher":{"@id":"https:\/\/www.oarcanjo.net\/site\/#organization"},"image":{"@id":"https:\/\/www.oarcanjo.net\/site\/santa-margarida-da-hungria\/#primaryimage"},"thumbnailUrl":"http:\/\/3.bp.blogspot.com\/_VsL8VkjSZWw\/SXSNxQh3tVI\/AAAAAAAAAug\/gm2i1GJOoOU\/s400\/Santa_Margherita_dUngheria.jpg","articleSection":["Testemunhos"],"inLanguage":"pt-BR","potentialAction":[{"@type":"CommentAction","name":"Comment","target":["https:\/\/www.oarcanjo.net\/site\/santa-margarida-da-hungria\/#respond"]}]},{"@type":"WebPage","@id":"https:\/\/www.oarcanjo.net\/site\/santa-margarida-da-hungria\/","url":"https:\/\/www.oarcanjo.net\/site\/santa-margarida-da-hungria\/","name":"Santa Margarida da Hungria - O Arcanjo no ar","isPartOf":{"@id":"https:\/\/www.oarcanjo.net\/site\/#website"},"primaryImageOfPage":{"@id":"https:\/\/www.oarcanjo.net\/site\/santa-margarida-da-hungria\/#primaryimage"},"image":{"@id":"https:\/\/www.oarcanjo.net\/site\/santa-margarida-da-hungria\/#primaryimage"},"thumbnailUrl":"http:\/\/3.bp.blogspot.com\/_VsL8VkjSZWw\/SXSNxQh3tVI\/AAAAAAAAAug\/gm2i1GJOoOU\/s400\/Santa_Margherita_dUngheria.jpg","datePublished":"2017-01-18T02:56:53+00:00","dateModified":"2016-12-27T08:24:06+00:00","breadcrumb":{"@id":"https:\/\/www.oarcanjo.net\/site\/santa-margarida-da-hungria\/#breadcrumb"},"inLanguage":"pt-BR","potentialAction":[{"@type":"ReadAction","target":["https:\/\/www.oarcanjo.net\/site\/santa-margarida-da-hungria\/"]}]},{"@type":"ImageObject","inLanguage":"pt-BR","@id":"https:\/\/www.oarcanjo.net\/site\/santa-margarida-da-hungria\/#primaryimage","url":"http:\/\/3.bp.blogspot.com\/_VsL8VkjSZWw\/SXSNxQh3tVI\/AAAAAAAAAug\/gm2i1GJOoOU\/s400\/Santa_Margherita_dUngheria.jpg","contentUrl":"http:\/\/3.bp.blogspot.com\/_VsL8VkjSZWw\/SXSNxQh3tVI\/AAAAAAAAAug\/gm2i1GJOoOU\/s400\/Santa_Margherita_dUngheria.jpg"},{"@type":"BreadcrumbList","@id":"https:\/\/www.oarcanjo.net\/site\/santa-margarida-da-hungria\/#breadcrumb","itemListElement":[{"@type":"ListItem","position":1,"name":"In\u00edcio","item":"https:\/\/www.oarcanjo.net\/site\/"},{"@type":"ListItem","position":2,"name":"Santa Margarida da Hungria"}]},{"@type":"WebSite","@id":"https:\/\/www.oarcanjo.net\/site\/#website","url":"https:\/\/www.oarcanjo.net\/site\/","name":"O Arcanjo no ar","description":"Site da Par\u00f3quia S\u00e3o Miguel Arcanjo (Arquidiocese de SP)","publisher":{"@id":"https:\/\/www.oarcanjo.net\/site\/#organization"},"potentialAction":[{"@type":"SearchAction","target":{"@type":"EntryPoint","urlTemplate":"https:\/\/www.oarcanjo.net\/site\/?s={search_term_string}"},"query-input":{"@type":"PropertyValueSpecification","valueRequired":true,"valueName":"search_term_string"}}],"inLanguage":"pt-BR"},{"@type":"Organization","@id":"https:\/\/www.oarcanjo.net\/site\/#organization","name":"Par\u00f3quia S\u00e3o Miguel Arcanjo","url":"https:\/\/www.oarcanjo.net\/site\/","logo":{"@type":"ImageObject","inLanguage":"pt-BR","@id":"https:\/\/www.oarcanjo.net\/site\/#\/schema\/logo\/image\/","url":"https:\/\/www.oarcanjo.net\/site\/wp-content\/uploads\/LogoOArcanjo.png","contentUrl":"https:\/\/www.oarcanjo.net\/site\/wp-content\/uploads\/LogoOArcanjo.png","width":319,"height":99,"caption":"Par\u00f3quia S\u00e3o Miguel Arcanjo"},"image":{"@id":"https:\/\/www.oarcanjo.net\/site\/#\/schema\/logo\/image\/"},"sameAs":["https:\/\/www.facebook.com\/OArcanjoNoAr\/"]},{"@type":"Person","@id":"https:\/\/www.oarcanjo.net\/site\/#\/schema\/person\/5eb9480bedd2f3c97e430ce128c29c6c","name":"danilo"}]}},"publishpress_future_action":{"enabled":false,"date":"2026-05-08 06:34:47","action":"category","newStatus":"draft","terms":[],"taxonomy":"category"},"publishpress_future_workflow_manual_trigger":{"enabledWorkflows":[]},"_links":{"self":[{"href":"https:\/\/www.oarcanjo.net\/site\/wp-json\/wp\/v2\/posts\/7372"}],"collection":[{"href":"https:\/\/www.oarcanjo.net\/site\/wp-json\/wp\/v2\/posts"}],"about":[{"href":"https:\/\/www.oarcanjo.net\/site\/wp-json\/wp\/v2\/types\/post"}],"author":[{"embeddable":true,"href":"https:\/\/www.oarcanjo.net\/site\/wp-json\/wp\/v2\/users\/14"}],"replies":[{"embeddable":true,"href":"https:\/\/www.oarcanjo.net\/site\/wp-json\/wp\/v2\/comments?post=7372"}],"version-history":[{"count":0,"href":"https:\/\/www.oarcanjo.net\/site\/wp-json\/wp\/v2\/posts\/7372\/revisions"}],"wp:attachment":[{"href":"https:\/\/www.oarcanjo.net\/site\/wp-json\/wp\/v2\/media?parent=7372"}],"wp:term":[{"taxonomy":"category","embeddable":true,"href":"https:\/\/www.oarcanjo.net\/site\/wp-json\/wp\/v2\/categories?post=7372"},{"taxonomy":"post_tag","embeddable":true,"href":"https:\/\/www.oarcanjo.net\/site\/wp-json\/wp\/v2\/tags?post=7372"}],"curies":[{"name":"wp","href":"https:\/\/api.w.org\/{rel}","templated":true}]}}