
{"id":7374,"date":"2017-01-18T00:16:00","date_gmt":"2017-01-18T02:16:00","guid":{"rendered":"http:\/\/www.oarcanjo.net\/site\/?p=7374"},"modified":"2016-12-27T06:24:57","modified_gmt":"2016-12-27T08:24:57","slug":"bem-aventurada-regina-protmann","status":"publish","type":"post","link":"https:\/\/www.oarcanjo.net\/site\/bem-aventurada-regina-protmann\/","title":{"rendered":"Bem Aventurada Regina Protmann"},"content":{"rendered":"<p><a id=\"thumbnail\" href=\"http:\/\/www.homecard.com.br\/sites\/csc\/fotos\/0054_01.jpg\"><img loading=\"lazy\" decoding=\"async\" src=\"http:\/\/t1.gstatic.com\/images?q=tbn:6tidqP9XRUnMbM:http:\/\/www.homecard.com.br\/sites\/csc\/fotos\/0054_01.jpg\" alt=\"Ver imagem em tamanho grande\" width=\"201\" height=\"166\" \/><\/a><\/p>\n<p>18 de janeiro<\/p>\n<p>Regina era filha de Peter Protmann e Regina Tingels, ambos descendentes de fam\u00edlias ricas e crist\u00e3s. Nascida em 1552, em Braunsberg, hoje Braniewo, Pol\u00f4nia, tornou-se uma fant\u00e1stica personalidade religiosa do seu tempo, do seu povo e da Igreja Cat\u00f3lica.<\/p>\n<p>No s\u00e9culo em que viveu, a Europa passou por intensas e tumultuadas mudan\u00e7as sociais. No campo religioso e pol\u00edtico aconteceram os movimentos da Reforma e da Contra Reforma da Igreja de Roma. Foi o grande cisma, que incluiu luta armada e dividiu a cristandade entre cat\u00f3licos e protestantes.<\/p>\n<p>Nesse clima Regina cresceu, bonita, vaidosa e inteligente, apreciando as roupas elegantes, as divers\u00f5es e festas, como todas as jovens de sua condi\u00e7\u00e3o social. Tinha esp\u00edrito de lideran\u00e7a, por isso se sobressaia \u00e0s demais amigas. Era uma filha amorosa e obediente. Os pais lhe proporcionaram uma boa educa\u00e7\u00e3o intelectual, moral e religiosa. Era h\u00e1bito da fam\u00edlia se reunir \u00e0 noite em volta da lareira, onde o pai narrava sobre a hist\u00f3ria dos povos, a vida dos Santos e ensinava a Palavra de Cristo aos filhos.<\/p>\n<p>Ela vivia no amor e no segmento de Jesus. Da vida dos Santos, a que Regina mais gostava era a de Santa Catarina de Alexandria, rainha, virgem e m\u00e1rtir dos primeiros tempos. Talvez porque a Santa era a padroeira de sua cidade e, tamb\u00e9m, por ter sido batizada na Igreja dedicada \u00e0 ela. Assim, no seu \u00edntimo, havia decidido imitar a Santa em sua total ades\u00e3o a Jesus.<\/p>\n<p>O forte chamado ocorreu aos dezenove anos de idade. Regina deixou o conforto da casa paterna e renunciou a um vantajoso casamento. Junto com duas companheiras, foi morar numa casa humilde, para viver na ora\u00e7\u00e3o, na penit\u00eancia, na pobreza, para servir a Deus no amor ao pr\u00f3ximo.<\/p>\n<p>Por sua coer\u00eancia de vida no ideal de seguir a Jesus Cristo, fez sua op\u00e7\u00e3o \u00e0s pessoas sofredoras e marginalizadas de sua cidade. Foi uma escolha consciente e decidida: pelos doentes, pelos pobres e pelas meninas abandonadas e carentes de instru\u00e7\u00e3o, o que atraiu muitas jovens desejosas de seguir a vida religiosa, como ela.<\/p>\n<p>Regina criou escolas e, com suas companheiras, come\u00e7ou a tratar dos doentes em seus domic\u00edlios e em hospitais. Assim, fortalecida pela gra\u00e7a, ela fundou em 1583 uma nova fam\u00edlia religiosa feminina, contemplativa e ativa, carisma in\u00e9dito para aquele tempo. Colocada sob a prote\u00e7\u00e3o de Santa Catarina de Alexandria, Virgem e M\u00e1rtir, que depois passou a chamar-se Congrega\u00e7\u00e3o das Irm\u00e3s de Santa Catarina V.M., obtendo aprova\u00e7\u00e3o can\u00f4nica em 1603.<\/p>\n<p>A fundadora foi eleita a Madre Superiora e depois de trinta anos trabalhando para a expans\u00e3o da sua Obra, faleceu em 18 de janeiro de 1613. Hoje a sua Congrega\u00e7\u00e3o est\u00e1 fixada em muitos pa\u00edses dos cinco continentes, inclusive no Brasil. O Papa Jo\u00e3o Paulo II a beatificou durante sua visita \u00e0 Pol\u00f4nia, em 1999, na cidade de Vars\u00f3via. A Beata Madre Regina Protmann \u00e9 festejada por toda a cristandade no dia de sua morte.<br \/>\n<a href=\"http:\/\/en.wikipedia.org\/wiki\/File:Braniewo_-_B%C5%82._Regina_Protmann.JPG\"><img loading=\"lazy\" decoding=\"async\" src=\"http:\/\/upload.wikimedia.org\/wikipedia\/commons\/thumb\/2\/22\/Braniewo_-_B%C5%82._Regina_Protmann.JPG\/200px-Braniewo_-_B%C5%82._Regina_Protmann.JPG\" alt=\"\" width=\"187\" height=\"267\" \/><\/a><\/p>\n<div id=\"themify_builder_content-7374\" data-postid=\"7374\" class=\"themify_builder_content themify_builder_content-7374 themify_builder themify_builder_front\">\n\t<\/div>\n<!-- \/themify_builder_content -->","protected":false},"excerpt":{"rendered":"<p>18 de janeiro Regina era filha de Peter Protmann e Regina Tingels, ambos descendentes de fam\u00edlias ricas e crist\u00e3s. Nascida em 1552, em Braunsberg, hoje Braniewo, Pol\u00f4nia, tornou-se uma fant\u00e1stica personalidade religiosa do seu tempo, do seu povo e da Igreja Cat\u00f3lica. No s\u00e9culo em que viveu, a Europa passou por intensas e tumultuadas mudan\u00e7as [&hellip;]<\/p>\n","protected":false},"author":14,"featured_media":0,"comment_status":"open","ping_status":"open","sticky":false,"template":"","format":"standard","meta":{"ngg_post_thumbnail":0,"footnotes":""},"categories":[186],"tags":[],"yoast_head":"<!-- This site is optimized with the Yoast SEO plugin v23.5 - https:\/\/yoast.com\/wordpress\/plugins\/seo\/ -->\n<title>Bem Aventurada Regina Protmann - O Arcanjo no ar<\/title>\n<meta name=\"robots\" content=\"index, follow, max-snippet:-1, max-image-preview:large, max-video-preview:-1\" \/>\n<link rel=\"canonical\" href=\"https:\/\/www.oarcanjo.net\/site\/bem-aventurada-regina-protmann\/\" \/>\n<meta property=\"og:locale\" content=\"pt_BR\" \/>\n<meta property=\"og:type\" content=\"article\" \/>\n<meta property=\"og:title\" content=\"Bem Aventurada Regina Protmann - O Arcanjo no ar\" \/>\n<meta property=\"og:description\" content=\"18 de janeiro Regina era filha de Peter Protmann e Regina Tingels, ambos descendentes de fam\u00edlias ricas e crist\u00e3s. Nascida em 1552, em Braunsberg, hoje Braniewo, Pol\u00f4nia, tornou-se uma fant\u00e1stica personalidade religiosa do seu tempo, do seu povo e da Igreja Cat\u00f3lica. No s\u00e9culo em que viveu, a Europa passou por intensas e tumultuadas mudan\u00e7as [&hellip;]\" \/>\n<meta property=\"og:url\" content=\"https:\/\/www.oarcanjo.net\/site\/bem-aventurada-regina-protmann\/\" \/>\n<meta property=\"og:site_name\" content=\"O Arcanjo no ar\" \/>\n<meta property=\"article:publisher\" content=\"https:\/\/www.facebook.com\/OArcanjoNoAr\/\" \/>\n<meta property=\"article:published_time\" content=\"2017-01-18T02:16:00+00:00\" \/>\n<meta property=\"article:modified_time\" content=\"2016-12-27T08:24:57+00:00\" \/>\n<meta property=\"og:image\" content=\"http:\/\/t1.gstatic.com\/images?q=tbn:6tidqP9XRUnMbM:http:\/\/www.homecard.com.br\/sites\/csc\/fotos\/0054_01.jpg\" \/>\n<meta name=\"author\" content=\"danilo\" \/>\n<meta name=\"twitter:card\" content=\"summary_large_image\" \/>\n<meta name=\"twitter:label1\" content=\"Escrito por\" \/>\n\t<meta name=\"twitter:data1\" content=\"danilo\" \/>\n\t<meta name=\"twitter:label2\" content=\"Est. tempo de leitura\" \/>\n\t<meta name=\"twitter:data2\" content=\"3 minutos\" \/>\n<script type=\"application\/ld+json\" class=\"yoast-schema-graph\">{\"@context\":\"https:\/\/schema.org\",\"@graph\":[{\"@type\":\"Article\",\"@id\":\"https:\/\/www.oarcanjo.net\/site\/bem-aventurada-regina-protmann\/#article\",\"isPartOf\":{\"@id\":\"https:\/\/www.oarcanjo.net\/site\/bem-aventurada-regina-protmann\/\"},\"author\":{\"name\":\"danilo\",\"@id\":\"https:\/\/www.oarcanjo.net\/site\/#\/schema\/person\/5eb9480bedd2f3c97e430ce128c29c6c\"},\"headline\":\"Bem Aventurada Regina Protmann\",\"datePublished\":\"2017-01-18T02:16:00+00:00\",\"dateModified\":\"2016-12-27T08:24:57+00:00\",\"mainEntityOfPage\":{\"@id\":\"https:\/\/www.oarcanjo.net\/site\/bem-aventurada-regina-protmann\/\"},\"wordCount\":524,\"commentCount\":1,\"publisher\":{\"@id\":\"https:\/\/www.oarcanjo.net\/site\/#organization\"},\"image\":{\"@id\":\"https:\/\/www.oarcanjo.net\/site\/bem-aventurada-regina-protmann\/#primaryimage\"},\"thumbnailUrl\":\"http:\/\/t1.gstatic.com\/images?q=tbn:6tidqP9XRUnMbM:http:\/\/www.homecard.com.br\/sites\/csc\/fotos\/0054_01.jpg\",\"articleSection\":[\"Testemunhos\"],\"inLanguage\":\"pt-BR\",\"potentialAction\":[{\"@type\":\"CommentAction\",\"name\":\"Comment\",\"target\":[\"https:\/\/www.oarcanjo.net\/site\/bem-aventurada-regina-protmann\/#respond\"]}]},{\"@type\":\"WebPage\",\"@id\":\"https:\/\/www.oarcanjo.net\/site\/bem-aventurada-regina-protmann\/\",\"url\":\"https:\/\/www.oarcanjo.net\/site\/bem-aventurada-regina-protmann\/\",\"name\":\"Bem Aventurada Regina Protmann - O Arcanjo no ar\",\"isPartOf\":{\"@id\":\"https:\/\/www.oarcanjo.net\/site\/#website\"},\"primaryImageOfPage\":{\"@id\":\"https:\/\/www.oarcanjo.net\/site\/bem-aventurada-regina-protmann\/#primaryimage\"},\"image\":{\"@id\":\"https:\/\/www.oarcanjo.net\/site\/bem-aventurada-regina-protmann\/#primaryimage\"},\"thumbnailUrl\":\"http:\/\/t1.gstatic.com\/images?q=tbn:6tidqP9XRUnMbM:http:\/\/www.homecard.com.br\/sites\/csc\/fotos\/0054_01.jpg\",\"datePublished\":\"2017-01-18T02:16:00+00:00\",\"dateModified\":\"2016-12-27T08:24:57+00:00\",\"breadcrumb\":{\"@id\":\"https:\/\/www.oarcanjo.net\/site\/bem-aventurada-regina-protmann\/#breadcrumb\"},\"inLanguage\":\"pt-BR\",\"potentialAction\":[{\"@type\":\"ReadAction\",\"target\":[\"https:\/\/www.oarcanjo.net\/site\/bem-aventurada-regina-protmann\/\"]}]},{\"@type\":\"ImageObject\",\"inLanguage\":\"pt-BR\",\"@id\":\"https:\/\/www.oarcanjo.net\/site\/bem-aventurada-regina-protmann\/#primaryimage\",\"url\":\"http:\/\/t1.gstatic.com\/images?q=tbn:6tidqP9XRUnMbM:http:\/\/www.homecard.com.br\/sites\/csc\/fotos\/0054_01.jpg\",\"contentUrl\":\"http:\/\/t1.gstatic.com\/images?q=tbn:6tidqP9XRUnMbM:http:\/\/www.homecard.com.br\/sites\/csc\/fotos\/0054_01.jpg\"},{\"@type\":\"BreadcrumbList\",\"@id\":\"https:\/\/www.oarcanjo.net\/site\/bem-aventurada-regina-protmann\/#breadcrumb\",\"itemListElement\":[{\"@type\":\"ListItem\",\"position\":1,\"name\":\"In\u00edcio\",\"item\":\"https:\/\/www.oarcanjo.net\/site\/\"},{\"@type\":\"ListItem\",\"position\":2,\"name\":\"Bem Aventurada Regina Protmann\"}]},{\"@type\":\"WebSite\",\"@id\":\"https:\/\/www.oarcanjo.net\/site\/#website\",\"url\":\"https:\/\/www.oarcanjo.net\/site\/\",\"name\":\"O Arcanjo no ar\",\"description\":\"Site da Par\u00f3quia S\u00e3o Miguel Arcanjo (Arquidiocese de SP)\",\"publisher\":{\"@id\":\"https:\/\/www.oarcanjo.net\/site\/#organization\"},\"potentialAction\":[{\"@type\":\"SearchAction\",\"target\":{\"@type\":\"EntryPoint\",\"urlTemplate\":\"https:\/\/www.oarcanjo.net\/site\/?s={search_term_string}\"},\"query-input\":{\"@type\":\"PropertyValueSpecification\",\"valueRequired\":true,\"valueName\":\"search_term_string\"}}],\"inLanguage\":\"pt-BR\"},{\"@type\":\"Organization\",\"@id\":\"https:\/\/www.oarcanjo.net\/site\/#organization\",\"name\":\"Par\u00f3quia S\u00e3o Miguel Arcanjo\",\"url\":\"https:\/\/www.oarcanjo.net\/site\/\",\"logo\":{\"@type\":\"ImageObject\",\"inLanguage\":\"pt-BR\",\"@id\":\"https:\/\/www.oarcanjo.net\/site\/#\/schema\/logo\/image\/\",\"url\":\"https:\/\/www.oarcanjo.net\/site\/wp-content\/uploads\/LogoOArcanjo.png\",\"contentUrl\":\"https:\/\/www.oarcanjo.net\/site\/wp-content\/uploads\/LogoOArcanjo.png\",\"width\":319,\"height\":99,\"caption\":\"Par\u00f3quia S\u00e3o Miguel Arcanjo\"},\"image\":{\"@id\":\"https:\/\/www.oarcanjo.net\/site\/#\/schema\/logo\/image\/\"},\"sameAs\":[\"https:\/\/www.facebook.com\/OArcanjoNoAr\/\"]},{\"@type\":\"Person\",\"@id\":\"https:\/\/www.oarcanjo.net\/site\/#\/schema\/person\/5eb9480bedd2f3c97e430ce128c29c6c\",\"name\":\"danilo\"}]}<\/script>\n<!-- \/ Yoast SEO plugin. -->","yoast_head_json":{"title":"Bem Aventurada Regina Protmann - O Arcanjo no ar","robots":{"index":"index","follow":"follow","max-snippet":"max-snippet:-1","max-image-preview":"max-image-preview:large","max-video-preview":"max-video-preview:-1"},"canonical":"https:\/\/www.oarcanjo.net\/site\/bem-aventurada-regina-protmann\/","og_locale":"pt_BR","og_type":"article","og_title":"Bem Aventurada Regina Protmann - O Arcanjo no ar","og_description":"18 de janeiro Regina era filha de Peter Protmann e Regina Tingels, ambos descendentes de fam\u00edlias ricas e crist\u00e3s. Nascida em 1552, em Braunsberg, hoje Braniewo, Pol\u00f4nia, tornou-se uma fant\u00e1stica personalidade religiosa do seu tempo, do seu povo e da Igreja Cat\u00f3lica. No s\u00e9culo em que viveu, a Europa passou por intensas e tumultuadas mudan\u00e7as [&hellip;]","og_url":"https:\/\/www.oarcanjo.net\/site\/bem-aventurada-regina-protmann\/","og_site_name":"O Arcanjo no ar","article_publisher":"https:\/\/www.facebook.com\/OArcanjoNoAr\/","article_published_time":"2017-01-18T02:16:00+00:00","article_modified_time":"2016-12-27T08:24:57+00:00","og_image":[{"url":"http:\/\/t1.gstatic.com\/images?q=tbn:6tidqP9XRUnMbM:http:\/\/www.homecard.com.br\/sites\/csc\/fotos\/0054_01.jpg"}],"author":"danilo","twitter_card":"summary_large_image","twitter_misc":{"Escrito por":"danilo","Est. tempo de leitura":"3 minutos"},"schema":{"@context":"https:\/\/schema.org","@graph":[{"@type":"Article","@id":"https:\/\/www.oarcanjo.net\/site\/bem-aventurada-regina-protmann\/#article","isPartOf":{"@id":"https:\/\/www.oarcanjo.net\/site\/bem-aventurada-regina-protmann\/"},"author":{"name":"danilo","@id":"https:\/\/www.oarcanjo.net\/site\/#\/schema\/person\/5eb9480bedd2f3c97e430ce128c29c6c"},"headline":"Bem Aventurada Regina Protmann","datePublished":"2017-01-18T02:16:00+00:00","dateModified":"2016-12-27T08:24:57+00:00","mainEntityOfPage":{"@id":"https:\/\/www.oarcanjo.net\/site\/bem-aventurada-regina-protmann\/"},"wordCount":524,"commentCount":1,"publisher":{"@id":"https:\/\/www.oarcanjo.net\/site\/#organization"},"image":{"@id":"https:\/\/www.oarcanjo.net\/site\/bem-aventurada-regina-protmann\/#primaryimage"},"thumbnailUrl":"http:\/\/t1.gstatic.com\/images?q=tbn:6tidqP9XRUnMbM:http:\/\/www.homecard.com.br\/sites\/csc\/fotos\/0054_01.jpg","articleSection":["Testemunhos"],"inLanguage":"pt-BR","potentialAction":[{"@type":"CommentAction","name":"Comment","target":["https:\/\/www.oarcanjo.net\/site\/bem-aventurada-regina-protmann\/#respond"]}]},{"@type":"WebPage","@id":"https:\/\/www.oarcanjo.net\/site\/bem-aventurada-regina-protmann\/","url":"https:\/\/www.oarcanjo.net\/site\/bem-aventurada-regina-protmann\/","name":"Bem Aventurada Regina Protmann - O Arcanjo no ar","isPartOf":{"@id":"https:\/\/www.oarcanjo.net\/site\/#website"},"primaryImageOfPage":{"@id":"https:\/\/www.oarcanjo.net\/site\/bem-aventurada-regina-protmann\/#primaryimage"},"image":{"@id":"https:\/\/www.oarcanjo.net\/site\/bem-aventurada-regina-protmann\/#primaryimage"},"thumbnailUrl":"http:\/\/t1.gstatic.com\/images?q=tbn:6tidqP9XRUnMbM:http:\/\/www.homecard.com.br\/sites\/csc\/fotos\/0054_01.jpg","datePublished":"2017-01-18T02:16:00+00:00","dateModified":"2016-12-27T08:24:57+00:00","breadcrumb":{"@id":"https:\/\/www.oarcanjo.net\/site\/bem-aventurada-regina-protmann\/#breadcrumb"},"inLanguage":"pt-BR","potentialAction":[{"@type":"ReadAction","target":["https:\/\/www.oarcanjo.net\/site\/bem-aventurada-regina-protmann\/"]}]},{"@type":"ImageObject","inLanguage":"pt-BR","@id":"https:\/\/www.oarcanjo.net\/site\/bem-aventurada-regina-protmann\/#primaryimage","url":"http:\/\/t1.gstatic.com\/images?q=tbn:6tidqP9XRUnMbM:http:\/\/www.homecard.com.br\/sites\/csc\/fotos\/0054_01.jpg","contentUrl":"http:\/\/t1.gstatic.com\/images?q=tbn:6tidqP9XRUnMbM:http:\/\/www.homecard.com.br\/sites\/csc\/fotos\/0054_01.jpg"},{"@type":"BreadcrumbList","@id":"https:\/\/www.oarcanjo.net\/site\/bem-aventurada-regina-protmann\/#breadcrumb","itemListElement":[{"@type":"ListItem","position":1,"name":"In\u00edcio","item":"https:\/\/www.oarcanjo.net\/site\/"},{"@type":"ListItem","position":2,"name":"Bem Aventurada Regina Protmann"}]},{"@type":"WebSite","@id":"https:\/\/www.oarcanjo.net\/site\/#website","url":"https:\/\/www.oarcanjo.net\/site\/","name":"O Arcanjo no ar","description":"Site da Par\u00f3quia S\u00e3o Miguel Arcanjo (Arquidiocese de SP)","publisher":{"@id":"https:\/\/www.oarcanjo.net\/site\/#organization"},"potentialAction":[{"@type":"SearchAction","target":{"@type":"EntryPoint","urlTemplate":"https:\/\/www.oarcanjo.net\/site\/?s={search_term_string}"},"query-input":{"@type":"PropertyValueSpecification","valueRequired":true,"valueName":"search_term_string"}}],"inLanguage":"pt-BR"},{"@type":"Organization","@id":"https:\/\/www.oarcanjo.net\/site\/#organization","name":"Par\u00f3quia S\u00e3o Miguel Arcanjo","url":"https:\/\/www.oarcanjo.net\/site\/","logo":{"@type":"ImageObject","inLanguage":"pt-BR","@id":"https:\/\/www.oarcanjo.net\/site\/#\/schema\/logo\/image\/","url":"https:\/\/www.oarcanjo.net\/site\/wp-content\/uploads\/LogoOArcanjo.png","contentUrl":"https:\/\/www.oarcanjo.net\/site\/wp-content\/uploads\/LogoOArcanjo.png","width":319,"height":99,"caption":"Par\u00f3quia S\u00e3o Miguel Arcanjo"},"image":{"@id":"https:\/\/www.oarcanjo.net\/site\/#\/schema\/logo\/image\/"},"sameAs":["https:\/\/www.facebook.com\/OArcanjoNoAr\/"]},{"@type":"Person","@id":"https:\/\/www.oarcanjo.net\/site\/#\/schema\/person\/5eb9480bedd2f3c97e430ce128c29c6c","name":"danilo"}]}},"publishpress_future_action":{"enabled":false,"date":"2026-05-08 02:22:17","action":"category","newStatus":"draft","terms":[],"taxonomy":"category"},"publishpress_future_workflow_manual_trigger":{"enabledWorkflows":[]},"_links":{"self":[{"href":"https:\/\/www.oarcanjo.net\/site\/wp-json\/wp\/v2\/posts\/7374"}],"collection":[{"href":"https:\/\/www.oarcanjo.net\/site\/wp-json\/wp\/v2\/posts"}],"about":[{"href":"https:\/\/www.oarcanjo.net\/site\/wp-json\/wp\/v2\/types\/post"}],"author":[{"embeddable":true,"href":"https:\/\/www.oarcanjo.net\/site\/wp-json\/wp\/v2\/users\/14"}],"replies":[{"embeddable":true,"href":"https:\/\/www.oarcanjo.net\/site\/wp-json\/wp\/v2\/comments?post=7374"}],"version-history":[{"count":0,"href":"https:\/\/www.oarcanjo.net\/site\/wp-json\/wp\/v2\/posts\/7374\/revisions"}],"wp:attachment":[{"href":"https:\/\/www.oarcanjo.net\/site\/wp-json\/wp\/v2\/media?parent=7374"}],"wp:term":[{"taxonomy":"category","embeddable":true,"href":"https:\/\/www.oarcanjo.net\/site\/wp-json\/wp\/v2\/categories?post=7374"},{"taxonomy":"post_tag","embeddable":true,"href":"https:\/\/www.oarcanjo.net\/site\/wp-json\/wp\/v2\/tags?post=7374"}],"curies":[{"name":"wp","href":"https:\/\/api.w.org\/{rel}","templated":true}]}}