
{"id":7376,"date":"2017-01-18T00:23:34","date_gmt":"2017-01-18T02:23:34","guid":{"rendered":"http:\/\/www.oarcanjo.net\/site\/?p=7376"},"modified":"2016-12-27T06:24:47","modified_gmt":"2016-12-27T08:24:47","slug":"santa-prisca","status":"publish","type":"post","link":"https:\/\/www.oarcanjo.net\/site\/santa-prisca\/","title":{"rendered":"Santa Prisca"},"content":{"rendered":"<p><img decoding=\"async\" src=\"http:\/\/4.bp.blogspot.com\/_z-c0Sh5Zlrs\/SHVTix0NalI\/AAAAAAAAAfI\/T2OcKZcX_JU\/s400\/Santa+Prisca.jpg\" alt=\"\" \/><\/p>\n<p>18 de Janeiro<\/p>\n<p>S\u00e3o Pedro batiza Santa Prisca<\/p>\n<p>Prisca, \u00e9 um nome que nos soa um pouco estranho, significa: &#8220;a primeira&#8221;. Mas evoca uma grande Santa, que se imp\u00f4s \u00e0 admira\u00e7\u00e3o de todos nos primeiros tempos do Cristianismo. Ela foi considerada a mais antiga santa romana e se tornou uma das mulheres mais veneradas na Igreja.<\/p>\n<p>Segundo a tradi\u00e7\u00e3o, Prisca foi batizada aos treze anos de idade por S\u00e3o Pedro e se tornou a primeira mulher do Ocidente a testemunhar com o mart\u00edrio, sua f\u00e9 em Cristo. Ela morreu decapitada durante a persegui\u00e7\u00e3o do imperador Cl\u00e1udio, na metade do s\u00e9culo I, em Roma.<\/p>\n<p>As &#8220;Atas de Santa Prisca&#8221; registram, de fato, que ela foi martirizada durante o governo desse tirano e seu corpo sepultado na Via Ostiense, nas catacumbas de Priscila, as mais antigas de Roma. Depois foi transladado para a igreja do monte Aventino.<\/p>\n<p>Uma igreja constru\u00edda sobre os alicerces de uma grande casa romana do primeiro s\u00e9culo, como atestam as mais recentes descobertas arqueol\u00f3gicas, muito importante para os crist\u00e3os. Ainda hoje, mant\u00e9m uma cripta que guarda uma preciosa rel\u00edquia: a concha com que S\u00e3o Pedro ap\u00f3stolo batizou seus seguidores e disc\u00edpulos.<br \/>\nMas, a partir do s\u00e9culo VIII, alguns dados vieram \u00e0 tona dando total veracidade da<br \/>\nexist\u00eancia dessa m\u00e1rtir romana, como mulher evangelizadora atuante, descrita numa carta escrita por S\u00e3o Paulo, em que falou: &#8220;Sa\u00fadem Prisca e \u00c1quila, meus colaboradores em Jesus Cristo, os quais expuseram suas cabe\u00e7as para me salvar a vida. \u00c0 isso devo render gra\u00e7as n\u00e3o somente eu, mas tamb\u00e9m todas as igrejas dos gentios&#8221; (Rm 16,3).<\/p>\n<p>Desta maneira, se soube que Prisca n\u00e3o morreu logo apos seu batizado, mas alguns anos depois, ainda durante aquela persegui\u00e7\u00e3o. No S\u00ednodo Romano de 499, se determinou que os dados fossem acrescentados \u00e0s &#8220;Atas de Prisca&#8221;, confirmando ainda mais a sua valorosa contribui\u00e7\u00e3o \u00e0 Igreja dos primeiros tempos.<\/p>\n<p>Para homenagear e perpetuar o seu exemplo, aquela igreja de monte Aventino foi consagrada com o nome de Santa Prisca e se manteve no dia 18 de janeiro a sua tradicional festa lit\u00fargica.<\/p>\n<div id=\"themify_builder_content-7376\" data-postid=\"7376\" class=\"themify_builder_content themify_builder_content-7376 themify_builder themify_builder_front\">\n\t<\/div>\n<!-- \/themify_builder_content -->","protected":false},"excerpt":{"rendered":"<p>18 de Janeiro S\u00e3o Pedro batiza Santa Prisca Prisca, \u00e9 um nome que nos soa um pouco estranho, significa: &#8220;a primeira&#8221;. Mas evoca uma grande Santa, que se imp\u00f4s \u00e0 admira\u00e7\u00e3o de todos nos primeiros tempos do Cristianismo. Ela foi considerada a mais antiga santa romana e se tornou uma das mulheres mais veneradas na [&hellip;]<\/p>\n","protected":false},"author":14,"featured_media":0,"comment_status":"open","ping_status":"open","sticky":false,"template":"","format":"standard","meta":{"ngg_post_thumbnail":0,"footnotes":""},"categories":[186],"tags":[],"yoast_head":"<!-- This site is optimized with the Yoast SEO plugin v23.5 - https:\/\/yoast.com\/wordpress\/plugins\/seo\/ -->\n<title>Santa Prisca - O Arcanjo no ar<\/title>\n<meta name=\"robots\" content=\"index, follow, max-snippet:-1, max-image-preview:large, max-video-preview:-1\" \/>\n<link rel=\"canonical\" href=\"https:\/\/www.oarcanjo.net\/site\/santa-prisca\/\" \/>\n<meta property=\"og:locale\" content=\"pt_BR\" \/>\n<meta property=\"og:type\" content=\"article\" \/>\n<meta property=\"og:title\" content=\"Santa Prisca - O Arcanjo no ar\" \/>\n<meta property=\"og:description\" content=\"18 de Janeiro S\u00e3o Pedro batiza Santa Prisca Prisca, \u00e9 um nome que nos soa um pouco estranho, significa: &#8220;a primeira&#8221;. Mas evoca uma grande Santa, que se imp\u00f4s \u00e0 admira\u00e7\u00e3o de todos nos primeiros tempos do Cristianismo. Ela foi considerada a mais antiga santa romana e se tornou uma das mulheres mais veneradas na [&hellip;]\" \/>\n<meta property=\"og:url\" content=\"https:\/\/www.oarcanjo.net\/site\/santa-prisca\/\" \/>\n<meta property=\"og:site_name\" content=\"O Arcanjo no ar\" \/>\n<meta property=\"article:publisher\" content=\"https:\/\/www.facebook.com\/OArcanjoNoAr\/\" \/>\n<meta property=\"article:published_time\" content=\"2017-01-18T02:23:34+00:00\" \/>\n<meta property=\"article:modified_time\" content=\"2016-12-27T08:24:47+00:00\" \/>\n<meta property=\"og:image\" content=\"http:\/\/4.bp.blogspot.com\/_z-c0Sh5Zlrs\/SHVTix0NalI\/AAAAAAAAAfI\/T2OcKZcX_JU\/s400\/Santa+Prisca.jpg\" \/>\n<meta name=\"author\" content=\"danilo\" \/>\n<meta name=\"twitter:card\" content=\"summary_large_image\" \/>\n<meta name=\"twitter:label1\" content=\"Escrito por\" \/>\n\t<meta name=\"twitter:data1\" content=\"danilo\" \/>\n\t<meta name=\"twitter:label2\" content=\"Est. tempo de leitura\" \/>\n\t<meta name=\"twitter:data2\" content=\"2 minutos\" \/>\n<script type=\"application\/ld+json\" class=\"yoast-schema-graph\">{\"@context\":\"https:\/\/schema.org\",\"@graph\":[{\"@type\":\"Article\",\"@id\":\"https:\/\/www.oarcanjo.net\/site\/santa-prisca\/#article\",\"isPartOf\":{\"@id\":\"https:\/\/www.oarcanjo.net\/site\/santa-prisca\/\"},\"author\":{\"name\":\"danilo\",\"@id\":\"https:\/\/www.oarcanjo.net\/site\/#\/schema\/person\/5eb9480bedd2f3c97e430ce128c29c6c\"},\"headline\":\"Santa Prisca\",\"datePublished\":\"2017-01-18T02:23:34+00:00\",\"dateModified\":\"2016-12-27T08:24:47+00:00\",\"mainEntityOfPage\":{\"@id\":\"https:\/\/www.oarcanjo.net\/site\/santa-prisca\/\"},\"wordCount\":368,\"commentCount\":2,\"publisher\":{\"@id\":\"https:\/\/www.oarcanjo.net\/site\/#organization\"},\"image\":{\"@id\":\"https:\/\/www.oarcanjo.net\/site\/santa-prisca\/#primaryimage\"},\"thumbnailUrl\":\"http:\/\/4.bp.blogspot.com\/_z-c0Sh5Zlrs\/SHVTix0NalI\/AAAAAAAAAfI\/T2OcKZcX_JU\/s400\/Santa+Prisca.jpg\",\"articleSection\":[\"Testemunhos\"],\"inLanguage\":\"pt-BR\",\"potentialAction\":[{\"@type\":\"CommentAction\",\"name\":\"Comment\",\"target\":[\"https:\/\/www.oarcanjo.net\/site\/santa-prisca\/#respond\"]}]},{\"@type\":\"WebPage\",\"@id\":\"https:\/\/www.oarcanjo.net\/site\/santa-prisca\/\",\"url\":\"https:\/\/www.oarcanjo.net\/site\/santa-prisca\/\",\"name\":\"Santa Prisca - O Arcanjo no ar\",\"isPartOf\":{\"@id\":\"https:\/\/www.oarcanjo.net\/site\/#website\"},\"primaryImageOfPage\":{\"@id\":\"https:\/\/www.oarcanjo.net\/site\/santa-prisca\/#primaryimage\"},\"image\":{\"@id\":\"https:\/\/www.oarcanjo.net\/site\/santa-prisca\/#primaryimage\"},\"thumbnailUrl\":\"http:\/\/4.bp.blogspot.com\/_z-c0Sh5Zlrs\/SHVTix0NalI\/AAAAAAAAAfI\/T2OcKZcX_JU\/s400\/Santa+Prisca.jpg\",\"datePublished\":\"2017-01-18T02:23:34+00:00\",\"dateModified\":\"2016-12-27T08:24:47+00:00\",\"breadcrumb\":{\"@id\":\"https:\/\/www.oarcanjo.net\/site\/santa-prisca\/#breadcrumb\"},\"inLanguage\":\"pt-BR\",\"potentialAction\":[{\"@type\":\"ReadAction\",\"target\":[\"https:\/\/www.oarcanjo.net\/site\/santa-prisca\/\"]}]},{\"@type\":\"ImageObject\",\"inLanguage\":\"pt-BR\",\"@id\":\"https:\/\/www.oarcanjo.net\/site\/santa-prisca\/#primaryimage\",\"url\":\"http:\/\/4.bp.blogspot.com\/_z-c0Sh5Zlrs\/SHVTix0NalI\/AAAAAAAAAfI\/T2OcKZcX_JU\/s400\/Santa+Prisca.jpg\",\"contentUrl\":\"http:\/\/4.bp.blogspot.com\/_z-c0Sh5Zlrs\/SHVTix0NalI\/AAAAAAAAAfI\/T2OcKZcX_JU\/s400\/Santa+Prisca.jpg\"},{\"@type\":\"BreadcrumbList\",\"@id\":\"https:\/\/www.oarcanjo.net\/site\/santa-prisca\/#breadcrumb\",\"itemListElement\":[{\"@type\":\"ListItem\",\"position\":1,\"name\":\"In\u00edcio\",\"item\":\"https:\/\/www.oarcanjo.net\/site\/\"},{\"@type\":\"ListItem\",\"position\":2,\"name\":\"Santa Prisca\"}]},{\"@type\":\"WebSite\",\"@id\":\"https:\/\/www.oarcanjo.net\/site\/#website\",\"url\":\"https:\/\/www.oarcanjo.net\/site\/\",\"name\":\"O Arcanjo no ar\",\"description\":\"Site da Par\u00f3quia S\u00e3o Miguel Arcanjo (Arquidiocese de SP)\",\"publisher\":{\"@id\":\"https:\/\/www.oarcanjo.net\/site\/#organization\"},\"potentialAction\":[{\"@type\":\"SearchAction\",\"target\":{\"@type\":\"EntryPoint\",\"urlTemplate\":\"https:\/\/www.oarcanjo.net\/site\/?s={search_term_string}\"},\"query-input\":{\"@type\":\"PropertyValueSpecification\",\"valueRequired\":true,\"valueName\":\"search_term_string\"}}],\"inLanguage\":\"pt-BR\"},{\"@type\":\"Organization\",\"@id\":\"https:\/\/www.oarcanjo.net\/site\/#organization\",\"name\":\"Par\u00f3quia S\u00e3o Miguel Arcanjo\",\"url\":\"https:\/\/www.oarcanjo.net\/site\/\",\"logo\":{\"@type\":\"ImageObject\",\"inLanguage\":\"pt-BR\",\"@id\":\"https:\/\/www.oarcanjo.net\/site\/#\/schema\/logo\/image\/\",\"url\":\"https:\/\/www.oarcanjo.net\/site\/wp-content\/uploads\/LogoOArcanjo.png\",\"contentUrl\":\"https:\/\/www.oarcanjo.net\/site\/wp-content\/uploads\/LogoOArcanjo.png\",\"width\":319,\"height\":99,\"caption\":\"Par\u00f3quia S\u00e3o Miguel Arcanjo\"},\"image\":{\"@id\":\"https:\/\/www.oarcanjo.net\/site\/#\/schema\/logo\/image\/\"},\"sameAs\":[\"https:\/\/www.facebook.com\/OArcanjoNoAr\/\"]},{\"@type\":\"Person\",\"@id\":\"https:\/\/www.oarcanjo.net\/site\/#\/schema\/person\/5eb9480bedd2f3c97e430ce128c29c6c\",\"name\":\"danilo\"}]}<\/script>\n<!-- \/ Yoast SEO plugin. -->","yoast_head_json":{"title":"Santa Prisca - O Arcanjo no ar","robots":{"index":"index","follow":"follow","max-snippet":"max-snippet:-1","max-image-preview":"max-image-preview:large","max-video-preview":"max-video-preview:-1"},"canonical":"https:\/\/www.oarcanjo.net\/site\/santa-prisca\/","og_locale":"pt_BR","og_type":"article","og_title":"Santa Prisca - O Arcanjo no ar","og_description":"18 de Janeiro S\u00e3o Pedro batiza Santa Prisca Prisca, \u00e9 um nome que nos soa um pouco estranho, significa: &#8220;a primeira&#8221;. Mas evoca uma grande Santa, que se imp\u00f4s \u00e0 admira\u00e7\u00e3o de todos nos primeiros tempos do Cristianismo. Ela foi considerada a mais antiga santa romana e se tornou uma das mulheres mais veneradas na [&hellip;]","og_url":"https:\/\/www.oarcanjo.net\/site\/santa-prisca\/","og_site_name":"O Arcanjo no ar","article_publisher":"https:\/\/www.facebook.com\/OArcanjoNoAr\/","article_published_time":"2017-01-18T02:23:34+00:00","article_modified_time":"2016-12-27T08:24:47+00:00","og_image":[{"url":"http:\/\/4.bp.blogspot.com\/_z-c0Sh5Zlrs\/SHVTix0NalI\/AAAAAAAAAfI\/T2OcKZcX_JU\/s400\/Santa+Prisca.jpg"}],"author":"danilo","twitter_card":"summary_large_image","twitter_misc":{"Escrito por":"danilo","Est. tempo de leitura":"2 minutos"},"schema":{"@context":"https:\/\/schema.org","@graph":[{"@type":"Article","@id":"https:\/\/www.oarcanjo.net\/site\/santa-prisca\/#article","isPartOf":{"@id":"https:\/\/www.oarcanjo.net\/site\/santa-prisca\/"},"author":{"name":"danilo","@id":"https:\/\/www.oarcanjo.net\/site\/#\/schema\/person\/5eb9480bedd2f3c97e430ce128c29c6c"},"headline":"Santa Prisca","datePublished":"2017-01-18T02:23:34+00:00","dateModified":"2016-12-27T08:24:47+00:00","mainEntityOfPage":{"@id":"https:\/\/www.oarcanjo.net\/site\/santa-prisca\/"},"wordCount":368,"commentCount":2,"publisher":{"@id":"https:\/\/www.oarcanjo.net\/site\/#organization"},"image":{"@id":"https:\/\/www.oarcanjo.net\/site\/santa-prisca\/#primaryimage"},"thumbnailUrl":"http:\/\/4.bp.blogspot.com\/_z-c0Sh5Zlrs\/SHVTix0NalI\/AAAAAAAAAfI\/T2OcKZcX_JU\/s400\/Santa+Prisca.jpg","articleSection":["Testemunhos"],"inLanguage":"pt-BR","potentialAction":[{"@type":"CommentAction","name":"Comment","target":["https:\/\/www.oarcanjo.net\/site\/santa-prisca\/#respond"]}]},{"@type":"WebPage","@id":"https:\/\/www.oarcanjo.net\/site\/santa-prisca\/","url":"https:\/\/www.oarcanjo.net\/site\/santa-prisca\/","name":"Santa Prisca - O Arcanjo no ar","isPartOf":{"@id":"https:\/\/www.oarcanjo.net\/site\/#website"},"primaryImageOfPage":{"@id":"https:\/\/www.oarcanjo.net\/site\/santa-prisca\/#primaryimage"},"image":{"@id":"https:\/\/www.oarcanjo.net\/site\/santa-prisca\/#primaryimage"},"thumbnailUrl":"http:\/\/4.bp.blogspot.com\/_z-c0Sh5Zlrs\/SHVTix0NalI\/AAAAAAAAAfI\/T2OcKZcX_JU\/s400\/Santa+Prisca.jpg","datePublished":"2017-01-18T02:23:34+00:00","dateModified":"2016-12-27T08:24:47+00:00","breadcrumb":{"@id":"https:\/\/www.oarcanjo.net\/site\/santa-prisca\/#breadcrumb"},"inLanguage":"pt-BR","potentialAction":[{"@type":"ReadAction","target":["https:\/\/www.oarcanjo.net\/site\/santa-prisca\/"]}]},{"@type":"ImageObject","inLanguage":"pt-BR","@id":"https:\/\/www.oarcanjo.net\/site\/santa-prisca\/#primaryimage","url":"http:\/\/4.bp.blogspot.com\/_z-c0Sh5Zlrs\/SHVTix0NalI\/AAAAAAAAAfI\/T2OcKZcX_JU\/s400\/Santa+Prisca.jpg","contentUrl":"http:\/\/4.bp.blogspot.com\/_z-c0Sh5Zlrs\/SHVTix0NalI\/AAAAAAAAAfI\/T2OcKZcX_JU\/s400\/Santa+Prisca.jpg"},{"@type":"BreadcrumbList","@id":"https:\/\/www.oarcanjo.net\/site\/santa-prisca\/#breadcrumb","itemListElement":[{"@type":"ListItem","position":1,"name":"In\u00edcio","item":"https:\/\/www.oarcanjo.net\/site\/"},{"@type":"ListItem","position":2,"name":"Santa Prisca"}]},{"@type":"WebSite","@id":"https:\/\/www.oarcanjo.net\/site\/#website","url":"https:\/\/www.oarcanjo.net\/site\/","name":"O Arcanjo no ar","description":"Site da Par\u00f3quia S\u00e3o Miguel Arcanjo (Arquidiocese de SP)","publisher":{"@id":"https:\/\/www.oarcanjo.net\/site\/#organization"},"potentialAction":[{"@type":"SearchAction","target":{"@type":"EntryPoint","urlTemplate":"https:\/\/www.oarcanjo.net\/site\/?s={search_term_string}"},"query-input":{"@type":"PropertyValueSpecification","valueRequired":true,"valueName":"search_term_string"}}],"inLanguage":"pt-BR"},{"@type":"Organization","@id":"https:\/\/www.oarcanjo.net\/site\/#organization","name":"Par\u00f3quia S\u00e3o Miguel Arcanjo","url":"https:\/\/www.oarcanjo.net\/site\/","logo":{"@type":"ImageObject","inLanguage":"pt-BR","@id":"https:\/\/www.oarcanjo.net\/site\/#\/schema\/logo\/image\/","url":"https:\/\/www.oarcanjo.net\/site\/wp-content\/uploads\/LogoOArcanjo.png","contentUrl":"https:\/\/www.oarcanjo.net\/site\/wp-content\/uploads\/LogoOArcanjo.png","width":319,"height":99,"caption":"Par\u00f3quia S\u00e3o Miguel Arcanjo"},"image":{"@id":"https:\/\/www.oarcanjo.net\/site\/#\/schema\/logo\/image\/"},"sameAs":["https:\/\/www.facebook.com\/OArcanjoNoAr\/"]},{"@type":"Person","@id":"https:\/\/www.oarcanjo.net\/site\/#\/schema\/person\/5eb9480bedd2f3c97e430ce128c29c6c","name":"danilo"}]}},"publishpress_future_action":{"enabled":false,"date":"2026-05-08 03:39:10","action":"category","newStatus":"draft","terms":[],"taxonomy":"category"},"publishpress_future_workflow_manual_trigger":{"enabledWorkflows":[]},"_links":{"self":[{"href":"https:\/\/www.oarcanjo.net\/site\/wp-json\/wp\/v2\/posts\/7376"}],"collection":[{"href":"https:\/\/www.oarcanjo.net\/site\/wp-json\/wp\/v2\/posts"}],"about":[{"href":"https:\/\/www.oarcanjo.net\/site\/wp-json\/wp\/v2\/types\/post"}],"author":[{"embeddable":true,"href":"https:\/\/www.oarcanjo.net\/site\/wp-json\/wp\/v2\/users\/14"}],"replies":[{"embeddable":true,"href":"https:\/\/www.oarcanjo.net\/site\/wp-json\/wp\/v2\/comments?post=7376"}],"version-history":[{"count":0,"href":"https:\/\/www.oarcanjo.net\/site\/wp-json\/wp\/v2\/posts\/7376\/revisions"}],"wp:attachment":[{"href":"https:\/\/www.oarcanjo.net\/site\/wp-json\/wp\/v2\/media?parent=7376"}],"wp:term":[{"taxonomy":"category","embeddable":true,"href":"https:\/\/www.oarcanjo.net\/site\/wp-json\/wp\/v2\/categories?post=7376"},{"taxonomy":"post_tag","embeddable":true,"href":"https:\/\/www.oarcanjo.net\/site\/wp-json\/wp\/v2\/tags?post=7376"}],"curies":[{"name":"wp","href":"https:\/\/api.w.org\/{rel}","templated":true}]}}