
{"id":7381,"date":"2017-01-19T00:29:37","date_gmt":"2017-01-19T02:29:37","guid":{"rendered":"http:\/\/www.oarcanjo.net\/site\/?p=7381"},"modified":"2016-12-27T06:24:12","modified_gmt":"2016-12-27T08:24:12","slug":"santo-odilo","status":"publish","type":"post","link":"https:\/\/www.oarcanjo.net\/site\/santo-odilo\/","title":{"rendered":"Santo Odilo"},"content":{"rendered":"<p><img decoding=\"async\" src=\"http:\/\/4.bp.blogspot.com\/_z-c0Sh5Zlrs\/SHVWAjO6prI\/AAAAAAAAAfY\/7wbpr2FloHw\/s400\/Santo+Odilo.jpg\" border=\"0\" alt=\"Santo Odilo\" \/><\/p>\n<p>19 de Janeiro<\/p>\n<p>Odilo nasceu em 962, na cidade francesa de Auvergne. Seu pai era Beraldo, da nobre fam\u00edlia Mercoeur e sua m\u00e3e Gerberga. Narra a tradi\u00e7\u00e3o, que a sua vida espiritual come\u00e7ou na inf\u00e2ncia, aos quatro anos de idade. Era portador de uma defici\u00eancia nas pernas que o impedia de andar. Certa vez, sua governanta o deixou sentado na porta da igreja, enquanto foi falar com o padre. Odilo aproveitou para rezar e se arrastou at\u00e9 o altar, onde pediu \u00e0 Virgem Maria que lhe concedesse a gra\u00e7a de poder caminhar. Neste instante, sentiu uma for\u00e7a invadir as pernas, ficou de p\u00e9 e andou at\u00e9 onde estava a empregada, que, junto com o vig\u00e1rio, constatou o prod\u00edgio.<\/p>\n<p>Assim que terminou os estudos ingressou no Mosteiro beneditino de Cluny, em 991. T\u00e3o exemplar e humilde foi seu trabalho que, quando o abade e santo Maiolo sentiu que sua hora era chegada, elegeu-o seu sucessor, em 994. Este cargo, Odilo ocupou at\u00e9 a morte.<\/p>\n<p>Ele era um homem de estatura pequena e apar\u00eancia comum, mas possu\u00eda uma for\u00e7a de car\u00e1ter imensa. Soube unir suas qualidades inatas de lideran\u00e7a e diplomacia, com a austeridade da vida mon\u00e1stica e o desejo de fazer reinar Cristo sobre a terra. Desta maneira conseguiu, num per\u00edodo dif\u00edcil de conflitos entre a Igreja e o Imp\u00e9rio, realizar a doutrina de paz e fraternidade pregadas no Evangelho. Exerceu sua influ\u00eancia sobre os dois, de modo que se estabeleceu a c\u00e9lebre &#8220;tr\u00e9gua de Deus&#8221;, conseguida, grande parte, por seu empenho.<\/p>\n<p>Como alto representante da Igreja que se tornara, era procurado e consultado tanto pelos ilustres da corte como pelos pobres do povo, atendendo a todos com a mesma humildade de um servo de Cristo. A sua caridade era ilimitada, tanto que, para suprir as necessidades dos famintos e abandonados, chegava a doar as despensas do mosteiro. At\u00e9 a valiosa coroa, presenteada pelo imperador Henrique II, e os objetos sagrados da Abadia foram vendidos, quando a popula\u00e7\u00e3o se viu assolada pela peste, em 1006. Mesmo assim os recursos foram insuficientes, ent\u00e3o, Odilo se fez um mendigo entre os mendigos, passando a pedir doa\u00e7\u00f5es aos pr\u00edncipes e \u00e0 aristocracia rica, repassando para a popula\u00e7\u00e3o flagelada.<\/p>\n<p>No trabalho religioso, aumentou a quantidade dos mosteiros filiados \u00e0 Abadia de Cluny, que de trinta e sete passaram a ser sessenta e cinco. Naquela \u00e9poca, Cluny se tornou a capital de uma verdadeira reforma mon\u00e1stica, que se difundiu por toda a Europa e, pode-se dizer que Odilo, quinto abade de Cluny, era considerado o verdadeiro chefe da cristandade, porque o papado teve de se envolver com os problemas pol\u00edticos da anarquia romana.<\/p>\n<p>Em 998, por sua determina\u00e7\u00e3o, todos os conventos beneditinos passaram a celebrar &#8220;o dia de todas as almas&#8221;. Data que Roma implantou para todo o mundo cat\u00f3lico em 1311, com o nome de &#8220;dia de finados&#8221;. Foi ainda eleito Arcebispo de Lion pelo povo e pelo clero, chegando a ser nomeado pelo Papa Jo\u00e3o XIX, mas recusou o cargo.<\/p>\n<p>Em 31 de dezembro de 1049, morreu com fama de santidade, no mosteiro de Souvigny, Fran\u00e7a. O seu culto foi reconhecido pela Igreja e inclu\u00eddo no calend\u00e1rio dos beneditinos de todo o mundo, cuja comemora\u00e7\u00e3o passou do dia 2 de janeiro para 19 de janeiro.<\/p>\n<div id=\"themify_builder_content-7381\" data-postid=\"7381\" class=\"themify_builder_content themify_builder_content-7381 themify_builder themify_builder_front\">\n\t<\/div>\n<!-- \/themify_builder_content -->","protected":false},"excerpt":{"rendered":"<p>19 de Janeiro Odilo nasceu em 962, na cidade francesa de Auvergne. Seu pai era Beraldo, da nobre fam\u00edlia Mercoeur e sua m\u00e3e Gerberga. Narra a tradi\u00e7\u00e3o, que a sua vida espiritual come\u00e7ou na inf\u00e2ncia, aos quatro anos de idade. Era portador de uma defici\u00eancia nas pernas que o impedia de andar. Certa vez, sua [&hellip;]<\/p>\n","protected":false},"author":14,"featured_media":0,"comment_status":"open","ping_status":"open","sticky":false,"template":"","format":"standard","meta":{"ngg_post_thumbnail":0,"footnotes":""},"categories":[186],"tags":[],"yoast_head":"<!-- This site is optimized with the Yoast SEO plugin v23.5 - https:\/\/yoast.com\/wordpress\/plugins\/seo\/ -->\n<title>Santo Odilo - O Arcanjo no ar<\/title>\n<meta name=\"robots\" content=\"index, follow, max-snippet:-1, max-image-preview:large, max-video-preview:-1\" \/>\n<link rel=\"canonical\" href=\"https:\/\/www.oarcanjo.net\/site\/santo-odilo\/\" \/>\n<meta property=\"og:locale\" content=\"pt_BR\" \/>\n<meta property=\"og:type\" content=\"article\" \/>\n<meta property=\"og:title\" content=\"Santo Odilo - O Arcanjo no ar\" \/>\n<meta property=\"og:description\" content=\"19 de Janeiro Odilo nasceu em 962, na cidade francesa de Auvergne. Seu pai era Beraldo, da nobre fam\u00edlia Mercoeur e sua m\u00e3e Gerberga. Narra a tradi\u00e7\u00e3o, que a sua vida espiritual come\u00e7ou na inf\u00e2ncia, aos quatro anos de idade. Era portador de uma defici\u00eancia nas pernas que o impedia de andar. Certa vez, sua [&hellip;]\" \/>\n<meta property=\"og:url\" content=\"https:\/\/www.oarcanjo.net\/site\/santo-odilo\/\" \/>\n<meta property=\"og:site_name\" content=\"O Arcanjo no ar\" \/>\n<meta property=\"article:publisher\" content=\"https:\/\/www.facebook.com\/OArcanjoNoAr\/\" \/>\n<meta property=\"article:published_time\" content=\"2017-01-19T02:29:37+00:00\" \/>\n<meta property=\"article:modified_time\" content=\"2016-12-27T08:24:12+00:00\" \/>\n<meta property=\"og:image\" content=\"http:\/\/4.bp.blogspot.com\/_z-c0Sh5Zlrs\/SHVWAjO6prI\/AAAAAAAAAfY\/7wbpr2FloHw\/s400\/Santo+Odilo.jpg\" \/>\n<meta name=\"author\" content=\"danilo\" \/>\n<meta name=\"twitter:card\" content=\"summary_large_image\" \/>\n<meta name=\"twitter:label1\" content=\"Escrito por\" \/>\n\t<meta name=\"twitter:data1\" content=\"danilo\" \/>\n\t<meta name=\"twitter:label2\" content=\"Est. tempo de leitura\" \/>\n\t<meta name=\"twitter:data2\" content=\"3 minutos\" \/>\n<script type=\"application\/ld+json\" class=\"yoast-schema-graph\">{\"@context\":\"https:\/\/schema.org\",\"@graph\":[{\"@type\":\"Article\",\"@id\":\"https:\/\/www.oarcanjo.net\/site\/santo-odilo\/#article\",\"isPartOf\":{\"@id\":\"https:\/\/www.oarcanjo.net\/site\/santo-odilo\/\"},\"author\":{\"name\":\"danilo\",\"@id\":\"https:\/\/www.oarcanjo.net\/site\/#\/schema\/person\/5eb9480bedd2f3c97e430ce128c29c6c\"},\"headline\":\"Santo Odilo\",\"datePublished\":\"2017-01-19T02:29:37+00:00\",\"dateModified\":\"2016-12-27T08:24:12+00:00\",\"mainEntityOfPage\":{\"@id\":\"https:\/\/www.oarcanjo.net\/site\/santo-odilo\/\"},\"wordCount\":566,\"commentCount\":0,\"publisher\":{\"@id\":\"https:\/\/www.oarcanjo.net\/site\/#organization\"},\"image\":{\"@id\":\"https:\/\/www.oarcanjo.net\/site\/santo-odilo\/#primaryimage\"},\"thumbnailUrl\":\"http:\/\/4.bp.blogspot.com\/_z-c0Sh5Zlrs\/SHVWAjO6prI\/AAAAAAAAAfY\/7wbpr2FloHw\/s400\/Santo+Odilo.jpg\",\"articleSection\":[\"Testemunhos\"],\"inLanguage\":\"pt-BR\",\"potentialAction\":[{\"@type\":\"CommentAction\",\"name\":\"Comment\",\"target\":[\"https:\/\/www.oarcanjo.net\/site\/santo-odilo\/#respond\"]}]},{\"@type\":\"WebPage\",\"@id\":\"https:\/\/www.oarcanjo.net\/site\/santo-odilo\/\",\"url\":\"https:\/\/www.oarcanjo.net\/site\/santo-odilo\/\",\"name\":\"Santo Odilo - O Arcanjo no ar\",\"isPartOf\":{\"@id\":\"https:\/\/www.oarcanjo.net\/site\/#website\"},\"primaryImageOfPage\":{\"@id\":\"https:\/\/www.oarcanjo.net\/site\/santo-odilo\/#primaryimage\"},\"image\":{\"@id\":\"https:\/\/www.oarcanjo.net\/site\/santo-odilo\/#primaryimage\"},\"thumbnailUrl\":\"http:\/\/4.bp.blogspot.com\/_z-c0Sh5Zlrs\/SHVWAjO6prI\/AAAAAAAAAfY\/7wbpr2FloHw\/s400\/Santo+Odilo.jpg\",\"datePublished\":\"2017-01-19T02:29:37+00:00\",\"dateModified\":\"2016-12-27T08:24:12+00:00\",\"breadcrumb\":{\"@id\":\"https:\/\/www.oarcanjo.net\/site\/santo-odilo\/#breadcrumb\"},\"inLanguage\":\"pt-BR\",\"potentialAction\":[{\"@type\":\"ReadAction\",\"target\":[\"https:\/\/www.oarcanjo.net\/site\/santo-odilo\/\"]}]},{\"@type\":\"ImageObject\",\"inLanguage\":\"pt-BR\",\"@id\":\"https:\/\/www.oarcanjo.net\/site\/santo-odilo\/#primaryimage\",\"url\":\"http:\/\/4.bp.blogspot.com\/_z-c0Sh5Zlrs\/SHVWAjO6prI\/AAAAAAAAAfY\/7wbpr2FloHw\/s400\/Santo+Odilo.jpg\",\"contentUrl\":\"http:\/\/4.bp.blogspot.com\/_z-c0Sh5Zlrs\/SHVWAjO6prI\/AAAAAAAAAfY\/7wbpr2FloHw\/s400\/Santo+Odilo.jpg\"},{\"@type\":\"BreadcrumbList\",\"@id\":\"https:\/\/www.oarcanjo.net\/site\/santo-odilo\/#breadcrumb\",\"itemListElement\":[{\"@type\":\"ListItem\",\"position\":1,\"name\":\"In\u00edcio\",\"item\":\"https:\/\/www.oarcanjo.net\/site\/\"},{\"@type\":\"ListItem\",\"position\":2,\"name\":\"Santo Odilo\"}]},{\"@type\":\"WebSite\",\"@id\":\"https:\/\/www.oarcanjo.net\/site\/#website\",\"url\":\"https:\/\/www.oarcanjo.net\/site\/\",\"name\":\"O Arcanjo no ar\",\"description\":\"Site da Par\u00f3quia S\u00e3o Miguel Arcanjo (Arquidiocese de SP)\",\"publisher\":{\"@id\":\"https:\/\/www.oarcanjo.net\/site\/#organization\"},\"potentialAction\":[{\"@type\":\"SearchAction\",\"target\":{\"@type\":\"EntryPoint\",\"urlTemplate\":\"https:\/\/www.oarcanjo.net\/site\/?s={search_term_string}\"},\"query-input\":{\"@type\":\"PropertyValueSpecification\",\"valueRequired\":true,\"valueName\":\"search_term_string\"}}],\"inLanguage\":\"pt-BR\"},{\"@type\":\"Organization\",\"@id\":\"https:\/\/www.oarcanjo.net\/site\/#organization\",\"name\":\"Par\u00f3quia S\u00e3o Miguel Arcanjo\",\"url\":\"https:\/\/www.oarcanjo.net\/site\/\",\"logo\":{\"@type\":\"ImageObject\",\"inLanguage\":\"pt-BR\",\"@id\":\"https:\/\/www.oarcanjo.net\/site\/#\/schema\/logo\/image\/\",\"url\":\"https:\/\/www.oarcanjo.net\/site\/wp-content\/uploads\/LogoOArcanjo.png\",\"contentUrl\":\"https:\/\/www.oarcanjo.net\/site\/wp-content\/uploads\/LogoOArcanjo.png\",\"width\":319,\"height\":99,\"caption\":\"Par\u00f3quia S\u00e3o Miguel Arcanjo\"},\"image\":{\"@id\":\"https:\/\/www.oarcanjo.net\/site\/#\/schema\/logo\/image\/\"},\"sameAs\":[\"https:\/\/www.facebook.com\/OArcanjoNoAr\/\"]},{\"@type\":\"Person\",\"@id\":\"https:\/\/www.oarcanjo.net\/site\/#\/schema\/person\/5eb9480bedd2f3c97e430ce128c29c6c\",\"name\":\"danilo\"}]}<\/script>\n<!-- \/ Yoast SEO plugin. -->","yoast_head_json":{"title":"Santo Odilo - O Arcanjo no ar","robots":{"index":"index","follow":"follow","max-snippet":"max-snippet:-1","max-image-preview":"max-image-preview:large","max-video-preview":"max-video-preview:-1"},"canonical":"https:\/\/www.oarcanjo.net\/site\/santo-odilo\/","og_locale":"pt_BR","og_type":"article","og_title":"Santo Odilo - O Arcanjo no ar","og_description":"19 de Janeiro Odilo nasceu em 962, na cidade francesa de Auvergne. Seu pai era Beraldo, da nobre fam\u00edlia Mercoeur e sua m\u00e3e Gerberga. Narra a tradi\u00e7\u00e3o, que a sua vida espiritual come\u00e7ou na inf\u00e2ncia, aos quatro anos de idade. Era portador de uma defici\u00eancia nas pernas que o impedia de andar. Certa vez, sua [&hellip;]","og_url":"https:\/\/www.oarcanjo.net\/site\/santo-odilo\/","og_site_name":"O Arcanjo no ar","article_publisher":"https:\/\/www.facebook.com\/OArcanjoNoAr\/","article_published_time":"2017-01-19T02:29:37+00:00","article_modified_time":"2016-12-27T08:24:12+00:00","og_image":[{"url":"http:\/\/4.bp.blogspot.com\/_z-c0Sh5Zlrs\/SHVWAjO6prI\/AAAAAAAAAfY\/7wbpr2FloHw\/s400\/Santo+Odilo.jpg"}],"author":"danilo","twitter_card":"summary_large_image","twitter_misc":{"Escrito por":"danilo","Est. tempo de leitura":"3 minutos"},"schema":{"@context":"https:\/\/schema.org","@graph":[{"@type":"Article","@id":"https:\/\/www.oarcanjo.net\/site\/santo-odilo\/#article","isPartOf":{"@id":"https:\/\/www.oarcanjo.net\/site\/santo-odilo\/"},"author":{"name":"danilo","@id":"https:\/\/www.oarcanjo.net\/site\/#\/schema\/person\/5eb9480bedd2f3c97e430ce128c29c6c"},"headline":"Santo Odilo","datePublished":"2017-01-19T02:29:37+00:00","dateModified":"2016-12-27T08:24:12+00:00","mainEntityOfPage":{"@id":"https:\/\/www.oarcanjo.net\/site\/santo-odilo\/"},"wordCount":566,"commentCount":0,"publisher":{"@id":"https:\/\/www.oarcanjo.net\/site\/#organization"},"image":{"@id":"https:\/\/www.oarcanjo.net\/site\/santo-odilo\/#primaryimage"},"thumbnailUrl":"http:\/\/4.bp.blogspot.com\/_z-c0Sh5Zlrs\/SHVWAjO6prI\/AAAAAAAAAfY\/7wbpr2FloHw\/s400\/Santo+Odilo.jpg","articleSection":["Testemunhos"],"inLanguage":"pt-BR","potentialAction":[{"@type":"CommentAction","name":"Comment","target":["https:\/\/www.oarcanjo.net\/site\/santo-odilo\/#respond"]}]},{"@type":"WebPage","@id":"https:\/\/www.oarcanjo.net\/site\/santo-odilo\/","url":"https:\/\/www.oarcanjo.net\/site\/santo-odilo\/","name":"Santo Odilo - O Arcanjo no ar","isPartOf":{"@id":"https:\/\/www.oarcanjo.net\/site\/#website"},"primaryImageOfPage":{"@id":"https:\/\/www.oarcanjo.net\/site\/santo-odilo\/#primaryimage"},"image":{"@id":"https:\/\/www.oarcanjo.net\/site\/santo-odilo\/#primaryimage"},"thumbnailUrl":"http:\/\/4.bp.blogspot.com\/_z-c0Sh5Zlrs\/SHVWAjO6prI\/AAAAAAAAAfY\/7wbpr2FloHw\/s400\/Santo+Odilo.jpg","datePublished":"2017-01-19T02:29:37+00:00","dateModified":"2016-12-27T08:24:12+00:00","breadcrumb":{"@id":"https:\/\/www.oarcanjo.net\/site\/santo-odilo\/#breadcrumb"},"inLanguage":"pt-BR","potentialAction":[{"@type":"ReadAction","target":["https:\/\/www.oarcanjo.net\/site\/santo-odilo\/"]}]},{"@type":"ImageObject","inLanguage":"pt-BR","@id":"https:\/\/www.oarcanjo.net\/site\/santo-odilo\/#primaryimage","url":"http:\/\/4.bp.blogspot.com\/_z-c0Sh5Zlrs\/SHVWAjO6prI\/AAAAAAAAAfY\/7wbpr2FloHw\/s400\/Santo+Odilo.jpg","contentUrl":"http:\/\/4.bp.blogspot.com\/_z-c0Sh5Zlrs\/SHVWAjO6prI\/AAAAAAAAAfY\/7wbpr2FloHw\/s400\/Santo+Odilo.jpg"},{"@type":"BreadcrumbList","@id":"https:\/\/www.oarcanjo.net\/site\/santo-odilo\/#breadcrumb","itemListElement":[{"@type":"ListItem","position":1,"name":"In\u00edcio","item":"https:\/\/www.oarcanjo.net\/site\/"},{"@type":"ListItem","position":2,"name":"Santo Odilo"}]},{"@type":"WebSite","@id":"https:\/\/www.oarcanjo.net\/site\/#website","url":"https:\/\/www.oarcanjo.net\/site\/","name":"O Arcanjo no ar","description":"Site da Par\u00f3quia S\u00e3o Miguel Arcanjo (Arquidiocese de SP)","publisher":{"@id":"https:\/\/www.oarcanjo.net\/site\/#organization"},"potentialAction":[{"@type":"SearchAction","target":{"@type":"EntryPoint","urlTemplate":"https:\/\/www.oarcanjo.net\/site\/?s={search_term_string}"},"query-input":{"@type":"PropertyValueSpecification","valueRequired":true,"valueName":"search_term_string"}}],"inLanguage":"pt-BR"},{"@type":"Organization","@id":"https:\/\/www.oarcanjo.net\/site\/#organization","name":"Par\u00f3quia S\u00e3o Miguel Arcanjo","url":"https:\/\/www.oarcanjo.net\/site\/","logo":{"@type":"ImageObject","inLanguage":"pt-BR","@id":"https:\/\/www.oarcanjo.net\/site\/#\/schema\/logo\/image\/","url":"https:\/\/www.oarcanjo.net\/site\/wp-content\/uploads\/LogoOArcanjo.png","contentUrl":"https:\/\/www.oarcanjo.net\/site\/wp-content\/uploads\/LogoOArcanjo.png","width":319,"height":99,"caption":"Par\u00f3quia S\u00e3o Miguel Arcanjo"},"image":{"@id":"https:\/\/www.oarcanjo.net\/site\/#\/schema\/logo\/image\/"},"sameAs":["https:\/\/www.facebook.com\/OArcanjoNoAr\/"]},{"@type":"Person","@id":"https:\/\/www.oarcanjo.net\/site\/#\/schema\/person\/5eb9480bedd2f3c97e430ce128c29c6c","name":"danilo"}]}},"publishpress_future_action":{"enabled":false,"date":"2026-05-08 06:34:46","action":"category","newStatus":"draft","terms":[],"taxonomy":"category"},"publishpress_future_workflow_manual_trigger":{"enabledWorkflows":[]},"_links":{"self":[{"href":"https:\/\/www.oarcanjo.net\/site\/wp-json\/wp\/v2\/posts\/7381"}],"collection":[{"href":"https:\/\/www.oarcanjo.net\/site\/wp-json\/wp\/v2\/posts"}],"about":[{"href":"https:\/\/www.oarcanjo.net\/site\/wp-json\/wp\/v2\/types\/post"}],"author":[{"embeddable":true,"href":"https:\/\/www.oarcanjo.net\/site\/wp-json\/wp\/v2\/users\/14"}],"replies":[{"embeddable":true,"href":"https:\/\/www.oarcanjo.net\/site\/wp-json\/wp\/v2\/comments?post=7381"}],"version-history":[{"count":0,"href":"https:\/\/www.oarcanjo.net\/site\/wp-json\/wp\/v2\/posts\/7381\/revisions"}],"wp:attachment":[{"href":"https:\/\/www.oarcanjo.net\/site\/wp-json\/wp\/v2\/media?parent=7381"}],"wp:term":[{"taxonomy":"category","embeddable":true,"href":"https:\/\/www.oarcanjo.net\/site\/wp-json\/wp\/v2\/categories?post=7381"},{"taxonomy":"post_tag","embeddable":true,"href":"https:\/\/www.oarcanjo.net\/site\/wp-json\/wp\/v2\/tags?post=7381"}],"curies":[{"name":"wp","href":"https:\/\/api.w.org\/{rel}","templated":true}]}}