
{"id":73825,"date":"2016-06-13T10:38:34","date_gmt":"2016-06-13T13:38:34","guid":{"rendered":"http:\/\/www.oarcanjo.net\/site\/?p=73825"},"modified":"2016-06-13T10:38:34","modified_gmt":"2016-06-13T13:38:34","slug":"arquidiocese-de-sao-paulo-lamenta-morte-de-moradores-de-rua","status":"publish","type":"post","link":"https:\/\/www.oarcanjo.net\/site\/arquidiocese-de-sao-paulo-lamenta-morte-de-moradores-de-rua\/","title":{"rendered":"Arquidiocese de S\u00e3o Paulo lamenta morte de moradores de rua"},"content":{"rendered":"<p><em>Em nota conjunta com o Vig\u00e1rio Episcopal para o Povo da Rua da Arquidiocese, padre Julio Lancellotti, o cardeal Dom Odilo Scherer, Arcebispo de S\u00e3o Paulo, emite nota em que exprime &#8220;preocupa\u00e7\u00e3o e tristeza&#8221; pelas mortes. Leia a \u00edntegra:<\/em><\/p>\n<p>A Arquidiocese de S\u00e3o Paulo expressa profunda tristeza e preocupa\u00e7\u00e3o pelos quatro moradores de rua, que morreram nas noites da semana em que a cidade de S\u00e3o<br \/>\nPaulo enfrentou uma forte onda de frio: Jo\u00e3o Carlos Rodrigues, de 55 anos, foi encontrado perto da esta\u00e7\u00e3o Bel\u00e9m do metr\u00f4; Adilson Justino, na Avenida Paulista;<br \/>\noutras duas pessoas ainda n\u00e3o identificadas, na \u00e1rea do bairro de Santana. Tudo leva a crer que a causa pr\u00f3xima da morte deles foi o frio.<\/p>\n<p>Neste Ano Santo extraordin\u00e1rio da Miseric\u00f3rdia, que a Igreja Cat\u00f3lica celebra, recomendamos a todas as par\u00f3quias, comunidades e institui\u00e7\u00f5es religiosas da Cidade a<br \/>\npr\u00e1tica de obras concretas de miseric\u00f3rdia, como: acolher, alimentar, abrigar, aquecer, visitar, assistir, confortar os irm\u00e3os e irm\u00e3s que vivem nas ruas desta Metr\u00f3pole. E que<br \/>\nse multipliquem as iniciativas de solidariedade e o apoio \u00e0s obras sociais dedicadas ao cuidado dos pobres.<\/p>\n<p>Aos Poderes P\u00fablicos apelamos a que se realizem a\u00e7\u00f5es emergenciais de socorro aos moradores de rua durante os dias frios e se promovam pol\u00edticas est\u00e1veis e<br \/>\npermanentes para assegurar a dignidade dessas pessoas.<\/p>\n<p>O \u201cproblema dos pobres\u201d desafia toda a cidade de S\u00e3o Paulo a se mostrar acolhedora e sens\u00edvel diante das necessidades do pr\u00f3ximo. Mais do que seu patrim\u00f4nio<br \/>\ne riqueza material, vale cada ser humano, que nela habita e precisa ser acolhido e amparado. A maior riqueza da cidade s\u00e3o as pessoas sens\u00edveis e solid\u00e1rias diante dos<br \/>\nsofrimentos do pr\u00f3ximo. Elas humanizam a vida da cidade.<\/p>\n<p>Lembremos sempre as palavras de Jesus: tudo o que fizestes ao menor dos meus irm\u00e3os, foi a mim que o fizestes (cf Mt 25,40). Isso mesmo tamb\u00e9m ensina a sabedoria<br \/>\npopular: \u201co que se d\u00e1 ao pobre, empresta-se a Deus\u201d.<\/p>\n<p>S\u00e3o Paulo, 12 de junho de 2016<\/p>\n<p>Pe. J\u00falio Renato Lancelloti<br \/>\nVig\u00e1rio para a Popula\u00e7\u00e3o de Rua<\/p>\n<p>Cardeal Dom Odilo P.Scherer<br \/>\nArcebispo de S\u00e3o Paulo<\/p>\n<div id=\"themify_builder_content-73825\" data-postid=\"73825\" class=\"themify_builder_content themify_builder_content-73825 themify_builder themify_builder_front\">\n\t<\/div>\n<!-- \/themify_builder_content -->","protected":false},"excerpt":{"rendered":"<p>Dom Odilo lan\u00e7a nota conjunta com o Pe. Julio, Vig\u00e1rio para o Povo da Rua<\/p>\n","protected":false},"author":5,"featured_media":0,"comment_status":"open","ping_status":"open","sticky":false,"template":"","format":"standard","meta":{"ngg_post_thumbnail":0,"footnotes":""},"categories":[8],"tags":[],"yoast_head":"<!-- This site is optimized with the Yoast SEO plugin v23.5 - https:\/\/yoast.com\/wordpress\/plugins\/seo\/ -->\n<title>Arquidiocese de S\u00e3o Paulo lamenta morte de moradores de rua - O Arcanjo no ar<\/title>\n<meta name=\"robots\" content=\"index, follow, max-snippet:-1, max-image-preview:large, max-video-preview:-1\" \/>\n<link rel=\"canonical\" href=\"https:\/\/www.oarcanjo.net\/site\/arquidiocese-de-sao-paulo-lamenta-morte-de-moradores-de-rua\/\" \/>\n<meta property=\"og:locale\" content=\"pt_BR\" \/>\n<meta property=\"og:type\" content=\"article\" \/>\n<meta property=\"og:title\" content=\"Arquidiocese de S\u00e3o Paulo lamenta morte de moradores de rua - O Arcanjo no ar\" \/>\n<meta property=\"og:description\" content=\"Dom Odilo lan\u00e7a nota conjunta com o Pe. Julio, Vig\u00e1rio para o Povo da Rua\" \/>\n<meta property=\"og:url\" content=\"https:\/\/www.oarcanjo.net\/site\/arquidiocese-de-sao-paulo-lamenta-morte-de-moradores-de-rua\/\" \/>\n<meta property=\"og:site_name\" content=\"O Arcanjo no ar\" \/>\n<meta property=\"article:publisher\" content=\"https:\/\/www.facebook.com\/OArcanjoNoAr\/\" \/>\n<meta property=\"article:published_time\" content=\"2016-06-13T13:38:34+00:00\" \/>\n<meta property=\"og:image\" content=\"https:\/\/www.oarcanjo.net\/site\/wp-content\/uploads\/logo-o-arcanjo-no-ar-facebook.png\" \/>\n\t<meta property=\"og:image:width\" content=\"300\" \/>\n\t<meta property=\"og:image:height\" content=\"300\" \/>\n\t<meta property=\"og:image:type\" content=\"image\/png\" \/>\n<meta name=\"author\" content=\"editor\" \/>\n<meta name=\"twitter:card\" content=\"summary_large_image\" \/>\n<meta name=\"twitter:label1\" content=\"Escrito por\" \/>\n\t<meta name=\"twitter:data1\" content=\"editor\" \/>\n\t<meta name=\"twitter:label2\" content=\"Est. tempo de leitura\" \/>\n\t<meta name=\"twitter:data2\" content=\"2 minutos\" \/>\n<script type=\"application\/ld+json\" class=\"yoast-schema-graph\">{\"@context\":\"https:\/\/schema.org\",\"@graph\":[{\"@type\":\"Article\",\"@id\":\"https:\/\/www.oarcanjo.net\/site\/arquidiocese-de-sao-paulo-lamenta-morte-de-moradores-de-rua\/#article\",\"isPartOf\":{\"@id\":\"https:\/\/www.oarcanjo.net\/site\/arquidiocese-de-sao-paulo-lamenta-morte-de-moradores-de-rua\/\"},\"author\":{\"name\":\"editor\",\"@id\":\"https:\/\/www.oarcanjo.net\/site\/#\/schema\/person\/f7024d007863202483a31326673a0838\"},\"headline\":\"Arquidiocese de S\u00e3o Paulo lamenta morte de moradores de rua\",\"datePublished\":\"2016-06-13T13:38:34+00:00\",\"dateModified\":\"2016-06-13T13:38:34+00:00\",\"mainEntityOfPage\":{\"@id\":\"https:\/\/www.oarcanjo.net\/site\/arquidiocese-de-sao-paulo-lamenta-morte-de-moradores-de-rua\/\"},\"wordCount\":395,\"commentCount\":1,\"publisher\":{\"@id\":\"https:\/\/www.oarcanjo.net\/site\/#organization\"},\"articleSection\":[\"Not\u00edcias\"],\"inLanguage\":\"pt-BR\",\"potentialAction\":[{\"@type\":\"CommentAction\",\"name\":\"Comment\",\"target\":[\"https:\/\/www.oarcanjo.net\/site\/arquidiocese-de-sao-paulo-lamenta-morte-de-moradores-de-rua\/#respond\"]}]},{\"@type\":\"WebPage\",\"@id\":\"https:\/\/www.oarcanjo.net\/site\/arquidiocese-de-sao-paulo-lamenta-morte-de-moradores-de-rua\/\",\"url\":\"https:\/\/www.oarcanjo.net\/site\/arquidiocese-de-sao-paulo-lamenta-morte-de-moradores-de-rua\/\",\"name\":\"Arquidiocese de S\u00e3o Paulo lamenta morte de moradores de rua - O Arcanjo no ar\",\"isPartOf\":{\"@id\":\"https:\/\/www.oarcanjo.net\/site\/#website\"},\"datePublished\":\"2016-06-13T13:38:34+00:00\",\"dateModified\":\"2016-06-13T13:38:34+00:00\",\"breadcrumb\":{\"@id\":\"https:\/\/www.oarcanjo.net\/site\/arquidiocese-de-sao-paulo-lamenta-morte-de-moradores-de-rua\/#breadcrumb\"},\"inLanguage\":\"pt-BR\",\"potentialAction\":[{\"@type\":\"ReadAction\",\"target\":[\"https:\/\/www.oarcanjo.net\/site\/arquidiocese-de-sao-paulo-lamenta-morte-de-moradores-de-rua\/\"]}]},{\"@type\":\"BreadcrumbList\",\"@id\":\"https:\/\/www.oarcanjo.net\/site\/arquidiocese-de-sao-paulo-lamenta-morte-de-moradores-de-rua\/#breadcrumb\",\"itemListElement\":[{\"@type\":\"ListItem\",\"position\":1,\"name\":\"In\u00edcio\",\"item\":\"https:\/\/www.oarcanjo.net\/site\/\"},{\"@type\":\"ListItem\",\"position\":2,\"name\":\"Arquidiocese de S\u00e3o Paulo lamenta morte de moradores de rua\"}]},{\"@type\":\"WebSite\",\"@id\":\"https:\/\/www.oarcanjo.net\/site\/#website\",\"url\":\"https:\/\/www.oarcanjo.net\/site\/\",\"name\":\"O Arcanjo no ar\",\"description\":\"Site da Par\u00f3quia S\u00e3o Miguel Arcanjo (Arquidiocese de SP)\",\"publisher\":{\"@id\":\"https:\/\/www.oarcanjo.net\/site\/#organization\"},\"potentialAction\":[{\"@type\":\"SearchAction\",\"target\":{\"@type\":\"EntryPoint\",\"urlTemplate\":\"https:\/\/www.oarcanjo.net\/site\/?s={search_term_string}\"},\"query-input\":{\"@type\":\"PropertyValueSpecification\",\"valueRequired\":true,\"valueName\":\"search_term_string\"}}],\"inLanguage\":\"pt-BR\"},{\"@type\":\"Organization\",\"@id\":\"https:\/\/www.oarcanjo.net\/site\/#organization\",\"name\":\"Par\u00f3quia S\u00e3o Miguel Arcanjo\",\"url\":\"https:\/\/www.oarcanjo.net\/site\/\",\"logo\":{\"@type\":\"ImageObject\",\"inLanguage\":\"pt-BR\",\"@id\":\"https:\/\/www.oarcanjo.net\/site\/#\/schema\/logo\/image\/\",\"url\":\"https:\/\/www.oarcanjo.net\/site\/wp-content\/uploads\/LogoOArcanjo.png\",\"contentUrl\":\"https:\/\/www.oarcanjo.net\/site\/wp-content\/uploads\/LogoOArcanjo.png\",\"width\":319,\"height\":99,\"caption\":\"Par\u00f3quia S\u00e3o Miguel Arcanjo\"},\"image\":{\"@id\":\"https:\/\/www.oarcanjo.net\/site\/#\/schema\/logo\/image\/\"},\"sameAs\":[\"https:\/\/www.facebook.com\/OArcanjoNoAr\/\"]},{\"@type\":\"Person\",\"@id\":\"https:\/\/www.oarcanjo.net\/site\/#\/schema\/person\/f7024d007863202483a31326673a0838\",\"name\":\"editor\",\"sameAs\":[\"http:\/\/www.oarcanjo.net\"]}]}<\/script>\n<!-- \/ Yoast SEO plugin. -->","yoast_head_json":{"title":"Arquidiocese de S\u00e3o Paulo lamenta morte de moradores de rua - O Arcanjo no ar","robots":{"index":"index","follow":"follow","max-snippet":"max-snippet:-1","max-image-preview":"max-image-preview:large","max-video-preview":"max-video-preview:-1"},"canonical":"https:\/\/www.oarcanjo.net\/site\/arquidiocese-de-sao-paulo-lamenta-morte-de-moradores-de-rua\/","og_locale":"pt_BR","og_type":"article","og_title":"Arquidiocese de S\u00e3o Paulo lamenta morte de moradores de rua - O Arcanjo no ar","og_description":"Dom Odilo lan\u00e7a nota conjunta com o Pe. Julio, Vig\u00e1rio para o Povo da Rua","og_url":"https:\/\/www.oarcanjo.net\/site\/arquidiocese-de-sao-paulo-lamenta-morte-de-moradores-de-rua\/","og_site_name":"O Arcanjo no ar","article_publisher":"https:\/\/www.facebook.com\/OArcanjoNoAr\/","article_published_time":"2016-06-13T13:38:34+00:00","og_image":[{"width":300,"height":300,"url":"https:\/\/www.oarcanjo.net\/site\/wp-content\/uploads\/logo-o-arcanjo-no-ar-facebook.png","type":"image\/png"}],"author":"editor","twitter_card":"summary_large_image","twitter_misc":{"Escrito por":"editor","Est. tempo de leitura":"2 minutos"},"schema":{"@context":"https:\/\/schema.org","@graph":[{"@type":"Article","@id":"https:\/\/www.oarcanjo.net\/site\/arquidiocese-de-sao-paulo-lamenta-morte-de-moradores-de-rua\/#article","isPartOf":{"@id":"https:\/\/www.oarcanjo.net\/site\/arquidiocese-de-sao-paulo-lamenta-morte-de-moradores-de-rua\/"},"author":{"name":"editor","@id":"https:\/\/www.oarcanjo.net\/site\/#\/schema\/person\/f7024d007863202483a31326673a0838"},"headline":"Arquidiocese de S\u00e3o Paulo lamenta morte de moradores de rua","datePublished":"2016-06-13T13:38:34+00:00","dateModified":"2016-06-13T13:38:34+00:00","mainEntityOfPage":{"@id":"https:\/\/www.oarcanjo.net\/site\/arquidiocese-de-sao-paulo-lamenta-morte-de-moradores-de-rua\/"},"wordCount":395,"commentCount":1,"publisher":{"@id":"https:\/\/www.oarcanjo.net\/site\/#organization"},"articleSection":["Not\u00edcias"],"inLanguage":"pt-BR","potentialAction":[{"@type":"CommentAction","name":"Comment","target":["https:\/\/www.oarcanjo.net\/site\/arquidiocese-de-sao-paulo-lamenta-morte-de-moradores-de-rua\/#respond"]}]},{"@type":"WebPage","@id":"https:\/\/www.oarcanjo.net\/site\/arquidiocese-de-sao-paulo-lamenta-morte-de-moradores-de-rua\/","url":"https:\/\/www.oarcanjo.net\/site\/arquidiocese-de-sao-paulo-lamenta-morte-de-moradores-de-rua\/","name":"Arquidiocese de S\u00e3o Paulo lamenta morte de moradores de rua - O Arcanjo no ar","isPartOf":{"@id":"https:\/\/www.oarcanjo.net\/site\/#website"},"datePublished":"2016-06-13T13:38:34+00:00","dateModified":"2016-06-13T13:38:34+00:00","breadcrumb":{"@id":"https:\/\/www.oarcanjo.net\/site\/arquidiocese-de-sao-paulo-lamenta-morte-de-moradores-de-rua\/#breadcrumb"},"inLanguage":"pt-BR","potentialAction":[{"@type":"ReadAction","target":["https:\/\/www.oarcanjo.net\/site\/arquidiocese-de-sao-paulo-lamenta-morte-de-moradores-de-rua\/"]}]},{"@type":"BreadcrumbList","@id":"https:\/\/www.oarcanjo.net\/site\/arquidiocese-de-sao-paulo-lamenta-morte-de-moradores-de-rua\/#breadcrumb","itemListElement":[{"@type":"ListItem","position":1,"name":"In\u00edcio","item":"https:\/\/www.oarcanjo.net\/site\/"},{"@type":"ListItem","position":2,"name":"Arquidiocese de S\u00e3o Paulo lamenta morte de moradores de rua"}]},{"@type":"WebSite","@id":"https:\/\/www.oarcanjo.net\/site\/#website","url":"https:\/\/www.oarcanjo.net\/site\/","name":"O Arcanjo no ar","description":"Site da Par\u00f3quia S\u00e3o Miguel Arcanjo (Arquidiocese de SP)","publisher":{"@id":"https:\/\/www.oarcanjo.net\/site\/#organization"},"potentialAction":[{"@type":"SearchAction","target":{"@type":"EntryPoint","urlTemplate":"https:\/\/www.oarcanjo.net\/site\/?s={search_term_string}"},"query-input":{"@type":"PropertyValueSpecification","valueRequired":true,"valueName":"search_term_string"}}],"inLanguage":"pt-BR"},{"@type":"Organization","@id":"https:\/\/www.oarcanjo.net\/site\/#organization","name":"Par\u00f3quia S\u00e3o Miguel Arcanjo","url":"https:\/\/www.oarcanjo.net\/site\/","logo":{"@type":"ImageObject","inLanguage":"pt-BR","@id":"https:\/\/www.oarcanjo.net\/site\/#\/schema\/logo\/image\/","url":"https:\/\/www.oarcanjo.net\/site\/wp-content\/uploads\/LogoOArcanjo.png","contentUrl":"https:\/\/www.oarcanjo.net\/site\/wp-content\/uploads\/LogoOArcanjo.png","width":319,"height":99,"caption":"Par\u00f3quia S\u00e3o Miguel Arcanjo"},"image":{"@id":"https:\/\/www.oarcanjo.net\/site\/#\/schema\/logo\/image\/"},"sameAs":["https:\/\/www.facebook.com\/OArcanjoNoAr\/"]},{"@type":"Person","@id":"https:\/\/www.oarcanjo.net\/site\/#\/schema\/person\/f7024d007863202483a31326673a0838","name":"editor","sameAs":["http:\/\/www.oarcanjo.net"]}]}},"publishpress_future_action":{"enabled":false,"date":"2026-05-08 23:36:46","action":"category","newStatus":"draft","terms":[],"taxonomy":"category"},"publishpress_future_workflow_manual_trigger":{"enabledWorkflows":[]},"_links":{"self":[{"href":"https:\/\/www.oarcanjo.net\/site\/wp-json\/wp\/v2\/posts\/73825"}],"collection":[{"href":"https:\/\/www.oarcanjo.net\/site\/wp-json\/wp\/v2\/posts"}],"about":[{"href":"https:\/\/www.oarcanjo.net\/site\/wp-json\/wp\/v2\/types\/post"}],"author":[{"embeddable":true,"href":"https:\/\/www.oarcanjo.net\/site\/wp-json\/wp\/v2\/users\/5"}],"replies":[{"embeddable":true,"href":"https:\/\/www.oarcanjo.net\/site\/wp-json\/wp\/v2\/comments?post=73825"}],"version-history":[{"count":0,"href":"https:\/\/www.oarcanjo.net\/site\/wp-json\/wp\/v2\/posts\/73825\/revisions"}],"wp:attachment":[{"href":"https:\/\/www.oarcanjo.net\/site\/wp-json\/wp\/v2\/media?parent=73825"}],"wp:term":[{"taxonomy":"category","embeddable":true,"href":"https:\/\/www.oarcanjo.net\/site\/wp-json\/wp\/v2\/categories?post=73825"},{"taxonomy":"post_tag","embeddable":true,"href":"https:\/\/www.oarcanjo.net\/site\/wp-json\/wp\/v2\/tags?post=73825"}],"curies":[{"name":"wp","href":"https:\/\/api.w.org\/{rel}","templated":true}]}}