
{"id":73829,"date":"2016-06-13T19:56:09","date_gmt":"2016-06-13T22:56:09","guid":{"rendered":"http:\/\/www.oarcanjo.net\/site\/?p=73829"},"modified":"2016-06-13T19:56:09","modified_gmt":"2016-06-13T22:56:09","slug":"a-tragedia-do-feminicidio","status":"publish","type":"post","link":"https:\/\/www.oarcanjo.net\/site\/a-tragedia-do-feminicidio\/","title":{"rendered":"A trag\u00e9dia do feminic\u00eddio"},"content":{"rendered":"<p style=\"text-align: justify;\"><em>Pe. Alfredo J. Gon\u00e7alves, cs\u00a0<\/em><\/p>\n<p style=\"text-align: justify;\">A emerg\u00eancia e o uso da palavra \u2013 <em>feminic\u00eddio<\/em> \u2013 constitui um sinal dos tempos em que vivemos. N\u00e3o se trata apenas de machismo, um conceito, ao qual nos referimos em voz baixa, como se fosse coisa do passado. Fazemos o mesmo, ali\u00e1s, com o racismo e outros estigmas do g\u00eanero. Navegamos \u00e0 superf\u00edcie das \u00e1guas nos acontecimentos do dia-a- dia, com medo de mergulhar o toque e o olhar, as d\u00favidas e as perguntas, as inquieta\u00e7\u00f5es e consequ\u00eancias nas correntes mais profundas do tecido social. Ali, nos repele e assusta um mundo selvagem e desconhecido.<\/p>\n<p style=\"text-align: justify;\">O machismo, como sabemos, est\u00e1 forte e graniticamente ancorado na sociedade patriarcal desde os tempos antigos e medievais. Um res\u00edduo de um comportamento desequilibrado e, no fundo, duvidoso e temeroso da virilidade do homem-macho. Grita-se e levanta-se o punho para espantar o medo, a fraqueza, e a debilidade ocultas. O grito, neste caso, \u00e9 sinal da falta de raz\u00e3o. O machismo representa a nega\u00e7\u00e3o do pr\u00f3prio conceito de homem, como companheiro e parceiro da mulher. O pior \u00e9 que, nesse \u201cjogo de for\u00e7as\u201d, a viol\u00eancia sobretudo dom\u00e9stica costuma abater-se sobre as pessoas que nos s\u00e3o mais vizinhas, vitimando em particular mulheres e crian\u00e7as.<\/p>\n<p style=\"text-align: justify;\">Dois exemplos nos bastam. Na It\u00e1lia, desde o in\u00edcio de 2016, cerca de 50 mulheres (namoradas, noivas, esposas, parceiras ou \u201cex\u201d) foram assassinadas por seus companheiros de vida. N\u00e3o raro o s\u00e3o de forma cega e b\u00e1rbara, onde a viol\u00eancia gratuita adquire uma face extremamente feroz, brutal e sombria. No Brasil, recentemente, o tema do estupro ocupou espa\u00e7o privilegiado nos principais notici\u00e1rios, com uma s\u00e9rie de manifesta\u00e7\u00f5es em favor das mulheres. O que assusta \u00e9 que o in\u00edcio de uma rela\u00e7\u00e3o, por mais passageira que seja, parece dar ao homem o direito de posse sobre a mulher, condenando esta \u00faltima a uma submiss\u00e3o absoluta. A tal ponto que a companheira se v\u00ea numa gaiola sem sa\u00edda, trancada pelo parceiro dentro de casa, como na famigerada lenda do jo\u00e3o-de-barro. Vem \u00e0 tona o velho humor sombrio: \u201cse ficar o bicho come, se correr o bicho pega\u201d.<\/p>\n<p style=\"text-align: justify;\">Duas observa\u00e7\u00f5es e um desafio se imp\u00f5em com urg\u00eancia. A primeira observa\u00e7\u00e3o tem a ver com a <em>banaliza\u00e7\u00e3o do amor<\/em>. Em lugar de buscar uma companheira para construir juntos um projeto de vida, muitas vezes o que est\u00e1 em jogo \u00e9 uma esp\u00e9cie de <em>experimento<\/em>, tantas vezes de car\u00e1ter superficial e provis\u00f3rio, o qual pode ter in\u00edcio (ou n\u00e3o) atrav\u00e9s das redes sociais. Disso resulta n\u00e3o raro o uso e abuso da pessoa \u201camada\u201d, seguido de um descarte puro e simples, quando \u201co relacionamento n\u00e3o me interessa mais\u201d. No meio do caminho, entretanto, o processo de aproxima\u00e7\u00e3o pode assumir uma dimens\u00e3o pegajosa e doentia, tortuosa e m\u00f3rbida \u2013 de uma possess\u00e3o patol\u00f3gica. Neste caso, n\u00e3o estamos longe da trag\u00e9dia, onde a v\u00edtima na grande maioria dos casos ser\u00e1 a mulher. Mas \u00e9 bom n\u00e3o esquecer que o mesmo pode ocorrer com casais de longa sobreviv\u00eancia em comum.<\/p>\n<p style=\"text-align: justify;\">A segunda observa\u00e7\u00e3o se refere \u00e0 <em>banaliza\u00e7\u00e3o da viol\u00eancia<\/em>. O n\u00famero de golpes, os requintes da tortura, as marcas pelo corpo, a queima ou oculta\u00e7\u00e3o do mesmo \u2013 tudo isso faz pensar na regress\u00e3o \u00e0 barb\u00e1rie nas liga\u00e7\u00f5es interpessoais mais \u00edntimas. N\u00e3o tenho a compet\u00eancia nem o espa\u00e7o para me deter sobre a hist\u00f3ria das rela\u00e7\u00f5es amorosas. Mas tudo indica que, ao abrigo das quatro paredes, escondem-se res\u00edduos primordiais, perigosos e animalescos (com todo respeito pelos animais), seja no conv\u00edvio distorcido no interior de tantas fam\u00edlias, seja no encontro eu-tu.<\/p>\n<p style=\"text-align: justify;\">O desafio nos questiona e interpela a todos e todas, mas de forma toda particular os homens. Quem somos? Em que nos estamos tornando? Qual nossa identidade no confronto com a mulher? Ou, pior ainda, o que est\u00e1 emergindo do fundo de nossas entranhas mais ocultas? Enfim, n\u00e3o estaria na hora de governos, igrejas, institui\u00e7\u00f5es, movimentos populares, organiza\u00e7\u00f5es governamentais, entre outros atores, levantarem a voz contra tais crimes hediondos?<\/p>\n<div id=\"themify_builder_content-73829\" data-postid=\"73829\" class=\"themify_builder_content themify_builder_content-73829 themify_builder themify_builder_front\">\n\t<\/div>\n<!-- \/themify_builder_content -->","protected":false},"excerpt":{"rendered":"<p>Pe. Alfredo J. Gon\u00e7alves, cs\u00a0 A emerg\u00eancia e o uso da palavra \u2013 feminic\u00eddio \u2013 constitui um sinal dos tempos em que vivemos. N\u00e3o se trata apenas de machismo, um conceito, ao qual nos referimos em voz baixa, como se fosse coisa do passado. Fazemos o mesmo, ali\u00e1s, com o racismo e outros estigmas do [&hellip;]<\/p>\n","protected":false},"author":15,"featured_media":0,"comment_status":"open","ping_status":"open","sticky":false,"template":"","format":"standard","meta":{"ngg_post_thumbnail":0,"footnotes":""},"categories":[9],"tags":[3253],"yoast_head":"<!-- This site is optimized with the Yoast SEO plugin v23.5 - https:\/\/yoast.com\/wordpress\/plugins\/seo\/ -->\n<title>A trag\u00e9dia do feminic\u00eddio - O Arcanjo no ar<\/title>\n<meta name=\"robots\" content=\"index, follow, max-snippet:-1, max-image-preview:large, max-video-preview:-1\" \/>\n<link rel=\"canonical\" href=\"https:\/\/www.oarcanjo.net\/site\/a-tragedia-do-feminicidio\/\" \/>\n<meta property=\"og:locale\" content=\"pt_BR\" \/>\n<meta property=\"og:type\" content=\"article\" \/>\n<meta property=\"og:title\" content=\"A trag\u00e9dia do feminic\u00eddio - O Arcanjo no ar\" \/>\n<meta property=\"og:description\" content=\"Pe. Alfredo J. Gon\u00e7alves, cs\u00a0 A emerg\u00eancia e o uso da palavra \u2013 feminic\u00eddio \u2013 constitui um sinal dos tempos em que vivemos. N\u00e3o se trata apenas de machismo, um conceito, ao qual nos referimos em voz baixa, como se fosse coisa do passado. Fazemos o mesmo, ali\u00e1s, com o racismo e outros estigmas do [&hellip;]\" \/>\n<meta property=\"og:url\" content=\"https:\/\/www.oarcanjo.net\/site\/a-tragedia-do-feminicidio\/\" \/>\n<meta property=\"og:site_name\" content=\"O Arcanjo no ar\" \/>\n<meta property=\"article:publisher\" content=\"https:\/\/www.facebook.com\/OArcanjoNoAr\/\" \/>\n<meta property=\"article:published_time\" content=\"2016-06-13T22:56:09+00:00\" \/>\n<meta property=\"og:image\" content=\"https:\/\/www.oarcanjo.net\/site\/wp-content\/uploads\/logo-o-arcanjo-no-ar-facebook.png\" \/>\n\t<meta property=\"og:image:width\" content=\"300\" \/>\n\t<meta property=\"og:image:height\" content=\"300\" \/>\n\t<meta property=\"og:image:type\" content=\"image\/png\" \/>\n<meta name=\"author\" content=\"Alexandre Nunes\" \/>\n<meta name=\"twitter:card\" content=\"summary_large_image\" \/>\n<meta name=\"twitter:label1\" content=\"Escrito por\" \/>\n\t<meta name=\"twitter:data1\" content=\"Alexandre Nunes\" \/>\n\t<meta name=\"twitter:label2\" content=\"Est. tempo de leitura\" \/>\n\t<meta name=\"twitter:data2\" content=\"4 minutos\" \/>\n<script type=\"application\/ld+json\" class=\"yoast-schema-graph\">{\"@context\":\"https:\/\/schema.org\",\"@graph\":[{\"@type\":\"Article\",\"@id\":\"https:\/\/www.oarcanjo.net\/site\/a-tragedia-do-feminicidio\/#article\",\"isPartOf\":{\"@id\":\"https:\/\/www.oarcanjo.net\/site\/a-tragedia-do-feminicidio\/\"},\"author\":{\"name\":\"Alexandre Nunes\",\"@id\":\"https:\/\/www.oarcanjo.net\/site\/#\/schema\/person\/0a2ae077c1a09b69d29928e3b9f1c0d1\"},\"headline\":\"A trag\u00e9dia do feminic\u00eddio\",\"datePublished\":\"2016-06-13T22:56:09+00:00\",\"dateModified\":\"2016-06-13T22:56:09+00:00\",\"mainEntityOfPage\":{\"@id\":\"https:\/\/www.oarcanjo.net\/site\/a-tragedia-do-feminicidio\/\"},\"wordCount\":722,\"commentCount\":0,\"publisher\":{\"@id\":\"https:\/\/www.oarcanjo.net\/site\/#organization\"},\"keywords\":[\"feminic\u00eddio\"],\"articleSection\":[\"Reflex\u00f5es\"],\"inLanguage\":\"pt-BR\",\"potentialAction\":[{\"@type\":\"CommentAction\",\"name\":\"Comment\",\"target\":[\"https:\/\/www.oarcanjo.net\/site\/a-tragedia-do-feminicidio\/#respond\"]}]},{\"@type\":\"WebPage\",\"@id\":\"https:\/\/www.oarcanjo.net\/site\/a-tragedia-do-feminicidio\/\",\"url\":\"https:\/\/www.oarcanjo.net\/site\/a-tragedia-do-feminicidio\/\",\"name\":\"A trag\u00e9dia do feminic\u00eddio - O Arcanjo no ar\",\"isPartOf\":{\"@id\":\"https:\/\/www.oarcanjo.net\/site\/#website\"},\"datePublished\":\"2016-06-13T22:56:09+00:00\",\"dateModified\":\"2016-06-13T22:56:09+00:00\",\"breadcrumb\":{\"@id\":\"https:\/\/www.oarcanjo.net\/site\/a-tragedia-do-feminicidio\/#breadcrumb\"},\"inLanguage\":\"pt-BR\",\"potentialAction\":[{\"@type\":\"ReadAction\",\"target\":[\"https:\/\/www.oarcanjo.net\/site\/a-tragedia-do-feminicidio\/\"]}]},{\"@type\":\"BreadcrumbList\",\"@id\":\"https:\/\/www.oarcanjo.net\/site\/a-tragedia-do-feminicidio\/#breadcrumb\",\"itemListElement\":[{\"@type\":\"ListItem\",\"position\":1,\"name\":\"In\u00edcio\",\"item\":\"https:\/\/www.oarcanjo.net\/site\/\"},{\"@type\":\"ListItem\",\"position\":2,\"name\":\"A trag\u00e9dia do feminic\u00eddio\"}]},{\"@type\":\"WebSite\",\"@id\":\"https:\/\/www.oarcanjo.net\/site\/#website\",\"url\":\"https:\/\/www.oarcanjo.net\/site\/\",\"name\":\"O Arcanjo no ar\",\"description\":\"Site da Par\u00f3quia S\u00e3o Miguel Arcanjo (Arquidiocese de SP)\",\"publisher\":{\"@id\":\"https:\/\/www.oarcanjo.net\/site\/#organization\"},\"potentialAction\":[{\"@type\":\"SearchAction\",\"target\":{\"@type\":\"EntryPoint\",\"urlTemplate\":\"https:\/\/www.oarcanjo.net\/site\/?s={search_term_string}\"},\"query-input\":{\"@type\":\"PropertyValueSpecification\",\"valueRequired\":true,\"valueName\":\"search_term_string\"}}],\"inLanguage\":\"pt-BR\"},{\"@type\":\"Organization\",\"@id\":\"https:\/\/www.oarcanjo.net\/site\/#organization\",\"name\":\"Par\u00f3quia S\u00e3o Miguel Arcanjo\",\"url\":\"https:\/\/www.oarcanjo.net\/site\/\",\"logo\":{\"@type\":\"ImageObject\",\"inLanguage\":\"pt-BR\",\"@id\":\"https:\/\/www.oarcanjo.net\/site\/#\/schema\/logo\/image\/\",\"url\":\"https:\/\/www.oarcanjo.net\/site\/wp-content\/uploads\/LogoOArcanjo.png\",\"contentUrl\":\"https:\/\/www.oarcanjo.net\/site\/wp-content\/uploads\/LogoOArcanjo.png\",\"width\":319,\"height\":99,\"caption\":\"Par\u00f3quia S\u00e3o Miguel Arcanjo\"},\"image\":{\"@id\":\"https:\/\/www.oarcanjo.net\/site\/#\/schema\/logo\/image\/\"},\"sameAs\":[\"https:\/\/www.facebook.com\/OArcanjoNoAr\/\"]},{\"@type\":\"Person\",\"@id\":\"https:\/\/www.oarcanjo.net\/site\/#\/schema\/person\/0a2ae077c1a09b69d29928e3b9f1c0d1\",\"name\":\"Alexandre Nunes\",\"sameAs\":[\"http:\/\/alexandrenu.com\"]}]}<\/script>\n<!-- \/ Yoast SEO plugin. -->","yoast_head_json":{"title":"A trag\u00e9dia do feminic\u00eddio - O Arcanjo no ar","robots":{"index":"index","follow":"follow","max-snippet":"max-snippet:-1","max-image-preview":"max-image-preview:large","max-video-preview":"max-video-preview:-1"},"canonical":"https:\/\/www.oarcanjo.net\/site\/a-tragedia-do-feminicidio\/","og_locale":"pt_BR","og_type":"article","og_title":"A trag\u00e9dia do feminic\u00eddio - O Arcanjo no ar","og_description":"Pe. Alfredo J. Gon\u00e7alves, cs\u00a0 A emerg\u00eancia e o uso da palavra \u2013 feminic\u00eddio \u2013 constitui um sinal dos tempos em que vivemos. N\u00e3o se trata apenas de machismo, um conceito, ao qual nos referimos em voz baixa, como se fosse coisa do passado. Fazemos o mesmo, ali\u00e1s, com o racismo e outros estigmas do [&hellip;]","og_url":"https:\/\/www.oarcanjo.net\/site\/a-tragedia-do-feminicidio\/","og_site_name":"O Arcanjo no ar","article_publisher":"https:\/\/www.facebook.com\/OArcanjoNoAr\/","article_published_time":"2016-06-13T22:56:09+00:00","og_image":[{"width":300,"height":300,"url":"https:\/\/www.oarcanjo.net\/site\/wp-content\/uploads\/logo-o-arcanjo-no-ar-facebook.png","type":"image\/png"}],"author":"Alexandre Nunes","twitter_card":"summary_large_image","twitter_misc":{"Escrito por":"Alexandre Nunes","Est. tempo de leitura":"4 minutos"},"schema":{"@context":"https:\/\/schema.org","@graph":[{"@type":"Article","@id":"https:\/\/www.oarcanjo.net\/site\/a-tragedia-do-feminicidio\/#article","isPartOf":{"@id":"https:\/\/www.oarcanjo.net\/site\/a-tragedia-do-feminicidio\/"},"author":{"name":"Alexandre Nunes","@id":"https:\/\/www.oarcanjo.net\/site\/#\/schema\/person\/0a2ae077c1a09b69d29928e3b9f1c0d1"},"headline":"A trag\u00e9dia do feminic\u00eddio","datePublished":"2016-06-13T22:56:09+00:00","dateModified":"2016-06-13T22:56:09+00:00","mainEntityOfPage":{"@id":"https:\/\/www.oarcanjo.net\/site\/a-tragedia-do-feminicidio\/"},"wordCount":722,"commentCount":0,"publisher":{"@id":"https:\/\/www.oarcanjo.net\/site\/#organization"},"keywords":["feminic\u00eddio"],"articleSection":["Reflex\u00f5es"],"inLanguage":"pt-BR","potentialAction":[{"@type":"CommentAction","name":"Comment","target":["https:\/\/www.oarcanjo.net\/site\/a-tragedia-do-feminicidio\/#respond"]}]},{"@type":"WebPage","@id":"https:\/\/www.oarcanjo.net\/site\/a-tragedia-do-feminicidio\/","url":"https:\/\/www.oarcanjo.net\/site\/a-tragedia-do-feminicidio\/","name":"A trag\u00e9dia do feminic\u00eddio - O Arcanjo no ar","isPartOf":{"@id":"https:\/\/www.oarcanjo.net\/site\/#website"},"datePublished":"2016-06-13T22:56:09+00:00","dateModified":"2016-06-13T22:56:09+00:00","breadcrumb":{"@id":"https:\/\/www.oarcanjo.net\/site\/a-tragedia-do-feminicidio\/#breadcrumb"},"inLanguage":"pt-BR","potentialAction":[{"@type":"ReadAction","target":["https:\/\/www.oarcanjo.net\/site\/a-tragedia-do-feminicidio\/"]}]},{"@type":"BreadcrumbList","@id":"https:\/\/www.oarcanjo.net\/site\/a-tragedia-do-feminicidio\/#breadcrumb","itemListElement":[{"@type":"ListItem","position":1,"name":"In\u00edcio","item":"https:\/\/www.oarcanjo.net\/site\/"},{"@type":"ListItem","position":2,"name":"A trag\u00e9dia do feminic\u00eddio"}]},{"@type":"WebSite","@id":"https:\/\/www.oarcanjo.net\/site\/#website","url":"https:\/\/www.oarcanjo.net\/site\/","name":"O Arcanjo no ar","description":"Site da Par\u00f3quia S\u00e3o Miguel Arcanjo (Arquidiocese de SP)","publisher":{"@id":"https:\/\/www.oarcanjo.net\/site\/#organization"},"potentialAction":[{"@type":"SearchAction","target":{"@type":"EntryPoint","urlTemplate":"https:\/\/www.oarcanjo.net\/site\/?s={search_term_string}"},"query-input":{"@type":"PropertyValueSpecification","valueRequired":true,"valueName":"search_term_string"}}],"inLanguage":"pt-BR"},{"@type":"Organization","@id":"https:\/\/www.oarcanjo.net\/site\/#organization","name":"Par\u00f3quia S\u00e3o Miguel Arcanjo","url":"https:\/\/www.oarcanjo.net\/site\/","logo":{"@type":"ImageObject","inLanguage":"pt-BR","@id":"https:\/\/www.oarcanjo.net\/site\/#\/schema\/logo\/image\/","url":"https:\/\/www.oarcanjo.net\/site\/wp-content\/uploads\/LogoOArcanjo.png","contentUrl":"https:\/\/www.oarcanjo.net\/site\/wp-content\/uploads\/LogoOArcanjo.png","width":319,"height":99,"caption":"Par\u00f3quia S\u00e3o Miguel Arcanjo"},"image":{"@id":"https:\/\/www.oarcanjo.net\/site\/#\/schema\/logo\/image\/"},"sameAs":["https:\/\/www.facebook.com\/OArcanjoNoAr\/"]},{"@type":"Person","@id":"https:\/\/www.oarcanjo.net\/site\/#\/schema\/person\/0a2ae077c1a09b69d29928e3b9f1c0d1","name":"Alexandre Nunes","sameAs":["http:\/\/alexandrenu.com"]}]}},"publishpress_future_action":{"enabled":false,"date":"2026-05-08 06:10:25","action":"category","newStatus":"draft","terms":[],"taxonomy":"category"},"publishpress_future_workflow_manual_trigger":{"enabledWorkflows":[]},"_links":{"self":[{"href":"https:\/\/www.oarcanjo.net\/site\/wp-json\/wp\/v2\/posts\/73829"}],"collection":[{"href":"https:\/\/www.oarcanjo.net\/site\/wp-json\/wp\/v2\/posts"}],"about":[{"href":"https:\/\/www.oarcanjo.net\/site\/wp-json\/wp\/v2\/types\/post"}],"author":[{"embeddable":true,"href":"https:\/\/www.oarcanjo.net\/site\/wp-json\/wp\/v2\/users\/15"}],"replies":[{"embeddable":true,"href":"https:\/\/www.oarcanjo.net\/site\/wp-json\/wp\/v2\/comments?post=73829"}],"version-history":[{"count":0,"href":"https:\/\/www.oarcanjo.net\/site\/wp-json\/wp\/v2\/posts\/73829\/revisions"}],"wp:attachment":[{"href":"https:\/\/www.oarcanjo.net\/site\/wp-json\/wp\/v2\/media?parent=73829"}],"wp:term":[{"taxonomy":"category","embeddable":true,"href":"https:\/\/www.oarcanjo.net\/site\/wp-json\/wp\/v2\/categories?post=73829"},{"taxonomy":"post_tag","embeddable":true,"href":"https:\/\/www.oarcanjo.net\/site\/wp-json\/wp\/v2\/tags?post=73829"}],"curies":[{"name":"wp","href":"https:\/\/api.w.org\/{rel}","templated":true}]}}