
{"id":73837,"date":"2016-06-19T17:09:35","date_gmt":"2016-06-19T20:09:35","guid":{"rendered":"http:\/\/www.oarcanjo.net\/site\/?p=73837"},"modified":"2016-06-19T17:10:32","modified_gmt":"2016-06-19T20:10:32","slug":"como-se-morre-de-frio","status":"publish","type":"post","link":"https:\/\/www.oarcanjo.net\/site\/como-se-morre-de-frio\/","title":{"rendered":"Como se morre de frio?"},"content":{"rendered":"<p>&nbsp;<\/p>\n<p><em>Por\u00a0<strong>David Oliveira de Souza<\/strong><\/em><\/p>\n<p>O <strong>homem deitado na cal\u00e7ada sentia frio<\/strong>, mesmo usando todas as roupas que tinha. Pensou que a noite seria dif\u00edcil, por\u00e9m daria conta. Bebeu o \u00e1lcool de todos os dias para aquecer, sedar e saciar. Inicialmente dormiu, mas a temperatura cada vez mais baixa na madrugada o acordou por instantes.<\/p>\n<p>Ele estava p\u00e1lido e tr\u00eamulo. Os vasos sangu\u00edneos contra\u00edam-se, tentando levar mais sangue para proteger \u00f3rg\u00e3os vitais, como cora\u00e7\u00e3o e pulm\u00f5es. Ele come\u00e7ou a perder energia, j\u00e1 n\u00e3o sentia os membros. O \u00e1lcool rec\u00e9m-ingerido agravava a situa\u00e7\u00e3o.<\/p>\n<p>Pensou em levantar para buscar um lugar mais quente, mas a respira\u00e7\u00e3o e o pulso fraquejaram. Ele n\u00e3o sabia bem onde estava. Por fim, os tremores cessaram, e o homem deixou de ter controle sobre seus membros. Perdeu completamente a consci\u00eancia e morreu poucas horas depois. Foi encontrado na mesma posi\u00e7\u00e3o em que tentou adormecer.<\/p>\n<p>O relato acima tenta descrever brevemente o processo de <a href=\"http:\/\/www.ihu.unisinos.br\/noticias\/556354-longe-da-familia-morto-pelo-frio-em-sp-foi-velado-por-moradores-de-rua\" target=\"_blank\"><strong>morte por hipotermia de um morador de rua<\/strong><\/a> numa cidade fria. Estudos publicados no Jap\u00e3o e nos Estados Unidos -no Brasil h\u00e1 pouca produ\u00e7\u00e3o nesse campo- informam que a maior parte desse tipo de morte ocorre na madrugada, das 2h \u00e0s 5h.<\/p>\n<p>Relatam tamb\u00e9m que n\u00e3o \u00e9 simples realizar a aut\u00f3psia e concluir que a causa da morte foi de fato hipotermia. Os achados dos exames podem ser inespec\u00edficos, e o frio \u00e0s vezes mata tamb\u00e9m pelo agravamento de doen\u00e7as preexistentes.<\/p>\n<p>Atendendo os <strong>moradores de rua<\/strong>, muitas vezes vi que a semiologia tradicional que aprendemos nas escolas n\u00e3o d\u00e1 conta da realidade. Eles n\u00e3o sabem h\u00e1 quanto tempo t\u00eam les\u00e3o no rosto, porque h\u00e1 muito n\u00e3o se olham no espelho. N\u00e3o sabem se o calafrio foi febre ou o vento da noite.<\/p>\n<p>N\u00e3o sabem se est\u00e3o emagrecendo ou n\u00e3o, pois as roupas doadas s\u00e3o mais largas do que seus tamanhos. Tendem a beber menos l\u00edquido, adquirem mais infec\u00e7\u00f5es e est\u00e3o mais <strong>vulner\u00e1veis \u00e0 viol\u00eancia<\/strong> e a problemas de sa\u00fade mental.<\/p>\n<p>Muitos deles, pela dificuldade cr\u00f4nica de acesso adequado a cuidados de sa\u00fade, naturalizam parte de seus sintomas. Muitas vezes vi moradores de rua com tosse, febre e at\u00e9 dor responderem que tudo ia bem com a sa\u00fade. Talvez alguns enfrentem a sensa\u00e7\u00e3o de frio com esse mesmo exerc\u00edcio de silenciar o sofrimento, buscando adormecer e tolerar.<\/p>\n<p>A disponibilidade de <a href=\"http:\/\/www.ihu.unisinos.br\/noticias\/556520-haddad-se-desculpa-e-adota-nova-regra-para-atender-morador-de-rua\" target=\"_blank\"><strong>albergues com alimenta\u00e7\u00e3o<\/strong><\/a> \u00e9 de extrema import\u00e2ncia, embora seja uma pol\u00edtica p\u00fablica limitada, j\u00e1 que nem todos que moram na rua aderem a essa modalidade de prote\u00e7\u00e3o.<\/p>\n<p>Nem por isso, \u00e9 claro, devem ser ignorados pelas autoridades. H\u00e1 tr\u00eas semanas visitei um local protegido no qual alguns moradores de rua se abrigavam. Ali, numa cal\u00e7ada bem perto, perguntei para outro por que n\u00e3o ia para o lugar coberto. &#8220;Doutor, eu n\u00e3o sou de teto, sou mais da cal\u00e7ada&#8221;, respondeu.<\/p>\n<p>Muitos podem discordar dessa posi\u00e7\u00e3o, achar que o rapaz est\u00e1 louco ao preferir a cal\u00e7ada. Ainda assim, \u00e9 preciso proteg\u00ea-lo. H\u00e1 gente da &#8220;cal\u00e7ada&#8221; em v\u00e1rias cidades do mundo. Em \u00e9pocas de frio como esta, Boston e T\u00f3quio, por exemplo, oferecem abrigos, mas tamb\u00e9m vigiam as ruas em busca ativa de pessoas em risco. A cidade deveria intensificar esse trabalho.<\/p>\n<p><strong>S\u00e3o Paulo<\/strong> tem muitos anjos que rodam as noites ofertando comida, roupas e conforto, todavia isso n\u00e3o tem sido suficiente. Numa noite muito fria, quem quiser ajudar algu\u00e9m que pare\u00e7a em risco de hipotermia pode aproximar-se, conversar com a pessoa, ver se est\u00e1 acordada.<\/p>\n<p>Caso seja poss\u00edvel, pode oferecer vestes quentes e orientar que retire qualquer roupa molhada. Cobertores, alimentos, bebidas aquecidas sem \u00e1lcool e \u00e1gua para hidratar s\u00e3o muito \u00fateis. Voc\u00ea pode ajudar a salvar algu\u00e9m que n\u00e3o acordaria no dia seguinte a uma madrugada fria.<\/p>\n<div id=\"themify_builder_content-73837\" data-postid=\"73837\" class=\"themify_builder_content themify_builder_content-73837 themify_builder themify_builder_front\">\n\t<\/div>\n<!-- \/themify_builder_content -->","protected":false},"excerpt":{"rendered":"<p>&nbsp; Por\u00a0David Oliveira de Souza O homem deitado na cal\u00e7ada sentia frio, mesmo usando todas as roupas que tinha. Pensou que a noite seria dif\u00edcil, por\u00e9m daria conta. Bebeu o \u00e1lcool de todos os dias para aquecer, sedar e saciar. Inicialmente dormiu, mas a temperatura cada vez mais baixa na madrugada o acordou por instantes. [&hellip;]<\/p>\n","protected":false},"author":3,"featured_media":0,"comment_status":"open","ping_status":"open","sticky":false,"template":"","format":"standard","meta":{"ngg_post_thumbnail":0,"footnotes":""},"categories":[9],"tags":[],"yoast_head":"<!-- This site is optimized with the Yoast SEO plugin v23.5 - https:\/\/yoast.com\/wordpress\/plugins\/seo\/ -->\n<title>Como se morre de frio? - O Arcanjo no ar<\/title>\n<meta name=\"robots\" content=\"index, follow, max-snippet:-1, max-image-preview:large, max-video-preview:-1\" \/>\n<link rel=\"canonical\" href=\"https:\/\/www.oarcanjo.net\/site\/como-se-morre-de-frio\/\" \/>\n<meta property=\"og:locale\" content=\"pt_BR\" \/>\n<meta property=\"og:type\" content=\"article\" \/>\n<meta property=\"og:title\" content=\"Como se morre de frio? - O Arcanjo no ar\" \/>\n<meta property=\"og:description\" content=\"&nbsp; Por\u00a0David Oliveira de Souza O homem deitado na cal\u00e7ada sentia frio, mesmo usando todas as roupas que tinha. Pensou que a noite seria dif\u00edcil, por\u00e9m daria conta. Bebeu o \u00e1lcool de todos os dias para aquecer, sedar e saciar. Inicialmente dormiu, mas a temperatura cada vez mais baixa na madrugada o acordou por instantes. [&hellip;]\" \/>\n<meta property=\"og:url\" content=\"https:\/\/www.oarcanjo.net\/site\/como-se-morre-de-frio\/\" \/>\n<meta property=\"og:site_name\" content=\"O Arcanjo no ar\" \/>\n<meta property=\"article:publisher\" content=\"https:\/\/www.facebook.com\/OArcanjoNoAr\/\" \/>\n<meta property=\"article:published_time\" content=\"2016-06-19T20:09:35+00:00\" \/>\n<meta property=\"article:modified_time\" content=\"2016-06-19T20:10:32+00:00\" \/>\n<meta property=\"og:image\" content=\"https:\/\/www.oarcanjo.net\/site\/wp-content\/uploads\/logo-o-arcanjo-no-ar-facebook.png\" \/>\n\t<meta property=\"og:image:width\" content=\"300\" \/>\n\t<meta property=\"og:image:height\" content=\"300\" \/>\n\t<meta property=\"og:image:type\" content=\"image\/png\" \/>\n<meta name=\"author\" content=\"miriam.meyer\" \/>\n<meta name=\"twitter:card\" content=\"summary_large_image\" \/>\n<meta name=\"twitter:label1\" content=\"Escrito por\" \/>\n\t<meta name=\"twitter:data1\" content=\"miriam.meyer\" \/>\n\t<meta name=\"twitter:label2\" content=\"Est. tempo de leitura\" \/>\n\t<meta name=\"twitter:data2\" content=\"3 minutos\" \/>\n<script type=\"application\/ld+json\" class=\"yoast-schema-graph\">{\"@context\":\"https:\/\/schema.org\",\"@graph\":[{\"@type\":\"Article\",\"@id\":\"https:\/\/www.oarcanjo.net\/site\/como-se-morre-de-frio\/#article\",\"isPartOf\":{\"@id\":\"https:\/\/www.oarcanjo.net\/site\/como-se-morre-de-frio\/\"},\"author\":{\"name\":\"miriam.meyer\",\"@id\":\"https:\/\/www.oarcanjo.net\/site\/#\/schema\/person\/ce0fba3450314a09c6442cfee983a3d8\"},\"headline\":\"Como se morre de frio?\",\"datePublished\":\"2016-06-19T20:09:35+00:00\",\"dateModified\":\"2016-06-19T20:10:32+00:00\",\"mainEntityOfPage\":{\"@id\":\"https:\/\/www.oarcanjo.net\/site\/como-se-morre-de-frio\/\"},\"wordCount\":684,\"commentCount\":0,\"publisher\":{\"@id\":\"https:\/\/www.oarcanjo.net\/site\/#organization\"},\"articleSection\":[\"Reflex\u00f5es\"],\"inLanguage\":\"pt-BR\",\"potentialAction\":[{\"@type\":\"CommentAction\",\"name\":\"Comment\",\"target\":[\"https:\/\/www.oarcanjo.net\/site\/como-se-morre-de-frio\/#respond\"]}]},{\"@type\":\"WebPage\",\"@id\":\"https:\/\/www.oarcanjo.net\/site\/como-se-morre-de-frio\/\",\"url\":\"https:\/\/www.oarcanjo.net\/site\/como-se-morre-de-frio\/\",\"name\":\"Como se morre de frio? - O Arcanjo no ar\",\"isPartOf\":{\"@id\":\"https:\/\/www.oarcanjo.net\/site\/#website\"},\"datePublished\":\"2016-06-19T20:09:35+00:00\",\"dateModified\":\"2016-06-19T20:10:32+00:00\",\"breadcrumb\":{\"@id\":\"https:\/\/www.oarcanjo.net\/site\/como-se-morre-de-frio\/#breadcrumb\"},\"inLanguage\":\"pt-BR\",\"potentialAction\":[{\"@type\":\"ReadAction\",\"target\":[\"https:\/\/www.oarcanjo.net\/site\/como-se-morre-de-frio\/\"]}]},{\"@type\":\"BreadcrumbList\",\"@id\":\"https:\/\/www.oarcanjo.net\/site\/como-se-morre-de-frio\/#breadcrumb\",\"itemListElement\":[{\"@type\":\"ListItem\",\"position\":1,\"name\":\"In\u00edcio\",\"item\":\"https:\/\/www.oarcanjo.net\/site\/\"},{\"@type\":\"ListItem\",\"position\":2,\"name\":\"Como se morre de frio?\"}]},{\"@type\":\"WebSite\",\"@id\":\"https:\/\/www.oarcanjo.net\/site\/#website\",\"url\":\"https:\/\/www.oarcanjo.net\/site\/\",\"name\":\"O Arcanjo no ar\",\"description\":\"Site da Par\u00f3quia S\u00e3o Miguel Arcanjo (Arquidiocese de SP)\",\"publisher\":{\"@id\":\"https:\/\/www.oarcanjo.net\/site\/#organization\"},\"potentialAction\":[{\"@type\":\"SearchAction\",\"target\":{\"@type\":\"EntryPoint\",\"urlTemplate\":\"https:\/\/www.oarcanjo.net\/site\/?s={search_term_string}\"},\"query-input\":{\"@type\":\"PropertyValueSpecification\",\"valueRequired\":true,\"valueName\":\"search_term_string\"}}],\"inLanguage\":\"pt-BR\"},{\"@type\":\"Organization\",\"@id\":\"https:\/\/www.oarcanjo.net\/site\/#organization\",\"name\":\"Par\u00f3quia S\u00e3o Miguel Arcanjo\",\"url\":\"https:\/\/www.oarcanjo.net\/site\/\",\"logo\":{\"@type\":\"ImageObject\",\"inLanguage\":\"pt-BR\",\"@id\":\"https:\/\/www.oarcanjo.net\/site\/#\/schema\/logo\/image\/\",\"url\":\"https:\/\/www.oarcanjo.net\/site\/wp-content\/uploads\/LogoOArcanjo.png\",\"contentUrl\":\"https:\/\/www.oarcanjo.net\/site\/wp-content\/uploads\/LogoOArcanjo.png\",\"width\":319,\"height\":99,\"caption\":\"Par\u00f3quia S\u00e3o Miguel Arcanjo\"},\"image\":{\"@id\":\"https:\/\/www.oarcanjo.net\/site\/#\/schema\/logo\/image\/\"},\"sameAs\":[\"https:\/\/www.facebook.com\/OArcanjoNoAr\/\"]},{\"@type\":\"Person\",\"@id\":\"https:\/\/www.oarcanjo.net\/site\/#\/schema\/person\/ce0fba3450314a09c6442cfee983a3d8\",\"name\":\"miriam.meyer\"}]}<\/script>\n<!-- \/ Yoast SEO plugin. -->","yoast_head_json":{"title":"Como se morre de frio? - O Arcanjo no ar","robots":{"index":"index","follow":"follow","max-snippet":"max-snippet:-1","max-image-preview":"max-image-preview:large","max-video-preview":"max-video-preview:-1"},"canonical":"https:\/\/www.oarcanjo.net\/site\/como-se-morre-de-frio\/","og_locale":"pt_BR","og_type":"article","og_title":"Como se morre de frio? - O Arcanjo no ar","og_description":"&nbsp; Por\u00a0David Oliveira de Souza O homem deitado na cal\u00e7ada sentia frio, mesmo usando todas as roupas que tinha. Pensou que a noite seria dif\u00edcil, por\u00e9m daria conta. Bebeu o \u00e1lcool de todos os dias para aquecer, sedar e saciar. Inicialmente dormiu, mas a temperatura cada vez mais baixa na madrugada o acordou por instantes. [&hellip;]","og_url":"https:\/\/www.oarcanjo.net\/site\/como-se-morre-de-frio\/","og_site_name":"O Arcanjo no ar","article_publisher":"https:\/\/www.facebook.com\/OArcanjoNoAr\/","article_published_time":"2016-06-19T20:09:35+00:00","article_modified_time":"2016-06-19T20:10:32+00:00","og_image":[{"width":300,"height":300,"url":"https:\/\/www.oarcanjo.net\/site\/wp-content\/uploads\/logo-o-arcanjo-no-ar-facebook.png","type":"image\/png"}],"author":"miriam.meyer","twitter_card":"summary_large_image","twitter_misc":{"Escrito por":"miriam.meyer","Est. tempo de leitura":"3 minutos"},"schema":{"@context":"https:\/\/schema.org","@graph":[{"@type":"Article","@id":"https:\/\/www.oarcanjo.net\/site\/como-se-morre-de-frio\/#article","isPartOf":{"@id":"https:\/\/www.oarcanjo.net\/site\/como-se-morre-de-frio\/"},"author":{"name":"miriam.meyer","@id":"https:\/\/www.oarcanjo.net\/site\/#\/schema\/person\/ce0fba3450314a09c6442cfee983a3d8"},"headline":"Como se morre de frio?","datePublished":"2016-06-19T20:09:35+00:00","dateModified":"2016-06-19T20:10:32+00:00","mainEntityOfPage":{"@id":"https:\/\/www.oarcanjo.net\/site\/como-se-morre-de-frio\/"},"wordCount":684,"commentCount":0,"publisher":{"@id":"https:\/\/www.oarcanjo.net\/site\/#organization"},"articleSection":["Reflex\u00f5es"],"inLanguage":"pt-BR","potentialAction":[{"@type":"CommentAction","name":"Comment","target":["https:\/\/www.oarcanjo.net\/site\/como-se-morre-de-frio\/#respond"]}]},{"@type":"WebPage","@id":"https:\/\/www.oarcanjo.net\/site\/como-se-morre-de-frio\/","url":"https:\/\/www.oarcanjo.net\/site\/como-se-morre-de-frio\/","name":"Como se morre de frio? - O Arcanjo no ar","isPartOf":{"@id":"https:\/\/www.oarcanjo.net\/site\/#website"},"datePublished":"2016-06-19T20:09:35+00:00","dateModified":"2016-06-19T20:10:32+00:00","breadcrumb":{"@id":"https:\/\/www.oarcanjo.net\/site\/como-se-morre-de-frio\/#breadcrumb"},"inLanguage":"pt-BR","potentialAction":[{"@type":"ReadAction","target":["https:\/\/www.oarcanjo.net\/site\/como-se-morre-de-frio\/"]}]},{"@type":"BreadcrumbList","@id":"https:\/\/www.oarcanjo.net\/site\/como-se-morre-de-frio\/#breadcrumb","itemListElement":[{"@type":"ListItem","position":1,"name":"In\u00edcio","item":"https:\/\/www.oarcanjo.net\/site\/"},{"@type":"ListItem","position":2,"name":"Como se morre de frio?"}]},{"@type":"WebSite","@id":"https:\/\/www.oarcanjo.net\/site\/#website","url":"https:\/\/www.oarcanjo.net\/site\/","name":"O Arcanjo no ar","description":"Site da Par\u00f3quia S\u00e3o Miguel Arcanjo (Arquidiocese de SP)","publisher":{"@id":"https:\/\/www.oarcanjo.net\/site\/#organization"},"potentialAction":[{"@type":"SearchAction","target":{"@type":"EntryPoint","urlTemplate":"https:\/\/www.oarcanjo.net\/site\/?s={search_term_string}"},"query-input":{"@type":"PropertyValueSpecification","valueRequired":true,"valueName":"search_term_string"}}],"inLanguage":"pt-BR"},{"@type":"Organization","@id":"https:\/\/www.oarcanjo.net\/site\/#organization","name":"Par\u00f3quia S\u00e3o Miguel Arcanjo","url":"https:\/\/www.oarcanjo.net\/site\/","logo":{"@type":"ImageObject","inLanguage":"pt-BR","@id":"https:\/\/www.oarcanjo.net\/site\/#\/schema\/logo\/image\/","url":"https:\/\/www.oarcanjo.net\/site\/wp-content\/uploads\/LogoOArcanjo.png","contentUrl":"https:\/\/www.oarcanjo.net\/site\/wp-content\/uploads\/LogoOArcanjo.png","width":319,"height":99,"caption":"Par\u00f3quia S\u00e3o Miguel Arcanjo"},"image":{"@id":"https:\/\/www.oarcanjo.net\/site\/#\/schema\/logo\/image\/"},"sameAs":["https:\/\/www.facebook.com\/OArcanjoNoAr\/"]},{"@type":"Person","@id":"https:\/\/www.oarcanjo.net\/site\/#\/schema\/person\/ce0fba3450314a09c6442cfee983a3d8","name":"miriam.meyer"}]}},"publishpress_future_action":{"enabled":false,"date":"2026-05-08 07:46:28","action":"category","newStatus":"draft","terms":[],"taxonomy":"category"},"publishpress_future_workflow_manual_trigger":{"enabledWorkflows":[]},"_links":{"self":[{"href":"https:\/\/www.oarcanjo.net\/site\/wp-json\/wp\/v2\/posts\/73837"}],"collection":[{"href":"https:\/\/www.oarcanjo.net\/site\/wp-json\/wp\/v2\/posts"}],"about":[{"href":"https:\/\/www.oarcanjo.net\/site\/wp-json\/wp\/v2\/types\/post"}],"author":[{"embeddable":true,"href":"https:\/\/www.oarcanjo.net\/site\/wp-json\/wp\/v2\/users\/3"}],"replies":[{"embeddable":true,"href":"https:\/\/www.oarcanjo.net\/site\/wp-json\/wp\/v2\/comments?post=73837"}],"version-history":[{"count":0,"href":"https:\/\/www.oarcanjo.net\/site\/wp-json\/wp\/v2\/posts\/73837\/revisions"}],"wp:attachment":[{"href":"https:\/\/www.oarcanjo.net\/site\/wp-json\/wp\/v2\/media?parent=73837"}],"wp:term":[{"taxonomy":"category","embeddable":true,"href":"https:\/\/www.oarcanjo.net\/site\/wp-json\/wp\/v2\/categories?post=73837"},{"taxonomy":"post_tag","embeddable":true,"href":"https:\/\/www.oarcanjo.net\/site\/wp-json\/wp\/v2\/tags?post=73837"}],"curies":[{"name":"wp","href":"https:\/\/api.w.org\/{rel}","templated":true}]}}