
{"id":7385,"date":"2017-01-19T00:35:03","date_gmt":"2017-01-19T02:35:03","guid":{"rendered":"http:\/\/www.oarcanjo.net\/site\/?p=7385"},"modified":"2016-12-27T06:24:17","modified_gmt":"2016-12-27T08:24:17","slug":"santos-mario-marta-audifax-e-abaco","status":"publish","type":"post","link":"https:\/\/www.oarcanjo.net\/site\/santos-mario-marta-audifax-e-abaco\/","title":{"rendered":"Santos M\u00e1rio, Marta, Audifax e \u00c1baco"},"content":{"rendered":"<p><img decoding=\"async\" src=\"http:\/\/4.bp.blogspot.com\/_uGGdyrza3Fw\/R5FnOqHOdeI\/AAAAAAAAAVA\/qhtXR45fBlo\/s320\/Santos+mario,marta,audifax,abaco+19jan.jpg\" border=\"0\" alt=\"\" \/><\/p>\n<p>19 de Janeiro<\/p>\n<p>A Igreja comemora hoje S\u00e3o M\u00e1rio, Santa Marta, Santo Audifax e Santo \u00c1baco, que sairam da P\u00e9rsia e vieram em peregrina\u00e7\u00e3o at\u00e9 Roma, para rezar no tumulo dos m\u00e1rtires. Apesar de poucos documentos que comprovem a hist\u00f3ria desses santos, ainda hoje todo o mundo festeja a prova de f\u00e9 dada por esta fam\u00edlia. H\u00e1 quem afirme que S\u00e3o M\u00e1rio e Santa Marta eram casados, e Audifax e \u00c1baco, seus filhos. N\u00e3o temos nada que possa comprovar historicamente.<br \/>\nDurante esta viagem S\u00e3o M\u00e1rio ajudou v\u00e1rias fam\u00edlias crist\u00e3s, dando sepultura digna aos seus entes queridos mortos pelas persegui\u00e7\u00f5es. Foram mais de 260 m\u00e1rtires, cujos corpos jaziam insepultos. Foram flagrados pelos soldados do imperador Cl\u00e1udio II enquanto cumpriam este dever crist\u00e3o. Presos, recusaram-se a oferecer sacrif\u00edcios aos deuses pag\u00e3os e n\u00e3o renunciaram a f\u00e9 crist\u00e3. S\u00e3o M\u00e1rio, Audifax e \u00c1baco foram martirizados e mortos na via Corn\u00e9lia, e os corpos incinerados para que nenhum fiel pudesse recolher seus restos mortais e celebrar sua mem\u00f3ria. J\u00e1 Santa Marta foi condenada \u00e0 morte por afogamento. Fel\u00edcita deu-lhes sepultura em sua pr\u00f3pria casa, na Via Corn\u00e9lia. Hoje, no local do ocorrido, ainda existe as ru\u00ednas de uma antiga igreja, constru\u00edda para reverenciar os quatro Santos.<\/p>\n<p><img decoding=\"async\" src=\"http:\/\/www.cleofas.com.br\/virtual\/santodia\/scd0019_santosmario_e_marta.jpg\" border=\"0\" alt=\"\" \/><\/p>\n<div id=\"themify_builder_content-7385\" data-postid=\"7385\" class=\"themify_builder_content themify_builder_content-7385 themify_builder themify_builder_front\">\n\t<\/div>\n<!-- \/themify_builder_content -->","protected":false},"excerpt":{"rendered":"<p>19 de Janeiro A Igreja comemora hoje S\u00e3o M\u00e1rio, Santa Marta, Santo Audifax e Santo \u00c1baco, que sairam da P\u00e9rsia e vieram em peregrina\u00e7\u00e3o at\u00e9 Roma, para rezar no tumulo dos m\u00e1rtires. Apesar de poucos documentos que comprovem a hist\u00f3ria desses santos, ainda hoje todo o mundo festeja a prova de f\u00e9 dada por esta [&hellip;]<\/p>\n","protected":false},"author":14,"featured_media":0,"comment_status":"open","ping_status":"open","sticky":false,"template":"","format":"standard","meta":{"ngg_post_thumbnail":0,"footnotes":""},"categories":[186],"tags":[],"yoast_head":"<!-- This site is optimized with the Yoast SEO plugin v23.5 - https:\/\/yoast.com\/wordpress\/plugins\/seo\/ -->\n<title>Santos M\u00e1rio, Marta, Audifax e \u00c1baco - O Arcanjo no ar<\/title>\n<meta name=\"robots\" content=\"index, follow, max-snippet:-1, max-image-preview:large, max-video-preview:-1\" \/>\n<link rel=\"canonical\" href=\"https:\/\/www.oarcanjo.net\/site\/santos-mario-marta-audifax-e-abaco\/\" \/>\n<meta property=\"og:locale\" content=\"pt_BR\" \/>\n<meta property=\"og:type\" content=\"article\" \/>\n<meta property=\"og:title\" content=\"Santos M\u00e1rio, Marta, Audifax e \u00c1baco - O Arcanjo no ar\" \/>\n<meta property=\"og:description\" content=\"19 de Janeiro A Igreja comemora hoje S\u00e3o M\u00e1rio, Santa Marta, Santo Audifax e Santo \u00c1baco, que sairam da P\u00e9rsia e vieram em peregrina\u00e7\u00e3o at\u00e9 Roma, para rezar no tumulo dos m\u00e1rtires. Apesar de poucos documentos que comprovem a hist\u00f3ria desses santos, ainda hoje todo o mundo festeja a prova de f\u00e9 dada por esta [&hellip;]\" \/>\n<meta property=\"og:url\" content=\"https:\/\/www.oarcanjo.net\/site\/santos-mario-marta-audifax-e-abaco\/\" \/>\n<meta property=\"og:site_name\" content=\"O Arcanjo no ar\" \/>\n<meta property=\"article:publisher\" content=\"https:\/\/www.facebook.com\/OArcanjoNoAr\/\" \/>\n<meta property=\"article:published_time\" content=\"2017-01-19T02:35:03+00:00\" \/>\n<meta property=\"article:modified_time\" content=\"2016-12-27T08:24:17+00:00\" \/>\n<meta property=\"og:image\" content=\"http:\/\/4.bp.blogspot.com\/_uGGdyrza3Fw\/R5FnOqHOdeI\/AAAAAAAAAVA\/qhtXR45fBlo\/s320\/Santos+mario,marta,audifax,abaco+19jan.jpg\" \/>\n<meta name=\"author\" content=\"danilo\" \/>\n<meta name=\"twitter:card\" content=\"summary_large_image\" \/>\n<meta name=\"twitter:label1\" content=\"Escrito por\" \/>\n\t<meta name=\"twitter:data1\" content=\"danilo\" \/>\n\t<meta name=\"twitter:label2\" content=\"Est. tempo de leitura\" \/>\n\t<meta name=\"twitter:data2\" content=\"1 minuto\" \/>\n<script type=\"application\/ld+json\" class=\"yoast-schema-graph\">{\"@context\":\"https:\/\/schema.org\",\"@graph\":[{\"@type\":\"Article\",\"@id\":\"https:\/\/www.oarcanjo.net\/site\/santos-mario-marta-audifax-e-abaco\/#article\",\"isPartOf\":{\"@id\":\"https:\/\/www.oarcanjo.net\/site\/santos-mario-marta-audifax-e-abaco\/\"},\"author\":{\"name\":\"danilo\",\"@id\":\"https:\/\/www.oarcanjo.net\/site\/#\/schema\/person\/5eb9480bedd2f3c97e430ce128c29c6c\"},\"headline\":\"Santos M\u00e1rio, Marta, Audifax e \u00c1baco\",\"datePublished\":\"2017-01-19T02:35:03+00:00\",\"dateModified\":\"2016-12-27T08:24:17+00:00\",\"mainEntityOfPage\":{\"@id\":\"https:\/\/www.oarcanjo.net\/site\/santos-mario-marta-audifax-e-abaco\/\"},\"wordCount\":237,\"commentCount\":1,\"publisher\":{\"@id\":\"https:\/\/www.oarcanjo.net\/site\/#organization\"},\"image\":{\"@id\":\"https:\/\/www.oarcanjo.net\/site\/santos-mario-marta-audifax-e-abaco\/#primaryimage\"},\"thumbnailUrl\":\"http:\/\/4.bp.blogspot.com\/_uGGdyrza3Fw\/R5FnOqHOdeI\/AAAAAAAAAVA\/qhtXR45fBlo\/s320\/Santos+mario,marta,audifax,abaco+19jan.jpg\",\"articleSection\":[\"Testemunhos\"],\"inLanguage\":\"pt-BR\",\"potentialAction\":[{\"@type\":\"CommentAction\",\"name\":\"Comment\",\"target\":[\"https:\/\/www.oarcanjo.net\/site\/santos-mario-marta-audifax-e-abaco\/#respond\"]}]},{\"@type\":\"WebPage\",\"@id\":\"https:\/\/www.oarcanjo.net\/site\/santos-mario-marta-audifax-e-abaco\/\",\"url\":\"https:\/\/www.oarcanjo.net\/site\/santos-mario-marta-audifax-e-abaco\/\",\"name\":\"Santos M\u00e1rio, Marta, Audifax e \u00c1baco - O Arcanjo no ar\",\"isPartOf\":{\"@id\":\"https:\/\/www.oarcanjo.net\/site\/#website\"},\"primaryImageOfPage\":{\"@id\":\"https:\/\/www.oarcanjo.net\/site\/santos-mario-marta-audifax-e-abaco\/#primaryimage\"},\"image\":{\"@id\":\"https:\/\/www.oarcanjo.net\/site\/santos-mario-marta-audifax-e-abaco\/#primaryimage\"},\"thumbnailUrl\":\"http:\/\/4.bp.blogspot.com\/_uGGdyrza3Fw\/R5FnOqHOdeI\/AAAAAAAAAVA\/qhtXR45fBlo\/s320\/Santos+mario,marta,audifax,abaco+19jan.jpg\",\"datePublished\":\"2017-01-19T02:35:03+00:00\",\"dateModified\":\"2016-12-27T08:24:17+00:00\",\"breadcrumb\":{\"@id\":\"https:\/\/www.oarcanjo.net\/site\/santos-mario-marta-audifax-e-abaco\/#breadcrumb\"},\"inLanguage\":\"pt-BR\",\"potentialAction\":[{\"@type\":\"ReadAction\",\"target\":[\"https:\/\/www.oarcanjo.net\/site\/santos-mario-marta-audifax-e-abaco\/\"]}]},{\"@type\":\"ImageObject\",\"inLanguage\":\"pt-BR\",\"@id\":\"https:\/\/www.oarcanjo.net\/site\/santos-mario-marta-audifax-e-abaco\/#primaryimage\",\"url\":\"http:\/\/4.bp.blogspot.com\/_uGGdyrza3Fw\/R5FnOqHOdeI\/AAAAAAAAAVA\/qhtXR45fBlo\/s320\/Santos+mario,marta,audifax,abaco+19jan.jpg\",\"contentUrl\":\"http:\/\/4.bp.blogspot.com\/_uGGdyrza3Fw\/R5FnOqHOdeI\/AAAAAAAAAVA\/qhtXR45fBlo\/s320\/Santos+mario,marta,audifax,abaco+19jan.jpg\"},{\"@type\":\"BreadcrumbList\",\"@id\":\"https:\/\/www.oarcanjo.net\/site\/santos-mario-marta-audifax-e-abaco\/#breadcrumb\",\"itemListElement\":[{\"@type\":\"ListItem\",\"position\":1,\"name\":\"In\u00edcio\",\"item\":\"https:\/\/www.oarcanjo.net\/site\/\"},{\"@type\":\"ListItem\",\"position\":2,\"name\":\"Santos M\u00e1rio, Marta, Audifax e \u00c1baco\"}]},{\"@type\":\"WebSite\",\"@id\":\"https:\/\/www.oarcanjo.net\/site\/#website\",\"url\":\"https:\/\/www.oarcanjo.net\/site\/\",\"name\":\"O Arcanjo no ar\",\"description\":\"Site da Par\u00f3quia S\u00e3o Miguel Arcanjo (Arquidiocese de SP)\",\"publisher\":{\"@id\":\"https:\/\/www.oarcanjo.net\/site\/#organization\"},\"potentialAction\":[{\"@type\":\"SearchAction\",\"target\":{\"@type\":\"EntryPoint\",\"urlTemplate\":\"https:\/\/www.oarcanjo.net\/site\/?s={search_term_string}\"},\"query-input\":{\"@type\":\"PropertyValueSpecification\",\"valueRequired\":true,\"valueName\":\"search_term_string\"}}],\"inLanguage\":\"pt-BR\"},{\"@type\":\"Organization\",\"@id\":\"https:\/\/www.oarcanjo.net\/site\/#organization\",\"name\":\"Par\u00f3quia S\u00e3o Miguel Arcanjo\",\"url\":\"https:\/\/www.oarcanjo.net\/site\/\",\"logo\":{\"@type\":\"ImageObject\",\"inLanguage\":\"pt-BR\",\"@id\":\"https:\/\/www.oarcanjo.net\/site\/#\/schema\/logo\/image\/\",\"url\":\"https:\/\/www.oarcanjo.net\/site\/wp-content\/uploads\/LogoOArcanjo.png\",\"contentUrl\":\"https:\/\/www.oarcanjo.net\/site\/wp-content\/uploads\/LogoOArcanjo.png\",\"width\":319,\"height\":99,\"caption\":\"Par\u00f3quia S\u00e3o Miguel Arcanjo\"},\"image\":{\"@id\":\"https:\/\/www.oarcanjo.net\/site\/#\/schema\/logo\/image\/\"},\"sameAs\":[\"https:\/\/www.facebook.com\/OArcanjoNoAr\/\"]},{\"@type\":\"Person\",\"@id\":\"https:\/\/www.oarcanjo.net\/site\/#\/schema\/person\/5eb9480bedd2f3c97e430ce128c29c6c\",\"name\":\"danilo\"}]}<\/script>\n<!-- \/ Yoast SEO plugin. -->","yoast_head_json":{"title":"Santos M\u00e1rio, Marta, Audifax e \u00c1baco - O Arcanjo no ar","robots":{"index":"index","follow":"follow","max-snippet":"max-snippet:-1","max-image-preview":"max-image-preview:large","max-video-preview":"max-video-preview:-1"},"canonical":"https:\/\/www.oarcanjo.net\/site\/santos-mario-marta-audifax-e-abaco\/","og_locale":"pt_BR","og_type":"article","og_title":"Santos M\u00e1rio, Marta, Audifax e \u00c1baco - O Arcanjo no ar","og_description":"19 de Janeiro A Igreja comemora hoje S\u00e3o M\u00e1rio, Santa Marta, Santo Audifax e Santo \u00c1baco, que sairam da P\u00e9rsia e vieram em peregrina\u00e7\u00e3o at\u00e9 Roma, para rezar no tumulo dos m\u00e1rtires. Apesar de poucos documentos que comprovem a hist\u00f3ria desses santos, ainda hoje todo o mundo festeja a prova de f\u00e9 dada por esta [&hellip;]","og_url":"https:\/\/www.oarcanjo.net\/site\/santos-mario-marta-audifax-e-abaco\/","og_site_name":"O Arcanjo no ar","article_publisher":"https:\/\/www.facebook.com\/OArcanjoNoAr\/","article_published_time":"2017-01-19T02:35:03+00:00","article_modified_time":"2016-12-27T08:24:17+00:00","og_image":[{"url":"http:\/\/4.bp.blogspot.com\/_uGGdyrza3Fw\/R5FnOqHOdeI\/AAAAAAAAAVA\/qhtXR45fBlo\/s320\/Santos+mario,marta,audifax,abaco+19jan.jpg"}],"author":"danilo","twitter_card":"summary_large_image","twitter_misc":{"Escrito por":"danilo","Est. tempo de leitura":"1 minuto"},"schema":{"@context":"https:\/\/schema.org","@graph":[{"@type":"Article","@id":"https:\/\/www.oarcanjo.net\/site\/santos-mario-marta-audifax-e-abaco\/#article","isPartOf":{"@id":"https:\/\/www.oarcanjo.net\/site\/santos-mario-marta-audifax-e-abaco\/"},"author":{"name":"danilo","@id":"https:\/\/www.oarcanjo.net\/site\/#\/schema\/person\/5eb9480bedd2f3c97e430ce128c29c6c"},"headline":"Santos M\u00e1rio, Marta, Audifax e \u00c1baco","datePublished":"2017-01-19T02:35:03+00:00","dateModified":"2016-12-27T08:24:17+00:00","mainEntityOfPage":{"@id":"https:\/\/www.oarcanjo.net\/site\/santos-mario-marta-audifax-e-abaco\/"},"wordCount":237,"commentCount":1,"publisher":{"@id":"https:\/\/www.oarcanjo.net\/site\/#organization"},"image":{"@id":"https:\/\/www.oarcanjo.net\/site\/santos-mario-marta-audifax-e-abaco\/#primaryimage"},"thumbnailUrl":"http:\/\/4.bp.blogspot.com\/_uGGdyrza3Fw\/R5FnOqHOdeI\/AAAAAAAAAVA\/qhtXR45fBlo\/s320\/Santos+mario,marta,audifax,abaco+19jan.jpg","articleSection":["Testemunhos"],"inLanguage":"pt-BR","potentialAction":[{"@type":"CommentAction","name":"Comment","target":["https:\/\/www.oarcanjo.net\/site\/santos-mario-marta-audifax-e-abaco\/#respond"]}]},{"@type":"WebPage","@id":"https:\/\/www.oarcanjo.net\/site\/santos-mario-marta-audifax-e-abaco\/","url":"https:\/\/www.oarcanjo.net\/site\/santos-mario-marta-audifax-e-abaco\/","name":"Santos M\u00e1rio, Marta, Audifax e \u00c1baco - O Arcanjo no ar","isPartOf":{"@id":"https:\/\/www.oarcanjo.net\/site\/#website"},"primaryImageOfPage":{"@id":"https:\/\/www.oarcanjo.net\/site\/santos-mario-marta-audifax-e-abaco\/#primaryimage"},"image":{"@id":"https:\/\/www.oarcanjo.net\/site\/santos-mario-marta-audifax-e-abaco\/#primaryimage"},"thumbnailUrl":"http:\/\/4.bp.blogspot.com\/_uGGdyrza3Fw\/R5FnOqHOdeI\/AAAAAAAAAVA\/qhtXR45fBlo\/s320\/Santos+mario,marta,audifax,abaco+19jan.jpg","datePublished":"2017-01-19T02:35:03+00:00","dateModified":"2016-12-27T08:24:17+00:00","breadcrumb":{"@id":"https:\/\/www.oarcanjo.net\/site\/santos-mario-marta-audifax-e-abaco\/#breadcrumb"},"inLanguage":"pt-BR","potentialAction":[{"@type":"ReadAction","target":["https:\/\/www.oarcanjo.net\/site\/santos-mario-marta-audifax-e-abaco\/"]}]},{"@type":"ImageObject","inLanguage":"pt-BR","@id":"https:\/\/www.oarcanjo.net\/site\/santos-mario-marta-audifax-e-abaco\/#primaryimage","url":"http:\/\/4.bp.blogspot.com\/_uGGdyrza3Fw\/R5FnOqHOdeI\/AAAAAAAAAVA\/qhtXR45fBlo\/s320\/Santos+mario,marta,audifax,abaco+19jan.jpg","contentUrl":"http:\/\/4.bp.blogspot.com\/_uGGdyrza3Fw\/R5FnOqHOdeI\/AAAAAAAAAVA\/qhtXR45fBlo\/s320\/Santos+mario,marta,audifax,abaco+19jan.jpg"},{"@type":"BreadcrumbList","@id":"https:\/\/www.oarcanjo.net\/site\/santos-mario-marta-audifax-e-abaco\/#breadcrumb","itemListElement":[{"@type":"ListItem","position":1,"name":"In\u00edcio","item":"https:\/\/www.oarcanjo.net\/site\/"},{"@type":"ListItem","position":2,"name":"Santos M\u00e1rio, Marta, Audifax e \u00c1baco"}]},{"@type":"WebSite","@id":"https:\/\/www.oarcanjo.net\/site\/#website","url":"https:\/\/www.oarcanjo.net\/site\/","name":"O Arcanjo no ar","description":"Site da Par\u00f3quia S\u00e3o Miguel Arcanjo (Arquidiocese de SP)","publisher":{"@id":"https:\/\/www.oarcanjo.net\/site\/#organization"},"potentialAction":[{"@type":"SearchAction","target":{"@type":"EntryPoint","urlTemplate":"https:\/\/www.oarcanjo.net\/site\/?s={search_term_string}"},"query-input":{"@type":"PropertyValueSpecification","valueRequired":true,"valueName":"search_term_string"}}],"inLanguage":"pt-BR"},{"@type":"Organization","@id":"https:\/\/www.oarcanjo.net\/site\/#organization","name":"Par\u00f3quia S\u00e3o Miguel Arcanjo","url":"https:\/\/www.oarcanjo.net\/site\/","logo":{"@type":"ImageObject","inLanguage":"pt-BR","@id":"https:\/\/www.oarcanjo.net\/site\/#\/schema\/logo\/image\/","url":"https:\/\/www.oarcanjo.net\/site\/wp-content\/uploads\/LogoOArcanjo.png","contentUrl":"https:\/\/www.oarcanjo.net\/site\/wp-content\/uploads\/LogoOArcanjo.png","width":319,"height":99,"caption":"Par\u00f3quia S\u00e3o Miguel Arcanjo"},"image":{"@id":"https:\/\/www.oarcanjo.net\/site\/#\/schema\/logo\/image\/"},"sameAs":["https:\/\/www.facebook.com\/OArcanjoNoAr\/"]},{"@type":"Person","@id":"https:\/\/www.oarcanjo.net\/site\/#\/schema\/person\/5eb9480bedd2f3c97e430ce128c29c6c","name":"danilo"}]}},"publishpress_future_action":{"enabled":false,"date":"2026-05-08 11:07:30","action":"category","newStatus":"draft","terms":[],"taxonomy":"category"},"publishpress_future_workflow_manual_trigger":{"enabledWorkflows":[]},"_links":{"self":[{"href":"https:\/\/www.oarcanjo.net\/site\/wp-json\/wp\/v2\/posts\/7385"}],"collection":[{"href":"https:\/\/www.oarcanjo.net\/site\/wp-json\/wp\/v2\/posts"}],"about":[{"href":"https:\/\/www.oarcanjo.net\/site\/wp-json\/wp\/v2\/types\/post"}],"author":[{"embeddable":true,"href":"https:\/\/www.oarcanjo.net\/site\/wp-json\/wp\/v2\/users\/14"}],"replies":[{"embeddable":true,"href":"https:\/\/www.oarcanjo.net\/site\/wp-json\/wp\/v2\/comments?post=7385"}],"version-history":[{"count":0,"href":"https:\/\/www.oarcanjo.net\/site\/wp-json\/wp\/v2\/posts\/7385\/revisions"}],"wp:attachment":[{"href":"https:\/\/www.oarcanjo.net\/site\/wp-json\/wp\/v2\/media?parent=7385"}],"wp:term":[{"taxonomy":"category","embeddable":true,"href":"https:\/\/www.oarcanjo.net\/site\/wp-json\/wp\/v2\/categories?post=7385"},{"taxonomy":"post_tag","embeddable":true,"href":"https:\/\/www.oarcanjo.net\/site\/wp-json\/wp\/v2\/tags?post=7385"}],"curies":[{"name":"wp","href":"https:\/\/api.w.org\/{rel}","templated":true}]}}