
{"id":7387,"date":"2017-01-20T00:42:17","date_gmt":"2017-01-20T02:42:17","guid":{"rendered":"http:\/\/www.oarcanjo.net\/site\/?p=7387"},"modified":"2016-12-27T06:24:25","modified_gmt":"2016-12-27T08:24:25","slug":"sao-fabiano","status":"publish","type":"post","link":"https:\/\/www.oarcanjo.net\/site\/sao-fabiano\/","title":{"rendered":"S\u00e3o Fabiano"},"content":{"rendered":"<p><img decoding=\"async\" src=\"http:\/\/4.bp.blogspot.com\/_z-c0Sh5Zlrs\/SHVX8cyLJzI\/AAAAAAAAAf4\/UyttBHsA_Ro\/s400\/Santo+Fabiano.jpg\" alt=\"\" \/><\/p>\n<p>20 de Janeiro<\/p>\n<p>Fabiano era um fazendeiro crist\u00e3o nascido em Roma. Era um laico, quer dizer, n\u00e3o era um sacerdote, mas mesmo assim foi escolhido pelo povo e pelo clero, \u00e0 ocupar a c\u00e1tedra de S\u00e3o Pedro. Tudo aconteceu, devido a um fato ocorrido, quando a assembl\u00e9ia crist\u00e3 estava tentando escolher o novo pastor da Igreja de Roma. Num determinado momento uma pomba, s\u00edmbolo do Esp\u00edrito Santo, pousou sobre sua cabe\u00e7a e eles entenderam isto como um sinal de Deus. Foi eleito e ordenado: di\u00e1cono, presb\u00edtero e bispo no mesmo dia, 10 de janeiro de 236. Depois de ser consagrado o vig\u00e9simo sacerdote a ocupar a C\u00e1tedra da Igreja de Roma, o ent\u00e3o papa Fabiano se dirigiu ao t\u00famulo de S\u00e3o Pedro para rezar.<\/p>\n<p>Administrador nato, realizou o censo do povo de Cristo, presente na cidade de Roma. Depois dividiu a cidade em sete distritos eclesi\u00e1sticos, ou par\u00f3quias, e delegou a cada uma os seus paroquianos, seu clero e suas catacumbas, como eram chamados os cemit\u00e9rios. O papa Fabiano que era um quase desconhecido antes da elei\u00e7\u00e3o, foi muito apreciado tamb\u00e9m por suas interven\u00e7\u00f5es doutrinais, especialmente nas controv\u00e9rsias da Igreja da \u00c1frica. Sob seu pontificado de catorze anos, houve paz e desenvolvimento interno e externo da Igreja.<\/p>\n<p>Segundo s\u00e3o Cipriano, bispo de Cartago, capital romana da \u00c1frica do norte, o pr\u00f3prio imperador D\u00e9cio, admitia a sua compet\u00eancia e teria dito que preferia um rival no Imp\u00e9rio a um bispo como Fabiano em Roma. O soberano estava com problemas no seu governo, os dom\u00ednios romanos diminu\u00edam devido \u00e0s constantes rebeli\u00f5es, por isto definiu os crist\u00e3os como culpados e desencadeou uma ferrenha persegui\u00e7\u00e3o contra toda a Igreja.<\/p>\n<p>Ocorreu um grande \u00eaxodo de crist\u00e3os de Roma, que se deslocaram para o Oriente \u00e0 procura das comunidades religiosas dos desertos, um pouco mais protegidas das persegui\u00e7\u00f5es. Este foi o in\u00edcio para a vida eremita, com os &#8220;anacoretas&#8221;, mais conhecidos como os padres do deserto. Entretanto, o papa Fabiano permaneceu no seu posto e n\u00e3o renegou a f\u00e9, sendo decapitado no dia 20 de janeiro de 250.<\/p>\n<p>Assim escreveu sobre ele s\u00e3o Cipriano na Carta que enviou ao clero romano: &#8220;Quando era ainda incerta entre n\u00f3s a not\u00edcia da morte desse homem justo, meu companheiro no episcopado.. a carta que me enviastes&#8230; por ela fiquei&#8230; a par da sua gloriosa morte. Muito me alegrei, porque a integridade do seu governo foi coroada com um fim t\u00e3o nobre.&#8221;<\/p>\n<p>Depois do seu mart\u00edrio, a C\u00e1tedra de Pedro ficou desocupada por mais de um ano, at\u00e9 que o clero e o povo de Roma pudessem eleger um novo bispo, devido \u00e0 intensa persegui\u00e7\u00e3o ao catolicismo.<\/p>\n<div id=\"themify_builder_content-7387\" data-postid=\"7387\" class=\"themify_builder_content themify_builder_content-7387 themify_builder themify_builder_front\">\n\t<\/div>\n<!-- \/themify_builder_content -->","protected":false},"excerpt":{"rendered":"<p>20 de Janeiro Fabiano era um fazendeiro crist\u00e3o nascido em Roma. Era um laico, quer dizer, n\u00e3o era um sacerdote, mas mesmo assim foi escolhido pelo povo e pelo clero, \u00e0 ocupar a c\u00e1tedra de S\u00e3o Pedro. Tudo aconteceu, devido a um fato ocorrido, quando a assembl\u00e9ia crist\u00e3 estava tentando escolher o novo pastor da [&hellip;]<\/p>\n","protected":false},"author":14,"featured_media":0,"comment_status":"open","ping_status":"open","sticky":false,"template":"","format":"standard","meta":{"ngg_post_thumbnail":0,"footnotes":""},"categories":[186],"tags":[],"yoast_head":"<!-- This site is optimized with the Yoast SEO plugin v23.5 - https:\/\/yoast.com\/wordpress\/plugins\/seo\/ -->\n<title>S\u00e3o Fabiano - O Arcanjo no ar<\/title>\n<meta name=\"robots\" content=\"index, follow, max-snippet:-1, max-image-preview:large, max-video-preview:-1\" \/>\n<link rel=\"canonical\" href=\"https:\/\/www.oarcanjo.net\/site\/sao-fabiano\/\" \/>\n<meta property=\"og:locale\" content=\"pt_BR\" \/>\n<meta property=\"og:type\" content=\"article\" \/>\n<meta property=\"og:title\" content=\"S\u00e3o Fabiano - O Arcanjo no ar\" \/>\n<meta property=\"og:description\" content=\"20 de Janeiro Fabiano era um fazendeiro crist\u00e3o nascido em Roma. Era um laico, quer dizer, n\u00e3o era um sacerdote, mas mesmo assim foi escolhido pelo povo e pelo clero, \u00e0 ocupar a c\u00e1tedra de S\u00e3o Pedro. Tudo aconteceu, devido a um fato ocorrido, quando a assembl\u00e9ia crist\u00e3 estava tentando escolher o novo pastor da [&hellip;]\" \/>\n<meta property=\"og:url\" content=\"https:\/\/www.oarcanjo.net\/site\/sao-fabiano\/\" \/>\n<meta property=\"og:site_name\" content=\"O Arcanjo no ar\" \/>\n<meta property=\"article:publisher\" content=\"https:\/\/www.facebook.com\/OArcanjoNoAr\/\" \/>\n<meta property=\"article:published_time\" content=\"2017-01-20T02:42:17+00:00\" \/>\n<meta property=\"article:modified_time\" content=\"2016-12-27T08:24:25+00:00\" \/>\n<meta property=\"og:image\" content=\"http:\/\/4.bp.blogspot.com\/_z-c0Sh5Zlrs\/SHVX8cyLJzI\/AAAAAAAAAf4\/UyttBHsA_Ro\/s400\/Santo+Fabiano.jpg\" \/>\n<meta name=\"author\" content=\"danilo\" \/>\n<meta name=\"twitter:card\" content=\"summary_large_image\" \/>\n<meta name=\"twitter:label1\" content=\"Escrito por\" \/>\n\t<meta name=\"twitter:data1\" content=\"danilo\" \/>\n\t<meta name=\"twitter:label2\" content=\"Est. tempo de leitura\" \/>\n\t<meta name=\"twitter:data2\" content=\"2 minutos\" \/>\n<script type=\"application\/ld+json\" class=\"yoast-schema-graph\">{\"@context\":\"https:\/\/schema.org\",\"@graph\":[{\"@type\":\"Article\",\"@id\":\"https:\/\/www.oarcanjo.net\/site\/sao-fabiano\/#article\",\"isPartOf\":{\"@id\":\"https:\/\/www.oarcanjo.net\/site\/sao-fabiano\/\"},\"author\":{\"name\":\"danilo\",\"@id\":\"https:\/\/www.oarcanjo.net\/site\/#\/schema\/person\/5eb9480bedd2f3c97e430ce128c29c6c\"},\"headline\":\"S\u00e3o Fabiano\",\"datePublished\":\"2017-01-20T02:42:17+00:00\",\"dateModified\":\"2016-12-27T08:24:25+00:00\",\"mainEntityOfPage\":{\"@id\":\"https:\/\/www.oarcanjo.net\/site\/sao-fabiano\/\"},\"wordCount\":475,\"commentCount\":0,\"publisher\":{\"@id\":\"https:\/\/www.oarcanjo.net\/site\/#organization\"},\"image\":{\"@id\":\"https:\/\/www.oarcanjo.net\/site\/sao-fabiano\/#primaryimage\"},\"thumbnailUrl\":\"http:\/\/4.bp.blogspot.com\/_z-c0Sh5Zlrs\/SHVX8cyLJzI\/AAAAAAAAAf4\/UyttBHsA_Ro\/s400\/Santo+Fabiano.jpg\",\"articleSection\":[\"Testemunhos\"],\"inLanguage\":\"pt-BR\",\"potentialAction\":[{\"@type\":\"CommentAction\",\"name\":\"Comment\",\"target\":[\"https:\/\/www.oarcanjo.net\/site\/sao-fabiano\/#respond\"]}]},{\"@type\":\"WebPage\",\"@id\":\"https:\/\/www.oarcanjo.net\/site\/sao-fabiano\/\",\"url\":\"https:\/\/www.oarcanjo.net\/site\/sao-fabiano\/\",\"name\":\"S\u00e3o Fabiano - O Arcanjo no ar\",\"isPartOf\":{\"@id\":\"https:\/\/www.oarcanjo.net\/site\/#website\"},\"primaryImageOfPage\":{\"@id\":\"https:\/\/www.oarcanjo.net\/site\/sao-fabiano\/#primaryimage\"},\"image\":{\"@id\":\"https:\/\/www.oarcanjo.net\/site\/sao-fabiano\/#primaryimage\"},\"thumbnailUrl\":\"http:\/\/4.bp.blogspot.com\/_z-c0Sh5Zlrs\/SHVX8cyLJzI\/AAAAAAAAAf4\/UyttBHsA_Ro\/s400\/Santo+Fabiano.jpg\",\"datePublished\":\"2017-01-20T02:42:17+00:00\",\"dateModified\":\"2016-12-27T08:24:25+00:00\",\"breadcrumb\":{\"@id\":\"https:\/\/www.oarcanjo.net\/site\/sao-fabiano\/#breadcrumb\"},\"inLanguage\":\"pt-BR\",\"potentialAction\":[{\"@type\":\"ReadAction\",\"target\":[\"https:\/\/www.oarcanjo.net\/site\/sao-fabiano\/\"]}]},{\"@type\":\"ImageObject\",\"inLanguage\":\"pt-BR\",\"@id\":\"https:\/\/www.oarcanjo.net\/site\/sao-fabiano\/#primaryimage\",\"url\":\"http:\/\/4.bp.blogspot.com\/_z-c0Sh5Zlrs\/SHVX8cyLJzI\/AAAAAAAAAf4\/UyttBHsA_Ro\/s400\/Santo+Fabiano.jpg\",\"contentUrl\":\"http:\/\/4.bp.blogspot.com\/_z-c0Sh5Zlrs\/SHVX8cyLJzI\/AAAAAAAAAf4\/UyttBHsA_Ro\/s400\/Santo+Fabiano.jpg\"},{\"@type\":\"BreadcrumbList\",\"@id\":\"https:\/\/www.oarcanjo.net\/site\/sao-fabiano\/#breadcrumb\",\"itemListElement\":[{\"@type\":\"ListItem\",\"position\":1,\"name\":\"In\u00edcio\",\"item\":\"https:\/\/www.oarcanjo.net\/site\/\"},{\"@type\":\"ListItem\",\"position\":2,\"name\":\"S\u00e3o Fabiano\"}]},{\"@type\":\"WebSite\",\"@id\":\"https:\/\/www.oarcanjo.net\/site\/#website\",\"url\":\"https:\/\/www.oarcanjo.net\/site\/\",\"name\":\"O Arcanjo no ar\",\"description\":\"Site da Par\u00f3quia S\u00e3o Miguel Arcanjo (Arquidiocese de SP)\",\"publisher\":{\"@id\":\"https:\/\/www.oarcanjo.net\/site\/#organization\"},\"potentialAction\":[{\"@type\":\"SearchAction\",\"target\":{\"@type\":\"EntryPoint\",\"urlTemplate\":\"https:\/\/www.oarcanjo.net\/site\/?s={search_term_string}\"},\"query-input\":{\"@type\":\"PropertyValueSpecification\",\"valueRequired\":true,\"valueName\":\"search_term_string\"}}],\"inLanguage\":\"pt-BR\"},{\"@type\":\"Organization\",\"@id\":\"https:\/\/www.oarcanjo.net\/site\/#organization\",\"name\":\"Par\u00f3quia S\u00e3o Miguel Arcanjo\",\"url\":\"https:\/\/www.oarcanjo.net\/site\/\",\"logo\":{\"@type\":\"ImageObject\",\"inLanguage\":\"pt-BR\",\"@id\":\"https:\/\/www.oarcanjo.net\/site\/#\/schema\/logo\/image\/\",\"url\":\"https:\/\/www.oarcanjo.net\/site\/wp-content\/uploads\/LogoOArcanjo.png\",\"contentUrl\":\"https:\/\/www.oarcanjo.net\/site\/wp-content\/uploads\/LogoOArcanjo.png\",\"width\":319,\"height\":99,\"caption\":\"Par\u00f3quia S\u00e3o Miguel Arcanjo\"},\"image\":{\"@id\":\"https:\/\/www.oarcanjo.net\/site\/#\/schema\/logo\/image\/\"},\"sameAs\":[\"https:\/\/www.facebook.com\/OArcanjoNoAr\/\"]},{\"@type\":\"Person\",\"@id\":\"https:\/\/www.oarcanjo.net\/site\/#\/schema\/person\/5eb9480bedd2f3c97e430ce128c29c6c\",\"name\":\"danilo\"}]}<\/script>\n<!-- \/ Yoast SEO plugin. -->","yoast_head_json":{"title":"S\u00e3o Fabiano - O Arcanjo no ar","robots":{"index":"index","follow":"follow","max-snippet":"max-snippet:-1","max-image-preview":"max-image-preview:large","max-video-preview":"max-video-preview:-1"},"canonical":"https:\/\/www.oarcanjo.net\/site\/sao-fabiano\/","og_locale":"pt_BR","og_type":"article","og_title":"S\u00e3o Fabiano - O Arcanjo no ar","og_description":"20 de Janeiro Fabiano era um fazendeiro crist\u00e3o nascido em Roma. Era um laico, quer dizer, n\u00e3o era um sacerdote, mas mesmo assim foi escolhido pelo povo e pelo clero, \u00e0 ocupar a c\u00e1tedra de S\u00e3o Pedro. Tudo aconteceu, devido a um fato ocorrido, quando a assembl\u00e9ia crist\u00e3 estava tentando escolher o novo pastor da [&hellip;]","og_url":"https:\/\/www.oarcanjo.net\/site\/sao-fabiano\/","og_site_name":"O Arcanjo no ar","article_publisher":"https:\/\/www.facebook.com\/OArcanjoNoAr\/","article_published_time":"2017-01-20T02:42:17+00:00","article_modified_time":"2016-12-27T08:24:25+00:00","og_image":[{"url":"http:\/\/4.bp.blogspot.com\/_z-c0Sh5Zlrs\/SHVX8cyLJzI\/AAAAAAAAAf4\/UyttBHsA_Ro\/s400\/Santo+Fabiano.jpg"}],"author":"danilo","twitter_card":"summary_large_image","twitter_misc":{"Escrito por":"danilo","Est. tempo de leitura":"2 minutos"},"schema":{"@context":"https:\/\/schema.org","@graph":[{"@type":"Article","@id":"https:\/\/www.oarcanjo.net\/site\/sao-fabiano\/#article","isPartOf":{"@id":"https:\/\/www.oarcanjo.net\/site\/sao-fabiano\/"},"author":{"name":"danilo","@id":"https:\/\/www.oarcanjo.net\/site\/#\/schema\/person\/5eb9480bedd2f3c97e430ce128c29c6c"},"headline":"S\u00e3o Fabiano","datePublished":"2017-01-20T02:42:17+00:00","dateModified":"2016-12-27T08:24:25+00:00","mainEntityOfPage":{"@id":"https:\/\/www.oarcanjo.net\/site\/sao-fabiano\/"},"wordCount":475,"commentCount":0,"publisher":{"@id":"https:\/\/www.oarcanjo.net\/site\/#organization"},"image":{"@id":"https:\/\/www.oarcanjo.net\/site\/sao-fabiano\/#primaryimage"},"thumbnailUrl":"http:\/\/4.bp.blogspot.com\/_z-c0Sh5Zlrs\/SHVX8cyLJzI\/AAAAAAAAAf4\/UyttBHsA_Ro\/s400\/Santo+Fabiano.jpg","articleSection":["Testemunhos"],"inLanguage":"pt-BR","potentialAction":[{"@type":"CommentAction","name":"Comment","target":["https:\/\/www.oarcanjo.net\/site\/sao-fabiano\/#respond"]}]},{"@type":"WebPage","@id":"https:\/\/www.oarcanjo.net\/site\/sao-fabiano\/","url":"https:\/\/www.oarcanjo.net\/site\/sao-fabiano\/","name":"S\u00e3o Fabiano - O Arcanjo no ar","isPartOf":{"@id":"https:\/\/www.oarcanjo.net\/site\/#website"},"primaryImageOfPage":{"@id":"https:\/\/www.oarcanjo.net\/site\/sao-fabiano\/#primaryimage"},"image":{"@id":"https:\/\/www.oarcanjo.net\/site\/sao-fabiano\/#primaryimage"},"thumbnailUrl":"http:\/\/4.bp.blogspot.com\/_z-c0Sh5Zlrs\/SHVX8cyLJzI\/AAAAAAAAAf4\/UyttBHsA_Ro\/s400\/Santo+Fabiano.jpg","datePublished":"2017-01-20T02:42:17+00:00","dateModified":"2016-12-27T08:24:25+00:00","breadcrumb":{"@id":"https:\/\/www.oarcanjo.net\/site\/sao-fabiano\/#breadcrumb"},"inLanguage":"pt-BR","potentialAction":[{"@type":"ReadAction","target":["https:\/\/www.oarcanjo.net\/site\/sao-fabiano\/"]}]},{"@type":"ImageObject","inLanguage":"pt-BR","@id":"https:\/\/www.oarcanjo.net\/site\/sao-fabiano\/#primaryimage","url":"http:\/\/4.bp.blogspot.com\/_z-c0Sh5Zlrs\/SHVX8cyLJzI\/AAAAAAAAAf4\/UyttBHsA_Ro\/s400\/Santo+Fabiano.jpg","contentUrl":"http:\/\/4.bp.blogspot.com\/_z-c0Sh5Zlrs\/SHVX8cyLJzI\/AAAAAAAAAf4\/UyttBHsA_Ro\/s400\/Santo+Fabiano.jpg"},{"@type":"BreadcrumbList","@id":"https:\/\/www.oarcanjo.net\/site\/sao-fabiano\/#breadcrumb","itemListElement":[{"@type":"ListItem","position":1,"name":"In\u00edcio","item":"https:\/\/www.oarcanjo.net\/site\/"},{"@type":"ListItem","position":2,"name":"S\u00e3o Fabiano"}]},{"@type":"WebSite","@id":"https:\/\/www.oarcanjo.net\/site\/#website","url":"https:\/\/www.oarcanjo.net\/site\/","name":"O Arcanjo no ar","description":"Site da Par\u00f3quia S\u00e3o Miguel Arcanjo (Arquidiocese de SP)","publisher":{"@id":"https:\/\/www.oarcanjo.net\/site\/#organization"},"potentialAction":[{"@type":"SearchAction","target":{"@type":"EntryPoint","urlTemplate":"https:\/\/www.oarcanjo.net\/site\/?s={search_term_string}"},"query-input":{"@type":"PropertyValueSpecification","valueRequired":true,"valueName":"search_term_string"}}],"inLanguage":"pt-BR"},{"@type":"Organization","@id":"https:\/\/www.oarcanjo.net\/site\/#organization","name":"Par\u00f3quia S\u00e3o Miguel Arcanjo","url":"https:\/\/www.oarcanjo.net\/site\/","logo":{"@type":"ImageObject","inLanguage":"pt-BR","@id":"https:\/\/www.oarcanjo.net\/site\/#\/schema\/logo\/image\/","url":"https:\/\/www.oarcanjo.net\/site\/wp-content\/uploads\/LogoOArcanjo.png","contentUrl":"https:\/\/www.oarcanjo.net\/site\/wp-content\/uploads\/LogoOArcanjo.png","width":319,"height":99,"caption":"Par\u00f3quia S\u00e3o Miguel Arcanjo"},"image":{"@id":"https:\/\/www.oarcanjo.net\/site\/#\/schema\/logo\/image\/"},"sameAs":["https:\/\/www.facebook.com\/OArcanjoNoAr\/"]},{"@type":"Person","@id":"https:\/\/www.oarcanjo.net\/site\/#\/schema\/person\/5eb9480bedd2f3c97e430ce128c29c6c","name":"danilo"}]}},"publishpress_future_action":{"enabled":false,"date":"2026-05-08 12:45:40","action":"category","newStatus":"draft","terms":[],"taxonomy":"category"},"publishpress_future_workflow_manual_trigger":{"enabledWorkflows":[]},"_links":{"self":[{"href":"https:\/\/www.oarcanjo.net\/site\/wp-json\/wp\/v2\/posts\/7387"}],"collection":[{"href":"https:\/\/www.oarcanjo.net\/site\/wp-json\/wp\/v2\/posts"}],"about":[{"href":"https:\/\/www.oarcanjo.net\/site\/wp-json\/wp\/v2\/types\/post"}],"author":[{"embeddable":true,"href":"https:\/\/www.oarcanjo.net\/site\/wp-json\/wp\/v2\/users\/14"}],"replies":[{"embeddable":true,"href":"https:\/\/www.oarcanjo.net\/site\/wp-json\/wp\/v2\/comments?post=7387"}],"version-history":[{"count":0,"href":"https:\/\/www.oarcanjo.net\/site\/wp-json\/wp\/v2\/posts\/7387\/revisions"}],"wp:attachment":[{"href":"https:\/\/www.oarcanjo.net\/site\/wp-json\/wp\/v2\/media?parent=7387"}],"wp:term":[{"taxonomy":"category","embeddable":true,"href":"https:\/\/www.oarcanjo.net\/site\/wp-json\/wp\/v2\/categories?post=7387"},{"taxonomy":"post_tag","embeddable":true,"href":"https:\/\/www.oarcanjo.net\/site\/wp-json\/wp\/v2\/tags?post=7387"}],"curies":[{"name":"wp","href":"https:\/\/api.w.org\/{rel}","templated":true}]}}