
{"id":7389,"date":"2017-01-20T00:45:27","date_gmt":"2017-01-20T02:45:27","guid":{"rendered":"http:\/\/www.oarcanjo.net\/site\/?p=7389"},"modified":"2016-12-27T06:23:55","modified_gmt":"2016-12-27T08:23:55","slug":"bem-aventurada-maria-cristina-brando-da-imaculada-conceicao","status":"publish","type":"post","link":"https:\/\/www.oarcanjo.net\/site\/bem-aventurada-maria-cristina-brando-da-imaculada-conceicao\/","title":{"rendered":"Bem Aventurada Maria Cristina (Brando) da Imaculada Concei\u00e7\u00e3o"},"content":{"rendered":"<p><img decoding=\"async\" src=\"http:\/\/1.bp.blogspot.com\/_z-c0Sh5Zlrs\/SHVYY_oWMxI\/AAAAAAAAAgA\/g2nBNL93TFY\/s400\/Maria+Cristina+(Brando)+da+Imaculada+Concei%C3%A7%C3%A3o.jpg\" alt=\"\" \/><\/p>\n<p>20 de Janeiro<\/p>\n<p>Adelaide Brando nasceu no dia primeiro de maio de 1856, numa fam\u00edlia com boa situa\u00e7\u00e3o financeira. O pai, Jo\u00e3o homem muito respeitado, ocupava um importante cargo num Banco da cidade. Aos doze anos, na noite de Natal, ajoelhada diante do Menino Jesus, ela se consagrou a Deus com um voto de perp\u00e9tua virgindade. Quando desejou ser uma Sacramentina encontrou oposi\u00e7\u00e3o do seu pai, que depois a aben\u00e7oou e permitiu que se juntasse \u00e0 sua irm\u00e3 Maria Pia, uma clarissa do mosteiro das Fiorentinas, em N\u00e1polis.<\/p>\n<p>Mas uma grave doen\u00e7a a fez regressar para casa duas vezes. Uma vez curada, em 1875, ingressou na congrega\u00e7\u00e3o das Sacramentinas, e depois de um ano tomou o h\u00e1bito e mudou o nome para o de Maria Cristina da Imaculada Concei\u00e7\u00e3o. Por\u00e9m tornou a adoeceu e foi for\u00e7ada a deixar o caminho que havia iniciado com tanto fervor.<\/p>\n<p>A esta altura p\u00f4de perceber que tinha chegado o momento de criar uma fam\u00edlia religiosa. Assim, no ano de 1878, enquanto morava no pensionato junto \u00e0s Teresianas de Torre del Greco, lan\u00e7ou os fundamentos da Congrega\u00e7\u00e3o das Irm\u00e3s V\u00edtimas Expiadoras de Jesus Sacramentado que cresceu rapidamente, apesar das escassas economias e das oposi\u00e7\u00f5es, sem falar da prec\u00e1ria sa\u00fade da Fundadora.<\/p>\n<p>Depois de ter passado por v\u00e1rias sedes, a comunidade, seguindo os conselhos dos seus diretores espirituais: padre Michelangelo de Marigliano e beato Ludovico de Casoria, se transferiu para Casoria, n\u00e3o muito distante de N\u00e1polis. A nova congrega\u00e7\u00e3o encontrou muitas dificuldades mas conseguiu se manter com a ajuda da Divina Provid\u00eancia e de muitos benfeitores e sacerdotes, dentre os quais se sobressai o padre Domenico Maglione. A congrega\u00e7\u00e3o se enriqueceu com novos membros e casas; sempre testemunhou uma grande devo\u00e7\u00e3o para com a Eucaristia; e primou pelo constante empenho e cuidado na educa\u00e7\u00e3o de meninos e meninas; carisma desta fam\u00edlia de religiosas.<\/p>\n<p>No ano de 1897, Maria Cristina emitiu os votos tempor\u00e1rios; no dia 20 de julho de 1903 a congrega\u00e7\u00e3o obteve a aprova\u00e7\u00e3o can\u00f4nica da Santa S\u00e9; e, no dia 2 de novembro do mesmo ano, a Fundadora, junto com muitas irm\u00e3s, emitiu a profiss\u00e3o perp\u00e9tua.<\/p>\n<p>Ela viveu com generosidade, com perseveran\u00e7a e alegria espiritual a sua consagra\u00e7\u00e3o e assumiu o encargo de superiora geral com humildade, prud\u00eancia e amabilidade, dando exemplos cont\u00ednuos de fidelidade a Deus e \u00e0 voca\u00e7\u00e3o, trilhando o caminho da santidade. No dia 20 de janeiro de 1906, entrou na vida eterna que sempre desejou, no Reino de Deus.<\/p>\n<p>Assim como viveu, morreu, sem marcas de prod\u00edgios, mas com um semblante sereno que significava a vontade de Jesus Cristo totalmente cumprida. A congrega\u00e7\u00e3o por ela fundada em N\u00e1polis se espalhou pela It\u00e1lia e muitos outros pa\u00edses, com suas filhas empenhadas hoje como ontem no \u00e1rduo caminho da virtude, sendo guiadas na luminosidade do seu exemplo.<\/p>\n<p>O papa Jo\u00e3o Paulo II a beatificou no ano 2003, em Roma, indicando sua festa para o dia de sua morte.<\/p>\n<div id=\"themify_builder_content-7389\" data-postid=\"7389\" class=\"themify_builder_content themify_builder_content-7389 themify_builder themify_builder_front\">\n\t<\/div>\n<!-- \/themify_builder_content -->","protected":false},"excerpt":{"rendered":"<p>20 de Janeiro Adelaide Brando nasceu no dia primeiro de maio de 1856, numa fam\u00edlia com boa situa\u00e7\u00e3o financeira. O pai, Jo\u00e3o homem muito respeitado, ocupava um importante cargo num Banco da cidade. Aos doze anos, na noite de Natal, ajoelhada diante do Menino Jesus, ela se consagrou a Deus com um voto de perp\u00e9tua [&hellip;]<\/p>\n","protected":false},"author":14,"featured_media":0,"comment_status":"open","ping_status":"open","sticky":false,"template":"","format":"standard","meta":{"ngg_post_thumbnail":0,"footnotes":""},"categories":[186],"tags":[],"yoast_head":"<!-- This site is optimized with the Yoast SEO plugin v23.5 - https:\/\/yoast.com\/wordpress\/plugins\/seo\/ -->\n<title>Bem Aventurada Maria Cristina (Brando) da Imaculada Concei\u00e7\u00e3o - O Arcanjo no ar<\/title>\n<meta name=\"robots\" content=\"index, follow, max-snippet:-1, max-image-preview:large, max-video-preview:-1\" \/>\n<link rel=\"canonical\" href=\"https:\/\/www.oarcanjo.net\/site\/bem-aventurada-maria-cristina-brando-da-imaculada-conceicao\/\" \/>\n<meta property=\"og:locale\" content=\"pt_BR\" \/>\n<meta property=\"og:type\" content=\"article\" \/>\n<meta property=\"og:title\" content=\"Bem Aventurada Maria Cristina (Brando) da Imaculada Concei\u00e7\u00e3o - O Arcanjo no ar\" \/>\n<meta property=\"og:description\" content=\"20 de Janeiro Adelaide Brando nasceu no dia primeiro de maio de 1856, numa fam\u00edlia com boa situa\u00e7\u00e3o financeira. O pai, Jo\u00e3o homem muito respeitado, ocupava um importante cargo num Banco da cidade. Aos doze anos, na noite de Natal, ajoelhada diante do Menino Jesus, ela se consagrou a Deus com um voto de perp\u00e9tua [&hellip;]\" \/>\n<meta property=\"og:url\" content=\"https:\/\/www.oarcanjo.net\/site\/bem-aventurada-maria-cristina-brando-da-imaculada-conceicao\/\" \/>\n<meta property=\"og:site_name\" content=\"O Arcanjo no ar\" \/>\n<meta property=\"article:publisher\" content=\"https:\/\/www.facebook.com\/OArcanjoNoAr\/\" \/>\n<meta property=\"article:published_time\" content=\"2017-01-20T02:45:27+00:00\" \/>\n<meta property=\"article:modified_time\" content=\"2016-12-27T08:23:55+00:00\" \/>\n<meta property=\"og:image\" content=\"http:\/\/1.bp.blogspot.com\/_z-c0Sh5Zlrs\/SHVYY_oWMxI\/AAAAAAAAAgA\/g2nBNL93TFY\/s400\/Maria+Cristina+(Brando)+da+Imaculada+Concei%C3%A7%C3%A3o.jpg\" \/>\n<meta name=\"author\" content=\"danilo\" \/>\n<meta name=\"twitter:card\" content=\"summary_large_image\" \/>\n<meta name=\"twitter:label1\" content=\"Escrito por\" \/>\n\t<meta name=\"twitter:data1\" content=\"danilo\" \/>\n\t<meta name=\"twitter:label2\" content=\"Est. tempo de leitura\" \/>\n\t<meta name=\"twitter:data2\" content=\"3 minutos\" \/>\n<script type=\"application\/ld+json\" class=\"yoast-schema-graph\">{\"@context\":\"https:\/\/schema.org\",\"@graph\":[{\"@type\":\"Article\",\"@id\":\"https:\/\/www.oarcanjo.net\/site\/bem-aventurada-maria-cristina-brando-da-imaculada-conceicao\/#article\",\"isPartOf\":{\"@id\":\"https:\/\/www.oarcanjo.net\/site\/bem-aventurada-maria-cristina-brando-da-imaculada-conceicao\/\"},\"author\":{\"name\":\"danilo\",\"@id\":\"https:\/\/www.oarcanjo.net\/site\/#\/schema\/person\/5eb9480bedd2f3c97e430ce128c29c6c\"},\"headline\":\"Bem Aventurada Maria Cristina (Brando) da Imaculada Concei\u00e7\u00e3o\",\"datePublished\":\"2017-01-20T02:45:27+00:00\",\"dateModified\":\"2016-12-27T08:23:55+00:00\",\"mainEntityOfPage\":{\"@id\":\"https:\/\/www.oarcanjo.net\/site\/bem-aventurada-maria-cristina-brando-da-imaculada-conceicao\/\"},\"wordCount\":531,\"commentCount\":0,\"publisher\":{\"@id\":\"https:\/\/www.oarcanjo.net\/site\/#organization\"},\"image\":{\"@id\":\"https:\/\/www.oarcanjo.net\/site\/bem-aventurada-maria-cristina-brando-da-imaculada-conceicao\/#primaryimage\"},\"thumbnailUrl\":\"http:\/\/1.bp.blogspot.com\/_z-c0Sh5Zlrs\/SHVYY_oWMxI\/AAAAAAAAAgA\/g2nBNL93TFY\/s400\/Maria+Cristina+(Brando)+da+Imaculada+Concei%C3%A7%C3%A3o.jpg\",\"articleSection\":[\"Testemunhos\"],\"inLanguage\":\"pt-BR\",\"potentialAction\":[{\"@type\":\"CommentAction\",\"name\":\"Comment\",\"target\":[\"https:\/\/www.oarcanjo.net\/site\/bem-aventurada-maria-cristina-brando-da-imaculada-conceicao\/#respond\"]}]},{\"@type\":\"WebPage\",\"@id\":\"https:\/\/www.oarcanjo.net\/site\/bem-aventurada-maria-cristina-brando-da-imaculada-conceicao\/\",\"url\":\"https:\/\/www.oarcanjo.net\/site\/bem-aventurada-maria-cristina-brando-da-imaculada-conceicao\/\",\"name\":\"Bem Aventurada Maria Cristina (Brando) da Imaculada Concei\u00e7\u00e3o - O Arcanjo no ar\",\"isPartOf\":{\"@id\":\"https:\/\/www.oarcanjo.net\/site\/#website\"},\"primaryImageOfPage\":{\"@id\":\"https:\/\/www.oarcanjo.net\/site\/bem-aventurada-maria-cristina-brando-da-imaculada-conceicao\/#primaryimage\"},\"image\":{\"@id\":\"https:\/\/www.oarcanjo.net\/site\/bem-aventurada-maria-cristina-brando-da-imaculada-conceicao\/#primaryimage\"},\"thumbnailUrl\":\"http:\/\/1.bp.blogspot.com\/_z-c0Sh5Zlrs\/SHVYY_oWMxI\/AAAAAAAAAgA\/g2nBNL93TFY\/s400\/Maria+Cristina+(Brando)+da+Imaculada+Concei%C3%A7%C3%A3o.jpg\",\"datePublished\":\"2017-01-20T02:45:27+00:00\",\"dateModified\":\"2016-12-27T08:23:55+00:00\",\"breadcrumb\":{\"@id\":\"https:\/\/www.oarcanjo.net\/site\/bem-aventurada-maria-cristina-brando-da-imaculada-conceicao\/#breadcrumb\"},\"inLanguage\":\"pt-BR\",\"potentialAction\":[{\"@type\":\"ReadAction\",\"target\":[\"https:\/\/www.oarcanjo.net\/site\/bem-aventurada-maria-cristina-brando-da-imaculada-conceicao\/\"]}]},{\"@type\":\"ImageObject\",\"inLanguage\":\"pt-BR\",\"@id\":\"https:\/\/www.oarcanjo.net\/site\/bem-aventurada-maria-cristina-brando-da-imaculada-conceicao\/#primaryimage\",\"url\":\"http:\/\/1.bp.blogspot.com\/_z-c0Sh5Zlrs\/SHVYY_oWMxI\/AAAAAAAAAgA\/g2nBNL93TFY\/s400\/Maria+Cristina+(Brando)+da+Imaculada+Concei%C3%A7%C3%A3o.jpg\",\"contentUrl\":\"http:\/\/1.bp.blogspot.com\/_z-c0Sh5Zlrs\/SHVYY_oWMxI\/AAAAAAAAAgA\/g2nBNL93TFY\/s400\/Maria+Cristina+(Brando)+da+Imaculada+Concei%C3%A7%C3%A3o.jpg\"},{\"@type\":\"BreadcrumbList\",\"@id\":\"https:\/\/www.oarcanjo.net\/site\/bem-aventurada-maria-cristina-brando-da-imaculada-conceicao\/#breadcrumb\",\"itemListElement\":[{\"@type\":\"ListItem\",\"position\":1,\"name\":\"In\u00edcio\",\"item\":\"https:\/\/www.oarcanjo.net\/site\/\"},{\"@type\":\"ListItem\",\"position\":2,\"name\":\"Bem Aventurada Maria Cristina (Brando) da Imaculada Concei\u00e7\u00e3o\"}]},{\"@type\":\"WebSite\",\"@id\":\"https:\/\/www.oarcanjo.net\/site\/#website\",\"url\":\"https:\/\/www.oarcanjo.net\/site\/\",\"name\":\"O Arcanjo no ar\",\"description\":\"Site da Par\u00f3quia S\u00e3o Miguel Arcanjo (Arquidiocese de SP)\",\"publisher\":{\"@id\":\"https:\/\/www.oarcanjo.net\/site\/#organization\"},\"potentialAction\":[{\"@type\":\"SearchAction\",\"target\":{\"@type\":\"EntryPoint\",\"urlTemplate\":\"https:\/\/www.oarcanjo.net\/site\/?s={search_term_string}\"},\"query-input\":{\"@type\":\"PropertyValueSpecification\",\"valueRequired\":true,\"valueName\":\"search_term_string\"}}],\"inLanguage\":\"pt-BR\"},{\"@type\":\"Organization\",\"@id\":\"https:\/\/www.oarcanjo.net\/site\/#organization\",\"name\":\"Par\u00f3quia S\u00e3o Miguel Arcanjo\",\"url\":\"https:\/\/www.oarcanjo.net\/site\/\",\"logo\":{\"@type\":\"ImageObject\",\"inLanguage\":\"pt-BR\",\"@id\":\"https:\/\/www.oarcanjo.net\/site\/#\/schema\/logo\/image\/\",\"url\":\"https:\/\/www.oarcanjo.net\/site\/wp-content\/uploads\/LogoOArcanjo.png\",\"contentUrl\":\"https:\/\/www.oarcanjo.net\/site\/wp-content\/uploads\/LogoOArcanjo.png\",\"width\":319,\"height\":99,\"caption\":\"Par\u00f3quia S\u00e3o Miguel Arcanjo\"},\"image\":{\"@id\":\"https:\/\/www.oarcanjo.net\/site\/#\/schema\/logo\/image\/\"},\"sameAs\":[\"https:\/\/www.facebook.com\/OArcanjoNoAr\/\"]},{\"@type\":\"Person\",\"@id\":\"https:\/\/www.oarcanjo.net\/site\/#\/schema\/person\/5eb9480bedd2f3c97e430ce128c29c6c\",\"name\":\"danilo\"}]}<\/script>\n<!-- \/ Yoast SEO plugin. -->","yoast_head_json":{"title":"Bem Aventurada Maria Cristina (Brando) da Imaculada Concei\u00e7\u00e3o - O Arcanjo no ar","robots":{"index":"index","follow":"follow","max-snippet":"max-snippet:-1","max-image-preview":"max-image-preview:large","max-video-preview":"max-video-preview:-1"},"canonical":"https:\/\/www.oarcanjo.net\/site\/bem-aventurada-maria-cristina-brando-da-imaculada-conceicao\/","og_locale":"pt_BR","og_type":"article","og_title":"Bem Aventurada Maria Cristina (Brando) da Imaculada Concei\u00e7\u00e3o - O Arcanjo no ar","og_description":"20 de Janeiro Adelaide Brando nasceu no dia primeiro de maio de 1856, numa fam\u00edlia com boa situa\u00e7\u00e3o financeira. O pai, Jo\u00e3o homem muito respeitado, ocupava um importante cargo num Banco da cidade. Aos doze anos, na noite de Natal, ajoelhada diante do Menino Jesus, ela se consagrou a Deus com um voto de perp\u00e9tua [&hellip;]","og_url":"https:\/\/www.oarcanjo.net\/site\/bem-aventurada-maria-cristina-brando-da-imaculada-conceicao\/","og_site_name":"O Arcanjo no ar","article_publisher":"https:\/\/www.facebook.com\/OArcanjoNoAr\/","article_published_time":"2017-01-20T02:45:27+00:00","article_modified_time":"2016-12-27T08:23:55+00:00","og_image":[{"url":"http:\/\/1.bp.blogspot.com\/_z-c0Sh5Zlrs\/SHVYY_oWMxI\/AAAAAAAAAgA\/g2nBNL93TFY\/s400\/Maria+Cristina+(Brando)+da+Imaculada+Concei%C3%A7%C3%A3o.jpg"}],"author":"danilo","twitter_card":"summary_large_image","twitter_misc":{"Escrito por":"danilo","Est. tempo de leitura":"3 minutos"},"schema":{"@context":"https:\/\/schema.org","@graph":[{"@type":"Article","@id":"https:\/\/www.oarcanjo.net\/site\/bem-aventurada-maria-cristina-brando-da-imaculada-conceicao\/#article","isPartOf":{"@id":"https:\/\/www.oarcanjo.net\/site\/bem-aventurada-maria-cristina-brando-da-imaculada-conceicao\/"},"author":{"name":"danilo","@id":"https:\/\/www.oarcanjo.net\/site\/#\/schema\/person\/5eb9480bedd2f3c97e430ce128c29c6c"},"headline":"Bem Aventurada Maria Cristina (Brando) da Imaculada Concei\u00e7\u00e3o","datePublished":"2017-01-20T02:45:27+00:00","dateModified":"2016-12-27T08:23:55+00:00","mainEntityOfPage":{"@id":"https:\/\/www.oarcanjo.net\/site\/bem-aventurada-maria-cristina-brando-da-imaculada-conceicao\/"},"wordCount":531,"commentCount":0,"publisher":{"@id":"https:\/\/www.oarcanjo.net\/site\/#organization"},"image":{"@id":"https:\/\/www.oarcanjo.net\/site\/bem-aventurada-maria-cristina-brando-da-imaculada-conceicao\/#primaryimage"},"thumbnailUrl":"http:\/\/1.bp.blogspot.com\/_z-c0Sh5Zlrs\/SHVYY_oWMxI\/AAAAAAAAAgA\/g2nBNL93TFY\/s400\/Maria+Cristina+(Brando)+da+Imaculada+Concei%C3%A7%C3%A3o.jpg","articleSection":["Testemunhos"],"inLanguage":"pt-BR","potentialAction":[{"@type":"CommentAction","name":"Comment","target":["https:\/\/www.oarcanjo.net\/site\/bem-aventurada-maria-cristina-brando-da-imaculada-conceicao\/#respond"]}]},{"@type":"WebPage","@id":"https:\/\/www.oarcanjo.net\/site\/bem-aventurada-maria-cristina-brando-da-imaculada-conceicao\/","url":"https:\/\/www.oarcanjo.net\/site\/bem-aventurada-maria-cristina-brando-da-imaculada-conceicao\/","name":"Bem Aventurada Maria Cristina (Brando) da Imaculada Concei\u00e7\u00e3o - O Arcanjo no ar","isPartOf":{"@id":"https:\/\/www.oarcanjo.net\/site\/#website"},"primaryImageOfPage":{"@id":"https:\/\/www.oarcanjo.net\/site\/bem-aventurada-maria-cristina-brando-da-imaculada-conceicao\/#primaryimage"},"image":{"@id":"https:\/\/www.oarcanjo.net\/site\/bem-aventurada-maria-cristina-brando-da-imaculada-conceicao\/#primaryimage"},"thumbnailUrl":"http:\/\/1.bp.blogspot.com\/_z-c0Sh5Zlrs\/SHVYY_oWMxI\/AAAAAAAAAgA\/g2nBNL93TFY\/s400\/Maria+Cristina+(Brando)+da+Imaculada+Concei%C3%A7%C3%A3o.jpg","datePublished":"2017-01-20T02:45:27+00:00","dateModified":"2016-12-27T08:23:55+00:00","breadcrumb":{"@id":"https:\/\/www.oarcanjo.net\/site\/bem-aventurada-maria-cristina-brando-da-imaculada-conceicao\/#breadcrumb"},"inLanguage":"pt-BR","potentialAction":[{"@type":"ReadAction","target":["https:\/\/www.oarcanjo.net\/site\/bem-aventurada-maria-cristina-brando-da-imaculada-conceicao\/"]}]},{"@type":"ImageObject","inLanguage":"pt-BR","@id":"https:\/\/www.oarcanjo.net\/site\/bem-aventurada-maria-cristina-brando-da-imaculada-conceicao\/#primaryimage","url":"http:\/\/1.bp.blogspot.com\/_z-c0Sh5Zlrs\/SHVYY_oWMxI\/AAAAAAAAAgA\/g2nBNL93TFY\/s400\/Maria+Cristina+(Brando)+da+Imaculada+Concei%C3%A7%C3%A3o.jpg","contentUrl":"http:\/\/1.bp.blogspot.com\/_z-c0Sh5Zlrs\/SHVYY_oWMxI\/AAAAAAAAAgA\/g2nBNL93TFY\/s400\/Maria+Cristina+(Brando)+da+Imaculada+Concei%C3%A7%C3%A3o.jpg"},{"@type":"BreadcrumbList","@id":"https:\/\/www.oarcanjo.net\/site\/bem-aventurada-maria-cristina-brando-da-imaculada-conceicao\/#breadcrumb","itemListElement":[{"@type":"ListItem","position":1,"name":"In\u00edcio","item":"https:\/\/www.oarcanjo.net\/site\/"},{"@type":"ListItem","position":2,"name":"Bem Aventurada Maria Cristina (Brando) da Imaculada Concei\u00e7\u00e3o"}]},{"@type":"WebSite","@id":"https:\/\/www.oarcanjo.net\/site\/#website","url":"https:\/\/www.oarcanjo.net\/site\/","name":"O Arcanjo no ar","description":"Site da Par\u00f3quia S\u00e3o Miguel Arcanjo (Arquidiocese de SP)","publisher":{"@id":"https:\/\/www.oarcanjo.net\/site\/#organization"},"potentialAction":[{"@type":"SearchAction","target":{"@type":"EntryPoint","urlTemplate":"https:\/\/www.oarcanjo.net\/site\/?s={search_term_string}"},"query-input":{"@type":"PropertyValueSpecification","valueRequired":true,"valueName":"search_term_string"}}],"inLanguage":"pt-BR"},{"@type":"Organization","@id":"https:\/\/www.oarcanjo.net\/site\/#organization","name":"Par\u00f3quia S\u00e3o Miguel Arcanjo","url":"https:\/\/www.oarcanjo.net\/site\/","logo":{"@type":"ImageObject","inLanguage":"pt-BR","@id":"https:\/\/www.oarcanjo.net\/site\/#\/schema\/logo\/image\/","url":"https:\/\/www.oarcanjo.net\/site\/wp-content\/uploads\/LogoOArcanjo.png","contentUrl":"https:\/\/www.oarcanjo.net\/site\/wp-content\/uploads\/LogoOArcanjo.png","width":319,"height":99,"caption":"Par\u00f3quia S\u00e3o Miguel Arcanjo"},"image":{"@id":"https:\/\/www.oarcanjo.net\/site\/#\/schema\/logo\/image\/"},"sameAs":["https:\/\/www.facebook.com\/OArcanjoNoAr\/"]},{"@type":"Person","@id":"https:\/\/www.oarcanjo.net\/site\/#\/schema\/person\/5eb9480bedd2f3c97e430ce128c29c6c","name":"danilo"}]}},"publishpress_future_action":{"enabled":false,"date":"2026-05-08 14:15:54","action":"category","newStatus":"draft","terms":[],"taxonomy":"category"},"publishpress_future_workflow_manual_trigger":{"enabledWorkflows":[]},"_links":{"self":[{"href":"https:\/\/www.oarcanjo.net\/site\/wp-json\/wp\/v2\/posts\/7389"}],"collection":[{"href":"https:\/\/www.oarcanjo.net\/site\/wp-json\/wp\/v2\/posts"}],"about":[{"href":"https:\/\/www.oarcanjo.net\/site\/wp-json\/wp\/v2\/types\/post"}],"author":[{"embeddable":true,"href":"https:\/\/www.oarcanjo.net\/site\/wp-json\/wp\/v2\/users\/14"}],"replies":[{"embeddable":true,"href":"https:\/\/www.oarcanjo.net\/site\/wp-json\/wp\/v2\/comments?post=7389"}],"version-history":[{"count":0,"href":"https:\/\/www.oarcanjo.net\/site\/wp-json\/wp\/v2\/posts\/7389\/revisions"}],"wp:attachment":[{"href":"https:\/\/www.oarcanjo.net\/site\/wp-json\/wp\/v2\/media?parent=7389"}],"wp:term":[{"taxonomy":"category","embeddable":true,"href":"https:\/\/www.oarcanjo.net\/site\/wp-json\/wp\/v2\/categories?post=7389"},{"taxonomy":"post_tag","embeddable":true,"href":"https:\/\/www.oarcanjo.net\/site\/wp-json\/wp\/v2\/tags?post=7389"}],"curies":[{"name":"wp","href":"https:\/\/api.w.org\/{rel}","templated":true}]}}