
{"id":7393,"date":"2017-01-20T00:59:57","date_gmt":"2017-01-20T02:59:57","guid":{"rendered":"http:\/\/www.oarcanjo.net\/site\/?p=7393"},"modified":"2016-12-27T06:24:39","modified_gmt":"2016-12-27T08:24:39","slug":"sao-sebastiao","status":"publish","type":"post","link":"https:\/\/www.oarcanjo.net\/site\/sao-sebastiao\/","title":{"rendered":"S\u00e3o Sebasti\u00e3o"},"content":{"rendered":"<p><img loading=\"lazy\" decoding=\"async\" src=\"http:\/\/upload.wikimedia.org\/wikipedia\/commons\/c\/c1\/Andrea_Mantegna_088.jpg\" alt=\"\" width=\"338\" height=\"624\" \/><\/p>\n<p>20 de Janeiro<\/p>\n<p>A reprodu\u00e7\u00e3o do mart\u00edrio de S\u00e3o Sebasti\u00e3o, amarrado a uma \u00e1rvore e atravessado por flechas \u00e9 uma imagem milhares de vezes retratada em quadros, pinturas e esculturas, por artistas de todos os tempos. Entretanto, nem todos sabem que o destemido Santo n\u00e3o morreu daquela maneira. O supl\u00edcio das flechas n\u00e3o lhe tirou a vida, resguardada pela f\u00e9 em Cristo. Vejamos como tudo aconteceu.<\/p>\n<p>Sebasti\u00e3o nasceu em Narb\u00f4nia, na G\u00e1lia, atual Fran\u00e7a, mas foi criado por sua m\u00e3e em Mil\u00e3o, na It\u00e1lia, de acordo com os registros de Santo Ambr\u00f3sio. Pertencente a uma fam\u00edlia crist\u00e3, foi batizado ainda pequenino. Mais tarde, tomou a decis\u00e3o de engajar-se nas fileiras romanas e chegou a ser considerado um dos oficiais prediletos do imperador Diocleciano. Contudo, nunca deixou de ser um crist\u00e3o convicto e protetor ativo dos crist\u00e3os.<\/p>\n<p>Ele fazia tudo para ajudar os irm\u00e3os na f\u00e9, procurando revelar o Deus verdadeiro aos soldados e aos prisioneiros. Secretamente, Sebasti\u00e3o conseguiu converter muitos pag\u00e3os ao cristianismo. At\u00e9 mesmo o governador de Roma, Crom\u00e1cio, e seu filho Tib\u00farcio foram convertidos por ele. Em certa ocasi\u00e3o, Sebasti\u00e3o foi denunciado, pois estava contrariando o seu dever de oficial da lei. Teve ent\u00e3o, que comparecer ante ao imperador para dar satisfa\u00e7\u00f5es sobre o seu procedimento.<\/p>\n<p>O imperador da \u00e9poca era ningu\u00e9m menos que o sanguin\u00e1rio Diocleciano, que lhe dispensara admira\u00e7\u00e3o e confiara nele, esperando v\u00ea-lo em destacada posi\u00e7\u00e3o no seu ex\u00e9rcito, numa brilhante carreira e por isso considerou-se tra\u00eddo. Levado \u00e0 sua presen\u00e7a, Sebasti\u00e3o n\u00e3o negou sua f\u00e9. O imperador lhe deu ainda uma chance para que escolhesse entre sua f\u00e9 em Cristo e o seu posto no ex\u00e9rcito romano. Ele n\u00e3o titubeou, ficou mesmo com Cristo. A senten\u00e7a foi imediata: deveria ser amarrado a uma \u00e1rvore e executado a flechadas.<\/p>\n<p>Ap\u00f3s a ordem ser executada, Sebasti\u00e3o foi dado como morto e ali mesmo abandonado, pela mesma guarda pretoriana que antes chefiara. Entretanto, quando uma senhora crist\u00e3 foi at\u00e9 o local \u00e0 noite, pretendendo dar-lhe um t\u00famulo digno encontrou-o vivo! Levou-o para casa e tratou de suas feridas at\u00e9 v\u00ea-lo curado.<\/p>\n<p>Depois, cumprindo o que lhe vinha da alma, ele mesmo se apresentou \u00e0quele imperador anunciando o poder de Nosso Senhor Jesus Cristo e censurando-o pelas injusti\u00e7as cometidas contra os crist\u00e3os, acusando-o de inimigo do Estado. Perplexo e irado com tamanha ousadia, o sanguin\u00e1rio Diocleciano o entregou \u00e0 guarda pretoriana ap\u00f3s condena-lo, desta vez, ao mart\u00edrio no Circo. Sebasti\u00e3o foi executado ent\u00e3o com pauladas e boladas de chumbo, sendo a\u00e7oitado at\u00e9 a morte, no dia 20 de janeiro de 288.<\/p>\n<p>Os algozes cumpriram a ordem e, para evitar a sua venera\u00e7\u00e3o, foi jogado numa fossa, de onde a piedosa crist\u00e3 Santa Luciana o tirou, para sepulta-lo junto de S\u00e3o Pedro e S\u00e3o Paulo. Posteriormente, em 680, as rel\u00edquias foram transportadas solenemente para a Bas\u00edlica de S\u00e3o Paulo Fora dos Muros, constru\u00edda pelo imperador Constantino. Naquela ocasi\u00e3o em Roma a peste vitimava muita gente, mas a terr\u00edvel epidemia desapareceu na hora daquela translada\u00e7\u00e3o. Em outras ocasi\u00f5es foi constatado o mesmo fato; em 1575 em Mil\u00e3o, e em 1599 em Lisboa, ambas ficando livres da peste pela intercess\u00e3o do glorioso m\u00e1rtir S\u00e3o Sebasti\u00e3o<\/p>\n<p>No Brasil, diz a tradi\u00e7\u00e3o, que no dia da festa do padroeiro, em 1565, ocorreu a batalha final que expulsou os franceses que ocupavam a cidade do Rio de Janeiro, quando S\u00e3o Sebasti\u00e3o foi visto de espada na m\u00e3o entre os portugueses, mamelucos e \u00edndios, lutando contra os invasores franceses calvinistas.<\/p>\n<p>Ele \u00e9 o protetor da Humanidade, contra a fome, a peste e a guerra e \u00e9 claro do cart\u00e3o postal do Brasil, a cidade maravilhosa de S\u00e3o Sebasti\u00e3o do Rio de Janeiro.<\/p>\n<p><a href=\"http:\/\/fotos.sapo.pt\/iVEi8ffuwGs1bZDqkzPv\" target=\"_blank\"><img loading=\"lazy\" decoding=\"async\" src=\"http:\/\/fotos.sapo.pt\/iVEi8ffuwGs1bZDqkzPv\/340x255\" border=\"0\" alt=\"\" width=\"340\" height=\"255\" \/><\/a><\/p>\n<p><strong>Ora\u00e7\u00e3o a S\u00e3o Sebasti\u00e3o<\/strong><\/p>\n<p>Glorioso m\u00e1rtir S\u00e3o Sebasti\u00e3o,<br \/>\nsoldado de Cristo<br \/>\ne exemplo de crist\u00e3o,<br \/>\nhoje vimos pedir<br \/>\na vossa intercess\u00e3o<br \/>\njunto ao trono do Senhor Jesus,<br \/>\nnosso Salvador,<br \/>\npor Quem destes a vida.<br \/>\nV\u00f3s que vivestes a f\u00e9<br \/>\ne perseverastes at\u00e9 o fim,<br \/>\npedi a Jesus por n\u00f3s<br \/>\npara que sejamos<br \/>\ntestemunhas do amor de Deus.<br \/>\nV\u00f3s que esperastes com firmeza<br \/>\nnas palavras de Jesus,<br \/>\npedi-Lhe por n\u00f3s,<br \/>\npara que aumente<br \/>\na nossa esperan\u00e7a na ressurrei\u00e7\u00e3o.<br \/>\nV\u00f3s que vivestes a caridade<br \/>\npara com os irm\u00e3os,<br \/>\npedi a Jesus para que aumente<br \/>\no nosso amor para com todos.<br \/>\nEnfim, glorioso m\u00e1rtir S\u00e3o Sebasti\u00e3o,<br \/>\nprotegei-nos contra a peste,<br \/>\na fome e a guerra;<br \/>\ndefendei as nossas planta\u00e7\u00f5es<br \/>\ne os nossos rebanhos,<br \/>\nque s\u00e3o dons de Deus para o nosso bem<br \/>\ne para o bem de todos.<br \/>\nE defendei-nos do pecado,<br \/>\nque \u00e9 o maior<br \/>\nde todos os males.<br \/>\nAssim seja.<\/p>\n<div id=\"themify_builder_content-7393\" data-postid=\"7393\" class=\"themify_builder_content themify_builder_content-7393 themify_builder themify_builder_front\">\n\t<\/div>\n<!-- \/themify_builder_content -->","protected":false},"excerpt":{"rendered":"<p>20 de Janeiro A reprodu\u00e7\u00e3o do mart\u00edrio de S\u00e3o Sebasti\u00e3o, amarrado a uma \u00e1rvore e atravessado por flechas \u00e9 uma imagem milhares de vezes retratada em quadros, pinturas e esculturas, por artistas de todos os tempos. Entretanto, nem todos sabem que o destemido Santo n\u00e3o morreu daquela maneira. O supl\u00edcio das flechas n\u00e3o lhe tirou [&hellip;]<\/p>\n","protected":false},"author":14,"featured_media":0,"comment_status":"open","ping_status":"open","sticky":false,"template":"","format":"standard","meta":{"ngg_post_thumbnail":0,"footnotes":""},"categories":[186],"tags":[],"yoast_head":"<!-- This site is optimized with the Yoast SEO plugin v23.5 - https:\/\/yoast.com\/wordpress\/plugins\/seo\/ -->\n<title>S\u00e3o Sebasti\u00e3o - O Arcanjo no ar<\/title>\n<meta name=\"robots\" content=\"index, follow, max-snippet:-1, max-image-preview:large, max-video-preview:-1\" \/>\n<link rel=\"canonical\" href=\"https:\/\/www.oarcanjo.net\/site\/sao-sebastiao\/\" \/>\n<meta property=\"og:locale\" content=\"pt_BR\" \/>\n<meta property=\"og:type\" content=\"article\" \/>\n<meta property=\"og:title\" content=\"S\u00e3o Sebasti\u00e3o - O Arcanjo no ar\" \/>\n<meta property=\"og:description\" content=\"20 de Janeiro A reprodu\u00e7\u00e3o do mart\u00edrio de S\u00e3o Sebasti\u00e3o, amarrado a uma \u00e1rvore e atravessado por flechas \u00e9 uma imagem milhares de vezes retratada em quadros, pinturas e esculturas, por artistas de todos os tempos. Entretanto, nem todos sabem que o destemido Santo n\u00e3o morreu daquela maneira. O supl\u00edcio das flechas n\u00e3o lhe tirou [&hellip;]\" \/>\n<meta property=\"og:url\" content=\"https:\/\/www.oarcanjo.net\/site\/sao-sebastiao\/\" \/>\n<meta property=\"og:site_name\" content=\"O Arcanjo no ar\" \/>\n<meta property=\"article:publisher\" content=\"https:\/\/www.facebook.com\/OArcanjoNoAr\/\" \/>\n<meta property=\"article:published_time\" content=\"2017-01-20T02:59:57+00:00\" \/>\n<meta property=\"article:modified_time\" content=\"2016-12-27T08:24:39+00:00\" \/>\n<meta property=\"og:image\" content=\"http:\/\/upload.wikimedia.org\/wikipedia\/commons\/c\/c1\/Andrea_Mantegna_088.jpg\" \/>\n<meta name=\"author\" content=\"danilo\" \/>\n<meta name=\"twitter:card\" content=\"summary_large_image\" \/>\n<meta name=\"twitter:label1\" content=\"Escrito por\" \/>\n\t<meta name=\"twitter:data1\" content=\"danilo\" \/>\n\t<meta name=\"twitter:label2\" content=\"Est. tempo de leitura\" \/>\n\t<meta name=\"twitter:data2\" content=\"4 minutos\" \/>\n<script type=\"application\/ld+json\" class=\"yoast-schema-graph\">{\"@context\":\"https:\/\/schema.org\",\"@graph\":[{\"@type\":\"Article\",\"@id\":\"https:\/\/www.oarcanjo.net\/site\/sao-sebastiao\/#article\",\"isPartOf\":{\"@id\":\"https:\/\/www.oarcanjo.net\/site\/sao-sebastiao\/\"},\"author\":{\"name\":\"danilo\",\"@id\":\"https:\/\/www.oarcanjo.net\/site\/#\/schema\/person\/5eb9480bedd2f3c97e430ce128c29c6c\"},\"headline\":\"S\u00e3o Sebasti\u00e3o\",\"datePublished\":\"2017-01-20T02:59:57+00:00\",\"dateModified\":\"2016-12-27T08:24:39+00:00\",\"mainEntityOfPage\":{\"@id\":\"https:\/\/www.oarcanjo.net\/site\/sao-sebastiao\/\"},\"wordCount\":843,\"commentCount\":0,\"publisher\":{\"@id\":\"https:\/\/www.oarcanjo.net\/site\/#organization\"},\"image\":{\"@id\":\"https:\/\/www.oarcanjo.net\/site\/sao-sebastiao\/#primaryimage\"},\"thumbnailUrl\":\"http:\/\/upload.wikimedia.org\/wikipedia\/commons\/c\/c1\/Andrea_Mantegna_088.jpg\",\"articleSection\":[\"Testemunhos\"],\"inLanguage\":\"pt-BR\",\"potentialAction\":[{\"@type\":\"CommentAction\",\"name\":\"Comment\",\"target\":[\"https:\/\/www.oarcanjo.net\/site\/sao-sebastiao\/#respond\"]}]},{\"@type\":\"WebPage\",\"@id\":\"https:\/\/www.oarcanjo.net\/site\/sao-sebastiao\/\",\"url\":\"https:\/\/www.oarcanjo.net\/site\/sao-sebastiao\/\",\"name\":\"S\u00e3o Sebasti\u00e3o - O Arcanjo no ar\",\"isPartOf\":{\"@id\":\"https:\/\/www.oarcanjo.net\/site\/#website\"},\"primaryImageOfPage\":{\"@id\":\"https:\/\/www.oarcanjo.net\/site\/sao-sebastiao\/#primaryimage\"},\"image\":{\"@id\":\"https:\/\/www.oarcanjo.net\/site\/sao-sebastiao\/#primaryimage\"},\"thumbnailUrl\":\"http:\/\/upload.wikimedia.org\/wikipedia\/commons\/c\/c1\/Andrea_Mantegna_088.jpg\",\"datePublished\":\"2017-01-20T02:59:57+00:00\",\"dateModified\":\"2016-12-27T08:24:39+00:00\",\"breadcrumb\":{\"@id\":\"https:\/\/www.oarcanjo.net\/site\/sao-sebastiao\/#breadcrumb\"},\"inLanguage\":\"pt-BR\",\"potentialAction\":[{\"@type\":\"ReadAction\",\"target\":[\"https:\/\/www.oarcanjo.net\/site\/sao-sebastiao\/\"]}]},{\"@type\":\"ImageObject\",\"inLanguage\":\"pt-BR\",\"@id\":\"https:\/\/www.oarcanjo.net\/site\/sao-sebastiao\/#primaryimage\",\"url\":\"http:\/\/upload.wikimedia.org\/wikipedia\/commons\/c\/c1\/Andrea_Mantegna_088.jpg\",\"contentUrl\":\"http:\/\/upload.wikimedia.org\/wikipedia\/commons\/c\/c1\/Andrea_Mantegna_088.jpg\"},{\"@type\":\"BreadcrumbList\",\"@id\":\"https:\/\/www.oarcanjo.net\/site\/sao-sebastiao\/#breadcrumb\",\"itemListElement\":[{\"@type\":\"ListItem\",\"position\":1,\"name\":\"In\u00edcio\",\"item\":\"https:\/\/www.oarcanjo.net\/site\/\"},{\"@type\":\"ListItem\",\"position\":2,\"name\":\"S\u00e3o Sebasti\u00e3o\"}]},{\"@type\":\"WebSite\",\"@id\":\"https:\/\/www.oarcanjo.net\/site\/#website\",\"url\":\"https:\/\/www.oarcanjo.net\/site\/\",\"name\":\"O Arcanjo no ar\",\"description\":\"Site da Par\u00f3quia S\u00e3o Miguel Arcanjo (Arquidiocese de SP)\",\"publisher\":{\"@id\":\"https:\/\/www.oarcanjo.net\/site\/#organization\"},\"potentialAction\":[{\"@type\":\"SearchAction\",\"target\":{\"@type\":\"EntryPoint\",\"urlTemplate\":\"https:\/\/www.oarcanjo.net\/site\/?s={search_term_string}\"},\"query-input\":{\"@type\":\"PropertyValueSpecification\",\"valueRequired\":true,\"valueName\":\"search_term_string\"}}],\"inLanguage\":\"pt-BR\"},{\"@type\":\"Organization\",\"@id\":\"https:\/\/www.oarcanjo.net\/site\/#organization\",\"name\":\"Par\u00f3quia S\u00e3o Miguel Arcanjo\",\"url\":\"https:\/\/www.oarcanjo.net\/site\/\",\"logo\":{\"@type\":\"ImageObject\",\"inLanguage\":\"pt-BR\",\"@id\":\"https:\/\/www.oarcanjo.net\/site\/#\/schema\/logo\/image\/\",\"url\":\"https:\/\/www.oarcanjo.net\/site\/wp-content\/uploads\/LogoOArcanjo.png\",\"contentUrl\":\"https:\/\/www.oarcanjo.net\/site\/wp-content\/uploads\/LogoOArcanjo.png\",\"width\":319,\"height\":99,\"caption\":\"Par\u00f3quia S\u00e3o Miguel Arcanjo\"},\"image\":{\"@id\":\"https:\/\/www.oarcanjo.net\/site\/#\/schema\/logo\/image\/\"},\"sameAs\":[\"https:\/\/www.facebook.com\/OArcanjoNoAr\/\"]},{\"@type\":\"Person\",\"@id\":\"https:\/\/www.oarcanjo.net\/site\/#\/schema\/person\/5eb9480bedd2f3c97e430ce128c29c6c\",\"name\":\"danilo\"}]}<\/script>\n<!-- \/ Yoast SEO plugin. -->","yoast_head_json":{"title":"S\u00e3o Sebasti\u00e3o - O Arcanjo no ar","robots":{"index":"index","follow":"follow","max-snippet":"max-snippet:-1","max-image-preview":"max-image-preview:large","max-video-preview":"max-video-preview:-1"},"canonical":"https:\/\/www.oarcanjo.net\/site\/sao-sebastiao\/","og_locale":"pt_BR","og_type":"article","og_title":"S\u00e3o Sebasti\u00e3o - O Arcanjo no ar","og_description":"20 de Janeiro A reprodu\u00e7\u00e3o do mart\u00edrio de S\u00e3o Sebasti\u00e3o, amarrado a uma \u00e1rvore e atravessado por flechas \u00e9 uma imagem milhares de vezes retratada em quadros, pinturas e esculturas, por artistas de todos os tempos. Entretanto, nem todos sabem que o destemido Santo n\u00e3o morreu daquela maneira. O supl\u00edcio das flechas n\u00e3o lhe tirou [&hellip;]","og_url":"https:\/\/www.oarcanjo.net\/site\/sao-sebastiao\/","og_site_name":"O Arcanjo no ar","article_publisher":"https:\/\/www.facebook.com\/OArcanjoNoAr\/","article_published_time":"2017-01-20T02:59:57+00:00","article_modified_time":"2016-12-27T08:24:39+00:00","og_image":[{"url":"http:\/\/upload.wikimedia.org\/wikipedia\/commons\/c\/c1\/Andrea_Mantegna_088.jpg"}],"author":"danilo","twitter_card":"summary_large_image","twitter_misc":{"Escrito por":"danilo","Est. tempo de leitura":"4 minutos"},"schema":{"@context":"https:\/\/schema.org","@graph":[{"@type":"Article","@id":"https:\/\/www.oarcanjo.net\/site\/sao-sebastiao\/#article","isPartOf":{"@id":"https:\/\/www.oarcanjo.net\/site\/sao-sebastiao\/"},"author":{"name":"danilo","@id":"https:\/\/www.oarcanjo.net\/site\/#\/schema\/person\/5eb9480bedd2f3c97e430ce128c29c6c"},"headline":"S\u00e3o Sebasti\u00e3o","datePublished":"2017-01-20T02:59:57+00:00","dateModified":"2016-12-27T08:24:39+00:00","mainEntityOfPage":{"@id":"https:\/\/www.oarcanjo.net\/site\/sao-sebastiao\/"},"wordCount":843,"commentCount":0,"publisher":{"@id":"https:\/\/www.oarcanjo.net\/site\/#organization"},"image":{"@id":"https:\/\/www.oarcanjo.net\/site\/sao-sebastiao\/#primaryimage"},"thumbnailUrl":"http:\/\/upload.wikimedia.org\/wikipedia\/commons\/c\/c1\/Andrea_Mantegna_088.jpg","articleSection":["Testemunhos"],"inLanguage":"pt-BR","potentialAction":[{"@type":"CommentAction","name":"Comment","target":["https:\/\/www.oarcanjo.net\/site\/sao-sebastiao\/#respond"]}]},{"@type":"WebPage","@id":"https:\/\/www.oarcanjo.net\/site\/sao-sebastiao\/","url":"https:\/\/www.oarcanjo.net\/site\/sao-sebastiao\/","name":"S\u00e3o Sebasti\u00e3o - O Arcanjo no ar","isPartOf":{"@id":"https:\/\/www.oarcanjo.net\/site\/#website"},"primaryImageOfPage":{"@id":"https:\/\/www.oarcanjo.net\/site\/sao-sebastiao\/#primaryimage"},"image":{"@id":"https:\/\/www.oarcanjo.net\/site\/sao-sebastiao\/#primaryimage"},"thumbnailUrl":"http:\/\/upload.wikimedia.org\/wikipedia\/commons\/c\/c1\/Andrea_Mantegna_088.jpg","datePublished":"2017-01-20T02:59:57+00:00","dateModified":"2016-12-27T08:24:39+00:00","breadcrumb":{"@id":"https:\/\/www.oarcanjo.net\/site\/sao-sebastiao\/#breadcrumb"},"inLanguage":"pt-BR","potentialAction":[{"@type":"ReadAction","target":["https:\/\/www.oarcanjo.net\/site\/sao-sebastiao\/"]}]},{"@type":"ImageObject","inLanguage":"pt-BR","@id":"https:\/\/www.oarcanjo.net\/site\/sao-sebastiao\/#primaryimage","url":"http:\/\/upload.wikimedia.org\/wikipedia\/commons\/c\/c1\/Andrea_Mantegna_088.jpg","contentUrl":"http:\/\/upload.wikimedia.org\/wikipedia\/commons\/c\/c1\/Andrea_Mantegna_088.jpg"},{"@type":"BreadcrumbList","@id":"https:\/\/www.oarcanjo.net\/site\/sao-sebastiao\/#breadcrumb","itemListElement":[{"@type":"ListItem","position":1,"name":"In\u00edcio","item":"https:\/\/www.oarcanjo.net\/site\/"},{"@type":"ListItem","position":2,"name":"S\u00e3o Sebasti\u00e3o"}]},{"@type":"WebSite","@id":"https:\/\/www.oarcanjo.net\/site\/#website","url":"https:\/\/www.oarcanjo.net\/site\/","name":"O Arcanjo no ar","description":"Site da Par\u00f3quia S\u00e3o Miguel Arcanjo (Arquidiocese de SP)","publisher":{"@id":"https:\/\/www.oarcanjo.net\/site\/#organization"},"potentialAction":[{"@type":"SearchAction","target":{"@type":"EntryPoint","urlTemplate":"https:\/\/www.oarcanjo.net\/site\/?s={search_term_string}"},"query-input":{"@type":"PropertyValueSpecification","valueRequired":true,"valueName":"search_term_string"}}],"inLanguage":"pt-BR"},{"@type":"Organization","@id":"https:\/\/www.oarcanjo.net\/site\/#organization","name":"Par\u00f3quia S\u00e3o Miguel Arcanjo","url":"https:\/\/www.oarcanjo.net\/site\/","logo":{"@type":"ImageObject","inLanguage":"pt-BR","@id":"https:\/\/www.oarcanjo.net\/site\/#\/schema\/logo\/image\/","url":"https:\/\/www.oarcanjo.net\/site\/wp-content\/uploads\/LogoOArcanjo.png","contentUrl":"https:\/\/www.oarcanjo.net\/site\/wp-content\/uploads\/LogoOArcanjo.png","width":319,"height":99,"caption":"Par\u00f3quia S\u00e3o Miguel Arcanjo"},"image":{"@id":"https:\/\/www.oarcanjo.net\/site\/#\/schema\/logo\/image\/"},"sameAs":["https:\/\/www.facebook.com\/OArcanjoNoAr\/"]},{"@type":"Person","@id":"https:\/\/www.oarcanjo.net\/site\/#\/schema\/person\/5eb9480bedd2f3c97e430ce128c29c6c","name":"danilo"}]}},"publishpress_future_action":{"enabled":false,"date":"2026-05-08 15:36:56","action":"category","newStatus":"draft","terms":[],"taxonomy":"category"},"publishpress_future_workflow_manual_trigger":{"enabledWorkflows":[]},"_links":{"self":[{"href":"https:\/\/www.oarcanjo.net\/site\/wp-json\/wp\/v2\/posts\/7393"}],"collection":[{"href":"https:\/\/www.oarcanjo.net\/site\/wp-json\/wp\/v2\/posts"}],"about":[{"href":"https:\/\/www.oarcanjo.net\/site\/wp-json\/wp\/v2\/types\/post"}],"author":[{"embeddable":true,"href":"https:\/\/www.oarcanjo.net\/site\/wp-json\/wp\/v2\/users\/14"}],"replies":[{"embeddable":true,"href":"https:\/\/www.oarcanjo.net\/site\/wp-json\/wp\/v2\/comments?post=7393"}],"version-history":[{"count":0,"href":"https:\/\/www.oarcanjo.net\/site\/wp-json\/wp\/v2\/posts\/7393\/revisions"}],"wp:attachment":[{"href":"https:\/\/www.oarcanjo.net\/site\/wp-json\/wp\/v2\/media?parent=7393"}],"wp:term":[{"taxonomy":"category","embeddable":true,"href":"https:\/\/www.oarcanjo.net\/site\/wp-json\/wp\/v2\/categories?post=7393"},{"taxonomy":"post_tag","embeddable":true,"href":"https:\/\/www.oarcanjo.net\/site\/wp-json\/wp\/v2\/tags?post=7393"}],"curies":[{"name":"wp","href":"https:\/\/api.w.org\/{rel}","templated":true}]}}