
{"id":7396,"date":"2017-01-21T00:09:56","date_gmt":"2017-01-21T02:09:56","guid":{"rendered":"http:\/\/www.oarcanjo.net\/site\/?p=7396"},"modified":"2016-12-27T06:24:32","modified_gmt":"2016-12-27T08:24:32","slug":"santa-ines","status":"publish","type":"post","link":"https:\/\/www.oarcanjo.net\/site\/santa-ines\/","title":{"rendered":"Santa In\u00eas"},"content":{"rendered":"<p><img loading=\"lazy\" decoding=\"async\" src=\"http:\/\/www.falkenberg.com.br\/falkenNews\/santa%20ines.jpg\" alt=\"\" width=\"624\" height=\"624\" \/><\/p>\n<p>21 De Janeiro<\/p>\n<p>Virgem e m\u00e1rtir do s\u00e9culo III e de fam\u00edlia nobre e rica. Segundo a tradi\u00e7\u00e3o a medida que crescia se tornava uma linda donzela de sedutora beleza. Seus cabelos vermelhos e longos acendia os desejos dos jovens romanos. Mas ela, havia prometido castidade perp\u00e9tua e sofreu v\u00e1rias tentativas de viola\u00e7\u00f5es, sempre orando a Jesus para proteg\u00ea-la.Assim, o primeiro homem que a quis violar foi cegado por um raio de luz. Santa In\u00eas o perdoou e ele pode ver de novo.<\/p>\n<p>Foi ent\u00e3o denunciada como sendo crist\u00e3. Prenderam-na e a torturam para que ela oferecesse sacrif\u00edcios aos desuses romanos e como ela recusasse, levaram-na para um bordel, mas o homem que tentou violent\u00e1-la foi morto por um raio de luz (este bordel ainda existe, com uma inscri\u00e7\u00e3o do Papa Damasus I; assim, \u00e9 prov\u00e1vel que esta hist\u00f3ria seja verdadeira).<br \/>\nO bordel ficava debaixo do arco onde \u00e9 hoje a Pra\u00e7a Navona. O arco forma a cripta da Igreja de Santa Agnes em Agone.<\/p>\n<p>Diz a tradi\u00e7\u00e3o que foi aceso uma fogueira para ela ser queimada, e quando colocada na pira ela orou e o fogo milagrosamente se extinguiu. Colocada para ser desmembrada por cavalos, os seus punhos eram muito pequeninos e n\u00e3o havia grilh\u00f5es de ferros para ela. Tentaram amarr\u00e1-la com correntes mas estas escorregavam em seu corpo ou simplesmente arrebentavam. Finalmente foi decapitada com espada. Por causa da influ\u00eancia de sua fam\u00edlia, seu corpo n\u00e3o foi atirado no rio (como era costume) e foi enterrado no cemit\u00e9rio da fam\u00edlia. Hoje forma a catacumba de Santa In\u00eas ao lado da igreja dedicada a ela, na Via Nomentana.<\/p>\n<p>V\u00e1rios milagres foram reportados em sua tumba e creditados \u00e0 sua intercess\u00e3o, e sua fama se espalhou rapidamente.<br \/>\nQuando o Imperador Constantino quis ter sua filha batizada, ele o fez perto do local da igreja de Santa In\u00eas fora dos muros, que foi erigida por ele sobre sua tumba. Em 382 o Papa Damasus I, que foi o primeiro a chamar Roma de &#8220;S\u00e9 Apost\u00f3lica&#8221;, restaurou a igreja de Santa In\u00eas.<br \/>\nDurante o reinado do Papa Paulo V as rel\u00edquias de Santa In\u00eas foram encontradas no santu\u00e1rio da igreja.<\/p>\n<p>Agnes significa, em grego, casta; e em latim, ovelha. Talvez por isto na arte lit\u00fargica da Igreja ela \u00e9 representada sempre segurando uma ovelha.<br \/>\nNa sua festa, uma ou duas ovelhas s\u00e3o aben\u00e7oados na sua igreja em Roma e de sua l\u00e3 se faz alguns &#8220;palliuns&#8221; (duas tiras de l\u00e3 branca) que o Papa confere aos Arcebispos como s\u00edmbolo de sua jurisdi\u00e7\u00e3o.<\/p>\n<p>Ela \u00e9 mencionada na Primeira Prece Eucar\u00edstica. Segundo a tradi\u00e7\u00e3o, Santa In\u00eas ajuda a encontrar um noivo para um feliz casamento. \u00c9 padroeira da pureza e da castidade, e \u00e9 invocada na prote\u00e7\u00e3o da castidade.<\/p>\n<p>Sua pureza martirizada faz parte, at\u00e9 hoje, dos rituais da Igreja. Todo ano, no dia de sua venera\u00e7\u00e3o, em 21 de janeiro, \u00e9 realizada na Bas\u00edlica de Santa In\u00eas, fora dos muros do Vaticano, uma Missa solene onde dois cordeirinhos brancos, ornados de flores e fitas s\u00e3o levados para o celebrante os benzer. Depois os mesmos s\u00e3o apresentados ao Papa, que os entrega a religiosas encarregadas de os guardar at\u00e9 a \u00e9poca da tosquia. Com sua l\u00e3 s\u00e3o tecidos os p\u00e1lios que, na vig\u00edlia de S\u00e3o Pedro e S\u00e3o Paulo, s\u00e3o colocados sobre o altar da Bas\u00edlica de S\u00e3o Pedro. Posteriormente esses p\u00e1lios s\u00e3o enviados \u00e0 todos os arcebispos do mundo cat\u00f3lico ocidental e eles os recebem em sinal da obedi\u00eancia que devem \u00e0 Santa S\u00e9, como centro da autoridade religiosa.<\/p>\n<p><img decoding=\"async\" src=\"http:\/\/www.diretoriodearte.com\/wp-content\/uploads\/2008\/05\/basilica-de-santa-ines.jpg\" alt=\"\" \/>Bas\u00edlica Santa Ines<\/p>\n<p><img decoding=\"async\" src=\"http:\/\/2.bp.blogspot.com\/_n72mViiW2rE\/SmjFjEp_6DI\/AAAAAAAADIs\/xRzsnbnvm30\/s400\/Sant%27Agnese.jpg\" border=\"0\" alt=\"\" \/><\/p>\n<p><strong>Santa In\u00eas Extra-Muros <\/strong>cujo sepulcro nas catacumbas da Via Nomentana se haviam tornado local de predile\u00e7\u00e3o de peregrinos no s\u00e9culo IV.<\/p>\n<div id=\"themify_builder_content-7396\" data-postid=\"7396\" class=\"themify_builder_content themify_builder_content-7396 themify_builder themify_builder_front\">\n\t<\/div>\n<!-- \/themify_builder_content -->","protected":false},"excerpt":{"rendered":"<p>21 De Janeiro Virgem e m\u00e1rtir do s\u00e9culo III e de fam\u00edlia nobre e rica. Segundo a tradi\u00e7\u00e3o a medida que crescia se tornava uma linda donzela de sedutora beleza. Seus cabelos vermelhos e longos acendia os desejos dos jovens romanos. Mas ela, havia prometido castidade perp\u00e9tua e sofreu v\u00e1rias tentativas de viola\u00e7\u00f5es, sempre orando [&hellip;]<\/p>\n","protected":false},"author":14,"featured_media":0,"comment_status":"open","ping_status":"open","sticky":false,"template":"","format":"standard","meta":{"ngg_post_thumbnail":0,"footnotes":""},"categories":[186],"tags":[],"yoast_head":"<!-- This site is optimized with the Yoast SEO plugin v23.5 - https:\/\/yoast.com\/wordpress\/plugins\/seo\/ -->\n<title>Santa In\u00eas - O Arcanjo no ar<\/title>\n<meta name=\"robots\" content=\"index, follow, max-snippet:-1, max-image-preview:large, max-video-preview:-1\" \/>\n<link rel=\"canonical\" href=\"https:\/\/www.oarcanjo.net\/site\/santa-ines\/\" \/>\n<meta property=\"og:locale\" content=\"pt_BR\" \/>\n<meta property=\"og:type\" content=\"article\" \/>\n<meta property=\"og:title\" content=\"Santa In\u00eas - O Arcanjo no ar\" \/>\n<meta property=\"og:description\" content=\"21 De Janeiro Virgem e m\u00e1rtir do s\u00e9culo III e de fam\u00edlia nobre e rica. Segundo a tradi\u00e7\u00e3o a medida que crescia se tornava uma linda donzela de sedutora beleza. Seus cabelos vermelhos e longos acendia os desejos dos jovens romanos. Mas ela, havia prometido castidade perp\u00e9tua e sofreu v\u00e1rias tentativas de viola\u00e7\u00f5es, sempre orando [&hellip;]\" \/>\n<meta property=\"og:url\" content=\"https:\/\/www.oarcanjo.net\/site\/santa-ines\/\" \/>\n<meta property=\"og:site_name\" content=\"O Arcanjo no ar\" \/>\n<meta property=\"article:publisher\" content=\"https:\/\/www.facebook.com\/OArcanjoNoAr\/\" \/>\n<meta property=\"article:published_time\" content=\"2017-01-21T02:09:56+00:00\" \/>\n<meta property=\"article:modified_time\" content=\"2016-12-27T08:24:32+00:00\" \/>\n<meta property=\"og:image\" content=\"http:\/\/www.falkenberg.com.br\/falkenNews\/santa%20ines.jpg\" \/>\n<meta name=\"author\" content=\"danilo\" \/>\n<meta name=\"twitter:card\" content=\"summary_large_image\" \/>\n<meta name=\"twitter:label1\" content=\"Escrito por\" \/>\n\t<meta name=\"twitter:data1\" content=\"danilo\" \/>\n\t<meta name=\"twitter:label2\" content=\"Est. tempo de leitura\" \/>\n\t<meta name=\"twitter:data2\" content=\"3 minutos\" \/>\n<script type=\"application\/ld+json\" class=\"yoast-schema-graph\">{\"@context\":\"https:\/\/schema.org\",\"@graph\":[{\"@type\":\"Article\",\"@id\":\"https:\/\/www.oarcanjo.net\/site\/santa-ines\/#article\",\"isPartOf\":{\"@id\":\"https:\/\/www.oarcanjo.net\/site\/santa-ines\/\"},\"author\":{\"name\":\"danilo\",\"@id\":\"https:\/\/www.oarcanjo.net\/site\/#\/schema\/person\/5eb9480bedd2f3c97e430ce128c29c6c\"},\"headline\":\"Santa In\u00eas\",\"datePublished\":\"2017-01-21T02:09:56+00:00\",\"dateModified\":\"2016-12-27T08:24:32+00:00\",\"mainEntityOfPage\":{\"@id\":\"https:\/\/www.oarcanjo.net\/site\/santa-ines\/\"},\"wordCount\":665,\"commentCount\":6,\"publisher\":{\"@id\":\"https:\/\/www.oarcanjo.net\/site\/#organization\"},\"image\":{\"@id\":\"https:\/\/www.oarcanjo.net\/site\/santa-ines\/#primaryimage\"},\"thumbnailUrl\":\"http:\/\/www.falkenberg.com.br\/falkenNews\/santa%20ines.jpg\",\"articleSection\":[\"Testemunhos\"],\"inLanguage\":\"pt-BR\",\"potentialAction\":[{\"@type\":\"CommentAction\",\"name\":\"Comment\",\"target\":[\"https:\/\/www.oarcanjo.net\/site\/santa-ines\/#respond\"]}]},{\"@type\":\"WebPage\",\"@id\":\"https:\/\/www.oarcanjo.net\/site\/santa-ines\/\",\"url\":\"https:\/\/www.oarcanjo.net\/site\/santa-ines\/\",\"name\":\"Santa In\u00eas - O Arcanjo no ar\",\"isPartOf\":{\"@id\":\"https:\/\/www.oarcanjo.net\/site\/#website\"},\"primaryImageOfPage\":{\"@id\":\"https:\/\/www.oarcanjo.net\/site\/santa-ines\/#primaryimage\"},\"image\":{\"@id\":\"https:\/\/www.oarcanjo.net\/site\/santa-ines\/#primaryimage\"},\"thumbnailUrl\":\"http:\/\/www.falkenberg.com.br\/falkenNews\/santa%20ines.jpg\",\"datePublished\":\"2017-01-21T02:09:56+00:00\",\"dateModified\":\"2016-12-27T08:24:32+00:00\",\"breadcrumb\":{\"@id\":\"https:\/\/www.oarcanjo.net\/site\/santa-ines\/#breadcrumb\"},\"inLanguage\":\"pt-BR\",\"potentialAction\":[{\"@type\":\"ReadAction\",\"target\":[\"https:\/\/www.oarcanjo.net\/site\/santa-ines\/\"]}]},{\"@type\":\"ImageObject\",\"inLanguage\":\"pt-BR\",\"@id\":\"https:\/\/www.oarcanjo.net\/site\/santa-ines\/#primaryimage\",\"url\":\"http:\/\/www.falkenberg.com.br\/falkenNews\/santa%20ines.jpg\",\"contentUrl\":\"http:\/\/www.falkenberg.com.br\/falkenNews\/santa%20ines.jpg\"},{\"@type\":\"BreadcrumbList\",\"@id\":\"https:\/\/www.oarcanjo.net\/site\/santa-ines\/#breadcrumb\",\"itemListElement\":[{\"@type\":\"ListItem\",\"position\":1,\"name\":\"In\u00edcio\",\"item\":\"https:\/\/www.oarcanjo.net\/site\/\"},{\"@type\":\"ListItem\",\"position\":2,\"name\":\"Santa In\u00eas\"}]},{\"@type\":\"WebSite\",\"@id\":\"https:\/\/www.oarcanjo.net\/site\/#website\",\"url\":\"https:\/\/www.oarcanjo.net\/site\/\",\"name\":\"O Arcanjo no ar\",\"description\":\"Site da Par\u00f3quia S\u00e3o Miguel Arcanjo (Arquidiocese de SP)\",\"publisher\":{\"@id\":\"https:\/\/www.oarcanjo.net\/site\/#organization\"},\"potentialAction\":[{\"@type\":\"SearchAction\",\"target\":{\"@type\":\"EntryPoint\",\"urlTemplate\":\"https:\/\/www.oarcanjo.net\/site\/?s={search_term_string}\"},\"query-input\":{\"@type\":\"PropertyValueSpecification\",\"valueRequired\":true,\"valueName\":\"search_term_string\"}}],\"inLanguage\":\"pt-BR\"},{\"@type\":\"Organization\",\"@id\":\"https:\/\/www.oarcanjo.net\/site\/#organization\",\"name\":\"Par\u00f3quia S\u00e3o Miguel Arcanjo\",\"url\":\"https:\/\/www.oarcanjo.net\/site\/\",\"logo\":{\"@type\":\"ImageObject\",\"inLanguage\":\"pt-BR\",\"@id\":\"https:\/\/www.oarcanjo.net\/site\/#\/schema\/logo\/image\/\",\"url\":\"https:\/\/www.oarcanjo.net\/site\/wp-content\/uploads\/LogoOArcanjo.png\",\"contentUrl\":\"https:\/\/www.oarcanjo.net\/site\/wp-content\/uploads\/LogoOArcanjo.png\",\"width\":319,\"height\":99,\"caption\":\"Par\u00f3quia S\u00e3o Miguel Arcanjo\"},\"image\":{\"@id\":\"https:\/\/www.oarcanjo.net\/site\/#\/schema\/logo\/image\/\"},\"sameAs\":[\"https:\/\/www.facebook.com\/OArcanjoNoAr\/\"]},{\"@type\":\"Person\",\"@id\":\"https:\/\/www.oarcanjo.net\/site\/#\/schema\/person\/5eb9480bedd2f3c97e430ce128c29c6c\",\"name\":\"danilo\"}]}<\/script>\n<!-- \/ Yoast SEO plugin. -->","yoast_head_json":{"title":"Santa In\u00eas - O Arcanjo no ar","robots":{"index":"index","follow":"follow","max-snippet":"max-snippet:-1","max-image-preview":"max-image-preview:large","max-video-preview":"max-video-preview:-1"},"canonical":"https:\/\/www.oarcanjo.net\/site\/santa-ines\/","og_locale":"pt_BR","og_type":"article","og_title":"Santa In\u00eas - O Arcanjo no ar","og_description":"21 De Janeiro Virgem e m\u00e1rtir do s\u00e9culo III e de fam\u00edlia nobre e rica. Segundo a tradi\u00e7\u00e3o a medida que crescia se tornava uma linda donzela de sedutora beleza. Seus cabelos vermelhos e longos acendia os desejos dos jovens romanos. Mas ela, havia prometido castidade perp\u00e9tua e sofreu v\u00e1rias tentativas de viola\u00e7\u00f5es, sempre orando [&hellip;]","og_url":"https:\/\/www.oarcanjo.net\/site\/santa-ines\/","og_site_name":"O Arcanjo no ar","article_publisher":"https:\/\/www.facebook.com\/OArcanjoNoAr\/","article_published_time":"2017-01-21T02:09:56+00:00","article_modified_time":"2016-12-27T08:24:32+00:00","og_image":[{"url":"http:\/\/www.falkenberg.com.br\/falkenNews\/santa%20ines.jpg"}],"author":"danilo","twitter_card":"summary_large_image","twitter_misc":{"Escrito por":"danilo","Est. tempo de leitura":"3 minutos"},"schema":{"@context":"https:\/\/schema.org","@graph":[{"@type":"Article","@id":"https:\/\/www.oarcanjo.net\/site\/santa-ines\/#article","isPartOf":{"@id":"https:\/\/www.oarcanjo.net\/site\/santa-ines\/"},"author":{"name":"danilo","@id":"https:\/\/www.oarcanjo.net\/site\/#\/schema\/person\/5eb9480bedd2f3c97e430ce128c29c6c"},"headline":"Santa In\u00eas","datePublished":"2017-01-21T02:09:56+00:00","dateModified":"2016-12-27T08:24:32+00:00","mainEntityOfPage":{"@id":"https:\/\/www.oarcanjo.net\/site\/santa-ines\/"},"wordCount":665,"commentCount":6,"publisher":{"@id":"https:\/\/www.oarcanjo.net\/site\/#organization"},"image":{"@id":"https:\/\/www.oarcanjo.net\/site\/santa-ines\/#primaryimage"},"thumbnailUrl":"http:\/\/www.falkenberg.com.br\/falkenNews\/santa%20ines.jpg","articleSection":["Testemunhos"],"inLanguage":"pt-BR","potentialAction":[{"@type":"CommentAction","name":"Comment","target":["https:\/\/www.oarcanjo.net\/site\/santa-ines\/#respond"]}]},{"@type":"WebPage","@id":"https:\/\/www.oarcanjo.net\/site\/santa-ines\/","url":"https:\/\/www.oarcanjo.net\/site\/santa-ines\/","name":"Santa In\u00eas - O Arcanjo no ar","isPartOf":{"@id":"https:\/\/www.oarcanjo.net\/site\/#website"},"primaryImageOfPage":{"@id":"https:\/\/www.oarcanjo.net\/site\/santa-ines\/#primaryimage"},"image":{"@id":"https:\/\/www.oarcanjo.net\/site\/santa-ines\/#primaryimage"},"thumbnailUrl":"http:\/\/www.falkenberg.com.br\/falkenNews\/santa%20ines.jpg","datePublished":"2017-01-21T02:09:56+00:00","dateModified":"2016-12-27T08:24:32+00:00","breadcrumb":{"@id":"https:\/\/www.oarcanjo.net\/site\/santa-ines\/#breadcrumb"},"inLanguage":"pt-BR","potentialAction":[{"@type":"ReadAction","target":["https:\/\/www.oarcanjo.net\/site\/santa-ines\/"]}]},{"@type":"ImageObject","inLanguage":"pt-BR","@id":"https:\/\/www.oarcanjo.net\/site\/santa-ines\/#primaryimage","url":"http:\/\/www.falkenberg.com.br\/falkenNews\/santa%20ines.jpg","contentUrl":"http:\/\/www.falkenberg.com.br\/falkenNews\/santa%20ines.jpg"},{"@type":"BreadcrumbList","@id":"https:\/\/www.oarcanjo.net\/site\/santa-ines\/#breadcrumb","itemListElement":[{"@type":"ListItem","position":1,"name":"In\u00edcio","item":"https:\/\/www.oarcanjo.net\/site\/"},{"@type":"ListItem","position":2,"name":"Santa In\u00eas"}]},{"@type":"WebSite","@id":"https:\/\/www.oarcanjo.net\/site\/#website","url":"https:\/\/www.oarcanjo.net\/site\/","name":"O Arcanjo no ar","description":"Site da Par\u00f3quia S\u00e3o Miguel Arcanjo (Arquidiocese de SP)","publisher":{"@id":"https:\/\/www.oarcanjo.net\/site\/#organization"},"potentialAction":[{"@type":"SearchAction","target":{"@type":"EntryPoint","urlTemplate":"https:\/\/www.oarcanjo.net\/site\/?s={search_term_string}"},"query-input":{"@type":"PropertyValueSpecification","valueRequired":true,"valueName":"search_term_string"}}],"inLanguage":"pt-BR"},{"@type":"Organization","@id":"https:\/\/www.oarcanjo.net\/site\/#organization","name":"Par\u00f3quia S\u00e3o Miguel Arcanjo","url":"https:\/\/www.oarcanjo.net\/site\/","logo":{"@type":"ImageObject","inLanguage":"pt-BR","@id":"https:\/\/www.oarcanjo.net\/site\/#\/schema\/logo\/image\/","url":"https:\/\/www.oarcanjo.net\/site\/wp-content\/uploads\/LogoOArcanjo.png","contentUrl":"https:\/\/www.oarcanjo.net\/site\/wp-content\/uploads\/LogoOArcanjo.png","width":319,"height":99,"caption":"Par\u00f3quia S\u00e3o Miguel Arcanjo"},"image":{"@id":"https:\/\/www.oarcanjo.net\/site\/#\/schema\/logo\/image\/"},"sameAs":["https:\/\/www.facebook.com\/OArcanjoNoAr\/"]},{"@type":"Person","@id":"https:\/\/www.oarcanjo.net\/site\/#\/schema\/person\/5eb9480bedd2f3c97e430ce128c29c6c","name":"danilo"}]}},"publishpress_future_action":{"enabled":false,"date":"2026-05-08 16:58:18","action":"category","newStatus":"draft","terms":[],"taxonomy":"category"},"publishpress_future_workflow_manual_trigger":{"enabledWorkflows":[]},"_links":{"self":[{"href":"https:\/\/www.oarcanjo.net\/site\/wp-json\/wp\/v2\/posts\/7396"}],"collection":[{"href":"https:\/\/www.oarcanjo.net\/site\/wp-json\/wp\/v2\/posts"}],"about":[{"href":"https:\/\/www.oarcanjo.net\/site\/wp-json\/wp\/v2\/types\/post"}],"author":[{"embeddable":true,"href":"https:\/\/www.oarcanjo.net\/site\/wp-json\/wp\/v2\/users\/14"}],"replies":[{"embeddable":true,"href":"https:\/\/www.oarcanjo.net\/site\/wp-json\/wp\/v2\/comments?post=7396"}],"version-history":[{"count":0,"href":"https:\/\/www.oarcanjo.net\/site\/wp-json\/wp\/v2\/posts\/7396\/revisions"}],"wp:attachment":[{"href":"https:\/\/www.oarcanjo.net\/site\/wp-json\/wp\/v2\/media?parent=7396"}],"wp:term":[{"taxonomy":"category","embeddable":true,"href":"https:\/\/www.oarcanjo.net\/site\/wp-json\/wp\/v2\/categories?post=7396"},{"taxonomy":"post_tag","embeddable":true,"href":"https:\/\/www.oarcanjo.net\/site\/wp-json\/wp\/v2\/tags?post=7396"}],"curies":[{"name":"wp","href":"https:\/\/api.w.org\/{rel}","templated":true}]}}