
{"id":7402,"date":"2017-01-22T00:17:22","date_gmt":"2017-01-22T02:17:22","guid":{"rendered":"http:\/\/www.oarcanjo.net\/site\/?p=7402"},"modified":"2016-12-27T06:23:51","modified_gmt":"2016-12-27T08:23:51","slug":"sao-vicente","status":"publish","type":"post","link":"https:\/\/www.oarcanjo.net\/site\/sao-vicente\/","title":{"rendered":"S\u00e3o Vicente"},"content":{"rendered":"<p><img decoding=\"async\" src=\"http:\/\/www.paulinas.org.br\/diafeliz\/images\/santo\/Vicente.gif\" alt=\"\" \/><\/p>\n<p>22 de Janeiro<\/p>\n<p>Vicente era natural de Huesca e pertencia a uma das mais distintas fam\u00edlias da Espanha.<br \/>\nDesde menino, foi entregue por seus pais \u00e0 orienta\u00e7\u00e3o do bispo Val\u00e9rio, de Sarago\u00e7a, recebendo uma s\u00f3lida forma\u00e7\u00e3o religiosa e humana.<\/p>\n<p>Muito jovem ingressou na vida religiosa e logo foi ordenado di\u00e1cono da Igreja. Depois, devido ao seu preparo intelectual e tendo o dom da palavra, foi escolhido para assistir o bispo, ficando encarregado do minist\u00e9rio da prega\u00e7\u00e3o do Evangelho. Isto porque o bispo, em virtude da idade avan\u00e7ada, j\u00e1 n\u00e3o tinha mais for\u00e7as para exercer esta tarefa. Vicente desempenhou este cargo com total dignidade e, gra\u00e7as a eloq\u00fc\u00eancia dos seus serm\u00f5es e obras, obteve expressivos resultados para a Igreja convertendo \u00e0 f\u00e9, grande n\u00famero de pag\u00e3os.<\/p>\n<p>Neste per\u00edodo, iniciava a terr\u00edvel persegui\u00e7\u00e3o decretada pelos imperadores romanos Diocleciano e Maximiano, no solo espanhol. Daciano, governador da prov\u00edncia de Sarago\u00e7a e Val\u00eancia, querendo mostrar a sua lealdade e obedi\u00eancia aos decretos imperiais, mandou prender Val\u00e9rio e Vicente, ordenando que fossem levados para a pris\u00e3o de Val\u00eancia.<\/p>\n<p>Depois de processados foram condenados \u00e0 morte, mas o governador mostrando uma certa clem\u00eancia para o bispo muito idoso, mandou que fosse exilado. Entretanto reservou seu requinte de crueldade para Vicente, que foi barbaramente chicoteado e esfolado, tendo os nervos e m\u00fasculos esmigalhados. Mas ele continuava vivo entoando hinos de louvor \u00e0 Deus. Os carrascos ficaram t\u00e3o espantados e assustados, que desistiram da tortura, e tiraram Vicente da cela quando ent\u00e3o ele morreu. Era o ano 304.<\/p>\n<p>Segundo a tradi\u00e7\u00e3o, Daciano mandou que seu corpo fosse atirado num terreno pantanoso, para que os animais pudessem devor\u00e1-lo, mas acabou protegido por um corvo enorme, que n\u00e3o permitiu que seus restos fossem tocados. Por isto, transtornado o governador mandou que o jogassem ao mar, com uma grande pedra amarrada no pesco\u00e7o. O corpo de Vicente n\u00e3o afundou. O Senhor o conduziu \u00e0 praia, onde os fi\u00e9is o recolheram e sepultaram fora dos muros da cidade de Val\u00eancia. Neste lugar foi constru\u00edda a bel\u00edssima Bas\u00edlica dedicada \u00e0 ele e que guarda suas rel\u00edquias at\u00e9 hoje.<\/p>\n<p>S\u00e3o Vicente, di\u00e1cono, \u00e9 o m\u00e1rtir mais c\u00e9lebre da Espanha e Portugal. Um s\u00e9culo ap\u00f3s o seu testemunho da f\u00e9 no Cristo, Santo Agostinho, doutor da Igreja, lhe dedicava todos os anos neste dia uma missa. Por este motivo a Igreja manteve a sua festa nesta data.<\/p>\n<div id=\"themify_builder_content-7402\" data-postid=\"7402\" class=\"themify_builder_content themify_builder_content-7402 themify_builder themify_builder_front\">\n\t<\/div>\n<!-- \/themify_builder_content -->","protected":false},"excerpt":{"rendered":"<p>22 de Janeiro Vicente era natural de Huesca e pertencia a uma das mais distintas fam\u00edlias da Espanha. Desde menino, foi entregue por seus pais \u00e0 orienta\u00e7\u00e3o do bispo Val\u00e9rio, de Sarago\u00e7a, recebendo uma s\u00f3lida forma\u00e7\u00e3o religiosa e humana. Muito jovem ingressou na vida religiosa e logo foi ordenado di\u00e1cono da Igreja. Depois, devido ao [&hellip;]<\/p>\n","protected":false},"author":14,"featured_media":0,"comment_status":"open","ping_status":"open","sticky":false,"template":"","format":"standard","meta":{"ngg_post_thumbnail":0,"footnotes":""},"categories":[186],"tags":[],"yoast_head":"<!-- This site is optimized with the Yoast SEO plugin v23.5 - https:\/\/yoast.com\/wordpress\/plugins\/seo\/ -->\n<title>S\u00e3o Vicente - O Arcanjo no ar<\/title>\n<meta name=\"robots\" content=\"index, follow, max-snippet:-1, max-image-preview:large, max-video-preview:-1\" \/>\n<link rel=\"canonical\" href=\"https:\/\/www.oarcanjo.net\/site\/sao-vicente\/\" \/>\n<meta property=\"og:locale\" content=\"pt_BR\" \/>\n<meta property=\"og:type\" content=\"article\" \/>\n<meta property=\"og:title\" content=\"S\u00e3o Vicente - O Arcanjo no ar\" \/>\n<meta property=\"og:description\" content=\"22 de Janeiro Vicente era natural de Huesca e pertencia a uma das mais distintas fam\u00edlias da Espanha. Desde menino, foi entregue por seus pais \u00e0 orienta\u00e7\u00e3o do bispo Val\u00e9rio, de Sarago\u00e7a, recebendo uma s\u00f3lida forma\u00e7\u00e3o religiosa e humana. Muito jovem ingressou na vida religiosa e logo foi ordenado di\u00e1cono da Igreja. Depois, devido ao [&hellip;]\" \/>\n<meta property=\"og:url\" content=\"https:\/\/www.oarcanjo.net\/site\/sao-vicente\/\" \/>\n<meta property=\"og:site_name\" content=\"O Arcanjo no ar\" \/>\n<meta property=\"article:publisher\" content=\"https:\/\/www.facebook.com\/OArcanjoNoAr\/\" \/>\n<meta property=\"article:published_time\" content=\"2017-01-22T02:17:22+00:00\" \/>\n<meta property=\"article:modified_time\" content=\"2016-12-27T08:23:51+00:00\" \/>\n<meta property=\"og:image\" content=\"http:\/\/www.paulinas.org.br\/diafeliz\/images\/santo\/Vicente.gif\" \/>\n<meta name=\"author\" content=\"danilo\" \/>\n<meta name=\"twitter:card\" content=\"summary_large_image\" \/>\n<meta name=\"twitter:label1\" content=\"Escrito por\" \/>\n\t<meta name=\"twitter:data1\" content=\"danilo\" \/>\n\t<meta name=\"twitter:label2\" content=\"Est. tempo de leitura\" \/>\n\t<meta name=\"twitter:data2\" content=\"2 minutos\" \/>\n<script type=\"application\/ld+json\" class=\"yoast-schema-graph\">{\"@context\":\"https:\/\/schema.org\",\"@graph\":[{\"@type\":\"Article\",\"@id\":\"https:\/\/www.oarcanjo.net\/site\/sao-vicente\/#article\",\"isPartOf\":{\"@id\":\"https:\/\/www.oarcanjo.net\/site\/sao-vicente\/\"},\"author\":{\"name\":\"danilo\",\"@id\":\"https:\/\/www.oarcanjo.net\/site\/#\/schema\/person\/5eb9480bedd2f3c97e430ce128c29c6c\"},\"headline\":\"S\u00e3o Vicente\",\"datePublished\":\"2017-01-22T02:17:22+00:00\",\"dateModified\":\"2016-12-27T08:23:51+00:00\",\"mainEntityOfPage\":{\"@id\":\"https:\/\/www.oarcanjo.net\/site\/sao-vicente\/\"},\"wordCount\":434,\"commentCount\":0,\"publisher\":{\"@id\":\"https:\/\/www.oarcanjo.net\/site\/#organization\"},\"image\":{\"@id\":\"https:\/\/www.oarcanjo.net\/site\/sao-vicente\/#primaryimage\"},\"thumbnailUrl\":\"http:\/\/www.paulinas.org.br\/diafeliz\/images\/santo\/Vicente.gif\",\"articleSection\":[\"Testemunhos\"],\"inLanguage\":\"pt-BR\",\"potentialAction\":[{\"@type\":\"CommentAction\",\"name\":\"Comment\",\"target\":[\"https:\/\/www.oarcanjo.net\/site\/sao-vicente\/#respond\"]}]},{\"@type\":\"WebPage\",\"@id\":\"https:\/\/www.oarcanjo.net\/site\/sao-vicente\/\",\"url\":\"https:\/\/www.oarcanjo.net\/site\/sao-vicente\/\",\"name\":\"S\u00e3o Vicente - O Arcanjo no ar\",\"isPartOf\":{\"@id\":\"https:\/\/www.oarcanjo.net\/site\/#website\"},\"primaryImageOfPage\":{\"@id\":\"https:\/\/www.oarcanjo.net\/site\/sao-vicente\/#primaryimage\"},\"image\":{\"@id\":\"https:\/\/www.oarcanjo.net\/site\/sao-vicente\/#primaryimage\"},\"thumbnailUrl\":\"http:\/\/www.paulinas.org.br\/diafeliz\/images\/santo\/Vicente.gif\",\"datePublished\":\"2017-01-22T02:17:22+00:00\",\"dateModified\":\"2016-12-27T08:23:51+00:00\",\"breadcrumb\":{\"@id\":\"https:\/\/www.oarcanjo.net\/site\/sao-vicente\/#breadcrumb\"},\"inLanguage\":\"pt-BR\",\"potentialAction\":[{\"@type\":\"ReadAction\",\"target\":[\"https:\/\/www.oarcanjo.net\/site\/sao-vicente\/\"]}]},{\"@type\":\"ImageObject\",\"inLanguage\":\"pt-BR\",\"@id\":\"https:\/\/www.oarcanjo.net\/site\/sao-vicente\/#primaryimage\",\"url\":\"http:\/\/www.paulinas.org.br\/diafeliz\/images\/santo\/Vicente.gif\",\"contentUrl\":\"http:\/\/www.paulinas.org.br\/diafeliz\/images\/santo\/Vicente.gif\"},{\"@type\":\"BreadcrumbList\",\"@id\":\"https:\/\/www.oarcanjo.net\/site\/sao-vicente\/#breadcrumb\",\"itemListElement\":[{\"@type\":\"ListItem\",\"position\":1,\"name\":\"In\u00edcio\",\"item\":\"https:\/\/www.oarcanjo.net\/site\/\"},{\"@type\":\"ListItem\",\"position\":2,\"name\":\"S\u00e3o Vicente\"}]},{\"@type\":\"WebSite\",\"@id\":\"https:\/\/www.oarcanjo.net\/site\/#website\",\"url\":\"https:\/\/www.oarcanjo.net\/site\/\",\"name\":\"O Arcanjo no ar\",\"description\":\"Site da Par\u00f3quia S\u00e3o Miguel Arcanjo (Arquidiocese de SP)\",\"publisher\":{\"@id\":\"https:\/\/www.oarcanjo.net\/site\/#organization\"},\"potentialAction\":[{\"@type\":\"SearchAction\",\"target\":{\"@type\":\"EntryPoint\",\"urlTemplate\":\"https:\/\/www.oarcanjo.net\/site\/?s={search_term_string}\"},\"query-input\":{\"@type\":\"PropertyValueSpecification\",\"valueRequired\":true,\"valueName\":\"search_term_string\"}}],\"inLanguage\":\"pt-BR\"},{\"@type\":\"Organization\",\"@id\":\"https:\/\/www.oarcanjo.net\/site\/#organization\",\"name\":\"Par\u00f3quia S\u00e3o Miguel Arcanjo\",\"url\":\"https:\/\/www.oarcanjo.net\/site\/\",\"logo\":{\"@type\":\"ImageObject\",\"inLanguage\":\"pt-BR\",\"@id\":\"https:\/\/www.oarcanjo.net\/site\/#\/schema\/logo\/image\/\",\"url\":\"https:\/\/www.oarcanjo.net\/site\/wp-content\/uploads\/LogoOArcanjo.png\",\"contentUrl\":\"https:\/\/www.oarcanjo.net\/site\/wp-content\/uploads\/LogoOArcanjo.png\",\"width\":319,\"height\":99,\"caption\":\"Par\u00f3quia S\u00e3o Miguel Arcanjo\"},\"image\":{\"@id\":\"https:\/\/www.oarcanjo.net\/site\/#\/schema\/logo\/image\/\"},\"sameAs\":[\"https:\/\/www.facebook.com\/OArcanjoNoAr\/\"]},{\"@type\":\"Person\",\"@id\":\"https:\/\/www.oarcanjo.net\/site\/#\/schema\/person\/5eb9480bedd2f3c97e430ce128c29c6c\",\"name\":\"danilo\"}]}<\/script>\n<!-- \/ Yoast SEO plugin. -->","yoast_head_json":{"title":"S\u00e3o Vicente - O Arcanjo no ar","robots":{"index":"index","follow":"follow","max-snippet":"max-snippet:-1","max-image-preview":"max-image-preview:large","max-video-preview":"max-video-preview:-1"},"canonical":"https:\/\/www.oarcanjo.net\/site\/sao-vicente\/","og_locale":"pt_BR","og_type":"article","og_title":"S\u00e3o Vicente - O Arcanjo no ar","og_description":"22 de Janeiro Vicente era natural de Huesca e pertencia a uma das mais distintas fam\u00edlias da Espanha. Desde menino, foi entregue por seus pais \u00e0 orienta\u00e7\u00e3o do bispo Val\u00e9rio, de Sarago\u00e7a, recebendo uma s\u00f3lida forma\u00e7\u00e3o religiosa e humana. Muito jovem ingressou na vida religiosa e logo foi ordenado di\u00e1cono da Igreja. Depois, devido ao [&hellip;]","og_url":"https:\/\/www.oarcanjo.net\/site\/sao-vicente\/","og_site_name":"O Arcanjo no ar","article_publisher":"https:\/\/www.facebook.com\/OArcanjoNoAr\/","article_published_time":"2017-01-22T02:17:22+00:00","article_modified_time":"2016-12-27T08:23:51+00:00","og_image":[{"url":"http:\/\/www.paulinas.org.br\/diafeliz\/images\/santo\/Vicente.gif"}],"author":"danilo","twitter_card":"summary_large_image","twitter_misc":{"Escrito por":"danilo","Est. tempo de leitura":"2 minutos"},"schema":{"@context":"https:\/\/schema.org","@graph":[{"@type":"Article","@id":"https:\/\/www.oarcanjo.net\/site\/sao-vicente\/#article","isPartOf":{"@id":"https:\/\/www.oarcanjo.net\/site\/sao-vicente\/"},"author":{"name":"danilo","@id":"https:\/\/www.oarcanjo.net\/site\/#\/schema\/person\/5eb9480bedd2f3c97e430ce128c29c6c"},"headline":"S\u00e3o Vicente","datePublished":"2017-01-22T02:17:22+00:00","dateModified":"2016-12-27T08:23:51+00:00","mainEntityOfPage":{"@id":"https:\/\/www.oarcanjo.net\/site\/sao-vicente\/"},"wordCount":434,"commentCount":0,"publisher":{"@id":"https:\/\/www.oarcanjo.net\/site\/#organization"},"image":{"@id":"https:\/\/www.oarcanjo.net\/site\/sao-vicente\/#primaryimage"},"thumbnailUrl":"http:\/\/www.paulinas.org.br\/diafeliz\/images\/santo\/Vicente.gif","articleSection":["Testemunhos"],"inLanguage":"pt-BR","potentialAction":[{"@type":"CommentAction","name":"Comment","target":["https:\/\/www.oarcanjo.net\/site\/sao-vicente\/#respond"]}]},{"@type":"WebPage","@id":"https:\/\/www.oarcanjo.net\/site\/sao-vicente\/","url":"https:\/\/www.oarcanjo.net\/site\/sao-vicente\/","name":"S\u00e3o Vicente - O Arcanjo no ar","isPartOf":{"@id":"https:\/\/www.oarcanjo.net\/site\/#website"},"primaryImageOfPage":{"@id":"https:\/\/www.oarcanjo.net\/site\/sao-vicente\/#primaryimage"},"image":{"@id":"https:\/\/www.oarcanjo.net\/site\/sao-vicente\/#primaryimage"},"thumbnailUrl":"http:\/\/www.paulinas.org.br\/diafeliz\/images\/santo\/Vicente.gif","datePublished":"2017-01-22T02:17:22+00:00","dateModified":"2016-12-27T08:23:51+00:00","breadcrumb":{"@id":"https:\/\/www.oarcanjo.net\/site\/sao-vicente\/#breadcrumb"},"inLanguage":"pt-BR","potentialAction":[{"@type":"ReadAction","target":["https:\/\/www.oarcanjo.net\/site\/sao-vicente\/"]}]},{"@type":"ImageObject","inLanguage":"pt-BR","@id":"https:\/\/www.oarcanjo.net\/site\/sao-vicente\/#primaryimage","url":"http:\/\/www.paulinas.org.br\/diafeliz\/images\/santo\/Vicente.gif","contentUrl":"http:\/\/www.paulinas.org.br\/diafeliz\/images\/santo\/Vicente.gif"},{"@type":"BreadcrumbList","@id":"https:\/\/www.oarcanjo.net\/site\/sao-vicente\/#breadcrumb","itemListElement":[{"@type":"ListItem","position":1,"name":"In\u00edcio","item":"https:\/\/www.oarcanjo.net\/site\/"},{"@type":"ListItem","position":2,"name":"S\u00e3o Vicente"}]},{"@type":"WebSite","@id":"https:\/\/www.oarcanjo.net\/site\/#website","url":"https:\/\/www.oarcanjo.net\/site\/","name":"O Arcanjo no ar","description":"Site da Par\u00f3quia S\u00e3o Miguel Arcanjo (Arquidiocese de SP)","publisher":{"@id":"https:\/\/www.oarcanjo.net\/site\/#organization"},"potentialAction":[{"@type":"SearchAction","target":{"@type":"EntryPoint","urlTemplate":"https:\/\/www.oarcanjo.net\/site\/?s={search_term_string}"},"query-input":{"@type":"PropertyValueSpecification","valueRequired":true,"valueName":"search_term_string"}}],"inLanguage":"pt-BR"},{"@type":"Organization","@id":"https:\/\/www.oarcanjo.net\/site\/#organization","name":"Par\u00f3quia S\u00e3o Miguel Arcanjo","url":"https:\/\/www.oarcanjo.net\/site\/","logo":{"@type":"ImageObject","inLanguage":"pt-BR","@id":"https:\/\/www.oarcanjo.net\/site\/#\/schema\/logo\/image\/","url":"https:\/\/www.oarcanjo.net\/site\/wp-content\/uploads\/LogoOArcanjo.png","contentUrl":"https:\/\/www.oarcanjo.net\/site\/wp-content\/uploads\/LogoOArcanjo.png","width":319,"height":99,"caption":"Par\u00f3quia S\u00e3o Miguel Arcanjo"},"image":{"@id":"https:\/\/www.oarcanjo.net\/site\/#\/schema\/logo\/image\/"},"sameAs":["https:\/\/www.facebook.com\/OArcanjoNoAr\/"]},{"@type":"Person","@id":"https:\/\/www.oarcanjo.net\/site\/#\/schema\/person\/5eb9480bedd2f3c97e430ce128c29c6c","name":"danilo"}]}},"publishpress_future_action":{"enabled":false,"date":"2026-05-08 18:01:45","action":"category","newStatus":"draft","terms":[],"taxonomy":"category"},"publishpress_future_workflow_manual_trigger":{"enabledWorkflows":[]},"_links":{"self":[{"href":"https:\/\/www.oarcanjo.net\/site\/wp-json\/wp\/v2\/posts\/7402"}],"collection":[{"href":"https:\/\/www.oarcanjo.net\/site\/wp-json\/wp\/v2\/posts"}],"about":[{"href":"https:\/\/www.oarcanjo.net\/site\/wp-json\/wp\/v2\/types\/post"}],"author":[{"embeddable":true,"href":"https:\/\/www.oarcanjo.net\/site\/wp-json\/wp\/v2\/users\/14"}],"replies":[{"embeddable":true,"href":"https:\/\/www.oarcanjo.net\/site\/wp-json\/wp\/v2\/comments?post=7402"}],"version-history":[{"count":0,"href":"https:\/\/www.oarcanjo.net\/site\/wp-json\/wp\/v2\/posts\/7402\/revisions"}],"wp:attachment":[{"href":"https:\/\/www.oarcanjo.net\/site\/wp-json\/wp\/v2\/media?parent=7402"}],"wp:term":[{"taxonomy":"category","embeddable":true,"href":"https:\/\/www.oarcanjo.net\/site\/wp-json\/wp\/v2\/categories?post=7402"},{"taxonomy":"post_tag","embeddable":true,"href":"https:\/\/www.oarcanjo.net\/site\/wp-json\/wp\/v2\/tags?post=7402"}],"curies":[{"name":"wp","href":"https:\/\/api.w.org\/{rel}","templated":true}]}}