
{"id":7404,"date":"2017-01-22T00:50:36","date_gmt":"2017-01-22T02:50:36","guid":{"rendered":"http:\/\/www.oarcanjo.net\/site\/?p=7404"},"modified":"2016-12-27T06:23:29","modified_gmt":"2016-12-27T08:23:29","slug":"bem-aventurada-laura-vicuna","status":"publish","type":"post","link":"https:\/\/www.oarcanjo.net\/site\/bem-aventurada-laura-vicuna\/","title":{"rendered":"Bem Aventurada Laura Vicu\u00f1a"},"content":{"rendered":"<p><a href=\"http:\/\/pt.wikipedia.org\/wiki\/Ficheiro:Laura_Vicuna.jpg\"><img loading=\"lazy\" decoding=\"async\" src=\"http:\/\/upload.wikimedia.org\/wikipedia\/commons\/thumb\/1\/16\/Laura_Vicuna.jpg\/180px-Laura_Vicuna.jpg\" alt=\"\" width=\"180\" height=\"252\" \/><\/a><\/p>\n<p>22 de Janeiro<\/p>\n<p>Laura Carmem Vicu\u00e3a nasceu em Santiago do Chile em 05 de abril de 1891. Laura \u00e9 a primeira filha do casamento de Jos\u00e9 Domingo Vicu\u00f1a e Mercedes Pino.<\/p>\n<p>Jos\u00e9 Domingo, o pai de Laura, \u00e9 militar. Mercedes \u00e9 simples, boa trabalhadora, delicada. Em 1894, logo ap\u00f3s o nascimento da segunda filha, Julia Amanda, seu marido morre deixando as tr\u00eas com a situa\u00e7\u00e3o financeira muito dif\u00edcil.<\/p>\n<p>Mercedes tinha que trabalhar para sustentar as filhas pequenas, mas n\u00e3o conseguia o suficiente para sobreviverem. Decide imigrar para a Argentina, mas l\u00e1 a situa\u00e7\u00e3o fica ainda pior. Tanta incerteza e dificuldade a abatem por completo. Ent\u00e3o aceita o apoio seguro de um rico fazendeiro de Quilquihu\u00e9, para garantir a prote\u00e7\u00e3o de suas filhas.<\/p>\n<p>Em Quilquihu\u00e9, Laura e J\u00falia come\u00e7am a desfrutar do bem-estar daquela da regi\u00e3o andina. Naqueles anos, as freiras Filhas de Maria Auxiliadora tinham aberto um Col\u00e9gio na cidade vizinha. Mercedes com a ajuda do companheiro matricula as suas duas filhas no Col\u00e9gio em regime de internato.<\/p>\n<p>No col\u00e9gio Laura observa, escuta, reflete e descobre pouco a pouco, o segredo da serenidade e da paz que irradiam da vida das freiras. Descobre o que \u00e9 o Amor de Deus e que Deus est\u00e1 presente em todos os homens. Pensa que ela pr\u00f3pria poderia se tornar uma daquelas freiras Filha de Maria Auxiliadora.<\/p>\n<p>Por\u00e9m, recebe um golpe muito duro. Naquela regi\u00e3o, era muito freq\u00fcente que as garotas se casassem muito jovens. Por isso as freiras falavam com muita clareza sobre o Sacramento do Matrim\u00f4nio \u00e0s suas alunas. Laura escuta e imediatamente compreende que sua m\u00e3e vive com o companheiro sem ser casada e que s\u00f3 se submeteu em troca do bem-estar de suas filhas. Laura n\u00e3o condena a sua m\u00e3e, por\u00e9m lutar\u00e1 para devolver-lhe a liberdade, para faz\u00ea-la conhecer o verdadeiro amor, para afast\u00e1-la do companheiro e reconcili\u00e1-la com Deus.<\/p>\n<p>No Internato, comunica a seu confessor sua decis\u00e3o: &#8220;Ofere\u00e7o a Deus a minha vida pela salva\u00e7\u00e3o de minha m\u00e3e&#8221;.Laura ingressa no convento das freiras Filhas de Maria Auxiliadora se entrega \u00e0 Deus e as penit\u00eancias por sua m\u00e3e, mas adoece gravemente e morre com13 anos de idade, em 22 de janeiro de 1904. Antes de morrer, ela revela \u00e0 m\u00e3e o seu segredo, obtendo dela a promessa de mudar de vida e de come\u00e7ar uma vida nova.<a><img loading=\"lazy\" decoding=\"async\" src=\"http:\/\/www.oremosjuntos.com\/SantoralLatino\/lauravicuna_muerte.jpg\" border=\"0\" alt=\"Beata Laura Vicu\ufffda y su mam\ufffd, en el momento de la agon\ufffda\" width=\"292\" height=\"273\" \/><\/a><\/p>\n<p>O Papa Jo\u00e3o Paulo II beatificou Laura Vicu\u00f1a, em 3 de setembro de 1988, e suas rel\u00edquias est\u00e3o na capela do convento das Filhas de Maria Auxiliadora em Bahia Blanca, Argentina.<\/p>\n<p><a><img loading=\"lazy\" decoding=\"async\" src=\"http:\/\/www.oremosjuntos.com\/SantoralLatino\/Laura_Vicuna_ex_ossibus2.gif\" border=\"0\" alt=\"Beata Laura Vicu\ufffda, Reliquia 1ra Clase, Ex Ossibus\" width=\"294\" height=\"291\" \/><\/a><\/p>\n<div id=\"themify_builder_content-7404\" data-postid=\"7404\" class=\"themify_builder_content themify_builder_content-7404 themify_builder themify_builder_front\">\n\t<\/div>\n<!-- \/themify_builder_content -->","protected":false},"excerpt":{"rendered":"<p>22 de Janeiro Laura Carmem Vicu\u00e3a nasceu em Santiago do Chile em 05 de abril de 1891. Laura \u00e9 a primeira filha do casamento de Jos\u00e9 Domingo Vicu\u00f1a e Mercedes Pino. Jos\u00e9 Domingo, o pai de Laura, \u00e9 militar. Mercedes \u00e9 simples, boa trabalhadora, delicada. Em 1894, logo ap\u00f3s o nascimento da segunda filha, Julia [&hellip;]<\/p>\n","protected":false},"author":14,"featured_media":0,"comment_status":"open","ping_status":"open","sticky":false,"template":"","format":"standard","meta":{"ngg_post_thumbnail":0,"footnotes":""},"categories":[186],"tags":[],"yoast_head":"<!-- This site is optimized with the Yoast SEO plugin v23.5 - https:\/\/yoast.com\/wordpress\/plugins\/seo\/ -->\n<title>Bem Aventurada Laura Vicu\u00f1a - O Arcanjo no ar<\/title>\n<meta name=\"robots\" content=\"index, follow, max-snippet:-1, max-image-preview:large, max-video-preview:-1\" \/>\n<link rel=\"canonical\" href=\"https:\/\/www.oarcanjo.net\/site\/bem-aventurada-laura-vicuna\/\" \/>\n<meta property=\"og:locale\" content=\"pt_BR\" \/>\n<meta property=\"og:type\" content=\"article\" \/>\n<meta property=\"og:title\" content=\"Bem Aventurada Laura Vicu\u00f1a - O Arcanjo no ar\" \/>\n<meta property=\"og:description\" content=\"22 de Janeiro Laura Carmem Vicu\u00e3a nasceu em Santiago do Chile em 05 de abril de 1891. Laura \u00e9 a primeira filha do casamento de Jos\u00e9 Domingo Vicu\u00f1a e Mercedes Pino. Jos\u00e9 Domingo, o pai de Laura, \u00e9 militar. Mercedes \u00e9 simples, boa trabalhadora, delicada. Em 1894, logo ap\u00f3s o nascimento da segunda filha, Julia [&hellip;]\" \/>\n<meta property=\"og:url\" content=\"https:\/\/www.oarcanjo.net\/site\/bem-aventurada-laura-vicuna\/\" \/>\n<meta property=\"og:site_name\" content=\"O Arcanjo no ar\" \/>\n<meta property=\"article:publisher\" content=\"https:\/\/www.facebook.com\/OArcanjoNoAr\/\" \/>\n<meta property=\"article:published_time\" content=\"2017-01-22T02:50:36+00:00\" \/>\n<meta property=\"article:modified_time\" content=\"2016-12-27T08:23:29+00:00\" \/>\n<meta property=\"og:image\" content=\"http:\/\/upload.wikimedia.org\/wikipedia\/commons\/thumb\/1\/16\/Laura_Vicuna.jpg\/180px-Laura_Vicuna.jpg\" \/>\n<meta name=\"author\" content=\"danilo\" \/>\n<meta name=\"twitter:card\" content=\"summary_large_image\" \/>\n<meta name=\"twitter:label1\" content=\"Escrito por\" \/>\n\t<meta name=\"twitter:data1\" content=\"danilo\" \/>\n\t<meta name=\"twitter:label2\" content=\"Est. tempo de leitura\" \/>\n\t<meta name=\"twitter:data2\" content=\"2 minutos\" \/>\n<script type=\"application\/ld+json\" class=\"yoast-schema-graph\">{\"@context\":\"https:\/\/schema.org\",\"@graph\":[{\"@type\":\"Article\",\"@id\":\"https:\/\/www.oarcanjo.net\/site\/bem-aventurada-laura-vicuna\/#article\",\"isPartOf\":{\"@id\":\"https:\/\/www.oarcanjo.net\/site\/bem-aventurada-laura-vicuna\/\"},\"author\":{\"name\":\"danilo\",\"@id\":\"https:\/\/www.oarcanjo.net\/site\/#\/schema\/person\/5eb9480bedd2f3c97e430ce128c29c6c\"},\"headline\":\"Bem Aventurada Laura Vicu\u00f1a\",\"datePublished\":\"2017-01-22T02:50:36+00:00\",\"dateModified\":\"2016-12-27T08:23:29+00:00\",\"mainEntityOfPage\":{\"@id\":\"https:\/\/www.oarcanjo.net\/site\/bem-aventurada-laura-vicuna\/\"},\"wordCount\":450,\"commentCount\":15,\"publisher\":{\"@id\":\"https:\/\/www.oarcanjo.net\/site\/#organization\"},\"image\":{\"@id\":\"https:\/\/www.oarcanjo.net\/site\/bem-aventurada-laura-vicuna\/#primaryimage\"},\"thumbnailUrl\":\"http:\/\/upload.wikimedia.org\/wikipedia\/commons\/thumb\/1\/16\/Laura_Vicuna.jpg\/180px-Laura_Vicuna.jpg\",\"articleSection\":[\"Testemunhos\"],\"inLanguage\":\"pt-BR\",\"potentialAction\":[{\"@type\":\"CommentAction\",\"name\":\"Comment\",\"target\":[\"https:\/\/www.oarcanjo.net\/site\/bem-aventurada-laura-vicuna\/#respond\"]}]},{\"@type\":\"WebPage\",\"@id\":\"https:\/\/www.oarcanjo.net\/site\/bem-aventurada-laura-vicuna\/\",\"url\":\"https:\/\/www.oarcanjo.net\/site\/bem-aventurada-laura-vicuna\/\",\"name\":\"Bem Aventurada Laura Vicu\u00f1a - O Arcanjo no ar\",\"isPartOf\":{\"@id\":\"https:\/\/www.oarcanjo.net\/site\/#website\"},\"primaryImageOfPage\":{\"@id\":\"https:\/\/www.oarcanjo.net\/site\/bem-aventurada-laura-vicuna\/#primaryimage\"},\"image\":{\"@id\":\"https:\/\/www.oarcanjo.net\/site\/bem-aventurada-laura-vicuna\/#primaryimage\"},\"thumbnailUrl\":\"http:\/\/upload.wikimedia.org\/wikipedia\/commons\/thumb\/1\/16\/Laura_Vicuna.jpg\/180px-Laura_Vicuna.jpg\",\"datePublished\":\"2017-01-22T02:50:36+00:00\",\"dateModified\":\"2016-12-27T08:23:29+00:00\",\"breadcrumb\":{\"@id\":\"https:\/\/www.oarcanjo.net\/site\/bem-aventurada-laura-vicuna\/#breadcrumb\"},\"inLanguage\":\"pt-BR\",\"potentialAction\":[{\"@type\":\"ReadAction\",\"target\":[\"https:\/\/www.oarcanjo.net\/site\/bem-aventurada-laura-vicuna\/\"]}]},{\"@type\":\"ImageObject\",\"inLanguage\":\"pt-BR\",\"@id\":\"https:\/\/www.oarcanjo.net\/site\/bem-aventurada-laura-vicuna\/#primaryimage\",\"url\":\"http:\/\/upload.wikimedia.org\/wikipedia\/commons\/thumb\/1\/16\/Laura_Vicuna.jpg\/180px-Laura_Vicuna.jpg\",\"contentUrl\":\"http:\/\/upload.wikimedia.org\/wikipedia\/commons\/thumb\/1\/16\/Laura_Vicuna.jpg\/180px-Laura_Vicuna.jpg\"},{\"@type\":\"BreadcrumbList\",\"@id\":\"https:\/\/www.oarcanjo.net\/site\/bem-aventurada-laura-vicuna\/#breadcrumb\",\"itemListElement\":[{\"@type\":\"ListItem\",\"position\":1,\"name\":\"In\u00edcio\",\"item\":\"https:\/\/www.oarcanjo.net\/site\/\"},{\"@type\":\"ListItem\",\"position\":2,\"name\":\"Bem Aventurada Laura Vicu\u00f1a\"}]},{\"@type\":\"WebSite\",\"@id\":\"https:\/\/www.oarcanjo.net\/site\/#website\",\"url\":\"https:\/\/www.oarcanjo.net\/site\/\",\"name\":\"O Arcanjo no ar\",\"description\":\"Site da Par\u00f3quia S\u00e3o Miguel Arcanjo (Arquidiocese de SP)\",\"publisher\":{\"@id\":\"https:\/\/www.oarcanjo.net\/site\/#organization\"},\"potentialAction\":[{\"@type\":\"SearchAction\",\"target\":{\"@type\":\"EntryPoint\",\"urlTemplate\":\"https:\/\/www.oarcanjo.net\/site\/?s={search_term_string}\"},\"query-input\":{\"@type\":\"PropertyValueSpecification\",\"valueRequired\":true,\"valueName\":\"search_term_string\"}}],\"inLanguage\":\"pt-BR\"},{\"@type\":\"Organization\",\"@id\":\"https:\/\/www.oarcanjo.net\/site\/#organization\",\"name\":\"Par\u00f3quia S\u00e3o Miguel Arcanjo\",\"url\":\"https:\/\/www.oarcanjo.net\/site\/\",\"logo\":{\"@type\":\"ImageObject\",\"inLanguage\":\"pt-BR\",\"@id\":\"https:\/\/www.oarcanjo.net\/site\/#\/schema\/logo\/image\/\",\"url\":\"https:\/\/www.oarcanjo.net\/site\/wp-content\/uploads\/LogoOArcanjo.png\",\"contentUrl\":\"https:\/\/www.oarcanjo.net\/site\/wp-content\/uploads\/LogoOArcanjo.png\",\"width\":319,\"height\":99,\"caption\":\"Par\u00f3quia S\u00e3o Miguel Arcanjo\"},\"image\":{\"@id\":\"https:\/\/www.oarcanjo.net\/site\/#\/schema\/logo\/image\/\"},\"sameAs\":[\"https:\/\/www.facebook.com\/OArcanjoNoAr\/\"]},{\"@type\":\"Person\",\"@id\":\"https:\/\/www.oarcanjo.net\/site\/#\/schema\/person\/5eb9480bedd2f3c97e430ce128c29c6c\",\"name\":\"danilo\"}]}<\/script>\n<!-- \/ Yoast SEO plugin. -->","yoast_head_json":{"title":"Bem Aventurada Laura Vicu\u00f1a - O Arcanjo no ar","robots":{"index":"index","follow":"follow","max-snippet":"max-snippet:-1","max-image-preview":"max-image-preview:large","max-video-preview":"max-video-preview:-1"},"canonical":"https:\/\/www.oarcanjo.net\/site\/bem-aventurada-laura-vicuna\/","og_locale":"pt_BR","og_type":"article","og_title":"Bem Aventurada Laura Vicu\u00f1a - O Arcanjo no ar","og_description":"22 de Janeiro Laura Carmem Vicu\u00e3a nasceu em Santiago do Chile em 05 de abril de 1891. Laura \u00e9 a primeira filha do casamento de Jos\u00e9 Domingo Vicu\u00f1a e Mercedes Pino. Jos\u00e9 Domingo, o pai de Laura, \u00e9 militar. Mercedes \u00e9 simples, boa trabalhadora, delicada. Em 1894, logo ap\u00f3s o nascimento da segunda filha, Julia [&hellip;]","og_url":"https:\/\/www.oarcanjo.net\/site\/bem-aventurada-laura-vicuna\/","og_site_name":"O Arcanjo no ar","article_publisher":"https:\/\/www.facebook.com\/OArcanjoNoAr\/","article_published_time":"2017-01-22T02:50:36+00:00","article_modified_time":"2016-12-27T08:23:29+00:00","og_image":[{"url":"http:\/\/upload.wikimedia.org\/wikipedia\/commons\/thumb\/1\/16\/Laura_Vicuna.jpg\/180px-Laura_Vicuna.jpg"}],"author":"danilo","twitter_card":"summary_large_image","twitter_misc":{"Escrito por":"danilo","Est. tempo de leitura":"2 minutos"},"schema":{"@context":"https:\/\/schema.org","@graph":[{"@type":"Article","@id":"https:\/\/www.oarcanjo.net\/site\/bem-aventurada-laura-vicuna\/#article","isPartOf":{"@id":"https:\/\/www.oarcanjo.net\/site\/bem-aventurada-laura-vicuna\/"},"author":{"name":"danilo","@id":"https:\/\/www.oarcanjo.net\/site\/#\/schema\/person\/5eb9480bedd2f3c97e430ce128c29c6c"},"headline":"Bem Aventurada Laura Vicu\u00f1a","datePublished":"2017-01-22T02:50:36+00:00","dateModified":"2016-12-27T08:23:29+00:00","mainEntityOfPage":{"@id":"https:\/\/www.oarcanjo.net\/site\/bem-aventurada-laura-vicuna\/"},"wordCount":450,"commentCount":15,"publisher":{"@id":"https:\/\/www.oarcanjo.net\/site\/#organization"},"image":{"@id":"https:\/\/www.oarcanjo.net\/site\/bem-aventurada-laura-vicuna\/#primaryimage"},"thumbnailUrl":"http:\/\/upload.wikimedia.org\/wikipedia\/commons\/thumb\/1\/16\/Laura_Vicuna.jpg\/180px-Laura_Vicuna.jpg","articleSection":["Testemunhos"],"inLanguage":"pt-BR","potentialAction":[{"@type":"CommentAction","name":"Comment","target":["https:\/\/www.oarcanjo.net\/site\/bem-aventurada-laura-vicuna\/#respond"]}]},{"@type":"WebPage","@id":"https:\/\/www.oarcanjo.net\/site\/bem-aventurada-laura-vicuna\/","url":"https:\/\/www.oarcanjo.net\/site\/bem-aventurada-laura-vicuna\/","name":"Bem Aventurada Laura Vicu\u00f1a - O Arcanjo no ar","isPartOf":{"@id":"https:\/\/www.oarcanjo.net\/site\/#website"},"primaryImageOfPage":{"@id":"https:\/\/www.oarcanjo.net\/site\/bem-aventurada-laura-vicuna\/#primaryimage"},"image":{"@id":"https:\/\/www.oarcanjo.net\/site\/bem-aventurada-laura-vicuna\/#primaryimage"},"thumbnailUrl":"http:\/\/upload.wikimedia.org\/wikipedia\/commons\/thumb\/1\/16\/Laura_Vicuna.jpg\/180px-Laura_Vicuna.jpg","datePublished":"2017-01-22T02:50:36+00:00","dateModified":"2016-12-27T08:23:29+00:00","breadcrumb":{"@id":"https:\/\/www.oarcanjo.net\/site\/bem-aventurada-laura-vicuna\/#breadcrumb"},"inLanguage":"pt-BR","potentialAction":[{"@type":"ReadAction","target":["https:\/\/www.oarcanjo.net\/site\/bem-aventurada-laura-vicuna\/"]}]},{"@type":"ImageObject","inLanguage":"pt-BR","@id":"https:\/\/www.oarcanjo.net\/site\/bem-aventurada-laura-vicuna\/#primaryimage","url":"http:\/\/upload.wikimedia.org\/wikipedia\/commons\/thumb\/1\/16\/Laura_Vicuna.jpg\/180px-Laura_Vicuna.jpg","contentUrl":"http:\/\/upload.wikimedia.org\/wikipedia\/commons\/thumb\/1\/16\/Laura_Vicuna.jpg\/180px-Laura_Vicuna.jpg"},{"@type":"BreadcrumbList","@id":"https:\/\/www.oarcanjo.net\/site\/bem-aventurada-laura-vicuna\/#breadcrumb","itemListElement":[{"@type":"ListItem","position":1,"name":"In\u00edcio","item":"https:\/\/www.oarcanjo.net\/site\/"},{"@type":"ListItem","position":2,"name":"Bem Aventurada Laura Vicu\u00f1a"}]},{"@type":"WebSite","@id":"https:\/\/www.oarcanjo.net\/site\/#website","url":"https:\/\/www.oarcanjo.net\/site\/","name":"O Arcanjo no ar","description":"Site da Par\u00f3quia S\u00e3o Miguel Arcanjo (Arquidiocese de SP)","publisher":{"@id":"https:\/\/www.oarcanjo.net\/site\/#organization"},"potentialAction":[{"@type":"SearchAction","target":{"@type":"EntryPoint","urlTemplate":"https:\/\/www.oarcanjo.net\/site\/?s={search_term_string}"},"query-input":{"@type":"PropertyValueSpecification","valueRequired":true,"valueName":"search_term_string"}}],"inLanguage":"pt-BR"},{"@type":"Organization","@id":"https:\/\/www.oarcanjo.net\/site\/#organization","name":"Par\u00f3quia S\u00e3o Miguel Arcanjo","url":"https:\/\/www.oarcanjo.net\/site\/","logo":{"@type":"ImageObject","inLanguage":"pt-BR","@id":"https:\/\/www.oarcanjo.net\/site\/#\/schema\/logo\/image\/","url":"https:\/\/www.oarcanjo.net\/site\/wp-content\/uploads\/LogoOArcanjo.png","contentUrl":"https:\/\/www.oarcanjo.net\/site\/wp-content\/uploads\/LogoOArcanjo.png","width":319,"height":99,"caption":"Par\u00f3quia S\u00e3o Miguel Arcanjo"},"image":{"@id":"https:\/\/www.oarcanjo.net\/site\/#\/schema\/logo\/image\/"},"sameAs":["https:\/\/www.facebook.com\/OArcanjoNoAr\/"]},{"@type":"Person","@id":"https:\/\/www.oarcanjo.net\/site\/#\/schema\/person\/5eb9480bedd2f3c97e430ce128c29c6c","name":"danilo"}]}},"publishpress_future_action":{"enabled":false,"date":"2026-05-08 21:08:53","action":"category","newStatus":"draft","terms":[],"taxonomy":"category"},"publishpress_future_workflow_manual_trigger":{"enabledWorkflows":[]},"_links":{"self":[{"href":"https:\/\/www.oarcanjo.net\/site\/wp-json\/wp\/v2\/posts\/7404"}],"collection":[{"href":"https:\/\/www.oarcanjo.net\/site\/wp-json\/wp\/v2\/posts"}],"about":[{"href":"https:\/\/www.oarcanjo.net\/site\/wp-json\/wp\/v2\/types\/post"}],"author":[{"embeddable":true,"href":"https:\/\/www.oarcanjo.net\/site\/wp-json\/wp\/v2\/users\/14"}],"replies":[{"embeddable":true,"href":"https:\/\/www.oarcanjo.net\/site\/wp-json\/wp\/v2\/comments?post=7404"}],"version-history":[{"count":0,"href":"https:\/\/www.oarcanjo.net\/site\/wp-json\/wp\/v2\/posts\/7404\/revisions"}],"wp:attachment":[{"href":"https:\/\/www.oarcanjo.net\/site\/wp-json\/wp\/v2\/media?parent=7404"}],"wp:term":[{"taxonomy":"category","embeddable":true,"href":"https:\/\/www.oarcanjo.net\/site\/wp-json\/wp\/v2\/categories?post=7404"},{"taxonomy":"post_tag","embeddable":true,"href":"https:\/\/www.oarcanjo.net\/site\/wp-json\/wp\/v2\/tags?post=7404"}],"curies":[{"name":"wp","href":"https:\/\/api.w.org\/{rel}","templated":true}]}}