
{"id":7412,"date":"2017-01-22T00:29:37","date_gmt":"2017-01-22T02:29:37","guid":{"rendered":"http:\/\/www.oarcanjo.net\/site\/?p=7412"},"modified":"2016-12-27T06:25:19","modified_gmt":"2016-12-27T08:25:19","slug":"santo-vicente-pallotti","status":"publish","type":"post","link":"https:\/\/www.oarcanjo.net\/site\/santo-vicente-pallotti\/","title":{"rendered":"Santo Vicente Pallotti"},"content":{"rendered":"<p><img decoding=\"async\" src=\"http:\/\/1.bp.blogspot.com\/_Y7zvDrpo9Sk\/SXiuXo8Qu8I\/AAAAAAAAt6o\/-PjwZWOL_fE\/s320\/SVicentePallotti.jpg\" alt=\"\" \/><\/p>\n<p>22 de Janeiro<\/p>\n<p>Vicente Pallotti nasceu em Roma , dia 21 de abril de 1795, numa fam\u00edlia de classe m\u00e9dia. Com sua m\u00e3e aprendeu a amar os irm\u00e3os mais pobres, crescendo generoso e bondoso. Enquanto nos estudos mostrava grande esfor\u00e7o e dedica\u00e7\u00e3o, nas ora\u00e7\u00f5es mostrava devo\u00e7\u00e3o extremada ao Esp\u00edrito Santo. Passava as f\u00e9rias no campo, na casa do tio, onde distribu\u00eda aos empregados os doces que recebia, gesto que o pai lhe ensinara: nenhum pobre sa\u00eda de sua mercearia de m\u00e3os vazias.<\/p>\n<p>\u00c0s vezes sua generosidade preocupava, pois geralmente no inverno, voltava para casa sem os sapatos e o casaco. Pallotti admirava Francisco de Assis, pensou em ser capuchinho, mas n\u00e3o foi poss\u00edvel devido sua fr\u00e1gil sa\u00fade. Em 1818, se consagrou sacerdote pela diocese de Roma,onde ocupou cargos importantes na hierarquia da Igreja. Muito culto obteve o doutorado em Filosofia e Teologia.<\/p>\n<p>Mas foi a sua atua\u00e7\u00e3o em obras sociais e religiosas que lhe trouxe a santidade. Teve uma vida de profunda espiritualidade, jamais se afastando das atividades apost\u00f3licas. \u00c9 fruto do seu trabalho, a import\u00e2ncia que o Conc\u00edlio Vaticano II, cento e trinta anos ap\u00f3s sua morte, decretou para o apostolado dos leigos, dando espa\u00e7o para o trabalho deles junto \u00e0s comunidades crist\u00e3s. Necessidade primeira deste novo mil\u00eanio, onde a prolifera\u00e7\u00e3o dos pobres e da mis\u00e9ria, infelizmente se faz cada vez mais presente.<\/p>\n<p>Vicente defendia que todo crist\u00e3o leigo, atrav\u00e9s do sacramento do batismo, tem o leg\u00edtimo direito assim como a obriga\u00e7\u00e3o de trabalhar pela prega\u00e7\u00e3o da f\u00e9 cat\u00f3lica, da mesma forma que os sacerdotes. Esta a\u00e7\u00e3o de apostolado que os novos tempos exigiria de todos os cat\u00f3licos, foi sem d\u00favida seu carisma de inspira\u00e7\u00e3o vision\u00e1ria . Fundou, em 1835, a Obra do Apostolado Cat\u00f3lico, que envolvia e preparava os leigos para promoverem as suas associa\u00e7\u00f5es evangelizadoras e de caridade, orientados pelos religiosos das duas Congrega\u00e7\u00f5es criadas por ele para esta finalidade, a dos Padres Palotinos e das Irm\u00e3s Palotinas.<\/p>\n<p>Vicente Pallotti morreu em Roma, no dia 22 de janeiro 1850, aos cinq\u00fcenta e cinco anos de idade. De sa\u00fade fr\u00e1gil, doou naquele inverno seu casaco a um pobre, adquirindo a doen\u00e7a que o vitimou. Assim sendo n\u00e3o p\u00f4de ver as duas fam\u00edlias religiosas serem aprovadas pelo Vaticano, que devolvia as Regras indicando sempre algum erro. Com certeza um engano aben\u00e7oado, pois a continuidade e a persist\u00eancia destas Obras trouxeram o novo \u00e2nimo que a Igreja necessitava. Em 1904, foram reconhecidas pela Santa S\u00e9, motivando o pedido de sua canoniza\u00e7\u00e3o.<\/p>\n<p>O papa Pio XI o beatificou reconhecendo sua atua\u00e7\u00e3o de inspirado e &#8220;verdadeiro oper\u00e1rio das miss\u00f5es&#8221;. Em 1963, as suas id\u00e9ias e carisma espiritual foi plenamente reconhecido pelo papa Jo\u00e3o XXIII que proclamou Vicente Pallotti, Santo.<\/p>\n<p>S\u00e3oVicente Pallotti preve o dia de sua morte&#8230;<\/p>\n<p>No dia 11 de janeiro de 1850, isto \u00e9, onze dias antes da morte de Pallotti, durante a celebra\u00e7\u00e3o do Oitav\u00e1rio da Epifania, Elisabetta Sanna foi confessar-se com o Pe. Vicente Pallotti, na Igreja de Santo Andrea della Vale. Ap\u00f3s a confiss\u00e3o, Pallotti disse-lhe: \u201cPe\u00e7amos ao Senhor a gra\u00e7a de prepararmo-nos para uma santa morte\u201d. Elisabetta, no in\u00edcio, pensou que estava falando para ela e, por v\u00e1rias vezes, nos dois dias seguintes, indagou-o sobre o que havia dito, mas ele n\u00e3o comentou mais nada. Quando, por\u00e9m, no dia 16 de janeiro, Pe. Francisco Vaccari disse-lhe que Pe. Vicente, ap\u00f3s celebrar a missa, ficou acamado, ela exclamou: \u201cPe. Vicente n\u00e3o levantar\u00e1 mais, pois morrer\u00e1\u201d. Ela insistiu: \u201cN\u00e3o h\u00e1 mais nada o que fazer; ele mesmo me disse isso\u201d.<\/p>\n<p>Pallotti, ap\u00f3s ter recebido a gra\u00e7a de prever sua morte t\u00e3o pr\u00f3xima, n\u00e3o pediu ora\u00e7\u00f5es para os outros, mas para Sanna. Ele a via como uma senhora santa e, em um momento t\u00e3o importante como esse, confiava em suas ora\u00e7\u00f5es. Quando, pois, os seus confrades pensavam que a situa\u00e7\u00e3o da sua sa\u00fade parecia melhorar, ele disse ao Pe. Vaccari: \u201cDiga a Elizabeta: ora\u00e7\u00e3o \u00e9 a vontade de Deus; espero deixar logo este leito\u201d. Elisabetta, comentando estas palavras, disse: \u201cPe. Vicente deixa o leito, porque os mortos n\u00e3o o levam consigo\u201d. E, logo ap\u00f3s a morte do Santo, acrescentou: \u201cPe. Vicente est\u00e1 no Para\u00edso\u201d.<\/p>\n<p>S\u00e3o Vicente e a Vener\u00e1vel Elisabetta Sanna entendiam-se bem e ajudavam-se reciprocamente com ora\u00e7\u00f5es, conselhos e mortifica\u00e7\u00f5es. A vida deles, o testemunho deles e a colabora\u00e7\u00e3o entre eles s\u00e3o sempre atuais. O comportamento deles confirma as verdades que sublinhava o Servo de Deus Jo\u00e3o Paulo II: \u201cOs santos vivem com os santos; os santos n\u00e3o passam para sempre; os santos encorajam-nos continuamente para vivermos a santidade e, bradam, para que a santidade seja vivida.<\/p>\n<div id=\"themify_builder_content-7412\" data-postid=\"7412\" class=\"themify_builder_content themify_builder_content-7412 themify_builder themify_builder_front\">\n\t<\/div>\n<!-- \/themify_builder_content -->","protected":false},"excerpt":{"rendered":"<p>22 de Janeiro Vicente Pallotti nasceu em Roma , dia 21 de abril de 1795, numa fam\u00edlia de classe m\u00e9dia. Com sua m\u00e3e aprendeu a amar os irm\u00e3os mais pobres, crescendo generoso e bondoso. Enquanto nos estudos mostrava grande esfor\u00e7o e dedica\u00e7\u00e3o, nas ora\u00e7\u00f5es mostrava devo\u00e7\u00e3o extremada ao Esp\u00edrito Santo. Passava as f\u00e9rias no campo, [&hellip;]<\/p>\n","protected":false},"author":14,"featured_media":0,"comment_status":"open","ping_status":"open","sticky":false,"template":"","format":"standard","meta":{"ngg_post_thumbnail":0,"footnotes":""},"categories":[186],"tags":[],"yoast_head":"<!-- This site is optimized with the Yoast SEO plugin v23.5 - https:\/\/yoast.com\/wordpress\/plugins\/seo\/ -->\n<title>Santo Vicente Pallotti - O Arcanjo no ar<\/title>\n<meta name=\"robots\" content=\"index, follow, max-snippet:-1, max-image-preview:large, max-video-preview:-1\" \/>\n<link rel=\"canonical\" href=\"https:\/\/www.oarcanjo.net\/site\/santo-vicente-pallotti\/\" \/>\n<meta property=\"og:locale\" content=\"pt_BR\" \/>\n<meta property=\"og:type\" content=\"article\" \/>\n<meta property=\"og:title\" content=\"Santo Vicente Pallotti - O Arcanjo no ar\" \/>\n<meta property=\"og:description\" content=\"22 de Janeiro Vicente Pallotti nasceu em Roma , dia 21 de abril de 1795, numa fam\u00edlia de classe m\u00e9dia. Com sua m\u00e3e aprendeu a amar os irm\u00e3os mais pobres, crescendo generoso e bondoso. Enquanto nos estudos mostrava grande esfor\u00e7o e dedica\u00e7\u00e3o, nas ora\u00e7\u00f5es mostrava devo\u00e7\u00e3o extremada ao Esp\u00edrito Santo. Passava as f\u00e9rias no campo, [&hellip;]\" \/>\n<meta property=\"og:url\" content=\"https:\/\/www.oarcanjo.net\/site\/santo-vicente-pallotti\/\" \/>\n<meta property=\"og:site_name\" content=\"O Arcanjo no ar\" \/>\n<meta property=\"article:publisher\" content=\"https:\/\/www.facebook.com\/OArcanjoNoAr\/\" \/>\n<meta property=\"article:published_time\" content=\"2017-01-22T02:29:37+00:00\" \/>\n<meta property=\"article:modified_time\" content=\"2016-12-27T08:25:19+00:00\" \/>\n<meta property=\"og:image\" content=\"http:\/\/1.bp.blogspot.com\/_Y7zvDrpo9Sk\/SXiuXo8Qu8I\/AAAAAAAAt6o\/-PjwZWOL_fE\/s320\/SVicentePallotti.jpg\" \/>\n<meta name=\"author\" content=\"danilo\" \/>\n<meta name=\"twitter:card\" content=\"summary_large_image\" \/>\n<meta name=\"twitter:label1\" content=\"Escrito por\" \/>\n\t<meta name=\"twitter:data1\" content=\"danilo\" \/>\n\t<meta name=\"twitter:label2\" content=\"Est. tempo de leitura\" \/>\n\t<meta name=\"twitter:data2\" content=\"4 minutos\" \/>\n<script type=\"application\/ld+json\" class=\"yoast-schema-graph\">{\"@context\":\"https:\/\/schema.org\",\"@graph\":[{\"@type\":\"Article\",\"@id\":\"https:\/\/www.oarcanjo.net\/site\/santo-vicente-pallotti\/#article\",\"isPartOf\":{\"@id\":\"https:\/\/www.oarcanjo.net\/site\/santo-vicente-pallotti\/\"},\"author\":{\"name\":\"danilo\",\"@id\":\"https:\/\/www.oarcanjo.net\/site\/#\/schema\/person\/5eb9480bedd2f3c97e430ce128c29c6c\"},\"headline\":\"Santo Vicente Pallotti\",\"datePublished\":\"2017-01-22T02:29:37+00:00\",\"dateModified\":\"2016-12-27T08:25:19+00:00\",\"mainEntityOfPage\":{\"@id\":\"https:\/\/www.oarcanjo.net\/site\/santo-vicente-pallotti\/\"},\"wordCount\":839,\"commentCount\":0,\"publisher\":{\"@id\":\"https:\/\/www.oarcanjo.net\/site\/#organization\"},\"image\":{\"@id\":\"https:\/\/www.oarcanjo.net\/site\/santo-vicente-pallotti\/#primaryimage\"},\"thumbnailUrl\":\"http:\/\/1.bp.blogspot.com\/_Y7zvDrpo9Sk\/SXiuXo8Qu8I\/AAAAAAAAt6o\/-PjwZWOL_fE\/s320\/SVicentePallotti.jpg\",\"articleSection\":[\"Testemunhos\"],\"inLanguage\":\"pt-BR\",\"potentialAction\":[{\"@type\":\"CommentAction\",\"name\":\"Comment\",\"target\":[\"https:\/\/www.oarcanjo.net\/site\/santo-vicente-pallotti\/#respond\"]}]},{\"@type\":\"WebPage\",\"@id\":\"https:\/\/www.oarcanjo.net\/site\/santo-vicente-pallotti\/\",\"url\":\"https:\/\/www.oarcanjo.net\/site\/santo-vicente-pallotti\/\",\"name\":\"Santo Vicente Pallotti - O Arcanjo no ar\",\"isPartOf\":{\"@id\":\"https:\/\/www.oarcanjo.net\/site\/#website\"},\"primaryImageOfPage\":{\"@id\":\"https:\/\/www.oarcanjo.net\/site\/santo-vicente-pallotti\/#primaryimage\"},\"image\":{\"@id\":\"https:\/\/www.oarcanjo.net\/site\/santo-vicente-pallotti\/#primaryimage\"},\"thumbnailUrl\":\"http:\/\/1.bp.blogspot.com\/_Y7zvDrpo9Sk\/SXiuXo8Qu8I\/AAAAAAAAt6o\/-PjwZWOL_fE\/s320\/SVicentePallotti.jpg\",\"datePublished\":\"2017-01-22T02:29:37+00:00\",\"dateModified\":\"2016-12-27T08:25:19+00:00\",\"breadcrumb\":{\"@id\":\"https:\/\/www.oarcanjo.net\/site\/santo-vicente-pallotti\/#breadcrumb\"},\"inLanguage\":\"pt-BR\",\"potentialAction\":[{\"@type\":\"ReadAction\",\"target\":[\"https:\/\/www.oarcanjo.net\/site\/santo-vicente-pallotti\/\"]}]},{\"@type\":\"ImageObject\",\"inLanguage\":\"pt-BR\",\"@id\":\"https:\/\/www.oarcanjo.net\/site\/santo-vicente-pallotti\/#primaryimage\",\"url\":\"http:\/\/1.bp.blogspot.com\/_Y7zvDrpo9Sk\/SXiuXo8Qu8I\/AAAAAAAAt6o\/-PjwZWOL_fE\/s320\/SVicentePallotti.jpg\",\"contentUrl\":\"http:\/\/1.bp.blogspot.com\/_Y7zvDrpo9Sk\/SXiuXo8Qu8I\/AAAAAAAAt6o\/-PjwZWOL_fE\/s320\/SVicentePallotti.jpg\"},{\"@type\":\"BreadcrumbList\",\"@id\":\"https:\/\/www.oarcanjo.net\/site\/santo-vicente-pallotti\/#breadcrumb\",\"itemListElement\":[{\"@type\":\"ListItem\",\"position\":1,\"name\":\"In\u00edcio\",\"item\":\"https:\/\/www.oarcanjo.net\/site\/\"},{\"@type\":\"ListItem\",\"position\":2,\"name\":\"Santo Vicente Pallotti\"}]},{\"@type\":\"WebSite\",\"@id\":\"https:\/\/www.oarcanjo.net\/site\/#website\",\"url\":\"https:\/\/www.oarcanjo.net\/site\/\",\"name\":\"O Arcanjo no ar\",\"description\":\"Site da Par\u00f3quia S\u00e3o Miguel Arcanjo (Arquidiocese de SP)\",\"publisher\":{\"@id\":\"https:\/\/www.oarcanjo.net\/site\/#organization\"},\"potentialAction\":[{\"@type\":\"SearchAction\",\"target\":{\"@type\":\"EntryPoint\",\"urlTemplate\":\"https:\/\/www.oarcanjo.net\/site\/?s={search_term_string}\"},\"query-input\":{\"@type\":\"PropertyValueSpecification\",\"valueRequired\":true,\"valueName\":\"search_term_string\"}}],\"inLanguage\":\"pt-BR\"},{\"@type\":\"Organization\",\"@id\":\"https:\/\/www.oarcanjo.net\/site\/#organization\",\"name\":\"Par\u00f3quia S\u00e3o Miguel Arcanjo\",\"url\":\"https:\/\/www.oarcanjo.net\/site\/\",\"logo\":{\"@type\":\"ImageObject\",\"inLanguage\":\"pt-BR\",\"@id\":\"https:\/\/www.oarcanjo.net\/site\/#\/schema\/logo\/image\/\",\"url\":\"https:\/\/www.oarcanjo.net\/site\/wp-content\/uploads\/LogoOArcanjo.png\",\"contentUrl\":\"https:\/\/www.oarcanjo.net\/site\/wp-content\/uploads\/LogoOArcanjo.png\",\"width\":319,\"height\":99,\"caption\":\"Par\u00f3quia S\u00e3o Miguel Arcanjo\"},\"image\":{\"@id\":\"https:\/\/www.oarcanjo.net\/site\/#\/schema\/logo\/image\/\"},\"sameAs\":[\"https:\/\/www.facebook.com\/OArcanjoNoAr\/\"]},{\"@type\":\"Person\",\"@id\":\"https:\/\/www.oarcanjo.net\/site\/#\/schema\/person\/5eb9480bedd2f3c97e430ce128c29c6c\",\"name\":\"danilo\"}]}<\/script>\n<!-- \/ Yoast SEO plugin. -->","yoast_head_json":{"title":"Santo Vicente Pallotti - O Arcanjo no ar","robots":{"index":"index","follow":"follow","max-snippet":"max-snippet:-1","max-image-preview":"max-image-preview:large","max-video-preview":"max-video-preview:-1"},"canonical":"https:\/\/www.oarcanjo.net\/site\/santo-vicente-pallotti\/","og_locale":"pt_BR","og_type":"article","og_title":"Santo Vicente Pallotti - O Arcanjo no ar","og_description":"22 de Janeiro Vicente Pallotti nasceu em Roma , dia 21 de abril de 1795, numa fam\u00edlia de classe m\u00e9dia. Com sua m\u00e3e aprendeu a amar os irm\u00e3os mais pobres, crescendo generoso e bondoso. Enquanto nos estudos mostrava grande esfor\u00e7o e dedica\u00e7\u00e3o, nas ora\u00e7\u00f5es mostrava devo\u00e7\u00e3o extremada ao Esp\u00edrito Santo. Passava as f\u00e9rias no campo, [&hellip;]","og_url":"https:\/\/www.oarcanjo.net\/site\/santo-vicente-pallotti\/","og_site_name":"O Arcanjo no ar","article_publisher":"https:\/\/www.facebook.com\/OArcanjoNoAr\/","article_published_time":"2017-01-22T02:29:37+00:00","article_modified_time":"2016-12-27T08:25:19+00:00","og_image":[{"url":"http:\/\/1.bp.blogspot.com\/_Y7zvDrpo9Sk\/SXiuXo8Qu8I\/AAAAAAAAt6o\/-PjwZWOL_fE\/s320\/SVicentePallotti.jpg"}],"author":"danilo","twitter_card":"summary_large_image","twitter_misc":{"Escrito por":"danilo","Est. tempo de leitura":"4 minutos"},"schema":{"@context":"https:\/\/schema.org","@graph":[{"@type":"Article","@id":"https:\/\/www.oarcanjo.net\/site\/santo-vicente-pallotti\/#article","isPartOf":{"@id":"https:\/\/www.oarcanjo.net\/site\/santo-vicente-pallotti\/"},"author":{"name":"danilo","@id":"https:\/\/www.oarcanjo.net\/site\/#\/schema\/person\/5eb9480bedd2f3c97e430ce128c29c6c"},"headline":"Santo Vicente Pallotti","datePublished":"2017-01-22T02:29:37+00:00","dateModified":"2016-12-27T08:25:19+00:00","mainEntityOfPage":{"@id":"https:\/\/www.oarcanjo.net\/site\/santo-vicente-pallotti\/"},"wordCount":839,"commentCount":0,"publisher":{"@id":"https:\/\/www.oarcanjo.net\/site\/#organization"},"image":{"@id":"https:\/\/www.oarcanjo.net\/site\/santo-vicente-pallotti\/#primaryimage"},"thumbnailUrl":"http:\/\/1.bp.blogspot.com\/_Y7zvDrpo9Sk\/SXiuXo8Qu8I\/AAAAAAAAt6o\/-PjwZWOL_fE\/s320\/SVicentePallotti.jpg","articleSection":["Testemunhos"],"inLanguage":"pt-BR","potentialAction":[{"@type":"CommentAction","name":"Comment","target":["https:\/\/www.oarcanjo.net\/site\/santo-vicente-pallotti\/#respond"]}]},{"@type":"WebPage","@id":"https:\/\/www.oarcanjo.net\/site\/santo-vicente-pallotti\/","url":"https:\/\/www.oarcanjo.net\/site\/santo-vicente-pallotti\/","name":"Santo Vicente Pallotti - O Arcanjo no ar","isPartOf":{"@id":"https:\/\/www.oarcanjo.net\/site\/#website"},"primaryImageOfPage":{"@id":"https:\/\/www.oarcanjo.net\/site\/santo-vicente-pallotti\/#primaryimage"},"image":{"@id":"https:\/\/www.oarcanjo.net\/site\/santo-vicente-pallotti\/#primaryimage"},"thumbnailUrl":"http:\/\/1.bp.blogspot.com\/_Y7zvDrpo9Sk\/SXiuXo8Qu8I\/AAAAAAAAt6o\/-PjwZWOL_fE\/s320\/SVicentePallotti.jpg","datePublished":"2017-01-22T02:29:37+00:00","dateModified":"2016-12-27T08:25:19+00:00","breadcrumb":{"@id":"https:\/\/www.oarcanjo.net\/site\/santo-vicente-pallotti\/#breadcrumb"},"inLanguage":"pt-BR","potentialAction":[{"@type":"ReadAction","target":["https:\/\/www.oarcanjo.net\/site\/santo-vicente-pallotti\/"]}]},{"@type":"ImageObject","inLanguage":"pt-BR","@id":"https:\/\/www.oarcanjo.net\/site\/santo-vicente-pallotti\/#primaryimage","url":"http:\/\/1.bp.blogspot.com\/_Y7zvDrpo9Sk\/SXiuXo8Qu8I\/AAAAAAAAt6o\/-PjwZWOL_fE\/s320\/SVicentePallotti.jpg","contentUrl":"http:\/\/1.bp.blogspot.com\/_Y7zvDrpo9Sk\/SXiuXo8Qu8I\/AAAAAAAAt6o\/-PjwZWOL_fE\/s320\/SVicentePallotti.jpg"},{"@type":"BreadcrumbList","@id":"https:\/\/www.oarcanjo.net\/site\/santo-vicente-pallotti\/#breadcrumb","itemListElement":[{"@type":"ListItem","position":1,"name":"In\u00edcio","item":"https:\/\/www.oarcanjo.net\/site\/"},{"@type":"ListItem","position":2,"name":"Santo Vicente Pallotti"}]},{"@type":"WebSite","@id":"https:\/\/www.oarcanjo.net\/site\/#website","url":"https:\/\/www.oarcanjo.net\/site\/","name":"O Arcanjo no ar","description":"Site da Par\u00f3quia S\u00e3o Miguel Arcanjo (Arquidiocese de SP)","publisher":{"@id":"https:\/\/www.oarcanjo.net\/site\/#organization"},"potentialAction":[{"@type":"SearchAction","target":{"@type":"EntryPoint","urlTemplate":"https:\/\/www.oarcanjo.net\/site\/?s={search_term_string}"},"query-input":{"@type":"PropertyValueSpecification","valueRequired":true,"valueName":"search_term_string"}}],"inLanguage":"pt-BR"},{"@type":"Organization","@id":"https:\/\/www.oarcanjo.net\/site\/#organization","name":"Par\u00f3quia S\u00e3o Miguel Arcanjo","url":"https:\/\/www.oarcanjo.net\/site\/","logo":{"@type":"ImageObject","inLanguage":"pt-BR","@id":"https:\/\/www.oarcanjo.net\/site\/#\/schema\/logo\/image\/","url":"https:\/\/www.oarcanjo.net\/site\/wp-content\/uploads\/LogoOArcanjo.png","contentUrl":"https:\/\/www.oarcanjo.net\/site\/wp-content\/uploads\/LogoOArcanjo.png","width":319,"height":99,"caption":"Par\u00f3quia S\u00e3o Miguel Arcanjo"},"image":{"@id":"https:\/\/www.oarcanjo.net\/site\/#\/schema\/logo\/image\/"},"sameAs":["https:\/\/www.facebook.com\/OArcanjoNoAr\/"]},{"@type":"Person","@id":"https:\/\/www.oarcanjo.net\/site\/#\/schema\/person\/5eb9480bedd2f3c97e430ce128c29c6c","name":"danilo"}]}},"publishpress_future_action":{"enabled":false,"date":"2026-05-08 19:33:48","action":"category","newStatus":"draft","terms":[],"taxonomy":"category"},"publishpress_future_workflow_manual_trigger":{"enabledWorkflows":[]},"_links":{"self":[{"href":"https:\/\/www.oarcanjo.net\/site\/wp-json\/wp\/v2\/posts\/7412"}],"collection":[{"href":"https:\/\/www.oarcanjo.net\/site\/wp-json\/wp\/v2\/posts"}],"about":[{"href":"https:\/\/www.oarcanjo.net\/site\/wp-json\/wp\/v2\/types\/post"}],"author":[{"embeddable":true,"href":"https:\/\/www.oarcanjo.net\/site\/wp-json\/wp\/v2\/users\/14"}],"replies":[{"embeddable":true,"href":"https:\/\/www.oarcanjo.net\/site\/wp-json\/wp\/v2\/comments?post=7412"}],"version-history":[{"count":0,"href":"https:\/\/www.oarcanjo.net\/site\/wp-json\/wp\/v2\/posts\/7412\/revisions"}],"wp:attachment":[{"href":"https:\/\/www.oarcanjo.net\/site\/wp-json\/wp\/v2\/media?parent=7412"}],"wp:term":[{"taxonomy":"category","embeddable":true,"href":"https:\/\/www.oarcanjo.net\/site\/wp-json\/wp\/v2\/categories?post=7412"},{"taxonomy":"post_tag","embeddable":true,"href":"https:\/\/www.oarcanjo.net\/site\/wp-json\/wp\/v2\/tags?post=7412"}],"curies":[{"name":"wp","href":"https:\/\/api.w.org\/{rel}","templated":true}]}}