
{"id":7435,"date":"2010-01-18T03:24:59","date_gmt":"2010-01-18T05:24:59","guid":{"rendered":"http:\/\/www.oarcanjo.net\/site\/?p=7435"},"modified":"2010-01-19T02:30:23","modified_gmt":"2010-01-19T04:30:23","slug":"batizado-de-17-de-janeiro-de-2010","status":"publish","type":"post","link":"https:\/\/www.oarcanjo.net\/site\/batizado-de-17-de-janeiro-de-2010\/","title":{"rendered":"Batizado de 17 de janeiro de 2010"},"content":{"rendered":"<p>Batizados, Bodas de Can\u00e1, Fam\u00edlia, Aleitamento Materno, Pastoral da Crian\u00e7a, Haiti, Zilda Arns.<\/p>\n<p>Tantas emo\u00e7\u00f5es tomaram a Capela S\u00e3o Judas Tadeu. Mais 10 crian\u00e7as foram batizadas com as homenagens \u00e0 inesquec\u00edvel Dra. Zilda Arns, que tanto lutou pela sa\u00fade das crian\u00e7as das regi\u00f5es mais pobres desse Brasil. Esse trabalho da Pastoral da Crian\u00e7a tamb\u00e9m estava sendo direcionado para muitos outros pa\u00edses, incluindo o Haiti.<\/p>\n<p>Foram batizados, a Ana Sofia, Rafaela, Luan Garcia, Cau\u00e3 Garcia, Vin\u00edcius, Amanda, Beatriz, Giovana, Luan Silva e Luana Silva.<\/p>\n<p>Durante a celebra\u00e7\u00e3o, mais lembran\u00e7as daquela que foi a grande respons\u00e1vel pela diminui\u00e7\u00e3o de desnutri\u00e7\u00e3o infantil no Brasil, Dra. Zilda Arns, que tamb\u00e9m sempre incentivou o aleitamento materno. A prop\u00f3sito, na missa duas m\u00e3es de batizandos estavam amamentando, como dizia Dra. Zilda Arns, o leite vivo.<\/p>\n<p>Foi destaque a fam\u00edlia e a m\u00fasica do Pe Zezinho, interpretada por Sonia Mara, salientando:<\/p>\n<p>\u201cQue a fam\u00edlia comece e termine sabendo onde vai<br \/>\nE que o homem carregue nos ombros a gra\u00e7a de um pai<br \/>\nQue a mulher seja um c\u00e9u de ternura, aconchego e calor<br \/>\nE que os filhos conhe\u00e7am a for\u00e7a que brota do amor!\u201d<\/p>\n<div id=\"attachment_7438\" style=\"width: 460px\" class=\"wp-caption alignnone\"><img loading=\"lazy\" decoding=\"async\" aria-describedby=\"caption-attachment-7438\" src=\"http:\/\/www.oarcanjo.net\/site\/wp-content\/uploads\/livro-pe-zezinho.jpg\" alt=\"\" title=\"De volta ao Catolicismo\" width=\"450\" height=\"301\" class=\"size-full wp-image-7438\" srcset=\"https:\/\/www.oarcanjo.net\/site\/wp-content\/uploads\/livro-pe-zezinho.jpg 450w, https:\/\/www.oarcanjo.net\/site\/wp-content\/uploads\/livro-pe-zezinho-300x200.jpg 300w\" sizes=\"(max-width: 450px) 100vw, 450px\" \/><p id=\"caption-attachment-7438\" class=\"wp-caption-text\">De volta ao Catolicismo - Pe. Zezinho<\/p><\/div>\n<p>Sonia Mara entregou o livro \u201cDe volta ao Catolicismo\u201d, onde o Padre Zezinho fez a seguinte dedicat\u00f3ria, que pelo momento poderia ser dirigida \u00e0 Dra. Zilda:<\/p>\n<p>\u201cAo caro e forte Profeta Pe. Julio Lancellotti<br \/>\nNo Cristo que nos torna servidores e, \u00e0s vezes, m\u00e1rtires.<br \/>\nPe. Zezinho SCJ\u201d<\/p>\n<p>Por Carlos Alberto Beatriz<\/p>\n<p>Vejam as fotos dessa celebra\u00e7\u00e3o do batismo.<\/p>\nngg_shortcode_0_placeholder\n<p><em>Imagens de Carlos Alberto Beatriz<\/em><\/p>\n<div id=\"themify_builder_content-7435\" data-postid=\"7435\" class=\"themify_builder_content themify_builder_content-7435 themify_builder themify_builder_front\">\n\t<\/div>\n<!-- \/themify_builder_content -->","protected":false},"excerpt":{"rendered":"<p>Batizados, Bodas de Can\u00e1, Fam\u00edlia, Aleitamento Materno, Pastoral da Crian\u00e7a, Haiti, Zilda Arns. Tantas emo\u00e7\u00f5es tomaram a Capela S\u00e3o Judas Tadeu. Mais 10 crian\u00e7as foram batizadas com as homenagens \u00e0 inesquec\u00edvel Dra. Zilda Arns, que tanto lutou pela sa\u00fade das crian\u00e7as das regi\u00f5es mais pobres desse Brasil. Esse trabalho da Pastoral da Crian\u00e7a tamb\u00e9m estava [&hellip;]<\/p>\n","protected":false},"author":5,"featured_media":0,"comment_status":"open","ping_status":"open","sticky":false,"template":"","format":"standard","meta":{"ngg_post_thumbnail":0,"footnotes":""},"categories":[3,8,7],"tags":[],"yoast_head":"<!-- This site is optimized with the Yoast SEO plugin v23.5 - https:\/\/yoast.com\/wordpress\/plugins\/seo\/ -->\n<title>Batizado de 17 de janeiro de 2010 - O Arcanjo no ar<\/title>\n<meta name=\"robots\" content=\"index, follow, max-snippet:-1, max-image-preview:large, max-video-preview:-1\" \/>\n<link rel=\"canonical\" href=\"https:\/\/www.oarcanjo.net\/site\/batizado-de-17-de-janeiro-de-2010\/\" \/>\n<meta property=\"og:locale\" content=\"pt_BR\" \/>\n<meta property=\"og:type\" content=\"article\" \/>\n<meta property=\"og:title\" content=\"Batizado de 17 de janeiro de 2010 - O Arcanjo no ar\" \/>\n<meta property=\"og:description\" content=\"Batizados, Bodas de Can\u00e1, Fam\u00edlia, Aleitamento Materno, Pastoral da Crian\u00e7a, Haiti, Zilda Arns. Tantas emo\u00e7\u00f5es tomaram a Capela S\u00e3o Judas Tadeu. Mais 10 crian\u00e7as foram batizadas com as homenagens \u00e0 inesquec\u00edvel Dra. Zilda Arns, que tanto lutou pela sa\u00fade das crian\u00e7as das regi\u00f5es mais pobres desse Brasil. Esse trabalho da Pastoral da Crian\u00e7a tamb\u00e9m estava [&hellip;]\" \/>\n<meta property=\"og:url\" content=\"https:\/\/www.oarcanjo.net\/site\/batizado-de-17-de-janeiro-de-2010\/\" \/>\n<meta property=\"og:site_name\" content=\"O Arcanjo no ar\" \/>\n<meta property=\"article:publisher\" content=\"https:\/\/www.facebook.com\/OArcanjoNoAr\/\" \/>\n<meta property=\"article:published_time\" content=\"2010-01-18T05:24:59+00:00\" \/>\n<meta property=\"article:modified_time\" content=\"2010-01-19T04:30:23+00:00\" \/>\n<meta property=\"og:image\" content=\"http:\/\/www.oarcanjo.net\/site\/wp-content\/uploads\/livro-pe-zezinho.jpg\" \/>\n<meta name=\"author\" content=\"editor\" \/>\n<meta name=\"twitter:card\" content=\"summary_large_image\" \/>\n<meta name=\"twitter:label1\" content=\"Escrito por\" \/>\n\t<meta name=\"twitter:data1\" content=\"editor\" \/>\n\t<meta name=\"twitter:label2\" content=\"Est. tempo de leitura\" \/>\n\t<meta name=\"twitter:data2\" content=\"1 minuto\" \/>\n<script type=\"application\/ld+json\" class=\"yoast-schema-graph\">{\"@context\":\"https:\/\/schema.org\",\"@graph\":[{\"@type\":\"Article\",\"@id\":\"https:\/\/www.oarcanjo.net\/site\/batizado-de-17-de-janeiro-de-2010\/#article\",\"isPartOf\":{\"@id\":\"https:\/\/www.oarcanjo.net\/site\/batizado-de-17-de-janeiro-de-2010\/\"},\"author\":{\"name\":\"editor\",\"@id\":\"https:\/\/www.oarcanjo.net\/site\/#\/schema\/person\/f7024d007863202483a31326673a0838\"},\"headline\":\"Batizado de 17 de janeiro de 2010\",\"datePublished\":\"2010-01-18T05:24:59+00:00\",\"dateModified\":\"2010-01-19T04:30:23+00:00\",\"mainEntityOfPage\":{\"@id\":\"https:\/\/www.oarcanjo.net\/site\/batizado-de-17-de-janeiro-de-2010\/\"},\"wordCount\":300,\"commentCount\":5,\"publisher\":{\"@id\":\"https:\/\/www.oarcanjo.net\/site\/#organization\"},\"image\":{\"@id\":\"https:\/\/www.oarcanjo.net\/site\/batizado-de-17-de-janeiro-de-2010\/#primaryimage\"},\"thumbnailUrl\":\"http:\/\/www.oarcanjo.net\/site\/wp-content\/uploads\/livro-pe-zezinho.jpg\",\"articleSection\":[\"Destaques\",\"Not\u00edcias\",\"Rosto da comunidade\"],\"inLanguage\":\"pt-BR\",\"potentialAction\":[{\"@type\":\"CommentAction\",\"name\":\"Comment\",\"target\":[\"https:\/\/www.oarcanjo.net\/site\/batizado-de-17-de-janeiro-de-2010\/#respond\"]}]},{\"@type\":\"WebPage\",\"@id\":\"https:\/\/www.oarcanjo.net\/site\/batizado-de-17-de-janeiro-de-2010\/\",\"url\":\"https:\/\/www.oarcanjo.net\/site\/batizado-de-17-de-janeiro-de-2010\/\",\"name\":\"Batizado de 17 de janeiro de 2010 - O Arcanjo no ar\",\"isPartOf\":{\"@id\":\"https:\/\/www.oarcanjo.net\/site\/#website\"},\"primaryImageOfPage\":{\"@id\":\"https:\/\/www.oarcanjo.net\/site\/batizado-de-17-de-janeiro-de-2010\/#primaryimage\"},\"image\":{\"@id\":\"https:\/\/www.oarcanjo.net\/site\/batizado-de-17-de-janeiro-de-2010\/#primaryimage\"},\"thumbnailUrl\":\"http:\/\/www.oarcanjo.net\/site\/wp-content\/uploads\/livro-pe-zezinho.jpg\",\"datePublished\":\"2010-01-18T05:24:59+00:00\",\"dateModified\":\"2010-01-19T04:30:23+00:00\",\"breadcrumb\":{\"@id\":\"https:\/\/www.oarcanjo.net\/site\/batizado-de-17-de-janeiro-de-2010\/#breadcrumb\"},\"inLanguage\":\"pt-BR\",\"potentialAction\":[{\"@type\":\"ReadAction\",\"target\":[\"https:\/\/www.oarcanjo.net\/site\/batizado-de-17-de-janeiro-de-2010\/\"]}]},{\"@type\":\"ImageObject\",\"inLanguage\":\"pt-BR\",\"@id\":\"https:\/\/www.oarcanjo.net\/site\/batizado-de-17-de-janeiro-de-2010\/#primaryimage\",\"url\":\"https:\/\/www.oarcanjo.net\/site\/wp-content\/uploads\/livro-pe-zezinho.jpg\",\"contentUrl\":\"https:\/\/www.oarcanjo.net\/site\/wp-content\/uploads\/livro-pe-zezinho.jpg\",\"width\":\"450\",\"height\":\"301\",\"caption\":\"De volta ao Catolicismo - Pe. Zezinho\"},{\"@type\":\"BreadcrumbList\",\"@id\":\"https:\/\/www.oarcanjo.net\/site\/batizado-de-17-de-janeiro-de-2010\/#breadcrumb\",\"itemListElement\":[{\"@type\":\"ListItem\",\"position\":1,\"name\":\"In\u00edcio\",\"item\":\"https:\/\/www.oarcanjo.net\/site\/\"},{\"@type\":\"ListItem\",\"position\":2,\"name\":\"Batizado de 17 de janeiro de 2010\"}]},{\"@type\":\"WebSite\",\"@id\":\"https:\/\/www.oarcanjo.net\/site\/#website\",\"url\":\"https:\/\/www.oarcanjo.net\/site\/\",\"name\":\"O Arcanjo no ar\",\"description\":\"Site da Par\u00f3quia S\u00e3o Miguel Arcanjo (Arquidiocese de SP)\",\"publisher\":{\"@id\":\"https:\/\/www.oarcanjo.net\/site\/#organization\"},\"potentialAction\":[{\"@type\":\"SearchAction\",\"target\":{\"@type\":\"EntryPoint\",\"urlTemplate\":\"https:\/\/www.oarcanjo.net\/site\/?s={search_term_string}\"},\"query-input\":{\"@type\":\"PropertyValueSpecification\",\"valueRequired\":true,\"valueName\":\"search_term_string\"}}],\"inLanguage\":\"pt-BR\"},{\"@type\":\"Organization\",\"@id\":\"https:\/\/www.oarcanjo.net\/site\/#organization\",\"name\":\"Par\u00f3quia S\u00e3o Miguel Arcanjo\",\"url\":\"https:\/\/www.oarcanjo.net\/site\/\",\"logo\":{\"@type\":\"ImageObject\",\"inLanguage\":\"pt-BR\",\"@id\":\"https:\/\/www.oarcanjo.net\/site\/#\/schema\/logo\/image\/\",\"url\":\"https:\/\/www.oarcanjo.net\/site\/wp-content\/uploads\/LogoOArcanjo.png\",\"contentUrl\":\"https:\/\/www.oarcanjo.net\/site\/wp-content\/uploads\/LogoOArcanjo.png\",\"width\":319,\"height\":99,\"caption\":\"Par\u00f3quia S\u00e3o Miguel Arcanjo\"},\"image\":{\"@id\":\"https:\/\/www.oarcanjo.net\/site\/#\/schema\/logo\/image\/\"},\"sameAs\":[\"https:\/\/www.facebook.com\/OArcanjoNoAr\/\"]},{\"@type\":\"Person\",\"@id\":\"https:\/\/www.oarcanjo.net\/site\/#\/schema\/person\/f7024d007863202483a31326673a0838\",\"name\":\"editor\",\"sameAs\":[\"http:\/\/www.oarcanjo.net\"]}]}<\/script>\n<!-- \/ Yoast SEO plugin. -->","yoast_head_json":{"title":"Batizado de 17 de janeiro de 2010 - O Arcanjo no ar","robots":{"index":"index","follow":"follow","max-snippet":"max-snippet:-1","max-image-preview":"max-image-preview:large","max-video-preview":"max-video-preview:-1"},"canonical":"https:\/\/www.oarcanjo.net\/site\/batizado-de-17-de-janeiro-de-2010\/","og_locale":"pt_BR","og_type":"article","og_title":"Batizado de 17 de janeiro de 2010 - O Arcanjo no ar","og_description":"Batizados, Bodas de Can\u00e1, Fam\u00edlia, Aleitamento Materno, Pastoral da Crian\u00e7a, Haiti, Zilda Arns. Tantas emo\u00e7\u00f5es tomaram a Capela S\u00e3o Judas Tadeu. Mais 10 crian\u00e7as foram batizadas com as homenagens \u00e0 inesquec\u00edvel Dra. Zilda Arns, que tanto lutou pela sa\u00fade das crian\u00e7as das regi\u00f5es mais pobres desse Brasil. Esse trabalho da Pastoral da Crian\u00e7a tamb\u00e9m estava [&hellip;]","og_url":"https:\/\/www.oarcanjo.net\/site\/batizado-de-17-de-janeiro-de-2010\/","og_site_name":"O Arcanjo no ar","article_publisher":"https:\/\/www.facebook.com\/OArcanjoNoAr\/","article_published_time":"2010-01-18T05:24:59+00:00","article_modified_time":"2010-01-19T04:30:23+00:00","og_image":[{"url":"http:\/\/www.oarcanjo.net\/site\/wp-content\/uploads\/livro-pe-zezinho.jpg"}],"author":"editor","twitter_card":"summary_large_image","twitter_misc":{"Escrito por":"editor","Est. tempo de leitura":"1 minuto"},"schema":{"@context":"https:\/\/schema.org","@graph":[{"@type":"Article","@id":"https:\/\/www.oarcanjo.net\/site\/batizado-de-17-de-janeiro-de-2010\/#article","isPartOf":{"@id":"https:\/\/www.oarcanjo.net\/site\/batizado-de-17-de-janeiro-de-2010\/"},"author":{"name":"editor","@id":"https:\/\/www.oarcanjo.net\/site\/#\/schema\/person\/f7024d007863202483a31326673a0838"},"headline":"Batizado de 17 de janeiro de 2010","datePublished":"2010-01-18T05:24:59+00:00","dateModified":"2010-01-19T04:30:23+00:00","mainEntityOfPage":{"@id":"https:\/\/www.oarcanjo.net\/site\/batizado-de-17-de-janeiro-de-2010\/"},"wordCount":300,"commentCount":5,"publisher":{"@id":"https:\/\/www.oarcanjo.net\/site\/#organization"},"image":{"@id":"https:\/\/www.oarcanjo.net\/site\/batizado-de-17-de-janeiro-de-2010\/#primaryimage"},"thumbnailUrl":"http:\/\/www.oarcanjo.net\/site\/wp-content\/uploads\/livro-pe-zezinho.jpg","articleSection":["Destaques","Not\u00edcias","Rosto da comunidade"],"inLanguage":"pt-BR","potentialAction":[{"@type":"CommentAction","name":"Comment","target":["https:\/\/www.oarcanjo.net\/site\/batizado-de-17-de-janeiro-de-2010\/#respond"]}]},{"@type":"WebPage","@id":"https:\/\/www.oarcanjo.net\/site\/batizado-de-17-de-janeiro-de-2010\/","url":"https:\/\/www.oarcanjo.net\/site\/batizado-de-17-de-janeiro-de-2010\/","name":"Batizado de 17 de janeiro de 2010 - O Arcanjo no ar","isPartOf":{"@id":"https:\/\/www.oarcanjo.net\/site\/#website"},"primaryImageOfPage":{"@id":"https:\/\/www.oarcanjo.net\/site\/batizado-de-17-de-janeiro-de-2010\/#primaryimage"},"image":{"@id":"https:\/\/www.oarcanjo.net\/site\/batizado-de-17-de-janeiro-de-2010\/#primaryimage"},"thumbnailUrl":"http:\/\/www.oarcanjo.net\/site\/wp-content\/uploads\/livro-pe-zezinho.jpg","datePublished":"2010-01-18T05:24:59+00:00","dateModified":"2010-01-19T04:30:23+00:00","breadcrumb":{"@id":"https:\/\/www.oarcanjo.net\/site\/batizado-de-17-de-janeiro-de-2010\/#breadcrumb"},"inLanguage":"pt-BR","potentialAction":[{"@type":"ReadAction","target":["https:\/\/www.oarcanjo.net\/site\/batizado-de-17-de-janeiro-de-2010\/"]}]},{"@type":"ImageObject","inLanguage":"pt-BR","@id":"https:\/\/www.oarcanjo.net\/site\/batizado-de-17-de-janeiro-de-2010\/#primaryimage","url":"https:\/\/www.oarcanjo.net\/site\/wp-content\/uploads\/livro-pe-zezinho.jpg","contentUrl":"https:\/\/www.oarcanjo.net\/site\/wp-content\/uploads\/livro-pe-zezinho.jpg","width":"450","height":"301","caption":"De volta ao Catolicismo - Pe. Zezinho"},{"@type":"BreadcrumbList","@id":"https:\/\/www.oarcanjo.net\/site\/batizado-de-17-de-janeiro-de-2010\/#breadcrumb","itemListElement":[{"@type":"ListItem","position":1,"name":"In\u00edcio","item":"https:\/\/www.oarcanjo.net\/site\/"},{"@type":"ListItem","position":2,"name":"Batizado de 17 de janeiro de 2010"}]},{"@type":"WebSite","@id":"https:\/\/www.oarcanjo.net\/site\/#website","url":"https:\/\/www.oarcanjo.net\/site\/","name":"O Arcanjo no ar","description":"Site da Par\u00f3quia S\u00e3o Miguel Arcanjo (Arquidiocese de SP)","publisher":{"@id":"https:\/\/www.oarcanjo.net\/site\/#organization"},"potentialAction":[{"@type":"SearchAction","target":{"@type":"EntryPoint","urlTemplate":"https:\/\/www.oarcanjo.net\/site\/?s={search_term_string}"},"query-input":{"@type":"PropertyValueSpecification","valueRequired":true,"valueName":"search_term_string"}}],"inLanguage":"pt-BR"},{"@type":"Organization","@id":"https:\/\/www.oarcanjo.net\/site\/#organization","name":"Par\u00f3quia S\u00e3o Miguel Arcanjo","url":"https:\/\/www.oarcanjo.net\/site\/","logo":{"@type":"ImageObject","inLanguage":"pt-BR","@id":"https:\/\/www.oarcanjo.net\/site\/#\/schema\/logo\/image\/","url":"https:\/\/www.oarcanjo.net\/site\/wp-content\/uploads\/LogoOArcanjo.png","contentUrl":"https:\/\/www.oarcanjo.net\/site\/wp-content\/uploads\/LogoOArcanjo.png","width":319,"height":99,"caption":"Par\u00f3quia S\u00e3o Miguel Arcanjo"},"image":{"@id":"https:\/\/www.oarcanjo.net\/site\/#\/schema\/logo\/image\/"},"sameAs":["https:\/\/www.facebook.com\/OArcanjoNoAr\/"]},{"@type":"Person","@id":"https:\/\/www.oarcanjo.net\/site\/#\/schema\/person\/f7024d007863202483a31326673a0838","name":"editor","sameAs":["http:\/\/www.oarcanjo.net"]}]}},"publishpress_future_action":{"enabled":false,"date":"2026-05-07 08:06:15","action":"category","newStatus":"draft","terms":[],"taxonomy":"category"},"publishpress_future_workflow_manual_trigger":{"enabledWorkflows":[]},"_links":{"self":[{"href":"https:\/\/www.oarcanjo.net\/site\/wp-json\/wp\/v2\/posts\/7435"}],"collection":[{"href":"https:\/\/www.oarcanjo.net\/site\/wp-json\/wp\/v2\/posts"}],"about":[{"href":"https:\/\/www.oarcanjo.net\/site\/wp-json\/wp\/v2\/types\/post"}],"author":[{"embeddable":true,"href":"https:\/\/www.oarcanjo.net\/site\/wp-json\/wp\/v2\/users\/5"}],"replies":[{"embeddable":true,"href":"https:\/\/www.oarcanjo.net\/site\/wp-json\/wp\/v2\/comments?post=7435"}],"version-history":[{"count":0,"href":"https:\/\/www.oarcanjo.net\/site\/wp-json\/wp\/v2\/posts\/7435\/revisions"}],"wp:attachment":[{"href":"https:\/\/www.oarcanjo.net\/site\/wp-json\/wp\/v2\/media?parent=7435"}],"wp:term":[{"taxonomy":"category","embeddable":true,"href":"https:\/\/www.oarcanjo.net\/site\/wp-json\/wp\/v2\/categories?post=7435"},{"taxonomy":"post_tag","embeddable":true,"href":"https:\/\/www.oarcanjo.net\/site\/wp-json\/wp\/v2\/tags?post=7435"}],"curies":[{"name":"wp","href":"https:\/\/api.w.org\/{rel}","templated":true}]}}