
{"id":7455,"date":"2010-01-18T23:28:25","date_gmt":"2010-01-19T01:28:25","guid":{"rendered":"http:\/\/www.oarcanjo.net\/site\/?p=7455"},"modified":"2013-01-14T10:13:56","modified_gmt":"2013-01-14T12:13:56","slug":"arquidiocese-de-sao-paulo-celebra-missa-de-7-dia-em-memoria-de-zilda-arns","status":"publish","type":"post","link":"https:\/\/www.oarcanjo.net\/site\/arquidiocese-de-sao-paulo-celebra-missa-de-7-dia-em-memoria-de-zilda-arns\/","title":{"rendered":"Arquidiocese de S\u00e3o Paulo celebra missa de 7\u00ba dia em mem\u00f3ria de Zilda Arns"},"content":{"rendered":"<p>Zilda Arns.  Qualquer homenagem \u00e9 pouco. Ela realizou muito pelos menores dos irm\u00e3os de Jesus. No an\u00fancio de seu falecimento, a Arquidiocese de S\u00e3o Paulo, naquele momento representada pelo Padre Julio, respondeu prontamente.<\/p>\n<p>Neste dia 18 a missa de s\u00e9timo dia, presidida por Dom Tom\u00e9 Ferreira da Silva  e concelebrada pelo bispo de Franca, Dom Pedro Luiz Stringhini, e tamb\u00e9m por muitos padres, incluindo o nosso querido Pe. Julio.<\/p>\n<p>A Catedral da S\u00e9 estava lotada com muitos agentes da Pastoral da Crian\u00e7a e tamb\u00e9m da Pastoral da Pessoa Idosa. O povo veio de todas as regi\u00f5es da cidade. Da nossa comunidade, apesar de tanta gente, conseguimos ver a Deolinda e a Dir\u00e1, da Pastoral da Crian\u00e7a. Estavam l\u00e1, ainda, a C\u00e2ndida, a Rinalda e o M\u00e1rio. Alguns representantes eleitos da popula\u00e7\u00e3o, como a deputada Luiza Erundina, a vice-prefeita Alda Marco Antonio e prefeito Gilberto Kassab, dentre outros, igualmente estavam rezando pela Dra. Zilda e pelos militares brasileiros e por tantos que pereceram no Haiti.<\/p>\n<div id=\"attachment_7462\" style=\"width: 460px\" class=\"wp-caption alignnone\"><img loading=\"lazy\" decoding=\"async\" aria-describedby=\"caption-attachment-7462\" src=\"http:\/\/www.oarcanjo.net\/site\/wp-content\/uploads\/missa-7dia-DraZildaArns-02.jpg\" alt=\"Missa de 7\u00ba dia de falecimento da Dra. Zilda Arns\" title=\"Missa de 7\u00ba dia de falecimento da Dra. Zilda Arns\" width=\"450\" height=\"300\" class=\"size-full wp-image-7462\" \/><p id=\"caption-attachment-7462\" class=\"wp-caption-text\">Missa de 7\u00ba dia de falecimento da Dra. Zilda Arns<\/p><\/div>\n<p>Dom Pedro Luiz fez uma homilia tocante, resgatando tamb\u00e9m a import\u00e2ncia de todo o trabalho e da vida da Dra. Zilda Arns.<\/p>\n<p>O prefeito saudou individualmente os bispos presentes, o monsenhor Walter Caldeira e tamb\u00e9m o Pe. Julio Lancellotti. Falou com \u00eanfase sobre a import\u00e2ncia da Dra. Zilda Arns Neumann para os 11 milh\u00f5es dessa cidade de S\u00e3o Paulo, asseverando que o trabalho dela deve continuar.<\/p>\n<div id=\"attachment_7462\" style=\"width: 460px\" class=\"wp-caption alignnone\"><img loading=\"lazy\" decoding=\"async\" aria-describedby=\"caption-attachment-7462\" src=\"http:\/\/www.oarcanjo.net\/site\/wp-content\/uploads\/missa-7dia-DraZildaArns-01.jpg\" alt=\"Missa de 7\u00ba dia de falecimento da Dra. Zilda Arns\" title=\"Missa de 7\u00ba dia de falecimento da Dra. Zilda Arns\" width=\"450\" height=\"300\" class=\"size-full wp-image-7462\" srcset=\"https:\/\/www.oarcanjo.net\/site\/wp-content\/uploads\/missa-7dia-DraZildaArns-01.jpg 450w, https:\/\/www.oarcanjo.net\/site\/wp-content\/uploads\/missa-7dia-DraZildaArns-01-300x200.jpg 300w\" sizes=\"(max-width: 450px) 100vw, 450px\" \/><p id=\"caption-attachment-7462\" class=\"wp-caption-text\">Missa de 7\u00ba dia de falecimento da Dra. Zilda Arns<\/p><\/div>\n<p>Dom Odilo Scherer, do Vaticano, enviou uma carta a toda Arquidiocese, que foi lida na missa e dela transcrevemos em parte:<\/p>\n<p><em>Trag\u00e9dia na trag\u00e9dia, tamb\u00e9m Dra. Zilda Arns Neumann, irm\u00e3 do nosso estimado Cardeal Dom Paulo, fundadora e, por muitos anos, coordenadora nacional e internacional da Pastoral da Crian\u00e7a e, agora, tamb\u00e9m da Pessoa Idosa, perdeu a vida no terremoto. Encontrava-se no Haiti em miss\u00e3o, para estimular os religiosos a organizarem e dinamizarem a Pastoral da Crian\u00e7a  naquele pa\u00eds, onde h\u00e1 muita necessidade desta iniciativa de solidariedade social. Ela perdeu a vida junto com tantas m\u00e3es e crian\u00e7as pobres, a quem queria, justamente, levar socorro e solidariedade, para que vivessem melhor.<\/em><\/p>\n<p><em>Dra. Zilda era uma mulher de f\u00e9. Cultivava a sua m\u00edstica na participa\u00e7\u00e3o da missa, na ora\u00e7\u00e3o e na sua participa\u00e7\u00e3o respons\u00e1vel na vida e na miss\u00e3o da Igreja. Foi uma disc\u00edpula mission\u00e1ria de Jesus Cristo. Movida por esta sua f\u00e9 e ouvindo a Palavra de Deus e da Igreja, foi que ela se entregou, com todas as suas capacidades e a energia pr\u00f3pria de sua personalidade, a esse trabalho social t\u00e3o valioso, voltado para a maternidade e a sua inf\u00e2ncia pobre, \u201cpara que todos tivessem vida em abund\u00e2ncia\u201d.<\/em><\/p>\n<p><em>Que Deus recompense Dona Zilda; que ela possa ouvir estas palavras confortadoras de Jesus, que teve um amor de predile\u00e7\u00e3o pelas crian\u00e7as: \u201cTudo o que fizeste a um desses pequeninos, foi a mim que o fizeste. Agora vem participar da alegria do teu Senhor!\u201d (cf. Mt 25). E que a Pastoral da Crian\u00e7a continue a produzir muitos frutos! O exemplo da Dra. Zilda, uma crist\u00e3 leiga, inspire a muitos outros leigos a fazerem como ela: vivendo com convic\u00e7\u00e3o e alegria a pr\u00f3pria f\u00e9, colocar os dons recebidos a servi\u00e7o da vida e da esperan\u00e7a do pr\u00f3ximo.<\/em><\/p>\n<p>Terminada a missa, j\u00e1 reunido com algumas pessoas da Comunidade S\u00e3o Miguel Arcanjo e da Pastoral da Crian\u00e7a, com toda a emo\u00e7\u00e3o do momento, o Padre J\u00falio expressou que Dom Luciano Mendes de Almeida, na sua santidade, recebeu a Dra. Zilda Arns no C\u00e9u.<\/p>\n<div id=\"themify_builder_content-7455\" data-postid=\"7455\" class=\"themify_builder_content themify_builder_content-7455 themify_builder themify_builder_front\">\n\t<\/div>\n<!-- \/themify_builder_content -->","protected":false},"excerpt":{"rendered":"<p>Zilda Arns. Qualquer homenagem \u00e9 pouco. Ela realizou muito pelos menores dos irm\u00e3os de Jesus. No an\u00fancio de seu falecimento, a Arquidiocese de S\u00e3o Paulo, naquele momento representada pelo Padre Julio, respondeu prontamente. Neste dia 18 a missa de s\u00e9timo dia, presidida por Dom Tom\u00e9 Ferreira da Silva e concelebrada pelo bispo de Franca, Dom [&hellip;]<\/p>\n","protected":false},"author":10,"featured_media":0,"comment_status":"open","ping_status":"open","sticky":false,"template":"","format":"standard","meta":{"ngg_post_thumbnail":0,"footnotes":""},"categories":[8],"tags":[239,915,912,1408,295,305,88,306],"yoast_head":"<!-- This site is optimized with the Yoast SEO plugin v23.5 - https:\/\/yoast.com\/wordpress\/plugins\/seo\/ -->\n<title>Arquidiocese de S\u00e3o Paulo celebra missa de 7\u00ba dia em mem\u00f3ria de Zilda Arns - O Arcanjo no ar<\/title>\n<meta name=\"robots\" content=\"index, follow, max-snippet:-1, max-image-preview:large, max-video-preview:-1\" \/>\n<link rel=\"canonical\" href=\"https:\/\/www.oarcanjo.net\/site\/arquidiocese-de-sao-paulo-celebra-missa-de-7-dia-em-memoria-de-zilda-arns\/\" \/>\n<meta property=\"og:locale\" content=\"pt_BR\" \/>\n<meta property=\"og:type\" content=\"article\" \/>\n<meta property=\"og:title\" content=\"Arquidiocese de S\u00e3o Paulo celebra missa de 7\u00ba dia em mem\u00f3ria de Zilda Arns - O Arcanjo no ar\" \/>\n<meta property=\"og:description\" content=\"Zilda Arns. Qualquer homenagem \u00e9 pouco. Ela realizou muito pelos menores dos irm\u00e3os de Jesus. No an\u00fancio de seu falecimento, a Arquidiocese de S\u00e3o Paulo, naquele momento representada pelo Padre Julio, respondeu prontamente. Neste dia 18 a missa de s\u00e9timo dia, presidida por Dom Tom\u00e9 Ferreira da Silva e concelebrada pelo bispo de Franca, Dom [&hellip;]\" \/>\n<meta property=\"og:url\" content=\"https:\/\/www.oarcanjo.net\/site\/arquidiocese-de-sao-paulo-celebra-missa-de-7-dia-em-memoria-de-zilda-arns\/\" \/>\n<meta property=\"og:site_name\" content=\"O Arcanjo no ar\" \/>\n<meta property=\"article:publisher\" content=\"https:\/\/www.facebook.com\/OArcanjoNoAr\/\" \/>\n<meta property=\"article:published_time\" content=\"2010-01-19T01:28:25+00:00\" \/>\n<meta property=\"article:modified_time\" content=\"2013-01-14T12:13:56+00:00\" \/>\n<meta property=\"og:image\" content=\"http:\/\/www.oarcanjo.net\/site\/wp-content\/uploads\/missa-7dia-DraZildaArns-02.jpg\" \/>\n<meta name=\"author\" content=\"carlos\" \/>\n<meta name=\"twitter:card\" content=\"summary_large_image\" \/>\n<meta name=\"twitter:label1\" content=\"Escrito por\" \/>\n\t<meta name=\"twitter:data1\" content=\"carlos\" \/>\n\t<meta name=\"twitter:label2\" content=\"Est. tempo de leitura\" \/>\n\t<meta name=\"twitter:data2\" content=\"3 minutos\" \/>\n<script type=\"application\/ld+json\" class=\"yoast-schema-graph\">{\"@context\":\"https:\/\/schema.org\",\"@graph\":[{\"@type\":\"Article\",\"@id\":\"https:\/\/www.oarcanjo.net\/site\/arquidiocese-de-sao-paulo-celebra-missa-de-7-dia-em-memoria-de-zilda-arns\/#article\",\"isPartOf\":{\"@id\":\"https:\/\/www.oarcanjo.net\/site\/arquidiocese-de-sao-paulo-celebra-missa-de-7-dia-em-memoria-de-zilda-arns\/\"},\"author\":{\"name\":\"carlos\",\"@id\":\"https:\/\/www.oarcanjo.net\/site\/#\/schema\/person\/f7870e710d8c8c30673de3a0ac2e451d\"},\"headline\":\"Arquidiocese de S\u00e3o Paulo celebra missa de 7\u00ba dia em mem\u00f3ria de Zilda Arns\",\"datePublished\":\"2010-01-19T01:28:25+00:00\",\"dateModified\":\"2013-01-14T12:13:56+00:00\",\"mainEntityOfPage\":{\"@id\":\"https:\/\/www.oarcanjo.net\/site\/arquidiocese-de-sao-paulo-celebra-missa-de-7-dia-em-memoria-de-zilda-arns\/\"},\"wordCount\":668,\"commentCount\":5,\"publisher\":{\"@id\":\"https:\/\/www.oarcanjo.net\/site\/#organization\"},\"image\":{\"@id\":\"https:\/\/www.oarcanjo.net\/site\/arquidiocese-de-sao-paulo-celebra-missa-de-7-dia-em-memoria-de-zilda-arns\/#primaryimage\"},\"thumbnailUrl\":\"http:\/\/www.oarcanjo.net\/site\/wp-content\/uploads\/missa-7dia-DraZildaArns-02.jpg\",\"keywords\":[\"Arquidiocese de S\u00e3o Paulo\",\"D. Luciano Mendes de Almeida\",\"D. Paulo Evaristo Arns\",\"missa de s\u00e9timo dia\",\"Pastoral da Crian\u00e7a\",\"Pastoral da Pessoa Idosa\",\"solidariedade\",\"Zilda Arns\"],\"articleSection\":[\"Not\u00edcias\"],\"inLanguage\":\"pt-BR\",\"potentialAction\":[{\"@type\":\"CommentAction\",\"name\":\"Comment\",\"target\":[\"https:\/\/www.oarcanjo.net\/site\/arquidiocese-de-sao-paulo-celebra-missa-de-7-dia-em-memoria-de-zilda-arns\/#respond\"]}]},{\"@type\":\"WebPage\",\"@id\":\"https:\/\/www.oarcanjo.net\/site\/arquidiocese-de-sao-paulo-celebra-missa-de-7-dia-em-memoria-de-zilda-arns\/\",\"url\":\"https:\/\/www.oarcanjo.net\/site\/arquidiocese-de-sao-paulo-celebra-missa-de-7-dia-em-memoria-de-zilda-arns\/\",\"name\":\"Arquidiocese de S\u00e3o Paulo celebra missa de 7\u00ba dia em mem\u00f3ria de Zilda Arns - O Arcanjo no ar\",\"isPartOf\":{\"@id\":\"https:\/\/www.oarcanjo.net\/site\/#website\"},\"primaryImageOfPage\":{\"@id\":\"https:\/\/www.oarcanjo.net\/site\/arquidiocese-de-sao-paulo-celebra-missa-de-7-dia-em-memoria-de-zilda-arns\/#primaryimage\"},\"image\":{\"@id\":\"https:\/\/www.oarcanjo.net\/site\/arquidiocese-de-sao-paulo-celebra-missa-de-7-dia-em-memoria-de-zilda-arns\/#primaryimage\"},\"thumbnailUrl\":\"http:\/\/www.oarcanjo.net\/site\/wp-content\/uploads\/missa-7dia-DraZildaArns-02.jpg\",\"datePublished\":\"2010-01-19T01:28:25+00:00\",\"dateModified\":\"2013-01-14T12:13:56+00:00\",\"breadcrumb\":{\"@id\":\"https:\/\/www.oarcanjo.net\/site\/arquidiocese-de-sao-paulo-celebra-missa-de-7-dia-em-memoria-de-zilda-arns\/#breadcrumb\"},\"inLanguage\":\"pt-BR\",\"potentialAction\":[{\"@type\":\"ReadAction\",\"target\":[\"https:\/\/www.oarcanjo.net\/site\/arquidiocese-de-sao-paulo-celebra-missa-de-7-dia-em-memoria-de-zilda-arns\/\"]}]},{\"@type\":\"ImageObject\",\"inLanguage\":\"pt-BR\",\"@id\":\"https:\/\/www.oarcanjo.net\/site\/arquidiocese-de-sao-paulo-celebra-missa-de-7-dia-em-memoria-de-zilda-arns\/#primaryimage\",\"url\":\"https:\/\/www.oarcanjo.net\/site\/wp-content\/uploads\/missa-7dia-DraZildaArns-01.jpg\",\"contentUrl\":\"https:\/\/www.oarcanjo.net\/site\/wp-content\/uploads\/missa-7dia-DraZildaArns-01.jpg\",\"width\":\"450\",\"height\":\"300\",\"caption\":\"Missa de 7\u00ba dia de falecimento da Dra. Zilda Arns\"},{\"@type\":\"BreadcrumbList\",\"@id\":\"https:\/\/www.oarcanjo.net\/site\/arquidiocese-de-sao-paulo-celebra-missa-de-7-dia-em-memoria-de-zilda-arns\/#breadcrumb\",\"itemListElement\":[{\"@type\":\"ListItem\",\"position\":1,\"name\":\"In\u00edcio\",\"item\":\"https:\/\/www.oarcanjo.net\/site\/\"},{\"@type\":\"ListItem\",\"position\":2,\"name\":\"Arquidiocese de S\u00e3o Paulo celebra missa de 7\u00ba dia em mem\u00f3ria de Zilda Arns\"}]},{\"@type\":\"WebSite\",\"@id\":\"https:\/\/www.oarcanjo.net\/site\/#website\",\"url\":\"https:\/\/www.oarcanjo.net\/site\/\",\"name\":\"O Arcanjo no ar\",\"description\":\"Site da Par\u00f3quia S\u00e3o Miguel Arcanjo (Arquidiocese de SP)\",\"publisher\":{\"@id\":\"https:\/\/www.oarcanjo.net\/site\/#organization\"},\"potentialAction\":[{\"@type\":\"SearchAction\",\"target\":{\"@type\":\"EntryPoint\",\"urlTemplate\":\"https:\/\/www.oarcanjo.net\/site\/?s={search_term_string}\"},\"query-input\":{\"@type\":\"PropertyValueSpecification\",\"valueRequired\":true,\"valueName\":\"search_term_string\"}}],\"inLanguage\":\"pt-BR\"},{\"@type\":\"Organization\",\"@id\":\"https:\/\/www.oarcanjo.net\/site\/#organization\",\"name\":\"Par\u00f3quia S\u00e3o Miguel Arcanjo\",\"url\":\"https:\/\/www.oarcanjo.net\/site\/\",\"logo\":{\"@type\":\"ImageObject\",\"inLanguage\":\"pt-BR\",\"@id\":\"https:\/\/www.oarcanjo.net\/site\/#\/schema\/logo\/image\/\",\"url\":\"https:\/\/www.oarcanjo.net\/site\/wp-content\/uploads\/LogoOArcanjo.png\",\"contentUrl\":\"https:\/\/www.oarcanjo.net\/site\/wp-content\/uploads\/LogoOArcanjo.png\",\"width\":319,\"height\":99,\"caption\":\"Par\u00f3quia S\u00e3o Miguel Arcanjo\"},\"image\":{\"@id\":\"https:\/\/www.oarcanjo.net\/site\/#\/schema\/logo\/image\/\"},\"sameAs\":[\"https:\/\/www.facebook.com\/OArcanjoNoAr\/\"]},{\"@type\":\"Person\",\"@id\":\"https:\/\/www.oarcanjo.net\/site\/#\/schema\/person\/f7870e710d8c8c30673de3a0ac2e451d\",\"name\":\"carlos\"}]}<\/script>\n<!-- \/ Yoast SEO plugin. -->","yoast_head_json":{"title":"Arquidiocese de S\u00e3o Paulo celebra missa de 7\u00ba dia em mem\u00f3ria de Zilda Arns - O Arcanjo no ar","robots":{"index":"index","follow":"follow","max-snippet":"max-snippet:-1","max-image-preview":"max-image-preview:large","max-video-preview":"max-video-preview:-1"},"canonical":"https:\/\/www.oarcanjo.net\/site\/arquidiocese-de-sao-paulo-celebra-missa-de-7-dia-em-memoria-de-zilda-arns\/","og_locale":"pt_BR","og_type":"article","og_title":"Arquidiocese de S\u00e3o Paulo celebra missa de 7\u00ba dia em mem\u00f3ria de Zilda Arns - O Arcanjo no ar","og_description":"Zilda Arns. Qualquer homenagem \u00e9 pouco. Ela realizou muito pelos menores dos irm\u00e3os de Jesus. No an\u00fancio de seu falecimento, a Arquidiocese de S\u00e3o Paulo, naquele momento representada pelo Padre Julio, respondeu prontamente. Neste dia 18 a missa de s\u00e9timo dia, presidida por Dom Tom\u00e9 Ferreira da Silva e concelebrada pelo bispo de Franca, Dom [&hellip;]","og_url":"https:\/\/www.oarcanjo.net\/site\/arquidiocese-de-sao-paulo-celebra-missa-de-7-dia-em-memoria-de-zilda-arns\/","og_site_name":"O Arcanjo no ar","article_publisher":"https:\/\/www.facebook.com\/OArcanjoNoAr\/","article_published_time":"2010-01-19T01:28:25+00:00","article_modified_time":"2013-01-14T12:13:56+00:00","og_image":[{"url":"http:\/\/www.oarcanjo.net\/site\/wp-content\/uploads\/missa-7dia-DraZildaArns-02.jpg"}],"author":"carlos","twitter_card":"summary_large_image","twitter_misc":{"Escrito por":"carlos","Est. tempo de leitura":"3 minutos"},"schema":{"@context":"https:\/\/schema.org","@graph":[{"@type":"Article","@id":"https:\/\/www.oarcanjo.net\/site\/arquidiocese-de-sao-paulo-celebra-missa-de-7-dia-em-memoria-de-zilda-arns\/#article","isPartOf":{"@id":"https:\/\/www.oarcanjo.net\/site\/arquidiocese-de-sao-paulo-celebra-missa-de-7-dia-em-memoria-de-zilda-arns\/"},"author":{"name":"carlos","@id":"https:\/\/www.oarcanjo.net\/site\/#\/schema\/person\/f7870e710d8c8c30673de3a0ac2e451d"},"headline":"Arquidiocese de S\u00e3o Paulo celebra missa de 7\u00ba dia em mem\u00f3ria de Zilda Arns","datePublished":"2010-01-19T01:28:25+00:00","dateModified":"2013-01-14T12:13:56+00:00","mainEntityOfPage":{"@id":"https:\/\/www.oarcanjo.net\/site\/arquidiocese-de-sao-paulo-celebra-missa-de-7-dia-em-memoria-de-zilda-arns\/"},"wordCount":668,"commentCount":5,"publisher":{"@id":"https:\/\/www.oarcanjo.net\/site\/#organization"},"image":{"@id":"https:\/\/www.oarcanjo.net\/site\/arquidiocese-de-sao-paulo-celebra-missa-de-7-dia-em-memoria-de-zilda-arns\/#primaryimage"},"thumbnailUrl":"http:\/\/www.oarcanjo.net\/site\/wp-content\/uploads\/missa-7dia-DraZildaArns-02.jpg","keywords":["Arquidiocese de S\u00e3o Paulo","D. Luciano Mendes de Almeida","D. Paulo Evaristo Arns","missa de s\u00e9timo dia","Pastoral da Crian\u00e7a","Pastoral da Pessoa Idosa","solidariedade","Zilda Arns"],"articleSection":["Not\u00edcias"],"inLanguage":"pt-BR","potentialAction":[{"@type":"CommentAction","name":"Comment","target":["https:\/\/www.oarcanjo.net\/site\/arquidiocese-de-sao-paulo-celebra-missa-de-7-dia-em-memoria-de-zilda-arns\/#respond"]}]},{"@type":"WebPage","@id":"https:\/\/www.oarcanjo.net\/site\/arquidiocese-de-sao-paulo-celebra-missa-de-7-dia-em-memoria-de-zilda-arns\/","url":"https:\/\/www.oarcanjo.net\/site\/arquidiocese-de-sao-paulo-celebra-missa-de-7-dia-em-memoria-de-zilda-arns\/","name":"Arquidiocese de S\u00e3o Paulo celebra missa de 7\u00ba dia em mem\u00f3ria de Zilda Arns - O Arcanjo no ar","isPartOf":{"@id":"https:\/\/www.oarcanjo.net\/site\/#website"},"primaryImageOfPage":{"@id":"https:\/\/www.oarcanjo.net\/site\/arquidiocese-de-sao-paulo-celebra-missa-de-7-dia-em-memoria-de-zilda-arns\/#primaryimage"},"image":{"@id":"https:\/\/www.oarcanjo.net\/site\/arquidiocese-de-sao-paulo-celebra-missa-de-7-dia-em-memoria-de-zilda-arns\/#primaryimage"},"thumbnailUrl":"http:\/\/www.oarcanjo.net\/site\/wp-content\/uploads\/missa-7dia-DraZildaArns-02.jpg","datePublished":"2010-01-19T01:28:25+00:00","dateModified":"2013-01-14T12:13:56+00:00","breadcrumb":{"@id":"https:\/\/www.oarcanjo.net\/site\/arquidiocese-de-sao-paulo-celebra-missa-de-7-dia-em-memoria-de-zilda-arns\/#breadcrumb"},"inLanguage":"pt-BR","potentialAction":[{"@type":"ReadAction","target":["https:\/\/www.oarcanjo.net\/site\/arquidiocese-de-sao-paulo-celebra-missa-de-7-dia-em-memoria-de-zilda-arns\/"]}]},{"@type":"ImageObject","inLanguage":"pt-BR","@id":"https:\/\/www.oarcanjo.net\/site\/arquidiocese-de-sao-paulo-celebra-missa-de-7-dia-em-memoria-de-zilda-arns\/#primaryimage","url":"https:\/\/www.oarcanjo.net\/site\/wp-content\/uploads\/missa-7dia-DraZildaArns-01.jpg","contentUrl":"https:\/\/www.oarcanjo.net\/site\/wp-content\/uploads\/missa-7dia-DraZildaArns-01.jpg","width":"450","height":"300","caption":"Missa de 7\u00ba dia de falecimento da Dra. Zilda Arns"},{"@type":"BreadcrumbList","@id":"https:\/\/www.oarcanjo.net\/site\/arquidiocese-de-sao-paulo-celebra-missa-de-7-dia-em-memoria-de-zilda-arns\/#breadcrumb","itemListElement":[{"@type":"ListItem","position":1,"name":"In\u00edcio","item":"https:\/\/www.oarcanjo.net\/site\/"},{"@type":"ListItem","position":2,"name":"Arquidiocese de S\u00e3o Paulo celebra missa de 7\u00ba dia em mem\u00f3ria de Zilda Arns"}]},{"@type":"WebSite","@id":"https:\/\/www.oarcanjo.net\/site\/#website","url":"https:\/\/www.oarcanjo.net\/site\/","name":"O Arcanjo no ar","description":"Site da Par\u00f3quia S\u00e3o Miguel Arcanjo (Arquidiocese de SP)","publisher":{"@id":"https:\/\/www.oarcanjo.net\/site\/#organization"},"potentialAction":[{"@type":"SearchAction","target":{"@type":"EntryPoint","urlTemplate":"https:\/\/www.oarcanjo.net\/site\/?s={search_term_string}"},"query-input":{"@type":"PropertyValueSpecification","valueRequired":true,"valueName":"search_term_string"}}],"inLanguage":"pt-BR"},{"@type":"Organization","@id":"https:\/\/www.oarcanjo.net\/site\/#organization","name":"Par\u00f3quia S\u00e3o Miguel Arcanjo","url":"https:\/\/www.oarcanjo.net\/site\/","logo":{"@type":"ImageObject","inLanguage":"pt-BR","@id":"https:\/\/www.oarcanjo.net\/site\/#\/schema\/logo\/image\/","url":"https:\/\/www.oarcanjo.net\/site\/wp-content\/uploads\/LogoOArcanjo.png","contentUrl":"https:\/\/www.oarcanjo.net\/site\/wp-content\/uploads\/LogoOArcanjo.png","width":319,"height":99,"caption":"Par\u00f3quia S\u00e3o Miguel Arcanjo"},"image":{"@id":"https:\/\/www.oarcanjo.net\/site\/#\/schema\/logo\/image\/"},"sameAs":["https:\/\/www.facebook.com\/OArcanjoNoAr\/"]},{"@type":"Person","@id":"https:\/\/www.oarcanjo.net\/site\/#\/schema\/person\/f7870e710d8c8c30673de3a0ac2e451d","name":"carlos"}]}},"publishpress_future_action":{"enabled":false,"date":"2026-05-07 08:06:27","action":"category","newStatus":"draft","terms":[],"taxonomy":"category"},"publishpress_future_workflow_manual_trigger":{"enabledWorkflows":[]},"_links":{"self":[{"href":"https:\/\/www.oarcanjo.net\/site\/wp-json\/wp\/v2\/posts\/7455"}],"collection":[{"href":"https:\/\/www.oarcanjo.net\/site\/wp-json\/wp\/v2\/posts"}],"about":[{"href":"https:\/\/www.oarcanjo.net\/site\/wp-json\/wp\/v2\/types\/post"}],"author":[{"embeddable":true,"href":"https:\/\/www.oarcanjo.net\/site\/wp-json\/wp\/v2\/users\/10"}],"replies":[{"embeddable":true,"href":"https:\/\/www.oarcanjo.net\/site\/wp-json\/wp\/v2\/comments?post=7455"}],"version-history":[{"count":0,"href":"https:\/\/www.oarcanjo.net\/site\/wp-json\/wp\/v2\/posts\/7455\/revisions"}],"wp:attachment":[{"href":"https:\/\/www.oarcanjo.net\/site\/wp-json\/wp\/v2\/media?parent=7455"}],"wp:term":[{"taxonomy":"category","embeddable":true,"href":"https:\/\/www.oarcanjo.net\/site\/wp-json\/wp\/v2\/categories?post=7455"},{"taxonomy":"post_tag","embeddable":true,"href":"https:\/\/www.oarcanjo.net\/site\/wp-json\/wp\/v2\/tags?post=7455"}],"curies":[{"name":"wp","href":"https:\/\/api.w.org\/{rel}","templated":true}]}}