
{"id":746,"date":"2008-11-23T21:46:08","date_gmt":"2008-11-24T00:46:08","guid":{"rendered":"http:\/\/www.oarcanjo.net\/site\/?p=746"},"modified":"2008-12-22T12:05:23","modified_gmt":"2008-12-22T14:05:23","slug":"batizado-23-de-novembro-de-2008","status":"publish","type":"post","link":"https:\/\/www.oarcanjo.net\/site\/batizado-23-de-novembro-de-2008\/","title":{"rendered":"Batizado &#8211; 23 de novembro de 2008"},"content":{"rendered":"<p>Neste domingo, 23 de novembro de 2008, na Capela S\u00e3o Judas Tadeu, foram batizadas mais 14 crian\u00e7as.<\/p>\n<p>A celebra\u00e7\u00e3o foi iniciada com o acolhimento, apresenta\u00e7\u00e3o das crian\u00e7as e a prociss\u00e3o de entrada na Capela. Essa prociss\u00e3o revela a entrada das crian\u00e7as na Igreja.<\/p>\n<p>Emo\u00e7\u00e3o, alegria e fortalecimento da f\u00e9. Foi o batizado do Antonio Henrique, Felipe, Gabriela, Isabela, Julia, Maria Clara, Maria Eduarda, Matheus, Nat\u00e1lia Gabriela, Nicolas, Pedro Henrique, Reginaldo, Sofia e da Vit\u00f3ria.<\/p>\n<p>O Padre J\u00falio tamb\u00e9m renovou o batismo dos presentes \u00e0 celebra\u00e7\u00e3o, aspergindo neles a \u00e1gua da Pia Batismal. Pediu que os Pais e Padrinhos fizessem o sinal da Cruz no ouvido das crian\u00e7as batizadas, para que elas possam estar sempre ouvindo falar do amor de Deus.<\/p>\n<p><img loading=\"lazy\" decoding=\"async\" src=\"http:\/\/www.oarcanjo.net\/site\/wp-content\/uploads\/batizado-23-11-2008.jpg\" alt=\"Casamento de Rodrigo e Ligia Maria\" title=\"Casamento de Rodrigo e Ligia Maria\" width=\"300\" height=\"225\" align=\"left\" hspace=\"4\"\/>Na seq\u00fc\u00eancia, durante a Santa Missa, o papai e a mam\u00e3e do Pedro Henrique e da Maria Eduarda tamb\u00e9m celebraram seu casamento, legitimando a uni\u00e3o j\u00e1 existente. Foi o emocionante casamento do Rodrigo e da Ligia Maria, como mostram as fotos.<\/p>\n<p>Ao final da missa o Padre J\u00falio ressaltou as atividades do Anderson, pai da batizanda Maria Clara, que auxilia o Povo da Rua, como o fazem os padrinhos Mauro e Luciana.<\/p>\n<p>Parab\u00e9ns para a Igreja que ganhou novos filhos neste bonito domingo, dia de Cristo Rei. Momento de considerar que o amor recebido de Deus \u00e9 partilhado com os irm\u00e3os, sobretudo os mais necessitados.<\/p>\n<p>Leia mais no <a href=\"http:\/\/www.oarcanjo.net\/site\/index.php\/blog\/batizados\">blog do Pe. J\u00falio<\/a><\/p>\n<\/p>\n<p>Veja abaixo as fotos da celebra\u00e7\u00e3o:<\/p>ngg_shortcode_0_placeholder<div id=\"themify_builder_content-746\" data-postid=\"746\" class=\"themify_builder_content themify_builder_content-746 themify_builder themify_builder_front\">\n\t<\/div>\n<!-- \/themify_builder_content -->","protected":false},"excerpt":{"rendered":"<p>Neste domingo, 23 de novembro de 2008, na Capela S\u00e3o Judas Tadeu, foram batizadas mais 14 crian\u00e7as. A celebra\u00e7\u00e3o foi iniciada com o acolhimento, apresenta\u00e7\u00e3o das crian\u00e7as e a prociss\u00e3o de entrada na Capela. Essa prociss\u00e3o revela a entrada das crian\u00e7as na Igreja. Emo\u00e7\u00e3o, alegria e fortalecimento da f\u00e9. Foi o batizado do Antonio Henrique, [&hellip;]<\/p>\n","protected":false},"author":5,"featured_media":0,"comment_status":"open","ping_status":"open","sticky":false,"template":"","format":"standard","meta":{"ngg_post_thumbnail":0,"footnotes":""},"categories":[8],"tags":[123,125,124],"yoast_head":"<!-- This site is optimized with the Yoast SEO plugin v23.5 - https:\/\/yoast.com\/wordpress\/plugins\/seo\/ -->\n<title>Batizado - 23 de novembro de 2008 - O Arcanjo no ar<\/title>\n<meta name=\"robots\" content=\"index, follow, max-snippet:-1, max-image-preview:large, max-video-preview:-1\" \/>\n<link rel=\"canonical\" href=\"https:\/\/www.oarcanjo.net\/site\/batizado-23-de-novembro-de-2008\/\" \/>\n<meta property=\"og:locale\" content=\"pt_BR\" \/>\n<meta property=\"og:type\" content=\"article\" \/>\n<meta property=\"og:title\" content=\"Batizado - 23 de novembro de 2008 - O Arcanjo no ar\" \/>\n<meta property=\"og:description\" content=\"Neste domingo, 23 de novembro de 2008, na Capela S\u00e3o Judas Tadeu, foram batizadas mais 14 crian\u00e7as. A celebra\u00e7\u00e3o foi iniciada com o acolhimento, apresenta\u00e7\u00e3o das crian\u00e7as e a prociss\u00e3o de entrada na Capela. Essa prociss\u00e3o revela a entrada das crian\u00e7as na Igreja. Emo\u00e7\u00e3o, alegria e fortalecimento da f\u00e9. Foi o batizado do Antonio Henrique, [&hellip;]\" \/>\n<meta property=\"og:url\" content=\"https:\/\/www.oarcanjo.net\/site\/batizado-23-de-novembro-de-2008\/\" \/>\n<meta property=\"og:site_name\" content=\"O Arcanjo no ar\" \/>\n<meta property=\"article:publisher\" content=\"https:\/\/www.facebook.com\/OArcanjoNoAr\/\" \/>\n<meta property=\"article:published_time\" content=\"2008-11-24T00:46:08+00:00\" \/>\n<meta property=\"article:modified_time\" content=\"2008-12-22T14:05:23+00:00\" \/>\n<meta property=\"og:image\" content=\"https:\/\/www.oarcanjo.net\/site\/wp-content\/uploads\/batizado-23-11-2008-150x150.jpg\" \/>\n<meta name=\"author\" content=\"editor\" \/>\n<meta name=\"twitter:card\" content=\"summary_large_image\" \/>\n<meta name=\"twitter:label1\" content=\"Escrito por\" \/>\n\t<meta name=\"twitter:data1\" content=\"editor\" \/>\n\t<meta name=\"twitter:label2\" content=\"Est. tempo de leitura\" \/>\n\t<meta name=\"twitter:data2\" content=\"1 minuto\" \/>\n<script type=\"application\/ld+json\" class=\"yoast-schema-graph\">{\"@context\":\"https:\/\/schema.org\",\"@graph\":[{\"@type\":\"Article\",\"@id\":\"https:\/\/www.oarcanjo.net\/site\/batizado-23-de-novembro-de-2008\/#article\",\"isPartOf\":{\"@id\":\"https:\/\/www.oarcanjo.net\/site\/batizado-23-de-novembro-de-2008\/\"},\"author\":{\"name\":\"editor\",\"@id\":\"https:\/\/www.oarcanjo.net\/site\/#\/schema\/person\/f7024d007863202483a31326673a0838\"},\"headline\":\"Batizado &#8211; 23 de novembro de 2008\",\"datePublished\":\"2008-11-24T00:46:08+00:00\",\"dateModified\":\"2008-12-22T14:05:23+00:00\",\"mainEntityOfPage\":{\"@id\":\"https:\/\/www.oarcanjo.net\/site\/batizado-23-de-novembro-de-2008\/\"},\"wordCount\":263,\"commentCount\":17,\"publisher\":{\"@id\":\"https:\/\/www.oarcanjo.net\/site\/#organization\"},\"image\":{\"@id\":\"https:\/\/www.oarcanjo.net\/site\/batizado-23-de-novembro-de-2008\/#primaryimage\"},\"thumbnailUrl\":\"http:\/\/www.oarcanjo.net\/site\/wp-content\/uploads\/batizado-23-11-2008.jpg\",\"keywords\":[\"batizado\",\"crian\u00e7as\",\"imers\u00e3o\"],\"articleSection\":[\"Not\u00edcias\"],\"inLanguage\":\"pt-BR\",\"potentialAction\":[{\"@type\":\"CommentAction\",\"name\":\"Comment\",\"target\":[\"https:\/\/www.oarcanjo.net\/site\/batizado-23-de-novembro-de-2008\/#respond\"]}]},{\"@type\":\"WebPage\",\"@id\":\"https:\/\/www.oarcanjo.net\/site\/batizado-23-de-novembro-de-2008\/\",\"url\":\"https:\/\/www.oarcanjo.net\/site\/batizado-23-de-novembro-de-2008\/\",\"name\":\"Batizado - 23 de novembro de 2008 - O Arcanjo no ar\",\"isPartOf\":{\"@id\":\"https:\/\/www.oarcanjo.net\/site\/#website\"},\"primaryImageOfPage\":{\"@id\":\"https:\/\/www.oarcanjo.net\/site\/batizado-23-de-novembro-de-2008\/#primaryimage\"},\"image\":{\"@id\":\"https:\/\/www.oarcanjo.net\/site\/batizado-23-de-novembro-de-2008\/#primaryimage\"},\"thumbnailUrl\":\"http:\/\/www.oarcanjo.net\/site\/wp-content\/uploads\/batizado-23-11-2008.jpg\",\"datePublished\":\"2008-11-24T00:46:08+00:00\",\"dateModified\":\"2008-12-22T14:05:23+00:00\",\"breadcrumb\":{\"@id\":\"https:\/\/www.oarcanjo.net\/site\/batizado-23-de-novembro-de-2008\/#breadcrumb\"},\"inLanguage\":\"pt-BR\",\"potentialAction\":[{\"@type\":\"ReadAction\",\"target\":[\"https:\/\/www.oarcanjo.net\/site\/batizado-23-de-novembro-de-2008\/\"]}]},{\"@type\":\"ImageObject\",\"inLanguage\":\"pt-BR\",\"@id\":\"https:\/\/www.oarcanjo.net\/site\/batizado-23-de-novembro-de-2008\/#primaryimage\",\"url\":\"http:\/\/www.oarcanjo.net\/site\/wp-content\/uploads\/batizado-23-11-2008.jpg\",\"contentUrl\":\"http:\/\/www.oarcanjo.net\/site\/wp-content\/uploads\/batizado-23-11-2008.jpg\"},{\"@type\":\"BreadcrumbList\",\"@id\":\"https:\/\/www.oarcanjo.net\/site\/batizado-23-de-novembro-de-2008\/#breadcrumb\",\"itemListElement\":[{\"@type\":\"ListItem\",\"position\":1,\"name\":\"In\u00edcio\",\"item\":\"https:\/\/www.oarcanjo.net\/site\/\"},{\"@type\":\"ListItem\",\"position\":2,\"name\":\"Batizado &#8211; 23 de novembro de 2008\"}]},{\"@type\":\"WebSite\",\"@id\":\"https:\/\/www.oarcanjo.net\/site\/#website\",\"url\":\"https:\/\/www.oarcanjo.net\/site\/\",\"name\":\"O Arcanjo no ar\",\"description\":\"Site da Par\u00f3quia S\u00e3o Miguel Arcanjo (Arquidiocese de SP)\",\"publisher\":{\"@id\":\"https:\/\/www.oarcanjo.net\/site\/#organization\"},\"potentialAction\":[{\"@type\":\"SearchAction\",\"target\":{\"@type\":\"EntryPoint\",\"urlTemplate\":\"https:\/\/www.oarcanjo.net\/site\/?s={search_term_string}\"},\"query-input\":{\"@type\":\"PropertyValueSpecification\",\"valueRequired\":true,\"valueName\":\"search_term_string\"}}],\"inLanguage\":\"pt-BR\"},{\"@type\":\"Organization\",\"@id\":\"https:\/\/www.oarcanjo.net\/site\/#organization\",\"name\":\"Par\u00f3quia S\u00e3o Miguel Arcanjo\",\"url\":\"https:\/\/www.oarcanjo.net\/site\/\",\"logo\":{\"@type\":\"ImageObject\",\"inLanguage\":\"pt-BR\",\"@id\":\"https:\/\/www.oarcanjo.net\/site\/#\/schema\/logo\/image\/\",\"url\":\"https:\/\/www.oarcanjo.net\/site\/wp-content\/uploads\/LogoOArcanjo.png\",\"contentUrl\":\"https:\/\/www.oarcanjo.net\/site\/wp-content\/uploads\/LogoOArcanjo.png\",\"width\":319,\"height\":99,\"caption\":\"Par\u00f3quia S\u00e3o Miguel Arcanjo\"},\"image\":{\"@id\":\"https:\/\/www.oarcanjo.net\/site\/#\/schema\/logo\/image\/\"},\"sameAs\":[\"https:\/\/www.facebook.com\/OArcanjoNoAr\/\"]},{\"@type\":\"Person\",\"@id\":\"https:\/\/www.oarcanjo.net\/site\/#\/schema\/person\/f7024d007863202483a31326673a0838\",\"name\":\"editor\",\"sameAs\":[\"http:\/\/www.oarcanjo.net\"]}]}<\/script>\n<!-- \/ Yoast SEO plugin. -->","yoast_head_json":{"title":"Batizado - 23 de novembro de 2008 - O Arcanjo no ar","robots":{"index":"index","follow":"follow","max-snippet":"max-snippet:-1","max-image-preview":"max-image-preview:large","max-video-preview":"max-video-preview:-1"},"canonical":"https:\/\/www.oarcanjo.net\/site\/batizado-23-de-novembro-de-2008\/","og_locale":"pt_BR","og_type":"article","og_title":"Batizado - 23 de novembro de 2008 - O Arcanjo no ar","og_description":"Neste domingo, 23 de novembro de 2008, na Capela S\u00e3o Judas Tadeu, foram batizadas mais 14 crian\u00e7as. A celebra\u00e7\u00e3o foi iniciada com o acolhimento, apresenta\u00e7\u00e3o das crian\u00e7as e a prociss\u00e3o de entrada na Capela. Essa prociss\u00e3o revela a entrada das crian\u00e7as na Igreja. Emo\u00e7\u00e3o, alegria e fortalecimento da f\u00e9. Foi o batizado do Antonio Henrique, [&hellip;]","og_url":"https:\/\/www.oarcanjo.net\/site\/batizado-23-de-novembro-de-2008\/","og_site_name":"O Arcanjo no ar","article_publisher":"https:\/\/www.facebook.com\/OArcanjoNoAr\/","article_published_time":"2008-11-24T00:46:08+00:00","article_modified_time":"2008-12-22T14:05:23+00:00","og_image":[{"url":"https:\/\/www.oarcanjo.net\/site\/wp-content\/uploads\/batizado-23-11-2008-150x150.jpg"}],"author":"editor","twitter_card":"summary_large_image","twitter_misc":{"Escrito por":"editor","Est. tempo de leitura":"1 minuto"},"schema":{"@context":"https:\/\/schema.org","@graph":[{"@type":"Article","@id":"https:\/\/www.oarcanjo.net\/site\/batizado-23-de-novembro-de-2008\/#article","isPartOf":{"@id":"https:\/\/www.oarcanjo.net\/site\/batizado-23-de-novembro-de-2008\/"},"author":{"name":"editor","@id":"https:\/\/www.oarcanjo.net\/site\/#\/schema\/person\/f7024d007863202483a31326673a0838"},"headline":"Batizado &#8211; 23 de novembro de 2008","datePublished":"2008-11-24T00:46:08+00:00","dateModified":"2008-12-22T14:05:23+00:00","mainEntityOfPage":{"@id":"https:\/\/www.oarcanjo.net\/site\/batizado-23-de-novembro-de-2008\/"},"wordCount":263,"commentCount":17,"publisher":{"@id":"https:\/\/www.oarcanjo.net\/site\/#organization"},"image":{"@id":"https:\/\/www.oarcanjo.net\/site\/batizado-23-de-novembro-de-2008\/#primaryimage"},"thumbnailUrl":"http:\/\/www.oarcanjo.net\/site\/wp-content\/uploads\/batizado-23-11-2008.jpg","keywords":["batizado","crian\u00e7as","imers\u00e3o"],"articleSection":["Not\u00edcias"],"inLanguage":"pt-BR","potentialAction":[{"@type":"CommentAction","name":"Comment","target":["https:\/\/www.oarcanjo.net\/site\/batizado-23-de-novembro-de-2008\/#respond"]}]},{"@type":"WebPage","@id":"https:\/\/www.oarcanjo.net\/site\/batizado-23-de-novembro-de-2008\/","url":"https:\/\/www.oarcanjo.net\/site\/batizado-23-de-novembro-de-2008\/","name":"Batizado - 23 de novembro de 2008 - O Arcanjo no ar","isPartOf":{"@id":"https:\/\/www.oarcanjo.net\/site\/#website"},"primaryImageOfPage":{"@id":"https:\/\/www.oarcanjo.net\/site\/batizado-23-de-novembro-de-2008\/#primaryimage"},"image":{"@id":"https:\/\/www.oarcanjo.net\/site\/batizado-23-de-novembro-de-2008\/#primaryimage"},"thumbnailUrl":"http:\/\/www.oarcanjo.net\/site\/wp-content\/uploads\/batizado-23-11-2008.jpg","datePublished":"2008-11-24T00:46:08+00:00","dateModified":"2008-12-22T14:05:23+00:00","breadcrumb":{"@id":"https:\/\/www.oarcanjo.net\/site\/batizado-23-de-novembro-de-2008\/#breadcrumb"},"inLanguage":"pt-BR","potentialAction":[{"@type":"ReadAction","target":["https:\/\/www.oarcanjo.net\/site\/batizado-23-de-novembro-de-2008\/"]}]},{"@type":"ImageObject","inLanguage":"pt-BR","@id":"https:\/\/www.oarcanjo.net\/site\/batizado-23-de-novembro-de-2008\/#primaryimage","url":"http:\/\/www.oarcanjo.net\/site\/wp-content\/uploads\/batizado-23-11-2008.jpg","contentUrl":"http:\/\/www.oarcanjo.net\/site\/wp-content\/uploads\/batizado-23-11-2008.jpg"},{"@type":"BreadcrumbList","@id":"https:\/\/www.oarcanjo.net\/site\/batizado-23-de-novembro-de-2008\/#breadcrumb","itemListElement":[{"@type":"ListItem","position":1,"name":"In\u00edcio","item":"https:\/\/www.oarcanjo.net\/site\/"},{"@type":"ListItem","position":2,"name":"Batizado &#8211; 23 de novembro de 2008"}]},{"@type":"WebSite","@id":"https:\/\/www.oarcanjo.net\/site\/#website","url":"https:\/\/www.oarcanjo.net\/site\/","name":"O Arcanjo no ar","description":"Site da Par\u00f3quia S\u00e3o Miguel Arcanjo (Arquidiocese de SP)","publisher":{"@id":"https:\/\/www.oarcanjo.net\/site\/#organization"},"potentialAction":[{"@type":"SearchAction","target":{"@type":"EntryPoint","urlTemplate":"https:\/\/www.oarcanjo.net\/site\/?s={search_term_string}"},"query-input":{"@type":"PropertyValueSpecification","valueRequired":true,"valueName":"search_term_string"}}],"inLanguage":"pt-BR"},{"@type":"Organization","@id":"https:\/\/www.oarcanjo.net\/site\/#organization","name":"Par\u00f3quia S\u00e3o Miguel Arcanjo","url":"https:\/\/www.oarcanjo.net\/site\/","logo":{"@type":"ImageObject","inLanguage":"pt-BR","@id":"https:\/\/www.oarcanjo.net\/site\/#\/schema\/logo\/image\/","url":"https:\/\/www.oarcanjo.net\/site\/wp-content\/uploads\/LogoOArcanjo.png","contentUrl":"https:\/\/www.oarcanjo.net\/site\/wp-content\/uploads\/LogoOArcanjo.png","width":319,"height":99,"caption":"Par\u00f3quia S\u00e3o Miguel Arcanjo"},"image":{"@id":"https:\/\/www.oarcanjo.net\/site\/#\/schema\/logo\/image\/"},"sameAs":["https:\/\/www.facebook.com\/OArcanjoNoAr\/"]},{"@type":"Person","@id":"https:\/\/www.oarcanjo.net\/site\/#\/schema\/person\/f7024d007863202483a31326673a0838","name":"editor","sameAs":["http:\/\/www.oarcanjo.net"]}]}},"publishpress_future_action":{"enabled":false,"date":"2026-05-06 08:48:28","action":"category","newStatus":"draft","terms":[],"taxonomy":"category"},"publishpress_future_workflow_manual_trigger":{"enabledWorkflows":[]},"_links":{"self":[{"href":"https:\/\/www.oarcanjo.net\/site\/wp-json\/wp\/v2\/posts\/746"}],"collection":[{"href":"https:\/\/www.oarcanjo.net\/site\/wp-json\/wp\/v2\/posts"}],"about":[{"href":"https:\/\/www.oarcanjo.net\/site\/wp-json\/wp\/v2\/types\/post"}],"author":[{"embeddable":true,"href":"https:\/\/www.oarcanjo.net\/site\/wp-json\/wp\/v2\/users\/5"}],"replies":[{"embeddable":true,"href":"https:\/\/www.oarcanjo.net\/site\/wp-json\/wp\/v2\/comments?post=746"}],"version-history":[{"count":0,"href":"https:\/\/www.oarcanjo.net\/site\/wp-json\/wp\/v2\/posts\/746\/revisions"}],"wp:attachment":[{"href":"https:\/\/www.oarcanjo.net\/site\/wp-json\/wp\/v2\/media?parent=746"}],"wp:term":[{"taxonomy":"category","embeddable":true,"href":"https:\/\/www.oarcanjo.net\/site\/wp-json\/wp\/v2\/categories?post=746"},{"taxonomy":"post_tag","embeddable":true,"href":"https:\/\/www.oarcanjo.net\/site\/wp-json\/wp\/v2\/tags?post=746"}],"curies":[{"name":"wp","href":"https:\/\/api.w.org\/{rel}","templated":true}]}}