
{"id":7469,"date":"2017-01-24T00:25:36","date_gmt":"2017-01-24T02:25:36","guid":{"rendered":"http:\/\/www.oarcanjo.net\/site\/?p=7469"},"modified":"2016-12-27T06:23:37","modified_gmt":"2016-12-27T08:23:37","slug":"bem-aventurado-jose-timoteo-giaccardo","status":"publish","type":"post","link":"https:\/\/www.oarcanjo.net\/site\/bem-aventurado-jose-timoteo-giaccardo\/","title":{"rendered":"Bem Aventurado Jos\u00e9 Tim\u00f3teo Giaccardo"},"content":{"rendered":"<p><img decoding=\"async\" src=\"http:\/\/1.bp.blogspot.com\/_VsL8VkjSZWw\/St9lpo1dcbI\/AAAAAAAACAo\/5PZkwMgRZJs\/s1600\/giaccard0.jpg\" border=\"0\" alt=\"[giaccard0.jpg]\" \/><\/p>\n<p>24 de Janeiro<\/p>\n<p>Jos\u00e9 Tim\u00f3teo Giaccardo, sacerdote paulino, italiano, pertence \u00e0 Congrega\u00e7\u00e3o da Pia Sociedade de S\u00e3o Paulo. A originalidade de sua vida est\u00e1 em ter sido o primeiro sacerdote da Fam\u00edlia Paulina e um fidel\u00edssimo disc\u00edpulo do Fundador, Padre Tiago Alberione. Nasceu em Narsole, norte da It\u00e1lia. Sua fam\u00edlia era pobre de bens materiais, mas rica de f\u00e9 e virtudes crist\u00e3s. Em 1908 Jos\u00e9 encontrou-se pela primeira vez com o jovem padre Tiago Alberione que, em Narzole estava dando sua colabora\u00e7\u00e3o na par\u00f3quia. Padre Alberione, percebendo no pequeno Jos\u00e9 profunda piedade e grande vontade de ser padre; encaminhou-o para o semin\u00e1rio da diocese de Alba.<\/p>\n<p>Tendo como guia espiritual padre Alberione, em 1917 Jos\u00e9 Tim\u00f3teo entrou na &#8220;Obra de S\u00e3o Paulo&#8221; fundada em 1914 por seu mestre e cuja finalidade espec\u00edfica era a evangeliza\u00e7\u00e3o por meio da imprensa, a principal m\u00eddia da \u00e9poca. Desde cedo Jos\u00e9 Tim\u00f3teo mostrou-se uma pessoa de profunda vida interior, desejosa de ser cada dia melhor e ajudar seus semelhantes no bem. Por isso com grande f\u00e9 acatou as orienta\u00e7\u00f5es de Padre Alberione que indicava uma nova forma de santidade e de evangeliza\u00e7\u00e3o.<\/p>\n<p>Jos\u00e9 Tim\u00f3teo, movido pela f\u00e9, foi fiel companheiro da &#8220;primeira hora&#8221;, seguidor incondicional e colaborador ativo do Fundador da ent\u00e3o nascente Fam\u00edlia Paulina. Acompanhou todas as obras e todas as pessoas com grande perspic\u00e1cia e sensibilidade. Al\u00e9m de alguns livros, deixou como preciosa heran\u00e7a espiritual um &#8220;Di\u00e1rio&#8221;, rico da presen\u00e7a de Deus e desejos profundos de santidade para si mesmo e para todos. Sua f\u00e9 em Deus e amor \u00e0 miss\u00e3o fazia dele uma pessoa aut\u00eantica e radical. Lemos em seu &#8220;Di\u00e1rio&#8221;: &#8220;\u00d3 Jesus, quero viver de tua vida, transforma-me. Quero ser &#8220;outro Jesus&#8221; na minha vida e com todas as pessoas&#8221;.<\/p>\n<p>Diante das grandes dificuldades para a aprova\u00e7\u00e3o da Congrega\u00e7\u00e3o das Disc\u00edpulas do Divino Mestre (uma das congrega\u00e7\u00f5es fundadas por Alberione) que se dedicam \u00e0 miss\u00e3o eucar\u00edstica, miss\u00e3o sacerdotal e miss\u00e3o lit\u00fargica, padre Tim\u00f3teo n\u00e3o mediu esfor\u00e7os nem s\u00faplicas. Diante das respostas negativas n\u00e3o hesitou em oferecer a pr\u00f3pria vida para a garantir a exist\u00eancia na Igreja desta congrega\u00e7\u00e3o, certamente querida por Deus.<\/p>\n<p>E o importante \u00e9 que Deus aceitou a oferta. Foi assim que ele, acometido por leucemia, veio a falecer alguns dias ap\u00f3s a aprova\u00e7\u00e3o pontif\u00edcia das Disc\u00edpulas do Divino Mestre, no dia 24 de janeiro de 1948. A aprova\u00e7\u00e3o chegara no dia 12 de janeiro de 1948.<br \/>\nDele escreveu o Fundador: &#8220;De 1909 a 1914, quando a Divina Provid\u00eancia preparava a Fam\u00edlia Paulina, ele, embora n\u00e3o entendendo tudo, teve clara intui\u00e7\u00e3o da obra. As luzes que recebeu da Eucaristia, sua fervorosa devo\u00e7\u00e3o Mariana, a reflex\u00e3o sobre os documentos pontif\u00edcios o iluminaram sobre as necessidades da Igreja e sobre os meios modernos para an\u00fancio do Evangelho&#8221;.<\/p>\n<p>Desde 1917, ainda seminarista, orientava os mais novos; foi chamado e tornou-se para sempre: o senhor mestre: amado, ouvido, seguido e venerado por todos. Foi o mestre que a todos precedia com o exemplo, que ensinava, aconselhava e constru\u00eda com suas ora\u00e7\u00f5es iluminadas e fervorosas. Gravou, pode-se dizer, em cada pessoa sua marca, e imprimiu algo de si em cada cora\u00e7\u00e3o dos Sacerdotes e Disc\u00edpulos, das Paulinas, Disc\u00edpulas e Pastorinhas e em todos aqueles que se aproximaram dele por motivos espirituais ou sociais e econ\u00f4micos.<\/p>\n<p>Foi mestre na ora\u00e7\u00e3o: sabia falar com Deus. Vivia intensamente a devo\u00e7\u00e3o \u00e0 eucaristia, a Nossa Senhora, \u00e0 liturgia e nutria um grande amor \u00e0 Igreja e ao Papa. Foi mestre na miss\u00e3o. Ele a sentia, a amava e a desenvolvia. Sabia suscitar energias, ser o sustento para os fracos e luz e sal, no sentido evang\u00e9lico, para todos.<\/p>\n<p>Foi o cora\u00e7\u00e3o e a alma da Fam\u00edlia Paulina. Quem quiser conhecer algu\u00e9m que encarnou totalmente o ideal e o carisma da miss\u00e3o paulina em sua integralidade, deve olhar o &#8220;senhor mestre&#8221;. (Alberione) A aprova\u00e7\u00e3o e o reconhecimento de suas virtudes, por parte da Igreja, n\u00e3o se fizeram esperar. Em 1985 foi declarado vener\u00e1vel. E a 22 de outubro de 1989, o Papa Jo\u00e3o Paulo II o declarou solenemente bem-aventurado.<\/p>\n<div id=\"themify_builder_content-7469\" data-postid=\"7469\" class=\"themify_builder_content themify_builder_content-7469 themify_builder themify_builder_front\">\n\t<\/div>\n<!-- \/themify_builder_content -->","protected":false},"excerpt":{"rendered":"<p>24 de Janeiro Jos\u00e9 Tim\u00f3teo Giaccardo, sacerdote paulino, italiano, pertence \u00e0 Congrega\u00e7\u00e3o da Pia Sociedade de S\u00e3o Paulo. A originalidade de sua vida est\u00e1 em ter sido o primeiro sacerdote da Fam\u00edlia Paulina e um fidel\u00edssimo disc\u00edpulo do Fundador, Padre Tiago Alberione. Nasceu em Narsole, norte da It\u00e1lia. Sua fam\u00edlia era pobre de bens materiais, [&hellip;]<\/p>\n","protected":false},"author":14,"featured_media":0,"comment_status":"open","ping_status":"open","sticky":false,"template":"","format":"standard","meta":{"ngg_post_thumbnail":0,"footnotes":""},"categories":[186],"tags":[],"yoast_head":"<!-- This site is optimized with the Yoast SEO plugin v23.5 - https:\/\/yoast.com\/wordpress\/plugins\/seo\/ -->\n<title>Bem Aventurado Jos\u00e9 Tim\u00f3teo Giaccardo - O Arcanjo no ar<\/title>\n<meta name=\"robots\" content=\"index, follow, max-snippet:-1, max-image-preview:large, max-video-preview:-1\" \/>\n<link rel=\"canonical\" href=\"https:\/\/www.oarcanjo.net\/site\/bem-aventurado-jose-timoteo-giaccardo\/\" \/>\n<meta property=\"og:locale\" content=\"pt_BR\" \/>\n<meta property=\"og:type\" content=\"article\" \/>\n<meta property=\"og:title\" content=\"Bem Aventurado Jos\u00e9 Tim\u00f3teo Giaccardo - O Arcanjo no ar\" \/>\n<meta property=\"og:description\" content=\"24 de Janeiro Jos\u00e9 Tim\u00f3teo Giaccardo, sacerdote paulino, italiano, pertence \u00e0 Congrega\u00e7\u00e3o da Pia Sociedade de S\u00e3o Paulo. A originalidade de sua vida est\u00e1 em ter sido o primeiro sacerdote da Fam\u00edlia Paulina e um fidel\u00edssimo disc\u00edpulo do Fundador, Padre Tiago Alberione. Nasceu em Narsole, norte da It\u00e1lia. Sua fam\u00edlia era pobre de bens materiais, [&hellip;]\" \/>\n<meta property=\"og:url\" content=\"https:\/\/www.oarcanjo.net\/site\/bem-aventurado-jose-timoteo-giaccardo\/\" \/>\n<meta property=\"og:site_name\" content=\"O Arcanjo no ar\" \/>\n<meta property=\"article:publisher\" content=\"https:\/\/www.facebook.com\/OArcanjoNoAr\/\" \/>\n<meta property=\"article:published_time\" content=\"2017-01-24T02:25:36+00:00\" \/>\n<meta property=\"article:modified_time\" content=\"2016-12-27T08:23:37+00:00\" \/>\n<meta property=\"og:image\" content=\"http:\/\/1.bp.blogspot.com\/_VsL8VkjSZWw\/St9lpo1dcbI\/AAAAAAAACAo\/5PZkwMgRZJs\/s1600\/giaccard0.jpg\" \/>\n<meta name=\"author\" content=\"danilo\" \/>\n<meta name=\"twitter:card\" content=\"summary_large_image\" \/>\n<meta name=\"twitter:label1\" content=\"Escrito por\" \/>\n\t<meta name=\"twitter:data1\" content=\"danilo\" \/>\n\t<meta name=\"twitter:label2\" content=\"Est. tempo de leitura\" \/>\n\t<meta name=\"twitter:data2\" content=\"4 minutos\" \/>\n<script type=\"application\/ld+json\" class=\"yoast-schema-graph\">{\"@context\":\"https:\/\/schema.org\",\"@graph\":[{\"@type\":\"Article\",\"@id\":\"https:\/\/www.oarcanjo.net\/site\/bem-aventurado-jose-timoteo-giaccardo\/#article\",\"isPartOf\":{\"@id\":\"https:\/\/www.oarcanjo.net\/site\/bem-aventurado-jose-timoteo-giaccardo\/\"},\"author\":{\"name\":\"danilo\",\"@id\":\"https:\/\/www.oarcanjo.net\/site\/#\/schema\/person\/5eb9480bedd2f3c97e430ce128c29c6c\"},\"headline\":\"Bem Aventurado Jos\u00e9 Tim\u00f3teo Giaccardo\",\"datePublished\":\"2017-01-24T02:25:36+00:00\",\"dateModified\":\"2016-12-27T08:23:37+00:00\",\"mainEntityOfPage\":{\"@id\":\"https:\/\/www.oarcanjo.net\/site\/bem-aventurado-jose-timoteo-giaccardo\/\"},\"wordCount\":734,\"commentCount\":0,\"publisher\":{\"@id\":\"https:\/\/www.oarcanjo.net\/site\/#organization\"},\"image\":{\"@id\":\"https:\/\/www.oarcanjo.net\/site\/bem-aventurado-jose-timoteo-giaccardo\/#primaryimage\"},\"thumbnailUrl\":\"http:\/\/1.bp.blogspot.com\/_VsL8VkjSZWw\/St9lpo1dcbI\/AAAAAAAACAo\/5PZkwMgRZJs\/s1600\/giaccard0.jpg\",\"articleSection\":[\"Testemunhos\"],\"inLanguage\":\"pt-BR\",\"potentialAction\":[{\"@type\":\"CommentAction\",\"name\":\"Comment\",\"target\":[\"https:\/\/www.oarcanjo.net\/site\/bem-aventurado-jose-timoteo-giaccardo\/#respond\"]}]},{\"@type\":\"WebPage\",\"@id\":\"https:\/\/www.oarcanjo.net\/site\/bem-aventurado-jose-timoteo-giaccardo\/\",\"url\":\"https:\/\/www.oarcanjo.net\/site\/bem-aventurado-jose-timoteo-giaccardo\/\",\"name\":\"Bem Aventurado Jos\u00e9 Tim\u00f3teo Giaccardo - O Arcanjo no ar\",\"isPartOf\":{\"@id\":\"https:\/\/www.oarcanjo.net\/site\/#website\"},\"primaryImageOfPage\":{\"@id\":\"https:\/\/www.oarcanjo.net\/site\/bem-aventurado-jose-timoteo-giaccardo\/#primaryimage\"},\"image\":{\"@id\":\"https:\/\/www.oarcanjo.net\/site\/bem-aventurado-jose-timoteo-giaccardo\/#primaryimage\"},\"thumbnailUrl\":\"http:\/\/1.bp.blogspot.com\/_VsL8VkjSZWw\/St9lpo1dcbI\/AAAAAAAACAo\/5PZkwMgRZJs\/s1600\/giaccard0.jpg\",\"datePublished\":\"2017-01-24T02:25:36+00:00\",\"dateModified\":\"2016-12-27T08:23:37+00:00\",\"breadcrumb\":{\"@id\":\"https:\/\/www.oarcanjo.net\/site\/bem-aventurado-jose-timoteo-giaccardo\/#breadcrumb\"},\"inLanguage\":\"pt-BR\",\"potentialAction\":[{\"@type\":\"ReadAction\",\"target\":[\"https:\/\/www.oarcanjo.net\/site\/bem-aventurado-jose-timoteo-giaccardo\/\"]}]},{\"@type\":\"ImageObject\",\"inLanguage\":\"pt-BR\",\"@id\":\"https:\/\/www.oarcanjo.net\/site\/bem-aventurado-jose-timoteo-giaccardo\/#primaryimage\",\"url\":\"http:\/\/1.bp.blogspot.com\/_VsL8VkjSZWw\/St9lpo1dcbI\/AAAAAAAACAo\/5PZkwMgRZJs\/s1600\/giaccard0.jpg\",\"contentUrl\":\"http:\/\/1.bp.blogspot.com\/_VsL8VkjSZWw\/St9lpo1dcbI\/AAAAAAAACAo\/5PZkwMgRZJs\/s1600\/giaccard0.jpg\"},{\"@type\":\"BreadcrumbList\",\"@id\":\"https:\/\/www.oarcanjo.net\/site\/bem-aventurado-jose-timoteo-giaccardo\/#breadcrumb\",\"itemListElement\":[{\"@type\":\"ListItem\",\"position\":1,\"name\":\"In\u00edcio\",\"item\":\"https:\/\/www.oarcanjo.net\/site\/\"},{\"@type\":\"ListItem\",\"position\":2,\"name\":\"Bem Aventurado Jos\u00e9 Tim\u00f3teo Giaccardo\"}]},{\"@type\":\"WebSite\",\"@id\":\"https:\/\/www.oarcanjo.net\/site\/#website\",\"url\":\"https:\/\/www.oarcanjo.net\/site\/\",\"name\":\"O Arcanjo no ar\",\"description\":\"Site da Par\u00f3quia S\u00e3o Miguel Arcanjo (Arquidiocese de SP)\",\"publisher\":{\"@id\":\"https:\/\/www.oarcanjo.net\/site\/#organization\"},\"potentialAction\":[{\"@type\":\"SearchAction\",\"target\":{\"@type\":\"EntryPoint\",\"urlTemplate\":\"https:\/\/www.oarcanjo.net\/site\/?s={search_term_string}\"},\"query-input\":{\"@type\":\"PropertyValueSpecification\",\"valueRequired\":true,\"valueName\":\"search_term_string\"}}],\"inLanguage\":\"pt-BR\"},{\"@type\":\"Organization\",\"@id\":\"https:\/\/www.oarcanjo.net\/site\/#organization\",\"name\":\"Par\u00f3quia S\u00e3o Miguel Arcanjo\",\"url\":\"https:\/\/www.oarcanjo.net\/site\/\",\"logo\":{\"@type\":\"ImageObject\",\"inLanguage\":\"pt-BR\",\"@id\":\"https:\/\/www.oarcanjo.net\/site\/#\/schema\/logo\/image\/\",\"url\":\"https:\/\/www.oarcanjo.net\/site\/wp-content\/uploads\/LogoOArcanjo.png\",\"contentUrl\":\"https:\/\/www.oarcanjo.net\/site\/wp-content\/uploads\/LogoOArcanjo.png\",\"width\":319,\"height\":99,\"caption\":\"Par\u00f3quia S\u00e3o Miguel Arcanjo\"},\"image\":{\"@id\":\"https:\/\/www.oarcanjo.net\/site\/#\/schema\/logo\/image\/\"},\"sameAs\":[\"https:\/\/www.facebook.com\/OArcanjoNoAr\/\"]},{\"@type\":\"Person\",\"@id\":\"https:\/\/www.oarcanjo.net\/site\/#\/schema\/person\/5eb9480bedd2f3c97e430ce128c29c6c\",\"name\":\"danilo\"}]}<\/script>\n<!-- \/ Yoast SEO plugin. -->","yoast_head_json":{"title":"Bem Aventurado Jos\u00e9 Tim\u00f3teo Giaccardo - O Arcanjo no ar","robots":{"index":"index","follow":"follow","max-snippet":"max-snippet:-1","max-image-preview":"max-image-preview:large","max-video-preview":"max-video-preview:-1"},"canonical":"https:\/\/www.oarcanjo.net\/site\/bem-aventurado-jose-timoteo-giaccardo\/","og_locale":"pt_BR","og_type":"article","og_title":"Bem Aventurado Jos\u00e9 Tim\u00f3teo Giaccardo - O Arcanjo no ar","og_description":"24 de Janeiro Jos\u00e9 Tim\u00f3teo Giaccardo, sacerdote paulino, italiano, pertence \u00e0 Congrega\u00e7\u00e3o da Pia Sociedade de S\u00e3o Paulo. A originalidade de sua vida est\u00e1 em ter sido o primeiro sacerdote da Fam\u00edlia Paulina e um fidel\u00edssimo disc\u00edpulo do Fundador, Padre Tiago Alberione. Nasceu em Narsole, norte da It\u00e1lia. Sua fam\u00edlia era pobre de bens materiais, [&hellip;]","og_url":"https:\/\/www.oarcanjo.net\/site\/bem-aventurado-jose-timoteo-giaccardo\/","og_site_name":"O Arcanjo no ar","article_publisher":"https:\/\/www.facebook.com\/OArcanjoNoAr\/","article_published_time":"2017-01-24T02:25:36+00:00","article_modified_time":"2016-12-27T08:23:37+00:00","og_image":[{"url":"http:\/\/1.bp.blogspot.com\/_VsL8VkjSZWw\/St9lpo1dcbI\/AAAAAAAACAo\/5PZkwMgRZJs\/s1600\/giaccard0.jpg"}],"author":"danilo","twitter_card":"summary_large_image","twitter_misc":{"Escrito por":"danilo","Est. tempo de leitura":"4 minutos"},"schema":{"@context":"https:\/\/schema.org","@graph":[{"@type":"Article","@id":"https:\/\/www.oarcanjo.net\/site\/bem-aventurado-jose-timoteo-giaccardo\/#article","isPartOf":{"@id":"https:\/\/www.oarcanjo.net\/site\/bem-aventurado-jose-timoteo-giaccardo\/"},"author":{"name":"danilo","@id":"https:\/\/www.oarcanjo.net\/site\/#\/schema\/person\/5eb9480bedd2f3c97e430ce128c29c6c"},"headline":"Bem Aventurado Jos\u00e9 Tim\u00f3teo Giaccardo","datePublished":"2017-01-24T02:25:36+00:00","dateModified":"2016-12-27T08:23:37+00:00","mainEntityOfPage":{"@id":"https:\/\/www.oarcanjo.net\/site\/bem-aventurado-jose-timoteo-giaccardo\/"},"wordCount":734,"commentCount":0,"publisher":{"@id":"https:\/\/www.oarcanjo.net\/site\/#organization"},"image":{"@id":"https:\/\/www.oarcanjo.net\/site\/bem-aventurado-jose-timoteo-giaccardo\/#primaryimage"},"thumbnailUrl":"http:\/\/1.bp.blogspot.com\/_VsL8VkjSZWw\/St9lpo1dcbI\/AAAAAAAACAo\/5PZkwMgRZJs\/s1600\/giaccard0.jpg","articleSection":["Testemunhos"],"inLanguage":"pt-BR","potentialAction":[{"@type":"CommentAction","name":"Comment","target":["https:\/\/www.oarcanjo.net\/site\/bem-aventurado-jose-timoteo-giaccardo\/#respond"]}]},{"@type":"WebPage","@id":"https:\/\/www.oarcanjo.net\/site\/bem-aventurado-jose-timoteo-giaccardo\/","url":"https:\/\/www.oarcanjo.net\/site\/bem-aventurado-jose-timoteo-giaccardo\/","name":"Bem Aventurado Jos\u00e9 Tim\u00f3teo Giaccardo - O Arcanjo no ar","isPartOf":{"@id":"https:\/\/www.oarcanjo.net\/site\/#website"},"primaryImageOfPage":{"@id":"https:\/\/www.oarcanjo.net\/site\/bem-aventurado-jose-timoteo-giaccardo\/#primaryimage"},"image":{"@id":"https:\/\/www.oarcanjo.net\/site\/bem-aventurado-jose-timoteo-giaccardo\/#primaryimage"},"thumbnailUrl":"http:\/\/1.bp.blogspot.com\/_VsL8VkjSZWw\/St9lpo1dcbI\/AAAAAAAACAo\/5PZkwMgRZJs\/s1600\/giaccard0.jpg","datePublished":"2017-01-24T02:25:36+00:00","dateModified":"2016-12-27T08:23:37+00:00","breadcrumb":{"@id":"https:\/\/www.oarcanjo.net\/site\/bem-aventurado-jose-timoteo-giaccardo\/#breadcrumb"},"inLanguage":"pt-BR","potentialAction":[{"@type":"ReadAction","target":["https:\/\/www.oarcanjo.net\/site\/bem-aventurado-jose-timoteo-giaccardo\/"]}]},{"@type":"ImageObject","inLanguage":"pt-BR","@id":"https:\/\/www.oarcanjo.net\/site\/bem-aventurado-jose-timoteo-giaccardo\/#primaryimage","url":"http:\/\/1.bp.blogspot.com\/_VsL8VkjSZWw\/St9lpo1dcbI\/AAAAAAAACAo\/5PZkwMgRZJs\/s1600\/giaccard0.jpg","contentUrl":"http:\/\/1.bp.blogspot.com\/_VsL8VkjSZWw\/St9lpo1dcbI\/AAAAAAAACAo\/5PZkwMgRZJs\/s1600\/giaccard0.jpg"},{"@type":"BreadcrumbList","@id":"https:\/\/www.oarcanjo.net\/site\/bem-aventurado-jose-timoteo-giaccardo\/#breadcrumb","itemListElement":[{"@type":"ListItem","position":1,"name":"In\u00edcio","item":"https:\/\/www.oarcanjo.net\/site\/"},{"@type":"ListItem","position":2,"name":"Bem Aventurado Jos\u00e9 Tim\u00f3teo Giaccardo"}]},{"@type":"WebSite","@id":"https:\/\/www.oarcanjo.net\/site\/#website","url":"https:\/\/www.oarcanjo.net\/site\/","name":"O Arcanjo no ar","description":"Site da Par\u00f3quia S\u00e3o Miguel Arcanjo (Arquidiocese de SP)","publisher":{"@id":"https:\/\/www.oarcanjo.net\/site\/#organization"},"potentialAction":[{"@type":"SearchAction","target":{"@type":"EntryPoint","urlTemplate":"https:\/\/www.oarcanjo.net\/site\/?s={search_term_string}"},"query-input":{"@type":"PropertyValueSpecification","valueRequired":true,"valueName":"search_term_string"}}],"inLanguage":"pt-BR"},{"@type":"Organization","@id":"https:\/\/www.oarcanjo.net\/site\/#organization","name":"Par\u00f3quia S\u00e3o Miguel Arcanjo","url":"https:\/\/www.oarcanjo.net\/site\/","logo":{"@type":"ImageObject","inLanguage":"pt-BR","@id":"https:\/\/www.oarcanjo.net\/site\/#\/schema\/logo\/image\/","url":"https:\/\/www.oarcanjo.net\/site\/wp-content\/uploads\/LogoOArcanjo.png","contentUrl":"https:\/\/www.oarcanjo.net\/site\/wp-content\/uploads\/LogoOArcanjo.png","width":319,"height":99,"caption":"Par\u00f3quia S\u00e3o Miguel Arcanjo"},"image":{"@id":"https:\/\/www.oarcanjo.net\/site\/#\/schema\/logo\/image\/"},"sameAs":["https:\/\/www.facebook.com\/OArcanjoNoAr\/"]},{"@type":"Person","@id":"https:\/\/www.oarcanjo.net\/site\/#\/schema\/person\/5eb9480bedd2f3c97e430ce128c29c6c","name":"danilo"}]}},"publishpress_future_action":{"enabled":false,"date":"2026-05-08 19:25:12","action":"category","newStatus":"draft","terms":[],"taxonomy":"category"},"publishpress_future_workflow_manual_trigger":{"enabledWorkflows":[]},"_links":{"self":[{"href":"https:\/\/www.oarcanjo.net\/site\/wp-json\/wp\/v2\/posts\/7469"}],"collection":[{"href":"https:\/\/www.oarcanjo.net\/site\/wp-json\/wp\/v2\/posts"}],"about":[{"href":"https:\/\/www.oarcanjo.net\/site\/wp-json\/wp\/v2\/types\/post"}],"author":[{"embeddable":true,"href":"https:\/\/www.oarcanjo.net\/site\/wp-json\/wp\/v2\/users\/14"}],"replies":[{"embeddable":true,"href":"https:\/\/www.oarcanjo.net\/site\/wp-json\/wp\/v2\/comments?post=7469"}],"version-history":[{"count":0,"href":"https:\/\/www.oarcanjo.net\/site\/wp-json\/wp\/v2\/posts\/7469\/revisions"}],"wp:attachment":[{"href":"https:\/\/www.oarcanjo.net\/site\/wp-json\/wp\/v2\/media?parent=7469"}],"wp:term":[{"taxonomy":"category","embeddable":true,"href":"https:\/\/www.oarcanjo.net\/site\/wp-json\/wp\/v2\/categories?post=7469"},{"taxonomy":"post_tag","embeddable":true,"href":"https:\/\/www.oarcanjo.net\/site\/wp-json\/wp\/v2\/tags?post=7469"}],"curies":[{"name":"wp","href":"https:\/\/api.w.org\/{rel}","templated":true}]}}