
{"id":7472,"date":"2017-01-24T00:32:32","date_gmt":"2017-01-24T02:32:32","guid":{"rendered":"http:\/\/www.oarcanjo.net\/site\/?p=7472"},"modified":"2016-12-27T06:23:25","modified_gmt":"2016-12-27T08:23:25","slug":"santo-francisco-de-sales","status":"publish","type":"post","link":"https:\/\/www.oarcanjo.net\/site\/santo-francisco-de-sales\/","title":{"rendered":"Santo Francisco de Sales"},"content":{"rendered":"<p><img decoding=\"async\" src=\"http:\/\/www.salvemaria.org.br\/pub\/Imagens%20de%20Santos\/francisco%20de%20sales.jpg\" alt=\"\" \/><\/p>\n<p>24 de Janeiro<\/p>\n<p>Fundou a Ordem da Visita\u00e7\u00e3o<\/p>\n<p>A inf\u00e2ncia de um menino inocente<\/p>\n<p>Primog\u00eanito do Bar\u00e3o de Boisy nasceu Francisco em 1567 no castelo de Sales, na Sab\u00f3ia, naquele tempo um pa\u00eds independente que abarcava territ\u00f3rios hoje pertencentes \u00e0 Fran\u00e7a, It\u00e1lia e Su\u00ed\u00e7a. Sua m\u00e3e, Dona Francisca de Boisy, senhora muito virtuosa, soube incutir-lhe desde a mais tenra inf\u00e2ncia o amor a Jesus e Maria.<\/p>\n<p>Qui\u00e7\u00e1 tamb\u00e9m dela tenha recebido a salutar influ\u00eancia que lhe permitiu adquirir uma das virtudes que mais o caracterizaram: nunca perder a calma, nunca inquietar-se, ter inteiramente a alma nas m\u00e3os.<\/p>\n<p>Sua m\u00e3e ensinava-lhe o catecismo e narrava-lhe belos exemplos da vida dos santos. Isto fez nascer na alma do pequeno Francisco o desejo da santidade e o zelo pelas coisas de Deus.<\/p>\n<p>Desde crian\u00e7a sempre foi muito ativo e cheio de vida. Um fato pitoresco de sua inf\u00e2ncia denota seu car\u00e1ter combativo, mas irasc\u00edvel. Bem pequeno ainda, ouvira falar dos calvinistas que haviam dominado a Su\u00ed\u00e7a e boa parte da Fran\u00e7a. Um dia, soube que um desses hereges estava de visita no castelo de seus pais. Como n\u00e3o podia entrar na sala para protestar, pegou um peda\u00e7o de pau e, cheio de indigna\u00e7\u00e3o, entrou no galinheiro e lan\u00e7ando-se contra as galinhas a pauladas gritava: Fora com os hereges! N\u00e3o queremos hereges! As pobres galinhas fugiam cacarejando ante seu inesperado atacante. Foram salvas pelos criados que conseguiram tirar o menino dali a tempo.<\/p>\n<p>Francisco chegar\u00e1 a ter um g\u00eanio t\u00e3o doce e bondoso que fez S\u00e3o Vicente de Paulo exclamar, quando teve a oportunidade e conviver com ele: <strong>\u00d3 meu Deus, se Francisco de Sales \u00e9 t\u00e3o am\u00e1vel, como sereis V\u00f3s?.<\/strong><\/p>\n<h3>As batalhas da juventude<\/h3>\n<p>Na juventude nasceu-lhe um grande desejo de consagrar-se inteiramente a Deus. Mas seu pai tinha outros planos. Foi mandado a Paris para estudar no col\u00e9gio dos jesu\u00edtas, onde conheceu o bom Pe. D\u00e9age, que foi seu diretor espiritual. Mais tarde mudou- se para P\u00e1dua a fim de estudar Direito Civil, como queria seu pai, e Direito Can\u00f4nico, como desejava o ardor religioso de seu cora\u00e7\u00e3o. Tamb\u00e9m praticava esgrima, equita\u00e7\u00e3o e freq\u00fcentava bailes.<\/p>\n<p>Viver na gra\u00e7a de Deus naqueles ambientes n\u00e3o era nada f\u00e1cil, mas Francisco soube fugir das ocasi\u00f5es perigosas e de toda amizade que pudesse ofender a Deus. Na Universidade, alguns estudantes perversos, para humilh\u00e1-lo por ser t\u00e3o piedoso, atacaram- no. Francisco, que era perito na arte da esgrima, tirou sua espada e derrotou a todos. Vendo-os desarmados e impotentes, retirou-se, dizendo: E agrade\u00e7am a Deus em quem creio, pois \u00e9 por isso que n\u00e3o lhes fa\u00e7o mal.<\/p>\n<p>Quando, devido ao seu temperamento, o sangue lhe subia ante humilha\u00e7\u00f5es e burlas, ele se continha de tal maneira que muitos pensavam que nunca se encolerizava. O dem\u00f4nio, vendo ser imposs\u00edvel venc\u00ea-lo com as tenta\u00e7\u00f5es mais comuns, atacou-o com viol\u00eancia num ponto muito sens\u00edvel e dif\u00edcil: a terr\u00edvel tenta\u00e7\u00e3o do desespero da salva\u00e7\u00e3o.<\/p>\n<p>Tinha 20 anos quando isso aconteceu.<\/p>\n<p>Conhecera a doutrina de Calvino sobre a predestina\u00e7\u00e3o, e n\u00e3o conseguia tirar da cabe\u00e7a a id\u00e9ia fixa de que ia se condenar. Perdeu o apetite e o sono. Sempre dizia a Nosso Senhor que, se por sua infinita justi\u00e7a o condenasse ao inferno, concedesse-lhe a gra\u00e7a de continuar amando-O nesse lugar de tormentos. Essa ora\u00e7\u00e3o lhe devolvia a paz de alma em parte, mas a tenta\u00e7\u00e3o sempre voltava.O rem\u00e9dio definitivo veio quando, entrando numa igreja em Paris e ajoelhando-se diante de uma imagem da Sant\u00edssima Virgem, rezou a conhecid\u00edssima ora\u00e7\u00e3o de S\u00e3o Bernardo: <em>\u201cLembrai-vos, \u00f3 Pi\u00edssima Virgem Maria, de que nunca se ouviu dizer, que algum daqueles que tenha recorrido \u00e0 vossa clem\u00eancia, implorado a vossa assist\u00eancia, reclamado o vosso socorro, fosse por v\u00f3s abandonado.\u00a0Animado eu, pois, com igual confian\u00e7a, a v\u00f3s, Virgem das Virgens, como M\u00e3e recorro, de v\u00f3s me valho e gemendo sob o peso de meus pecados, me prosto a vossos p\u00e9s.\u00a0N\u00e3o desprezeis as minhas s\u00faplicas, \u00f3 m\u00e3e do Verbo de Deus humanado, mas dignai-vos de as ouvir prop\u00edcia e de me alcan\u00e7ar o que vos rogo.\u00a0Am\u00e9m. \u201c<\/em>\u00a0Ao terminar, os pensamentos de tristeza e desespero o abandonaram para sempre e veio-lhe a seguran\u00e7a de que Deus n\u00e3o enviou o Filho ao mundo para conden\u00e1-lo, mas para que o mundo seja salvo por Ele. (Jo. 3, 17).<\/p>\n<h3>A vida religiosa e a conquista dos calvinistas<\/h3>\n<p>De volta \u00e0 casa paterna, aos 24 anos, recusou um casamento brilhante e um posto no Senado do Reino.<\/p>\n<p>Embora contra a vontade de seu pai, assumiu o cargo de de\u00e3o da Catedral de Chamb\u00e9ry por influ\u00eancia de seu tio, Lu\u00eds de Sales, c\u00f4nego da Catedral de Genebra, que obteve tal nomea\u00e7\u00e3o do Papa \u00a0e pouco tempo depois foi ordenado sacerdote. Pregou em Annecy e outras cidades.<\/p>\n<p>Embora dotado de grande cultura, suas pr\u00e1ticas eram simples, atraindo enormemente todos os que o ouviam.<\/p>\n<p>Mas sua dura batalha come\u00e7ou quando se ofereceu para reconquistar Chablais, na costa sul do lago de Genebra. Esta regi\u00e3o estava totalmente dominada pelos calvinistas, cujo ex\u00e9rcito n\u00e3o deixava os habitantes cat\u00f3licos viverem em paz.<\/p>\n<p>Em 14 de setembro de 1594, dia da exalta\u00e7\u00e3o da Santa Cruz, com a autoriza\u00e7\u00e3o do bispo Cl\u00e1udio de Granier, partiu Francisco de Sales a p\u00e9 para a grande miss\u00e3o. Prova\u00e7\u00f5es n\u00e3o lhe faltaram. Muitas vezes teve de dormir ao relento. Em uma ocasi\u00e3o refugiou-se no alto de uma \u00e1rvore durante toda a noite para escapar ao risco de ser devorado pelos lobos. Na manh\u00e3 seguinte, foi salvo por um casal de camponeses calvinistas que adquiriram grande simpatia por ele.<\/p>\n<p>Posteriormente esses camponeses se converteram, dando in\u00edcio \u00e0 grande transforma\u00e7\u00e3o religiosa da regi\u00e3o. A cada noite, S\u00e3o Francisco e seus companheiros cat\u00f3licos passavam de casa em casa, jogando debaixo das portas folhetos escritos \u00e0 m\u00e3o, nos quais eram refutados os falsos argumentos da heresia calvinista. Esse fato lhe valeu o t\u00edtulo de patrono dos escritores e jornalistas cat\u00f3licos. Esses escritos foram posteriormente reunidos e publicados sob o nome de Controv\u00e9rsias.<\/p>\n<p>Poucos anos mais tarde, depois de duras lutas e persegui\u00e7\u00f5es, Chablais se converteu totalmente, e o Pe. Francisco foi nomeado bispo coadjutor de Genebra. Para receber a sagra\u00e7\u00e3o episcopal, dirigiu-se a Roma, onde o pr\u00f3prio Papa Clemente VIII o interrogou sobre 35 pontos dif\u00edceis de Teologia, em presen\u00e7a do Col\u00e9gio cardinal\u00edcio. Ningu\u00e9m dos que examinamos mereceu nossa aprova\u00e7\u00e3o de maneira t\u00e3o completa! exclamou o Papa ao descer de seu trono para abra\u00e7\u00e1-lo.<\/p>\n<h3>Bispo pr\u00edncipe de Genebra<img loading=\"lazy\" decoding=\"async\" src=\"http:\/\/www.cot.org.br\/blog\/wp-content\/uploads\/2009\/03\/view.jpg\" alt=\"S\u00e3o Francisco de Sales\" width=\"250\" height=\"371\" \/><\/h3>\n<p>Com a morte de D. Garnier, S\u00e3o Francisco de Sales assumiu o cargo vacante. A generosidade e a caridade, a humildade e a clem\u00eancia do santo eram inesgot\u00e1veis. Em seu trato com as almas foi sempre bondoso, sem cair na debilidade; sabia ser firme quando necess\u00e1rio.<\/p>\n<p>Fundou a Ordem da Visita\u00e7\u00e3o com sua dirigida espiritual, Santa Joana de Chantal, em 1604. Entre as obras por ele escritas destacam-se o <strong>Tratado do Amor de Deus<\/strong>, que lhe valeu o t\u00edtulo de Doutor da Igreja, e <strong>Introdu\u00e7\u00e3o \u00e0 vida devota,<\/strong>\u00a0<strong>Filot\u00e9ia<\/strong>, nascida das anota\u00e7\u00f5es enviadas \u00e0 sua prima, Senhora de Chamoisy.<\/p>\n<h3>A medida de amar a Deus<\/h3>\n<p><strong><em>A medida de amar a Deus consiste em am\u00e1-Lo sem medida.<\/em><\/strong> Este ensinamento de S\u00e3o Francisco de Sales talvez possa resumir toda a sua exist\u00eancia, pois ele n\u00e3o foi sen\u00e3o um exemplo vivo de tudo o que ensinava.<\/p>\n<p>Estando ele ainda vivo, havia j\u00e1 pessoas devotas que guardavam como rel\u00edquias os objetos por ele usados. V\u00edtima de uma paralisia perdeu a palavra e algo da sua lucidez, por\u00e9m, recuperou-as em breve tempo. Os esfor\u00e7os m\u00e9dicos feitos para salv\u00e1-lo de nada adiantaram. Em seu leito repetia: <strong>Pus toda a minha esperan\u00e7a no Senhor; Ele escutou minha s\u00faplica e me tirou do fosso da mis\u00e9ria e do p\u00e2ntano da iniq\u00fcidade.<\/strong><\/p>\n<p>Faleceu aos 56 anos de idade, na festa dos Santos Inocentes, em 28 de dezembro de 1622. Seu f\u00edgado, devido ao constante esfor\u00e7o para controlar seus \u00edmpetos de c\u00f3lera, havia-se transformado em pedra. Seu corpo foi encontrado incorrupto 10 anos ap\u00f3s seu falecimento.<\/p>\n<p>Ele soube viver inteiramente o conselho de Nosso Senhor no Evangelho: <strong>Aprendei de Mim, que sou manso e humilde de cora\u00e7\u00e3o, e achareis descanso para vossas almas.<\/strong> (Mt. 11, 29).<\/p>\n<p>S\u00e3o Jo\u00e3o Bosco de tal modo o admirou que o escolheu para patrono da sua congrega\u00e7\u00e3o. E Santa Joana de Chantal dele dizia: <strong>Era uma imagem viva do Filho de Deus, porque verdadeiramente a ordem e a economia dessa santa alma era toda\u00a0sobrenatural e divina.<\/strong><\/p>\n<h1>Pensamentos de S\u00e3o Francisco de Sales\u00a0(extra\u00eddo dos seus escritos)<\/h1>\n<p><strong><br \/>\n<\/strong><\/p>\n<blockquote><p>\u201cN\u00e3o espere as mudan\u00e7as e eventualidades desta vida com medo; antes, encare-as com a firme esperan\u00e7a de que, ao surgirem, Deus, de quem voc\u00ea \u00e9 filho, o livrar\u00e1 delas.\u201d<\/p>\n<p>\u201c\u00a0S\u00f3 confia nEle e Ele continuar\u00e1 conduzindo voc\u00ea seguramente atrav\u00e9s de tudo. Onde n\u00e3o puder caminhar, Ele o carregar\u00e1 nos bra\u00e7os.\u201d<\/p>\n<p>\u201cN\u00e3o se preocupe com o que pode acontecer amanh\u00e3; o mesmo Pai eterno que cuida de voc\u00ea hoje, se encarrega de voc\u00ea amanh\u00e3 e todos os dias. Ou Ele proteger\u00e1 voc\u00ea do sofrimento, ou lhe dar\u00e1 a for\u00e7a infal\u00edvel para suport\u00e1-lo.\u201d<\/p>\n<p>\u201cEsteja em paz, pois, e afaste todos os pensamentos de ang\u00fastia.\u201d<\/p>\n<p>\u201cAnime-se e transforme os problemas em mat\u00e9ria para seu progresso e maturidade.\u201d<\/p>\n<p>\u201cPense muitas vezes em Nosso Senhor, pois Ele ajudar\u00e1 a suportar os problemas. Todos eles ser\u00e3o incapazes de abalar voc\u00ea, s\u00f3 lembrando-se de que voc\u00ea tem um tal amigo.\u201d<\/p>\n<p>\u201cFa\u00e7a tudo com calma e em paz. Realize quanto puder, t\u00e3o bem quanto for capaz. \u201d<\/p>\n<p>\u201cProcure ver Deus em todas as coisas sem exce\u00e7\u00e3o, e disponha-se a fazer a vontade dEle com alegria. Fa\u00e7a tudo para Deus, unindo-se com Ele por palavras e obras.\u201d<\/p>\n<p>\u201cAvance muito simplesmente com a Cruz de Nosso e tenha paz consigo mesmo. Passar\u00e1 por cada tempestade com seguridade, enquanto a sua confian\u00e7a se fixar em Deus.\u201d<\/p>\n<p>\u201cN\u00e3o perca a sua paz interior por nada, nem se todo o seu mundo parece vir abaixo. Se se d\u00e1 conta que se afastou da prote\u00e7\u00e3o de Deus, conduza o seu cora\u00e7\u00e3o de volta para Ele tranq\u00fcila e simplesmente.\u201d<\/p>\n<p>\u201cFa\u00e7a todas as coisas em nome de Deus e far\u00e1 tudo bem. Se comer ou beber, trabalhar ou descansar, ganhar\u00e1 muito aos olhos de Deus, ao fazer todas essas coisas como Deus quer que se fa\u00e7a.\u201d<\/p>\n<p>\u201cSe eu ca\u00edsse numa grande falta, n\u00e3o censuraria meu cora\u00e7\u00e3o com frases como estas: Miser\u00e1vel! Abomin\u00e1vel! Morre\u00a0de\u00a0vergonha! N\u00e3o ouses levantar os olhos para o c\u00e9u, traidor, imprudente, desleal! N\u00e3o, eu n\u00e3o lhe faria assim, mas procuraria corrigi-lo racionalmente: ora, meu pobre cora\u00e7\u00e3o\u2026 vamos! Ca\u00edmos? Pois bem, levantemo-nos, deixemos esta mis\u00e9ria, vamos reclamar infinita miseric\u00f3rdia\u00a0de\u00a0Deus. Ela nos h\u00e1\u00a0de\u00a0assistir da\u00ed em diante para que sejamos mais fortes\u2026 E assim\u2026 empregaria todos os meios para n\u00e3o pecar.\u201d\u00a0<\/p>\n<p>\u201cAconte\u00e7a o que acontecer, n\u00e3o desanime; segure-se firmemente em Deus, mantenha-se em paz, com confian\u00e7a no seu amor eterno por voc\u00ea. \u201d<\/p><\/blockquote>\n<p><img loading=\"lazy\" decoding=\"async\" src=\"http:\/\/www.pauxiliadora.com.br\/images\/np_turim_05.jpg\" border=\"1\" alt=\"\" width=\"400\" height=\"311\" \/><\/p>\n<p>Igreja de S\u00e3o Francisco de Sales: A primeira Igreja do orat\u00f3rio de Dom Bosco<\/p>\n<div id=\"themify_builder_content-7472\" data-postid=\"7472\" class=\"themify_builder_content themify_builder_content-7472 themify_builder themify_builder_front\">\n\t<\/div>\n<!-- \/themify_builder_content -->","protected":false},"excerpt":{"rendered":"<p>24 de Janeiro Fundou a Ordem da Visita\u00e7\u00e3o A inf\u00e2ncia de um menino inocente Primog\u00eanito do Bar\u00e3o de Boisy nasceu Francisco em 1567 no castelo de Sales, na Sab\u00f3ia, naquele tempo um pa\u00eds independente que abarcava territ\u00f3rios hoje pertencentes \u00e0 Fran\u00e7a, It\u00e1lia e Su\u00ed\u00e7a. Sua m\u00e3e, Dona Francisca de Boisy, senhora muito virtuosa, soube incutir-lhe [&hellip;]<\/p>\n","protected":false},"author":14,"featured_media":0,"comment_status":"open","ping_status":"open","sticky":false,"template":"","format":"standard","meta":{"ngg_post_thumbnail":0,"footnotes":""},"categories":[186],"tags":[1422],"yoast_head":"<!-- This site is optimized with the Yoast SEO plugin v23.5 - https:\/\/yoast.com\/wordpress\/plugins\/seo\/ -->\n<title>Santo Francisco de Sales - O Arcanjo no ar<\/title>\n<meta name=\"robots\" content=\"index, follow, max-snippet:-1, max-image-preview:large, max-video-preview:-1\" \/>\n<link rel=\"canonical\" href=\"https:\/\/www.oarcanjo.net\/site\/santo-francisco-de-sales\/\" \/>\n<meta property=\"og:locale\" content=\"pt_BR\" \/>\n<meta property=\"og:type\" content=\"article\" \/>\n<meta property=\"og:title\" content=\"Santo Francisco de Sales - O Arcanjo no ar\" \/>\n<meta property=\"og:description\" content=\"24 de Janeiro Fundou a Ordem da Visita\u00e7\u00e3o A inf\u00e2ncia de um menino inocente Primog\u00eanito do Bar\u00e3o de Boisy nasceu Francisco em 1567 no castelo de Sales, na Sab\u00f3ia, naquele tempo um pa\u00eds independente que abarcava territ\u00f3rios hoje pertencentes \u00e0 Fran\u00e7a, It\u00e1lia e Su\u00ed\u00e7a. Sua m\u00e3e, Dona Francisca de Boisy, senhora muito virtuosa, soube incutir-lhe [&hellip;]\" \/>\n<meta property=\"og:url\" content=\"https:\/\/www.oarcanjo.net\/site\/santo-francisco-de-sales\/\" \/>\n<meta property=\"og:site_name\" content=\"O Arcanjo no ar\" \/>\n<meta property=\"article:publisher\" content=\"https:\/\/www.facebook.com\/OArcanjoNoAr\/\" \/>\n<meta property=\"article:published_time\" content=\"2017-01-24T02:32:32+00:00\" \/>\n<meta property=\"article:modified_time\" content=\"2016-12-27T08:23:25+00:00\" \/>\n<meta property=\"og:image\" content=\"http:\/\/www.salvemaria.org.br\/pub\/Imagens%20de%20Santos\/francisco%20de%20sales.jpg\" \/>\n<meta name=\"author\" content=\"danilo\" \/>\n<meta name=\"twitter:card\" content=\"summary_large_image\" \/>\n<meta name=\"twitter:label1\" content=\"Escrito por\" \/>\n\t<meta name=\"twitter:data1\" content=\"danilo\" \/>\n\t<meta name=\"twitter:label2\" content=\"Est. tempo de leitura\" \/>\n\t<meta name=\"twitter:data2\" content=\"10 minutos\" \/>\n<script type=\"application\/ld+json\" class=\"yoast-schema-graph\">{\"@context\":\"https:\/\/schema.org\",\"@graph\":[{\"@type\":\"Article\",\"@id\":\"https:\/\/www.oarcanjo.net\/site\/santo-francisco-de-sales\/#article\",\"isPartOf\":{\"@id\":\"https:\/\/www.oarcanjo.net\/site\/santo-francisco-de-sales\/\"},\"author\":{\"name\":\"danilo\",\"@id\":\"https:\/\/www.oarcanjo.net\/site\/#\/schema\/person\/5eb9480bedd2f3c97e430ce128c29c6c\"},\"headline\":\"Santo Francisco de Sales\",\"datePublished\":\"2017-01-24T02:32:32+00:00\",\"dateModified\":\"2016-12-27T08:23:25+00:00\",\"mainEntityOfPage\":{\"@id\":\"https:\/\/www.oarcanjo.net\/site\/santo-francisco-de-sales\/\"},\"wordCount\":1996,\"commentCount\":0,\"publisher\":{\"@id\":\"https:\/\/www.oarcanjo.net\/site\/#organization\"},\"image\":{\"@id\":\"https:\/\/www.oarcanjo.net\/site\/santo-francisco-de-sales\/#primaryimage\"},\"thumbnailUrl\":\"http:\/\/www.salvemaria.org.br\/pub\/Imagens%20de%20Santos\/francisco%20de%20sales.jpg\",\"keywords\":[\"Santo Francisco de Sales\"],\"articleSection\":[\"Testemunhos\"],\"inLanguage\":\"pt-BR\",\"potentialAction\":[{\"@type\":\"CommentAction\",\"name\":\"Comment\",\"target\":[\"https:\/\/www.oarcanjo.net\/site\/santo-francisco-de-sales\/#respond\"]}]},{\"@type\":\"WebPage\",\"@id\":\"https:\/\/www.oarcanjo.net\/site\/santo-francisco-de-sales\/\",\"url\":\"https:\/\/www.oarcanjo.net\/site\/santo-francisco-de-sales\/\",\"name\":\"Santo Francisco de Sales - O Arcanjo no ar\",\"isPartOf\":{\"@id\":\"https:\/\/www.oarcanjo.net\/site\/#website\"},\"primaryImageOfPage\":{\"@id\":\"https:\/\/www.oarcanjo.net\/site\/santo-francisco-de-sales\/#primaryimage\"},\"image\":{\"@id\":\"https:\/\/www.oarcanjo.net\/site\/santo-francisco-de-sales\/#primaryimage\"},\"thumbnailUrl\":\"http:\/\/www.salvemaria.org.br\/pub\/Imagens%20de%20Santos\/francisco%20de%20sales.jpg\",\"datePublished\":\"2017-01-24T02:32:32+00:00\",\"dateModified\":\"2016-12-27T08:23:25+00:00\",\"breadcrumb\":{\"@id\":\"https:\/\/www.oarcanjo.net\/site\/santo-francisco-de-sales\/#breadcrumb\"},\"inLanguage\":\"pt-BR\",\"potentialAction\":[{\"@type\":\"ReadAction\",\"target\":[\"https:\/\/www.oarcanjo.net\/site\/santo-francisco-de-sales\/\"]}]},{\"@type\":\"ImageObject\",\"inLanguage\":\"pt-BR\",\"@id\":\"https:\/\/www.oarcanjo.net\/site\/santo-francisco-de-sales\/#primaryimage\",\"url\":\"http:\/\/www.salvemaria.org.br\/pub\/Imagens%20de%20Santos\/francisco%20de%20sales.jpg\",\"contentUrl\":\"http:\/\/www.salvemaria.org.br\/pub\/Imagens%20de%20Santos\/francisco%20de%20sales.jpg\"},{\"@type\":\"BreadcrumbList\",\"@id\":\"https:\/\/www.oarcanjo.net\/site\/santo-francisco-de-sales\/#breadcrumb\",\"itemListElement\":[{\"@type\":\"ListItem\",\"position\":1,\"name\":\"In\u00edcio\",\"item\":\"https:\/\/www.oarcanjo.net\/site\/\"},{\"@type\":\"ListItem\",\"position\":2,\"name\":\"Santo Francisco de Sales\"}]},{\"@type\":\"WebSite\",\"@id\":\"https:\/\/www.oarcanjo.net\/site\/#website\",\"url\":\"https:\/\/www.oarcanjo.net\/site\/\",\"name\":\"O Arcanjo no ar\",\"description\":\"Site da Par\u00f3quia S\u00e3o Miguel Arcanjo (Arquidiocese de SP)\",\"publisher\":{\"@id\":\"https:\/\/www.oarcanjo.net\/site\/#organization\"},\"potentialAction\":[{\"@type\":\"SearchAction\",\"target\":{\"@type\":\"EntryPoint\",\"urlTemplate\":\"https:\/\/www.oarcanjo.net\/site\/?s={search_term_string}\"},\"query-input\":{\"@type\":\"PropertyValueSpecification\",\"valueRequired\":true,\"valueName\":\"search_term_string\"}}],\"inLanguage\":\"pt-BR\"},{\"@type\":\"Organization\",\"@id\":\"https:\/\/www.oarcanjo.net\/site\/#organization\",\"name\":\"Par\u00f3quia S\u00e3o Miguel Arcanjo\",\"url\":\"https:\/\/www.oarcanjo.net\/site\/\",\"logo\":{\"@type\":\"ImageObject\",\"inLanguage\":\"pt-BR\",\"@id\":\"https:\/\/www.oarcanjo.net\/site\/#\/schema\/logo\/image\/\",\"url\":\"https:\/\/www.oarcanjo.net\/site\/wp-content\/uploads\/LogoOArcanjo.png\",\"contentUrl\":\"https:\/\/www.oarcanjo.net\/site\/wp-content\/uploads\/LogoOArcanjo.png\",\"width\":319,\"height\":99,\"caption\":\"Par\u00f3quia S\u00e3o Miguel Arcanjo\"},\"image\":{\"@id\":\"https:\/\/www.oarcanjo.net\/site\/#\/schema\/logo\/image\/\"},\"sameAs\":[\"https:\/\/www.facebook.com\/OArcanjoNoAr\/\"]},{\"@type\":\"Person\",\"@id\":\"https:\/\/www.oarcanjo.net\/site\/#\/schema\/person\/5eb9480bedd2f3c97e430ce128c29c6c\",\"name\":\"danilo\"}]}<\/script>\n<!-- \/ Yoast SEO plugin. -->","yoast_head_json":{"title":"Santo Francisco de Sales - O Arcanjo no ar","robots":{"index":"index","follow":"follow","max-snippet":"max-snippet:-1","max-image-preview":"max-image-preview:large","max-video-preview":"max-video-preview:-1"},"canonical":"https:\/\/www.oarcanjo.net\/site\/santo-francisco-de-sales\/","og_locale":"pt_BR","og_type":"article","og_title":"Santo Francisco de Sales - O Arcanjo no ar","og_description":"24 de Janeiro Fundou a Ordem da Visita\u00e7\u00e3o A inf\u00e2ncia de um menino inocente Primog\u00eanito do Bar\u00e3o de Boisy nasceu Francisco em 1567 no castelo de Sales, na Sab\u00f3ia, naquele tempo um pa\u00eds independente que abarcava territ\u00f3rios hoje pertencentes \u00e0 Fran\u00e7a, It\u00e1lia e Su\u00ed\u00e7a. Sua m\u00e3e, Dona Francisca de Boisy, senhora muito virtuosa, soube incutir-lhe [&hellip;]","og_url":"https:\/\/www.oarcanjo.net\/site\/santo-francisco-de-sales\/","og_site_name":"O Arcanjo no ar","article_publisher":"https:\/\/www.facebook.com\/OArcanjoNoAr\/","article_published_time":"2017-01-24T02:32:32+00:00","article_modified_time":"2016-12-27T08:23:25+00:00","og_image":[{"url":"http:\/\/www.salvemaria.org.br\/pub\/Imagens%20de%20Santos\/francisco%20de%20sales.jpg"}],"author":"danilo","twitter_card":"summary_large_image","twitter_misc":{"Escrito por":"danilo","Est. tempo de leitura":"10 minutos"},"schema":{"@context":"https:\/\/schema.org","@graph":[{"@type":"Article","@id":"https:\/\/www.oarcanjo.net\/site\/santo-francisco-de-sales\/#article","isPartOf":{"@id":"https:\/\/www.oarcanjo.net\/site\/santo-francisco-de-sales\/"},"author":{"name":"danilo","@id":"https:\/\/www.oarcanjo.net\/site\/#\/schema\/person\/5eb9480bedd2f3c97e430ce128c29c6c"},"headline":"Santo Francisco de Sales","datePublished":"2017-01-24T02:32:32+00:00","dateModified":"2016-12-27T08:23:25+00:00","mainEntityOfPage":{"@id":"https:\/\/www.oarcanjo.net\/site\/santo-francisco-de-sales\/"},"wordCount":1996,"commentCount":0,"publisher":{"@id":"https:\/\/www.oarcanjo.net\/site\/#organization"},"image":{"@id":"https:\/\/www.oarcanjo.net\/site\/santo-francisco-de-sales\/#primaryimage"},"thumbnailUrl":"http:\/\/www.salvemaria.org.br\/pub\/Imagens%20de%20Santos\/francisco%20de%20sales.jpg","keywords":["Santo Francisco de Sales"],"articleSection":["Testemunhos"],"inLanguage":"pt-BR","potentialAction":[{"@type":"CommentAction","name":"Comment","target":["https:\/\/www.oarcanjo.net\/site\/santo-francisco-de-sales\/#respond"]}]},{"@type":"WebPage","@id":"https:\/\/www.oarcanjo.net\/site\/santo-francisco-de-sales\/","url":"https:\/\/www.oarcanjo.net\/site\/santo-francisco-de-sales\/","name":"Santo Francisco de Sales - O Arcanjo no ar","isPartOf":{"@id":"https:\/\/www.oarcanjo.net\/site\/#website"},"primaryImageOfPage":{"@id":"https:\/\/www.oarcanjo.net\/site\/santo-francisco-de-sales\/#primaryimage"},"image":{"@id":"https:\/\/www.oarcanjo.net\/site\/santo-francisco-de-sales\/#primaryimage"},"thumbnailUrl":"http:\/\/www.salvemaria.org.br\/pub\/Imagens%20de%20Santos\/francisco%20de%20sales.jpg","datePublished":"2017-01-24T02:32:32+00:00","dateModified":"2016-12-27T08:23:25+00:00","breadcrumb":{"@id":"https:\/\/www.oarcanjo.net\/site\/santo-francisco-de-sales\/#breadcrumb"},"inLanguage":"pt-BR","potentialAction":[{"@type":"ReadAction","target":["https:\/\/www.oarcanjo.net\/site\/santo-francisco-de-sales\/"]}]},{"@type":"ImageObject","inLanguage":"pt-BR","@id":"https:\/\/www.oarcanjo.net\/site\/santo-francisco-de-sales\/#primaryimage","url":"http:\/\/www.salvemaria.org.br\/pub\/Imagens%20de%20Santos\/francisco%20de%20sales.jpg","contentUrl":"http:\/\/www.salvemaria.org.br\/pub\/Imagens%20de%20Santos\/francisco%20de%20sales.jpg"},{"@type":"BreadcrumbList","@id":"https:\/\/www.oarcanjo.net\/site\/santo-francisco-de-sales\/#breadcrumb","itemListElement":[{"@type":"ListItem","position":1,"name":"In\u00edcio","item":"https:\/\/www.oarcanjo.net\/site\/"},{"@type":"ListItem","position":2,"name":"Santo Francisco de Sales"}]},{"@type":"WebSite","@id":"https:\/\/www.oarcanjo.net\/site\/#website","url":"https:\/\/www.oarcanjo.net\/site\/","name":"O Arcanjo no ar","description":"Site da Par\u00f3quia S\u00e3o Miguel Arcanjo (Arquidiocese de SP)","publisher":{"@id":"https:\/\/www.oarcanjo.net\/site\/#organization"},"potentialAction":[{"@type":"SearchAction","target":{"@type":"EntryPoint","urlTemplate":"https:\/\/www.oarcanjo.net\/site\/?s={search_term_string}"},"query-input":{"@type":"PropertyValueSpecification","valueRequired":true,"valueName":"search_term_string"}}],"inLanguage":"pt-BR"},{"@type":"Organization","@id":"https:\/\/www.oarcanjo.net\/site\/#organization","name":"Par\u00f3quia S\u00e3o Miguel Arcanjo","url":"https:\/\/www.oarcanjo.net\/site\/","logo":{"@type":"ImageObject","inLanguage":"pt-BR","@id":"https:\/\/www.oarcanjo.net\/site\/#\/schema\/logo\/image\/","url":"https:\/\/www.oarcanjo.net\/site\/wp-content\/uploads\/LogoOArcanjo.png","contentUrl":"https:\/\/www.oarcanjo.net\/site\/wp-content\/uploads\/LogoOArcanjo.png","width":319,"height":99,"caption":"Par\u00f3quia S\u00e3o Miguel Arcanjo"},"image":{"@id":"https:\/\/www.oarcanjo.net\/site\/#\/schema\/logo\/image\/"},"sameAs":["https:\/\/www.facebook.com\/OArcanjoNoAr\/"]},{"@type":"Person","@id":"https:\/\/www.oarcanjo.net\/site\/#\/schema\/person\/5eb9480bedd2f3c97e430ce128c29c6c","name":"danilo"}]}},"publishpress_future_action":{"enabled":false,"date":"2026-05-08 17:53:48","action":"category","newStatus":"draft","terms":[],"taxonomy":"category"},"publishpress_future_workflow_manual_trigger":{"enabledWorkflows":[]},"_links":{"self":[{"href":"https:\/\/www.oarcanjo.net\/site\/wp-json\/wp\/v2\/posts\/7472"}],"collection":[{"href":"https:\/\/www.oarcanjo.net\/site\/wp-json\/wp\/v2\/posts"}],"about":[{"href":"https:\/\/www.oarcanjo.net\/site\/wp-json\/wp\/v2\/types\/post"}],"author":[{"embeddable":true,"href":"https:\/\/www.oarcanjo.net\/site\/wp-json\/wp\/v2\/users\/14"}],"replies":[{"embeddable":true,"href":"https:\/\/www.oarcanjo.net\/site\/wp-json\/wp\/v2\/comments?post=7472"}],"version-history":[{"count":0,"href":"https:\/\/www.oarcanjo.net\/site\/wp-json\/wp\/v2\/posts\/7472\/revisions"}],"wp:attachment":[{"href":"https:\/\/www.oarcanjo.net\/site\/wp-json\/wp\/v2\/media?parent=7472"}],"wp:term":[{"taxonomy":"category","embeddable":true,"href":"https:\/\/www.oarcanjo.net\/site\/wp-json\/wp\/v2\/categories?post=7472"},{"taxonomy":"post_tag","embeddable":true,"href":"https:\/\/www.oarcanjo.net\/site\/wp-json\/wp\/v2\/tags?post=7472"}],"curies":[{"name":"wp","href":"https:\/\/api.w.org\/{rel}","templated":true}]}}