
{"id":7475,"date":"2017-01-25T00:43:40","date_gmt":"2017-01-25T02:43:40","guid":{"rendered":"http:\/\/www.oarcanjo.net\/site\/?p=7475"},"modified":"2016-12-27T06:23:45","modified_gmt":"2016-12-27T08:23:45","slug":"conversao-de-sao-paulo","status":"publish","type":"post","link":"https:\/\/www.oarcanjo.net\/site\/conversao-de-sao-paulo\/","title":{"rendered":"Convers\u00e3o de S\u00e3o Paulo"},"content":{"rendered":"<p><img decoding=\"async\" src=\"http:\/\/3.bp.blogspot.com\/_EaRiBh1Rzbc\/R5njkymg_AI\/AAAAAAAAAUw\/r3KUTCJmgQc\/s1600\/conv-sPaulo.jpg\" border=\"0\" alt=\"[conv-sPaulo.jpg]\" \/><\/p>\n<p>25 de Janeiro<\/p>\n<p>O mart\u00edrio de S\u00e3o Paulo \u00e9 celebrado junto com o de S\u00e3o Pedro, em 29 de junho, mas sua convers\u00e3o tem tanta import\u00e2ncia para a hist\u00f3ria da Igreja que merece uma data \u00e0 parte. Neste dia, no ano 1554, deu-se tamb\u00e9m a funda\u00e7\u00e3o da que seria a maior cidade do Brasil, S\u00e3o Paulo, que ganhou seu nome em homenagem a t\u00e3o importante acontecimento.<\/p>\n<p>Saulo, seu nome original, nasceu no ano 10 na cidade de Tarso, na Cil\u00edcia, atual Turquia. \u00c0 \u00e9poca era um p\u00f3lo de desenvolvimento financeiro e comercial, um populoso centro de cultura e divers\u00f5es mundanas, pouco comum nas prov\u00edncias romanas do Oriente. Seu pai Eliasar era fariseu e judeu descendente da tribo de Benjamim, e, tamb\u00e9m, um homem forte, instru\u00eddo, tecel\u00e3o, comerciante e legion\u00e1rio do imperador Augusto. Pelo m\u00e9rito de seus servi\u00e7os recebeu o t\u00edtulo de Cidad\u00e3o Romano, que por tradi\u00e7\u00e3o era legado aos filhos. Sua m\u00e3e uma dona de casa muito ocupada com a forma\u00e7\u00e3o e educa\u00e7\u00e3o do filho.<\/p>\n<p>Portanto, Saulo era um cidad\u00e3o romano, fariseu de linhagem nobre, bem situado financeiramente, religioso, inteligente, estudioso e culto. Aos quinze anos foi para Jerusal\u00e9m dar continuidade aos estudos de latim, grego e hebraico, na conhecida Escola de Gamaliel, onde recebia s\u00e9ria educa\u00e7\u00e3o religiosa fundamentada na doutrina dos fariseus, pois seus pais o queriam um grande Rabi, no futuro.<\/p>\n<p>Parece que era mesmo esse o anseio daquele jovem baixo, magro, de nariz aquilino, fei\u00e7\u00f5es morenas de olhos negros, vivos e expressivos. Saulo j\u00e1 nessa idade se destacava pela orat\u00f3ria fluente e cativante marcada pela voz forte e agrad\u00e1vel, ganhando as aten\u00e7\u00f5es dos colegas e n\u00e3o passando despercebido ao exigente professor Gamaliel.<\/p>\n<p>Saulo era totalmente contr\u00e1rio ao cristianismo, combatia-o ferozmente, por isso tinha muitos advers\u00e1rios. Foi com ele que Est\u00eav\u00e3o travou acirrado debate no templo judeu, chamado Sin\u00e9drio. Ele tanto clamou contra Estev\u00e3o que este acabou apedrejado e morto, iniciando-se ent\u00e3o uma incans\u00e1vel persegui\u00e7\u00e3o aos crist\u00e3os, com Saulo \u00e0 frente com total apoio dos sacerdotes do Sin\u00e9drio.<\/p>\n<p>Um dia, \u00e0s portas da cidade de Damasco, uma luz, descrita nas Sagradas Escrituras como &#8220;mais forte e mais brilhante que a luz do Sol&#8221;, desceu dos c\u00e9us, assustando o cavalo e lan\u00e7ando ao ch\u00e3o Saulo , ao mesmo tempo em que ouviu a voz de Jesus pedindo para que parasse de persegui-Lo e aos seus e, ao contr\u00e1rio, se juntasse aos ap\u00f3stolos que pregavam as revela\u00e7\u00f5es de Sua vinda \u00e0 Terra. Os acompanhantes que tamb\u00e9m tudo ouviram, mas n\u00e3o viram quem falava, quando a luz desapareceu ajudaram Saulo a levantar pois n\u00e3o conseguia mais enxergar. Saulo foi levado pela m\u00e3o at\u00e9 a cidade de Damasco, onde recebeu outra &#8220;visita&#8221; de Jesus que lhe disse que nessa cidade deveria ficar alguns dias pois receberia uma revela\u00e7\u00e3o importante. A experi\u00eancia o transformou profundamente e ele permaneceu em Damasco por tr\u00eas dias sem enxergar, e \u00e0 seu pedido tamb\u00e9m sem comer e sem beber.<\/p>\n<p>Depois Saulo teve uma vis\u00e3o com Ananias, um velho e respeitado crist\u00e3o da cidade, na qual ele o curava. Enquanto no mesmo instante Ananias tinha a mesma vis\u00e3o em sua casa. Compreendendo sua miss\u00e3o, o velho crist\u00e3o foi ao seu encontro colocando as m\u00e3os sobre sua cabe\u00e7a fez Saulo voltar a enxergar, curando-o. A convers\u00e3o se deu no mesmo instante pois ele pediu para ser Batizado por Ananias. De Damasco saiu a pregar a palavra de Deus, j\u00e1 com o nome de Paulo, como lhe ordenara Jesus, tornando-se Seu grande ap\u00f3stolo.<\/p>\n<p>Sua convers\u00e3o chamou a aten\u00e7\u00e3o de v\u00e1rios c\u00edrculos de cidad\u00e3os importantes e Paulo passou a viajar pelo mundo, evangelizando e realizando centenas de convers\u00f5es. Perseguido incansavelmente, foi preso v\u00e1rias vezes e sofreu muito, sendo martirizado no ano 67, em Roma. Suas rel\u00edquias se encontram na Bas\u00edlica de S\u00e3o Paulo Fora dos Muros, na It\u00e1lia, festejada no dia de sua consagra\u00e7\u00e3o em 18 de novembro.<\/p>\n<p>O Senhor fez de Paulo seu grande ap\u00f3stolo, o ap\u00f3stolo dos gentios, isto \u00e9, o evangelizador dos pag\u00e3os. Ele escreveu 14 cartas, expondo a mensagem de Jesus, que se transformaram numa verdadeira &#8220;Teologia do Novo Testamento&#8221;. Tamb\u00e9m \u00e9 o patrono das Congrega\u00e7\u00f5es Paulinas que continuam a sua obra de ap\u00f3stolo, levando a mensagem do Cristianismo a todas as partes do mundo, atrav\u00e9s dos meios de comunica\u00e7\u00e3o.<\/p>\n<p><img decoding=\"async\" src=\"http:\/\/www.snpcultura.org\/fotografias\/projecto_cultural_conversao_sao_paulo_390px.jpg\" alt=\"\" \/><\/p>\n<p><img decoding=\"async\" src=\"http:\/\/www.bispado.org.br\/userfiles\/bispado\/noticias\/foto_sao_paulo_roma.jpg\" alt=\"\" \/><\/p>\n<p>S\u00e3o Paulo Fora dos Muros<\/p>\n<div id=\"themify_builder_content-7475\" data-postid=\"7475\" class=\"themify_builder_content themify_builder_content-7475 themify_builder themify_builder_front\">\n\t<\/div>\n<!-- \/themify_builder_content -->","protected":false},"excerpt":{"rendered":"<p>25 de Janeiro O mart\u00edrio de S\u00e3o Paulo \u00e9 celebrado junto com o de S\u00e3o Pedro, em 29 de junho, mas sua convers\u00e3o tem tanta import\u00e2ncia para a hist\u00f3ria da Igreja que merece uma data \u00e0 parte. Neste dia, no ano 1554, deu-se tamb\u00e9m a funda\u00e7\u00e3o da que seria a maior cidade do Brasil, S\u00e3o [&hellip;]<\/p>\n","protected":false},"author":14,"featured_media":0,"comment_status":"open","ping_status":"open","sticky":false,"template":"","format":"standard","meta":{"ngg_post_thumbnail":0,"footnotes":""},"categories":[186],"tags":[1424],"yoast_head":"<!-- This site is optimized with the Yoast SEO plugin v23.5 - https:\/\/yoast.com\/wordpress\/plugins\/seo\/ -->\n<title>Convers\u00e3o de S\u00e3o Paulo - O Arcanjo no ar<\/title>\n<meta name=\"robots\" content=\"index, follow, max-snippet:-1, max-image-preview:large, max-video-preview:-1\" \/>\n<link rel=\"canonical\" href=\"https:\/\/www.oarcanjo.net\/site\/conversao-de-sao-paulo\/\" \/>\n<meta property=\"og:locale\" content=\"pt_BR\" \/>\n<meta property=\"og:type\" content=\"article\" \/>\n<meta property=\"og:title\" content=\"Convers\u00e3o de S\u00e3o Paulo - O Arcanjo no ar\" \/>\n<meta property=\"og:description\" content=\"25 de Janeiro O mart\u00edrio de S\u00e3o Paulo \u00e9 celebrado junto com o de S\u00e3o Pedro, em 29 de junho, mas sua convers\u00e3o tem tanta import\u00e2ncia para a hist\u00f3ria da Igreja que merece uma data \u00e0 parte. Neste dia, no ano 1554, deu-se tamb\u00e9m a funda\u00e7\u00e3o da que seria a maior cidade do Brasil, S\u00e3o [&hellip;]\" \/>\n<meta property=\"og:url\" content=\"https:\/\/www.oarcanjo.net\/site\/conversao-de-sao-paulo\/\" \/>\n<meta property=\"og:site_name\" content=\"O Arcanjo no ar\" \/>\n<meta property=\"article:publisher\" content=\"https:\/\/www.facebook.com\/OArcanjoNoAr\/\" \/>\n<meta property=\"article:published_time\" content=\"2017-01-25T02:43:40+00:00\" \/>\n<meta property=\"article:modified_time\" content=\"2016-12-27T08:23:45+00:00\" \/>\n<meta property=\"og:image\" content=\"http:\/\/3.bp.blogspot.com\/_EaRiBh1Rzbc\/R5njkymg_AI\/AAAAAAAAAUw\/r3KUTCJmgQc\/s1600\/conv-sPaulo.jpg\" \/>\n<meta name=\"author\" content=\"danilo\" \/>\n<meta name=\"twitter:card\" content=\"summary_large_image\" \/>\n<meta name=\"twitter:label1\" content=\"Escrito por\" \/>\n\t<meta name=\"twitter:data1\" content=\"danilo\" \/>\n\t<meta name=\"twitter:label2\" content=\"Est. tempo de leitura\" \/>\n\t<meta name=\"twitter:data2\" content=\"4 minutos\" \/>\n<script type=\"application\/ld+json\" class=\"yoast-schema-graph\">{\"@context\":\"https:\/\/schema.org\",\"@graph\":[{\"@type\":\"Article\",\"@id\":\"https:\/\/www.oarcanjo.net\/site\/conversao-de-sao-paulo\/#article\",\"isPartOf\":{\"@id\":\"https:\/\/www.oarcanjo.net\/site\/conversao-de-sao-paulo\/\"},\"author\":{\"name\":\"danilo\",\"@id\":\"https:\/\/www.oarcanjo.net\/site\/#\/schema\/person\/5eb9480bedd2f3c97e430ce128c29c6c\"},\"headline\":\"Convers\u00e3o de S\u00e3o Paulo\",\"datePublished\":\"2017-01-25T02:43:40+00:00\",\"dateModified\":\"2016-12-27T08:23:45+00:00\",\"mainEntityOfPage\":{\"@id\":\"https:\/\/www.oarcanjo.net\/site\/conversao-de-sao-paulo\/\"},\"wordCount\":788,\"commentCount\":1,\"publisher\":{\"@id\":\"https:\/\/www.oarcanjo.net\/site\/#organization\"},\"image\":{\"@id\":\"https:\/\/www.oarcanjo.net\/site\/conversao-de-sao-paulo\/#primaryimage\"},\"thumbnailUrl\":\"http:\/\/3.bp.blogspot.com\/_EaRiBh1Rzbc\/R5njkymg_AI\/AAAAAAAAAUw\/r3KUTCJmgQc\/s1600\/conv-sPaulo.jpg\",\"keywords\":[\"Convers\u00e3o de S\u00e3o Paulo\"],\"articleSection\":[\"Testemunhos\"],\"inLanguage\":\"pt-BR\",\"potentialAction\":[{\"@type\":\"CommentAction\",\"name\":\"Comment\",\"target\":[\"https:\/\/www.oarcanjo.net\/site\/conversao-de-sao-paulo\/#respond\"]}]},{\"@type\":\"WebPage\",\"@id\":\"https:\/\/www.oarcanjo.net\/site\/conversao-de-sao-paulo\/\",\"url\":\"https:\/\/www.oarcanjo.net\/site\/conversao-de-sao-paulo\/\",\"name\":\"Convers\u00e3o de S\u00e3o Paulo - O Arcanjo no ar\",\"isPartOf\":{\"@id\":\"https:\/\/www.oarcanjo.net\/site\/#website\"},\"primaryImageOfPage\":{\"@id\":\"https:\/\/www.oarcanjo.net\/site\/conversao-de-sao-paulo\/#primaryimage\"},\"image\":{\"@id\":\"https:\/\/www.oarcanjo.net\/site\/conversao-de-sao-paulo\/#primaryimage\"},\"thumbnailUrl\":\"http:\/\/3.bp.blogspot.com\/_EaRiBh1Rzbc\/R5njkymg_AI\/AAAAAAAAAUw\/r3KUTCJmgQc\/s1600\/conv-sPaulo.jpg\",\"datePublished\":\"2017-01-25T02:43:40+00:00\",\"dateModified\":\"2016-12-27T08:23:45+00:00\",\"breadcrumb\":{\"@id\":\"https:\/\/www.oarcanjo.net\/site\/conversao-de-sao-paulo\/#breadcrumb\"},\"inLanguage\":\"pt-BR\",\"potentialAction\":[{\"@type\":\"ReadAction\",\"target\":[\"https:\/\/www.oarcanjo.net\/site\/conversao-de-sao-paulo\/\"]}]},{\"@type\":\"ImageObject\",\"inLanguage\":\"pt-BR\",\"@id\":\"https:\/\/www.oarcanjo.net\/site\/conversao-de-sao-paulo\/#primaryimage\",\"url\":\"http:\/\/3.bp.blogspot.com\/_EaRiBh1Rzbc\/R5njkymg_AI\/AAAAAAAAAUw\/r3KUTCJmgQc\/s1600\/conv-sPaulo.jpg\",\"contentUrl\":\"http:\/\/3.bp.blogspot.com\/_EaRiBh1Rzbc\/R5njkymg_AI\/AAAAAAAAAUw\/r3KUTCJmgQc\/s1600\/conv-sPaulo.jpg\"},{\"@type\":\"BreadcrumbList\",\"@id\":\"https:\/\/www.oarcanjo.net\/site\/conversao-de-sao-paulo\/#breadcrumb\",\"itemListElement\":[{\"@type\":\"ListItem\",\"position\":1,\"name\":\"In\u00edcio\",\"item\":\"https:\/\/www.oarcanjo.net\/site\/\"},{\"@type\":\"ListItem\",\"position\":2,\"name\":\"Convers\u00e3o de S\u00e3o Paulo\"}]},{\"@type\":\"WebSite\",\"@id\":\"https:\/\/www.oarcanjo.net\/site\/#website\",\"url\":\"https:\/\/www.oarcanjo.net\/site\/\",\"name\":\"O Arcanjo no ar\",\"description\":\"Site da Par\u00f3quia S\u00e3o Miguel Arcanjo (Arquidiocese de SP)\",\"publisher\":{\"@id\":\"https:\/\/www.oarcanjo.net\/site\/#organization\"},\"potentialAction\":[{\"@type\":\"SearchAction\",\"target\":{\"@type\":\"EntryPoint\",\"urlTemplate\":\"https:\/\/www.oarcanjo.net\/site\/?s={search_term_string}\"},\"query-input\":{\"@type\":\"PropertyValueSpecification\",\"valueRequired\":true,\"valueName\":\"search_term_string\"}}],\"inLanguage\":\"pt-BR\"},{\"@type\":\"Organization\",\"@id\":\"https:\/\/www.oarcanjo.net\/site\/#organization\",\"name\":\"Par\u00f3quia S\u00e3o Miguel Arcanjo\",\"url\":\"https:\/\/www.oarcanjo.net\/site\/\",\"logo\":{\"@type\":\"ImageObject\",\"inLanguage\":\"pt-BR\",\"@id\":\"https:\/\/www.oarcanjo.net\/site\/#\/schema\/logo\/image\/\",\"url\":\"https:\/\/www.oarcanjo.net\/site\/wp-content\/uploads\/LogoOArcanjo.png\",\"contentUrl\":\"https:\/\/www.oarcanjo.net\/site\/wp-content\/uploads\/LogoOArcanjo.png\",\"width\":319,\"height\":99,\"caption\":\"Par\u00f3quia S\u00e3o Miguel Arcanjo\"},\"image\":{\"@id\":\"https:\/\/www.oarcanjo.net\/site\/#\/schema\/logo\/image\/\"},\"sameAs\":[\"https:\/\/www.facebook.com\/OArcanjoNoAr\/\"]},{\"@type\":\"Person\",\"@id\":\"https:\/\/www.oarcanjo.net\/site\/#\/schema\/person\/5eb9480bedd2f3c97e430ce128c29c6c\",\"name\":\"danilo\"}]}<\/script>\n<!-- \/ Yoast SEO plugin. -->","yoast_head_json":{"title":"Convers\u00e3o de S\u00e3o Paulo - O Arcanjo no ar","robots":{"index":"index","follow":"follow","max-snippet":"max-snippet:-1","max-image-preview":"max-image-preview:large","max-video-preview":"max-video-preview:-1"},"canonical":"https:\/\/www.oarcanjo.net\/site\/conversao-de-sao-paulo\/","og_locale":"pt_BR","og_type":"article","og_title":"Convers\u00e3o de S\u00e3o Paulo - O Arcanjo no ar","og_description":"25 de Janeiro O mart\u00edrio de S\u00e3o Paulo \u00e9 celebrado junto com o de S\u00e3o Pedro, em 29 de junho, mas sua convers\u00e3o tem tanta import\u00e2ncia para a hist\u00f3ria da Igreja que merece uma data \u00e0 parte. Neste dia, no ano 1554, deu-se tamb\u00e9m a funda\u00e7\u00e3o da que seria a maior cidade do Brasil, S\u00e3o [&hellip;]","og_url":"https:\/\/www.oarcanjo.net\/site\/conversao-de-sao-paulo\/","og_site_name":"O Arcanjo no ar","article_publisher":"https:\/\/www.facebook.com\/OArcanjoNoAr\/","article_published_time":"2017-01-25T02:43:40+00:00","article_modified_time":"2016-12-27T08:23:45+00:00","og_image":[{"url":"http:\/\/3.bp.blogspot.com\/_EaRiBh1Rzbc\/R5njkymg_AI\/AAAAAAAAAUw\/r3KUTCJmgQc\/s1600\/conv-sPaulo.jpg"}],"author":"danilo","twitter_card":"summary_large_image","twitter_misc":{"Escrito por":"danilo","Est. tempo de leitura":"4 minutos"},"schema":{"@context":"https:\/\/schema.org","@graph":[{"@type":"Article","@id":"https:\/\/www.oarcanjo.net\/site\/conversao-de-sao-paulo\/#article","isPartOf":{"@id":"https:\/\/www.oarcanjo.net\/site\/conversao-de-sao-paulo\/"},"author":{"name":"danilo","@id":"https:\/\/www.oarcanjo.net\/site\/#\/schema\/person\/5eb9480bedd2f3c97e430ce128c29c6c"},"headline":"Convers\u00e3o de S\u00e3o Paulo","datePublished":"2017-01-25T02:43:40+00:00","dateModified":"2016-12-27T08:23:45+00:00","mainEntityOfPage":{"@id":"https:\/\/www.oarcanjo.net\/site\/conversao-de-sao-paulo\/"},"wordCount":788,"commentCount":1,"publisher":{"@id":"https:\/\/www.oarcanjo.net\/site\/#organization"},"image":{"@id":"https:\/\/www.oarcanjo.net\/site\/conversao-de-sao-paulo\/#primaryimage"},"thumbnailUrl":"http:\/\/3.bp.blogspot.com\/_EaRiBh1Rzbc\/R5njkymg_AI\/AAAAAAAAAUw\/r3KUTCJmgQc\/s1600\/conv-sPaulo.jpg","keywords":["Convers\u00e3o de S\u00e3o Paulo"],"articleSection":["Testemunhos"],"inLanguage":"pt-BR","potentialAction":[{"@type":"CommentAction","name":"Comment","target":["https:\/\/www.oarcanjo.net\/site\/conversao-de-sao-paulo\/#respond"]}]},{"@type":"WebPage","@id":"https:\/\/www.oarcanjo.net\/site\/conversao-de-sao-paulo\/","url":"https:\/\/www.oarcanjo.net\/site\/conversao-de-sao-paulo\/","name":"Convers\u00e3o de S\u00e3o Paulo - O Arcanjo no ar","isPartOf":{"@id":"https:\/\/www.oarcanjo.net\/site\/#website"},"primaryImageOfPage":{"@id":"https:\/\/www.oarcanjo.net\/site\/conversao-de-sao-paulo\/#primaryimage"},"image":{"@id":"https:\/\/www.oarcanjo.net\/site\/conversao-de-sao-paulo\/#primaryimage"},"thumbnailUrl":"http:\/\/3.bp.blogspot.com\/_EaRiBh1Rzbc\/R5njkymg_AI\/AAAAAAAAAUw\/r3KUTCJmgQc\/s1600\/conv-sPaulo.jpg","datePublished":"2017-01-25T02:43:40+00:00","dateModified":"2016-12-27T08:23:45+00:00","breadcrumb":{"@id":"https:\/\/www.oarcanjo.net\/site\/conversao-de-sao-paulo\/#breadcrumb"},"inLanguage":"pt-BR","potentialAction":[{"@type":"ReadAction","target":["https:\/\/www.oarcanjo.net\/site\/conversao-de-sao-paulo\/"]}]},{"@type":"ImageObject","inLanguage":"pt-BR","@id":"https:\/\/www.oarcanjo.net\/site\/conversao-de-sao-paulo\/#primaryimage","url":"http:\/\/3.bp.blogspot.com\/_EaRiBh1Rzbc\/R5njkymg_AI\/AAAAAAAAAUw\/r3KUTCJmgQc\/s1600\/conv-sPaulo.jpg","contentUrl":"http:\/\/3.bp.blogspot.com\/_EaRiBh1Rzbc\/R5njkymg_AI\/AAAAAAAAAUw\/r3KUTCJmgQc\/s1600\/conv-sPaulo.jpg"},{"@type":"BreadcrumbList","@id":"https:\/\/www.oarcanjo.net\/site\/conversao-de-sao-paulo\/#breadcrumb","itemListElement":[{"@type":"ListItem","position":1,"name":"In\u00edcio","item":"https:\/\/www.oarcanjo.net\/site\/"},{"@type":"ListItem","position":2,"name":"Convers\u00e3o de S\u00e3o Paulo"}]},{"@type":"WebSite","@id":"https:\/\/www.oarcanjo.net\/site\/#website","url":"https:\/\/www.oarcanjo.net\/site\/","name":"O Arcanjo no ar","description":"Site da Par\u00f3quia S\u00e3o Miguel Arcanjo (Arquidiocese de SP)","publisher":{"@id":"https:\/\/www.oarcanjo.net\/site\/#organization"},"potentialAction":[{"@type":"SearchAction","target":{"@type":"EntryPoint","urlTemplate":"https:\/\/www.oarcanjo.net\/site\/?s={search_term_string}"},"query-input":{"@type":"PropertyValueSpecification","valueRequired":true,"valueName":"search_term_string"}}],"inLanguage":"pt-BR"},{"@type":"Organization","@id":"https:\/\/www.oarcanjo.net\/site\/#organization","name":"Par\u00f3quia S\u00e3o Miguel Arcanjo","url":"https:\/\/www.oarcanjo.net\/site\/","logo":{"@type":"ImageObject","inLanguage":"pt-BR","@id":"https:\/\/www.oarcanjo.net\/site\/#\/schema\/logo\/image\/","url":"https:\/\/www.oarcanjo.net\/site\/wp-content\/uploads\/LogoOArcanjo.png","contentUrl":"https:\/\/www.oarcanjo.net\/site\/wp-content\/uploads\/LogoOArcanjo.png","width":319,"height":99,"caption":"Par\u00f3quia S\u00e3o Miguel Arcanjo"},"image":{"@id":"https:\/\/www.oarcanjo.net\/site\/#\/schema\/logo\/image\/"},"sameAs":["https:\/\/www.facebook.com\/OArcanjoNoAr\/"]},{"@type":"Person","@id":"https:\/\/www.oarcanjo.net\/site\/#\/schema\/person\/5eb9480bedd2f3c97e430ce128c29c6c","name":"danilo"}]}},"publishpress_future_action":{"enabled":false,"date":"2026-05-08 15:11:21","action":"category","newStatus":"draft","terms":[],"taxonomy":"category"},"publishpress_future_workflow_manual_trigger":{"enabledWorkflows":[]},"_links":{"self":[{"href":"https:\/\/www.oarcanjo.net\/site\/wp-json\/wp\/v2\/posts\/7475"}],"collection":[{"href":"https:\/\/www.oarcanjo.net\/site\/wp-json\/wp\/v2\/posts"}],"about":[{"href":"https:\/\/www.oarcanjo.net\/site\/wp-json\/wp\/v2\/types\/post"}],"author":[{"embeddable":true,"href":"https:\/\/www.oarcanjo.net\/site\/wp-json\/wp\/v2\/users\/14"}],"replies":[{"embeddable":true,"href":"https:\/\/www.oarcanjo.net\/site\/wp-json\/wp\/v2\/comments?post=7475"}],"version-history":[{"count":0,"href":"https:\/\/www.oarcanjo.net\/site\/wp-json\/wp\/v2\/posts\/7475\/revisions"}],"wp:attachment":[{"href":"https:\/\/www.oarcanjo.net\/site\/wp-json\/wp\/v2\/media?parent=7475"}],"wp:term":[{"taxonomy":"category","embeddable":true,"href":"https:\/\/www.oarcanjo.net\/site\/wp-json\/wp\/v2\/categories?post=7475"},{"taxonomy":"post_tag","embeddable":true,"href":"https:\/\/www.oarcanjo.net\/site\/wp-json\/wp\/v2\/tags?post=7475"}],"curies":[{"name":"wp","href":"https:\/\/api.w.org\/{rel}","templated":true}]}}