
{"id":7480,"date":"2017-01-26T00:02:56","date_gmt":"2017-01-26T02:02:56","guid":{"rendered":"http:\/\/www.oarcanjo.net\/site\/?p=7480"},"modified":"2016-12-27T06:12:47","modified_gmt":"2016-12-27T08:12:47","slug":"santa-paula-romana","status":"publish","type":"post","link":"https:\/\/www.oarcanjo.net\/site\/santa-paula-romana\/","title":{"rendered":"Santa Paula Romana"},"content":{"rendered":"<p><img decoding=\"async\" src=\"http:\/\/4.bp.blogspot.com\/_NkFZCwaWWJA\/SX55wFjXKWI\/AAAAAAAAAuI\/D-tOiBEwoTA\/s1600\/PaulaRomana.gif\" border=\"0\" alt=\"[PaulaRomana.gif]\" \/><\/p>\n<p>26 de Janeiro<\/p>\n<p>Paula nasceu no ano de 347 em Roma, descendia de tradicional fam\u00edlia da nobreza desta corte. Aos quinze anos casou-se com Taxozio, que embora pag\u00e3o, tolerava os crist\u00e3os. Ela era riqu\u00edssima e vivia no esplendor da opul\u00eancia da aristocracia romana. Por\u00e9m esta condi\u00e7\u00e3o social n\u00e3o afetou seu car\u00e1ter, n\u00e3o era uma pessoa orgulhosa o que a fazia ser amada e respeitada por todos, ricos ou pobres.<\/p>\n<p>Teve cinco filhos todos educados dentro da religi\u00e3o crist\u00e3. Sua voca\u00e7\u00e3o religiosa sempre foi muito forte, sentindo-se atra\u00edda pelo ideal asc\u00e9tico de outras damas da corte que, em Aventino, viviam em comunidade na casa de Marcela, hoje Santa. Ela transformara sua moradia quase num convento, onde se dedicavam \u00e0s ora\u00e7\u00f5es, caridade, penit\u00eancia e a aprenderem a Palavra de Deus.<\/p>\n<p>Em 379, Paula ficou vi\u00fava . Ao lado da filha Eut\u00f3quio, cujo nome escreve-se assim mesmo, decidiu ingressar na comunidade de Marcela, que ent\u00e3o j\u00e1 era orientada por Jer\u00f4nimo, Bispo de Hipona, que depois se tornou um Santo e Doutor da Igreja e cujo pensamento continua a influenciar o rumo da Igreja de Roma.<\/p>\n<p>N\u00e3o demorou muito tempo, Paula e a filha transformaram sua casa num mosteiro. Nela hospedou Epifanio, Bispo de Constan\u00e7a, que junto com Jer\u00f4nimo e Paulino, Bispo da Antioquia chegaram em Roma para o s\u00ednodo de 382. Com ele, Paula pode conhecer melhor a vida mon\u00e1stica dos eremitas eg\u00edpcios. Depois, os dois bispos partiram e Jer\u00f4nimo ficou em Roma como secret\u00e1rio do Papa D\u00e2maso. Ent\u00e3o ele passou a guiar pessoalmente o mosteiro de Marcela orientando espiritualmente as religiosas e formulando as regras da nova comunidade.<\/p>\n<p>Mais tarde com a morte do Papa, Jer\u00f4nimo voltou para sua diocese no Oriente, acompanhado por Paula, Eut\u00f3quio e outras religiosas. Elas foram peregrinar na cidade santa da Palestina e por todos os outros lugares Santos. Quando chegaram em Bel\u00e9m, Paula decidiu fixar sua resid\u00eancia al\u00ed.<\/p>\n<p>Logo ela construiu dois mosteiros, um hospital e uma pousada para peregrinos dedicando-se ao ensinamento lit\u00fargico e ao estudo da Palavra de Deus. A vida era r\u00fastica e Paula se tornou o exemplo na ora\u00e7\u00e3o, penit\u00eancia e caridade, executando os servi\u00e7os mais humildes e atendendo os pobres e doentes. Para estes, ela disp\u00f4s de todos os seus bens e sua vida. Patrocinou inclusive muitos religiosos, especialmente Jer\u00f4nimo, que gra\u00e7as \u00e0 Paula p\u00f4de completar sua grandiosa obra de coment\u00e1rios e vers\u00f5es.<\/p>\n<p>Ela morreu no ano 404 em Bel\u00e9m, e foi sepultada na Gruta de S\u00e3o Jer\u00f4nimo na Igreja da Natividade nesta cidade, na Palestina. Seu culto se difundiu por todo o mundo cat\u00f3lico, gra\u00e7as \u00e0 S\u00e3o Jer\u00f4nimo que escreveu sua biografia. A igreja confirmou a festa de Santa Paula Romana que se realiza no dia 26 de janeiro.<\/p>\n<p><img loading=\"lazy\" decoding=\"async\" src=\"http:\/\/www.franciscanos.org.br\/v3\/vidacrista\/especiais\/2008\/projetoreviver_250608\/imagens\/90.jpg\" alt=\"\" width=\"250\" height=\"182\" \/><\/p>\n<div><strong><span style=\"color: #993300\">Grutas de S\u00e3o Jer\u00f4nimo junto \u00e0 Bas. da Natividade<\/span><\/strong><\/div>\n<div id=\"themify_builder_content-7480\" data-postid=\"7480\" class=\"themify_builder_content themify_builder_content-7480 themify_builder themify_builder_front\">\n\t<\/div>\n<!-- \/themify_builder_content -->","protected":false},"excerpt":{"rendered":"<p>26 de Janeiro Paula nasceu no ano de 347 em Roma, descendia de tradicional fam\u00edlia da nobreza desta corte. Aos quinze anos casou-se com Taxozio, que embora pag\u00e3o, tolerava os crist\u00e3os. Ela era riqu\u00edssima e vivia no esplendor da opul\u00eancia da aristocracia romana. Por\u00e9m esta condi\u00e7\u00e3o social n\u00e3o afetou seu car\u00e1ter, n\u00e3o era uma pessoa [&hellip;]<\/p>\n","protected":false},"author":14,"featured_media":0,"comment_status":"open","ping_status":"open","sticky":false,"template":"","format":"standard","meta":{"ngg_post_thumbnail":0,"footnotes":""},"categories":[186],"tags":[],"yoast_head":"<!-- This site is optimized with the Yoast SEO plugin v23.5 - https:\/\/yoast.com\/wordpress\/plugins\/seo\/ -->\n<title>Santa Paula Romana - O Arcanjo no ar<\/title>\n<meta name=\"robots\" content=\"index, follow, max-snippet:-1, max-image-preview:large, max-video-preview:-1\" \/>\n<link rel=\"canonical\" href=\"https:\/\/www.oarcanjo.net\/site\/santa-paula-romana\/\" \/>\n<meta property=\"og:locale\" content=\"pt_BR\" \/>\n<meta property=\"og:type\" content=\"article\" \/>\n<meta property=\"og:title\" content=\"Santa Paula Romana - O Arcanjo no ar\" \/>\n<meta property=\"og:description\" content=\"26 de Janeiro Paula nasceu no ano de 347 em Roma, descendia de tradicional fam\u00edlia da nobreza desta corte. Aos quinze anos casou-se com Taxozio, que embora pag\u00e3o, tolerava os crist\u00e3os. Ela era riqu\u00edssima e vivia no esplendor da opul\u00eancia da aristocracia romana. Por\u00e9m esta condi\u00e7\u00e3o social n\u00e3o afetou seu car\u00e1ter, n\u00e3o era uma pessoa [&hellip;]\" \/>\n<meta property=\"og:url\" content=\"https:\/\/www.oarcanjo.net\/site\/santa-paula-romana\/\" \/>\n<meta property=\"og:site_name\" content=\"O Arcanjo no ar\" \/>\n<meta property=\"article:publisher\" content=\"https:\/\/www.facebook.com\/OArcanjoNoAr\/\" \/>\n<meta property=\"article:published_time\" content=\"2017-01-26T02:02:56+00:00\" \/>\n<meta property=\"article:modified_time\" content=\"2016-12-27T08:12:47+00:00\" \/>\n<meta property=\"og:image\" content=\"http:\/\/4.bp.blogspot.com\/_NkFZCwaWWJA\/SX55wFjXKWI\/AAAAAAAAAuI\/D-tOiBEwoTA\/s1600\/PaulaRomana.gif\" \/>\n<meta name=\"author\" content=\"danilo\" \/>\n<meta name=\"twitter:card\" content=\"summary_large_image\" \/>\n<meta name=\"twitter:label1\" content=\"Escrito por\" \/>\n\t<meta name=\"twitter:data1\" content=\"danilo\" \/>\n\t<meta name=\"twitter:label2\" content=\"Est. tempo de leitura\" \/>\n\t<meta name=\"twitter:data2\" content=\"3 minutos\" \/>\n<script type=\"application\/ld+json\" class=\"yoast-schema-graph\">{\"@context\":\"https:\/\/schema.org\",\"@graph\":[{\"@type\":\"Article\",\"@id\":\"https:\/\/www.oarcanjo.net\/site\/santa-paula-romana\/#article\",\"isPartOf\":{\"@id\":\"https:\/\/www.oarcanjo.net\/site\/santa-paula-romana\/\"},\"author\":{\"name\":\"danilo\",\"@id\":\"https:\/\/www.oarcanjo.net\/site\/#\/schema\/person\/5eb9480bedd2f3c97e430ce128c29c6c\"},\"headline\":\"Santa Paula Romana\",\"datePublished\":\"2017-01-26T02:02:56+00:00\",\"dateModified\":\"2016-12-27T08:12:47+00:00\",\"mainEntityOfPage\":{\"@id\":\"https:\/\/www.oarcanjo.net\/site\/santa-paula-romana\/\"},\"wordCount\":505,\"commentCount\":0,\"publisher\":{\"@id\":\"https:\/\/www.oarcanjo.net\/site\/#organization\"},\"image\":{\"@id\":\"https:\/\/www.oarcanjo.net\/site\/santa-paula-romana\/#primaryimage\"},\"thumbnailUrl\":\"http:\/\/4.bp.blogspot.com\/_NkFZCwaWWJA\/SX55wFjXKWI\/AAAAAAAAAuI\/D-tOiBEwoTA\/s1600\/PaulaRomana.gif\",\"articleSection\":[\"Testemunhos\"],\"inLanguage\":\"pt-BR\",\"potentialAction\":[{\"@type\":\"CommentAction\",\"name\":\"Comment\",\"target\":[\"https:\/\/www.oarcanjo.net\/site\/santa-paula-romana\/#respond\"]}]},{\"@type\":\"WebPage\",\"@id\":\"https:\/\/www.oarcanjo.net\/site\/santa-paula-romana\/\",\"url\":\"https:\/\/www.oarcanjo.net\/site\/santa-paula-romana\/\",\"name\":\"Santa Paula Romana - O Arcanjo no ar\",\"isPartOf\":{\"@id\":\"https:\/\/www.oarcanjo.net\/site\/#website\"},\"primaryImageOfPage\":{\"@id\":\"https:\/\/www.oarcanjo.net\/site\/santa-paula-romana\/#primaryimage\"},\"image\":{\"@id\":\"https:\/\/www.oarcanjo.net\/site\/santa-paula-romana\/#primaryimage\"},\"thumbnailUrl\":\"http:\/\/4.bp.blogspot.com\/_NkFZCwaWWJA\/SX55wFjXKWI\/AAAAAAAAAuI\/D-tOiBEwoTA\/s1600\/PaulaRomana.gif\",\"datePublished\":\"2017-01-26T02:02:56+00:00\",\"dateModified\":\"2016-12-27T08:12:47+00:00\",\"breadcrumb\":{\"@id\":\"https:\/\/www.oarcanjo.net\/site\/santa-paula-romana\/#breadcrumb\"},\"inLanguage\":\"pt-BR\",\"potentialAction\":[{\"@type\":\"ReadAction\",\"target\":[\"https:\/\/www.oarcanjo.net\/site\/santa-paula-romana\/\"]}]},{\"@type\":\"ImageObject\",\"inLanguage\":\"pt-BR\",\"@id\":\"https:\/\/www.oarcanjo.net\/site\/santa-paula-romana\/#primaryimage\",\"url\":\"http:\/\/4.bp.blogspot.com\/_NkFZCwaWWJA\/SX55wFjXKWI\/AAAAAAAAAuI\/D-tOiBEwoTA\/s1600\/PaulaRomana.gif\",\"contentUrl\":\"http:\/\/4.bp.blogspot.com\/_NkFZCwaWWJA\/SX55wFjXKWI\/AAAAAAAAAuI\/D-tOiBEwoTA\/s1600\/PaulaRomana.gif\"},{\"@type\":\"BreadcrumbList\",\"@id\":\"https:\/\/www.oarcanjo.net\/site\/santa-paula-romana\/#breadcrumb\",\"itemListElement\":[{\"@type\":\"ListItem\",\"position\":1,\"name\":\"In\u00edcio\",\"item\":\"https:\/\/www.oarcanjo.net\/site\/\"},{\"@type\":\"ListItem\",\"position\":2,\"name\":\"Santa Paula Romana\"}]},{\"@type\":\"WebSite\",\"@id\":\"https:\/\/www.oarcanjo.net\/site\/#website\",\"url\":\"https:\/\/www.oarcanjo.net\/site\/\",\"name\":\"O Arcanjo no ar\",\"description\":\"Site da Par\u00f3quia S\u00e3o Miguel Arcanjo (Arquidiocese de SP)\",\"publisher\":{\"@id\":\"https:\/\/www.oarcanjo.net\/site\/#organization\"},\"potentialAction\":[{\"@type\":\"SearchAction\",\"target\":{\"@type\":\"EntryPoint\",\"urlTemplate\":\"https:\/\/www.oarcanjo.net\/site\/?s={search_term_string}\"},\"query-input\":{\"@type\":\"PropertyValueSpecification\",\"valueRequired\":true,\"valueName\":\"search_term_string\"}}],\"inLanguage\":\"pt-BR\"},{\"@type\":\"Organization\",\"@id\":\"https:\/\/www.oarcanjo.net\/site\/#organization\",\"name\":\"Par\u00f3quia S\u00e3o Miguel Arcanjo\",\"url\":\"https:\/\/www.oarcanjo.net\/site\/\",\"logo\":{\"@type\":\"ImageObject\",\"inLanguage\":\"pt-BR\",\"@id\":\"https:\/\/www.oarcanjo.net\/site\/#\/schema\/logo\/image\/\",\"url\":\"https:\/\/www.oarcanjo.net\/site\/wp-content\/uploads\/LogoOArcanjo.png\",\"contentUrl\":\"https:\/\/www.oarcanjo.net\/site\/wp-content\/uploads\/LogoOArcanjo.png\",\"width\":319,\"height\":99,\"caption\":\"Par\u00f3quia S\u00e3o Miguel Arcanjo\"},\"image\":{\"@id\":\"https:\/\/www.oarcanjo.net\/site\/#\/schema\/logo\/image\/\"},\"sameAs\":[\"https:\/\/www.facebook.com\/OArcanjoNoAr\/\"]},{\"@type\":\"Person\",\"@id\":\"https:\/\/www.oarcanjo.net\/site\/#\/schema\/person\/5eb9480bedd2f3c97e430ce128c29c6c\",\"name\":\"danilo\"}]}<\/script>\n<!-- \/ Yoast SEO plugin. -->","yoast_head_json":{"title":"Santa Paula Romana - O Arcanjo no ar","robots":{"index":"index","follow":"follow","max-snippet":"max-snippet:-1","max-image-preview":"max-image-preview:large","max-video-preview":"max-video-preview:-1"},"canonical":"https:\/\/www.oarcanjo.net\/site\/santa-paula-romana\/","og_locale":"pt_BR","og_type":"article","og_title":"Santa Paula Romana - O Arcanjo no ar","og_description":"26 de Janeiro Paula nasceu no ano de 347 em Roma, descendia de tradicional fam\u00edlia da nobreza desta corte. Aos quinze anos casou-se com Taxozio, que embora pag\u00e3o, tolerava os crist\u00e3os. Ela era riqu\u00edssima e vivia no esplendor da opul\u00eancia da aristocracia romana. Por\u00e9m esta condi\u00e7\u00e3o social n\u00e3o afetou seu car\u00e1ter, n\u00e3o era uma pessoa [&hellip;]","og_url":"https:\/\/www.oarcanjo.net\/site\/santa-paula-romana\/","og_site_name":"O Arcanjo no ar","article_publisher":"https:\/\/www.facebook.com\/OArcanjoNoAr\/","article_published_time":"2017-01-26T02:02:56+00:00","article_modified_time":"2016-12-27T08:12:47+00:00","og_image":[{"url":"http:\/\/4.bp.blogspot.com\/_NkFZCwaWWJA\/SX55wFjXKWI\/AAAAAAAAAuI\/D-tOiBEwoTA\/s1600\/PaulaRomana.gif"}],"author":"danilo","twitter_card":"summary_large_image","twitter_misc":{"Escrito por":"danilo","Est. tempo de leitura":"3 minutos"},"schema":{"@context":"https:\/\/schema.org","@graph":[{"@type":"Article","@id":"https:\/\/www.oarcanjo.net\/site\/santa-paula-romana\/#article","isPartOf":{"@id":"https:\/\/www.oarcanjo.net\/site\/santa-paula-romana\/"},"author":{"name":"danilo","@id":"https:\/\/www.oarcanjo.net\/site\/#\/schema\/person\/5eb9480bedd2f3c97e430ce128c29c6c"},"headline":"Santa Paula Romana","datePublished":"2017-01-26T02:02:56+00:00","dateModified":"2016-12-27T08:12:47+00:00","mainEntityOfPage":{"@id":"https:\/\/www.oarcanjo.net\/site\/santa-paula-romana\/"},"wordCount":505,"commentCount":0,"publisher":{"@id":"https:\/\/www.oarcanjo.net\/site\/#organization"},"image":{"@id":"https:\/\/www.oarcanjo.net\/site\/santa-paula-romana\/#primaryimage"},"thumbnailUrl":"http:\/\/4.bp.blogspot.com\/_NkFZCwaWWJA\/SX55wFjXKWI\/AAAAAAAAAuI\/D-tOiBEwoTA\/s1600\/PaulaRomana.gif","articleSection":["Testemunhos"],"inLanguage":"pt-BR","potentialAction":[{"@type":"CommentAction","name":"Comment","target":["https:\/\/www.oarcanjo.net\/site\/santa-paula-romana\/#respond"]}]},{"@type":"WebPage","@id":"https:\/\/www.oarcanjo.net\/site\/santa-paula-romana\/","url":"https:\/\/www.oarcanjo.net\/site\/santa-paula-romana\/","name":"Santa Paula Romana - O Arcanjo no ar","isPartOf":{"@id":"https:\/\/www.oarcanjo.net\/site\/#website"},"primaryImageOfPage":{"@id":"https:\/\/www.oarcanjo.net\/site\/santa-paula-romana\/#primaryimage"},"image":{"@id":"https:\/\/www.oarcanjo.net\/site\/santa-paula-romana\/#primaryimage"},"thumbnailUrl":"http:\/\/4.bp.blogspot.com\/_NkFZCwaWWJA\/SX55wFjXKWI\/AAAAAAAAAuI\/D-tOiBEwoTA\/s1600\/PaulaRomana.gif","datePublished":"2017-01-26T02:02:56+00:00","dateModified":"2016-12-27T08:12:47+00:00","breadcrumb":{"@id":"https:\/\/www.oarcanjo.net\/site\/santa-paula-romana\/#breadcrumb"},"inLanguage":"pt-BR","potentialAction":[{"@type":"ReadAction","target":["https:\/\/www.oarcanjo.net\/site\/santa-paula-romana\/"]}]},{"@type":"ImageObject","inLanguage":"pt-BR","@id":"https:\/\/www.oarcanjo.net\/site\/santa-paula-romana\/#primaryimage","url":"http:\/\/4.bp.blogspot.com\/_NkFZCwaWWJA\/SX55wFjXKWI\/AAAAAAAAAuI\/D-tOiBEwoTA\/s1600\/PaulaRomana.gif","contentUrl":"http:\/\/4.bp.blogspot.com\/_NkFZCwaWWJA\/SX55wFjXKWI\/AAAAAAAAAuI\/D-tOiBEwoTA\/s1600\/PaulaRomana.gif"},{"@type":"BreadcrumbList","@id":"https:\/\/www.oarcanjo.net\/site\/santa-paula-romana\/#breadcrumb","itemListElement":[{"@type":"ListItem","position":1,"name":"In\u00edcio","item":"https:\/\/www.oarcanjo.net\/site\/"},{"@type":"ListItem","position":2,"name":"Santa Paula Romana"}]},{"@type":"WebSite","@id":"https:\/\/www.oarcanjo.net\/site\/#website","url":"https:\/\/www.oarcanjo.net\/site\/","name":"O Arcanjo no ar","description":"Site da Par\u00f3quia S\u00e3o Miguel Arcanjo (Arquidiocese de SP)","publisher":{"@id":"https:\/\/www.oarcanjo.net\/site\/#organization"},"potentialAction":[{"@type":"SearchAction","target":{"@type":"EntryPoint","urlTemplate":"https:\/\/www.oarcanjo.net\/site\/?s={search_term_string}"},"query-input":{"@type":"PropertyValueSpecification","valueRequired":true,"valueName":"search_term_string"}}],"inLanguage":"pt-BR"},{"@type":"Organization","@id":"https:\/\/www.oarcanjo.net\/site\/#organization","name":"Par\u00f3quia S\u00e3o Miguel Arcanjo","url":"https:\/\/www.oarcanjo.net\/site\/","logo":{"@type":"ImageObject","inLanguage":"pt-BR","@id":"https:\/\/www.oarcanjo.net\/site\/#\/schema\/logo\/image\/","url":"https:\/\/www.oarcanjo.net\/site\/wp-content\/uploads\/LogoOArcanjo.png","contentUrl":"https:\/\/www.oarcanjo.net\/site\/wp-content\/uploads\/LogoOArcanjo.png","width":319,"height":99,"caption":"Par\u00f3quia S\u00e3o Miguel Arcanjo"},"image":{"@id":"https:\/\/www.oarcanjo.net\/site\/#\/schema\/logo\/image\/"},"sameAs":["https:\/\/www.facebook.com\/OArcanjoNoAr\/"]},{"@type":"Person","@id":"https:\/\/www.oarcanjo.net\/site\/#\/schema\/person\/5eb9480bedd2f3c97e430ce128c29c6c","name":"danilo"}]}},"publishpress_future_action":{"enabled":false,"date":"2026-05-08 13:44:33","action":"category","newStatus":"draft","terms":[],"taxonomy":"category"},"publishpress_future_workflow_manual_trigger":{"enabledWorkflows":[]},"_links":{"self":[{"href":"https:\/\/www.oarcanjo.net\/site\/wp-json\/wp\/v2\/posts\/7480"}],"collection":[{"href":"https:\/\/www.oarcanjo.net\/site\/wp-json\/wp\/v2\/posts"}],"about":[{"href":"https:\/\/www.oarcanjo.net\/site\/wp-json\/wp\/v2\/types\/post"}],"author":[{"embeddable":true,"href":"https:\/\/www.oarcanjo.net\/site\/wp-json\/wp\/v2\/users\/14"}],"replies":[{"embeddable":true,"href":"https:\/\/www.oarcanjo.net\/site\/wp-json\/wp\/v2\/comments?post=7480"}],"version-history":[{"count":0,"href":"https:\/\/www.oarcanjo.net\/site\/wp-json\/wp\/v2\/posts\/7480\/revisions"}],"wp:attachment":[{"href":"https:\/\/www.oarcanjo.net\/site\/wp-json\/wp\/v2\/media?parent=7480"}],"wp:term":[{"taxonomy":"category","embeddable":true,"href":"https:\/\/www.oarcanjo.net\/site\/wp-json\/wp\/v2\/categories?post=7480"},{"taxonomy":"post_tag","embeddable":true,"href":"https:\/\/www.oarcanjo.net\/site\/wp-json\/wp\/v2\/tags?post=7480"}],"curies":[{"name":"wp","href":"https:\/\/api.w.org\/{rel}","templated":true}]}}