
{"id":7482,"date":"2017-01-26T00:30:54","date_gmt":"2017-01-26T02:30:54","guid":{"rendered":"http:\/\/www.oarcanjo.net\/site\/?p=7482"},"modified":"2016-12-27T06:11:08","modified_gmt":"2016-12-27T08:11:08","slug":"sao-timoteo","status":"publish","type":"post","link":"https:\/\/www.oarcanjo.net\/site\/sao-timoteo\/","title":{"rendered":"S\u00e3o Tim\u00f3teo"},"content":{"rendered":"<p><img decoding=\"async\" src=\"http:\/\/www.portalangels.com\/santo_do_dia\/S2601A.gif\" alt=\"\" \/><\/p>\n<p>26 de Janeiro<\/p>\n<p>O calend\u00e1rio da Igreja volta a homenagear Tim\u00f3teo, agora juntamente com Tito, por terem ambos vivenciado toda a experi\u00eancia de S\u00e3o Paulo, escolhendo por este motivo, o dia ap\u00f3s a celebra\u00e7\u00e3o da convers\u00e3o do ap\u00f3stolo. Os dois t\u00eam suas p\u00e1ginas individuais, destacando suas vidas.<\/p>\n<p>Um santo muito antigo, venerado h\u00e1 muitos e muitos s\u00e9culos, morreu no ano de 97. Tim\u00f3teo era o &#8220;bra\u00e7o direito&#8221; do ap\u00f3stolo Paulo, seu grande amigo e companheiro, sendo considerado, ao lado do mestre, como o primeiro e corajoso pregador do cristianismo. Quase sempre evangelizaram juntos, mas por v\u00e1rias vezes, Paulo o mandou como representante, em quase todos os lugares importantes daquela \u00e9poca, enquanto ele pr\u00f3prio abria novos caminhos.<\/p>\n<p>Tim\u00f3teo nasceu em Listra, \u00c1sia. Seu pai era grego e pag\u00e3o, a m\u00e3e se chamava Eunice e era judia. Foi educado dentro do juda\u00edsmo. Assim, quando o ap\u00f3stolo Paulo esteve naquela cidade, tanto sua av\u00f3, m\u00e3e e ele pr\u00f3prio, ent\u00e3o com vinte anos, se converteram. A partir da\u00ed, Tim\u00f3teo decidiu que o seguiria e nunca mais se afastou do santo ap\u00f3stolo.<\/p>\n<p>Fiel colaborador de Paulo, o acompanhou em suas viagens a Filipos, Tessal\u00f4nica, Atenas, Corinto, \u00c9feso e Roma. Exceto quando ele o enviava para algumas miss\u00f5es nas igrejas que tinham fundado, com o objetivo de corrigir erros e manter a paz. Como fez em Tessal\u00f4nica, com o seu aspecto de rapaz fr\u00e1gil. Por\u00e9m &#8220;que ningu\u00e9m despreze a tua jovem idade&#8221;, lhe escreveu Paulo na primeira das duas cartas pessoais. E aos crist\u00e3os de Corinto o apresenta assim: &#8220;Estou lhes mandando Tim\u00f3teo, meu filho dileto e fiel no Senhor: manter\u00e1 em suas mem\u00f3rias os caminhos que lhes ensinei&#8221;.<\/p>\n<p>Na Palestina, o ap\u00f3stolo ficou preso durante dois anos e tudo indica que Tim\u00f3teo foi seu companheiro nessa situa\u00e7\u00e3o tamb\u00e9m. Mas ao final deste per\u00edodo, ele foi colocado em liberdade, enquanto Paulo era levado para Roma.<\/p>\n<p>Quando Paulo retornou, por volta do ano 66, Tim\u00f3teo era o bispo de \u00c9feso e, com este cargo, foi nomeado pelo ap\u00f3stolo para liderar a Igreja da \u00c1sia Menor. As ep\u00edstolas de Paulo, \u00e0 ele endere\u00e7adas, viraram pura literatura crist\u00e3 e se tornaram documentos preciosos de todos os tempos, como leme e b\u00fassola para a Igreja.<br \/>\nMas, a sua morte nos ilustra muito bem o que era ser crist\u00e3o e ap\u00f3stolo naquela \u00e9poca. Durante uma grande festa onde era adorada a deusa Diana, Tim\u00f3teo se colocou no centro dos pag\u00e3os e, tentando convert\u00ea-los, iniciou um severo discurso criticando e repreendendo o culto herege. Como resposta, os pag\u00e3os o mataram a pedradas e pauladas.<\/p>\n<p>O ap\u00f3stolo Paulo, escreveu a segunda carta a Tim\u00f3teo estando de novo na pris\u00e3o, a espera de sua morte: &#8220;Procure vir para junto de mim&#8221;. Muitos, de fato, o haviam abandonado; o fiel Tito estava na Dalm\u00e1cia; o frio o fazia sofrer e ele recomenda a Tim\u00f3teo; &#8220;Traga-me o manto que deixei em Troadi&#8221;.<\/p>\n<div id=\"themify_builder_content-7482\" data-postid=\"7482\" class=\"themify_builder_content themify_builder_content-7482 themify_builder themify_builder_front\">\n\t<\/div>\n<!-- \/themify_builder_content -->","protected":false},"excerpt":{"rendered":"<p>26 de Janeiro O calend\u00e1rio da Igreja volta a homenagear Tim\u00f3teo, agora juntamente com Tito, por terem ambos vivenciado toda a experi\u00eancia de S\u00e3o Paulo, escolhendo por este motivo, o dia ap\u00f3s a celebra\u00e7\u00e3o da convers\u00e3o do ap\u00f3stolo. Os dois t\u00eam suas p\u00e1ginas individuais, destacando suas vidas. Um santo muito antigo, venerado h\u00e1 muitos e [&hellip;]<\/p>\n","protected":false},"author":14,"featured_media":0,"comment_status":"open","ping_status":"open","sticky":false,"template":"","format":"standard","meta":{"ngg_post_thumbnail":0,"footnotes":""},"categories":[186],"tags":[],"yoast_head":"<!-- This site is optimized with the Yoast SEO plugin v23.5 - https:\/\/yoast.com\/wordpress\/plugins\/seo\/ -->\n<title>S\u00e3o Tim\u00f3teo - O Arcanjo no ar<\/title>\n<meta name=\"robots\" content=\"index, follow, max-snippet:-1, max-image-preview:large, max-video-preview:-1\" \/>\n<link rel=\"canonical\" href=\"https:\/\/www.oarcanjo.net\/site\/sao-timoteo\/\" \/>\n<meta property=\"og:locale\" content=\"pt_BR\" \/>\n<meta property=\"og:type\" content=\"article\" \/>\n<meta property=\"og:title\" content=\"S\u00e3o Tim\u00f3teo - O Arcanjo no ar\" \/>\n<meta property=\"og:description\" content=\"26 de Janeiro O calend\u00e1rio da Igreja volta a homenagear Tim\u00f3teo, agora juntamente com Tito, por terem ambos vivenciado toda a experi\u00eancia de S\u00e3o Paulo, escolhendo por este motivo, o dia ap\u00f3s a celebra\u00e7\u00e3o da convers\u00e3o do ap\u00f3stolo. Os dois t\u00eam suas p\u00e1ginas individuais, destacando suas vidas. Um santo muito antigo, venerado h\u00e1 muitos e [&hellip;]\" \/>\n<meta property=\"og:url\" content=\"https:\/\/www.oarcanjo.net\/site\/sao-timoteo\/\" \/>\n<meta property=\"og:site_name\" content=\"O Arcanjo no ar\" \/>\n<meta property=\"article:publisher\" content=\"https:\/\/www.facebook.com\/OArcanjoNoAr\/\" \/>\n<meta property=\"article:published_time\" content=\"2017-01-26T02:30:54+00:00\" \/>\n<meta property=\"article:modified_time\" content=\"2016-12-27T08:11:08+00:00\" \/>\n<meta property=\"og:image\" content=\"http:\/\/www.portalangels.com\/santo_do_dia\/S2601A.gif\" \/>\n<meta name=\"author\" content=\"danilo\" \/>\n<meta name=\"twitter:card\" content=\"summary_large_image\" \/>\n<meta name=\"twitter:label1\" content=\"Escrito por\" \/>\n\t<meta name=\"twitter:data1\" content=\"danilo\" \/>\n\t<meta name=\"twitter:label2\" content=\"Est. tempo de leitura\" \/>\n\t<meta name=\"twitter:data2\" content=\"3 minutos\" \/>\n<script type=\"application\/ld+json\" class=\"yoast-schema-graph\">{\"@context\":\"https:\/\/schema.org\",\"@graph\":[{\"@type\":\"Article\",\"@id\":\"https:\/\/www.oarcanjo.net\/site\/sao-timoteo\/#article\",\"isPartOf\":{\"@id\":\"https:\/\/www.oarcanjo.net\/site\/sao-timoteo\/\"},\"author\":{\"name\":\"danilo\",\"@id\":\"https:\/\/www.oarcanjo.net\/site\/#\/schema\/person\/5eb9480bedd2f3c97e430ce128c29c6c\"},\"headline\":\"S\u00e3o Tim\u00f3teo\",\"datePublished\":\"2017-01-26T02:30:54+00:00\",\"dateModified\":\"2016-12-27T08:11:08+00:00\",\"mainEntityOfPage\":{\"@id\":\"https:\/\/www.oarcanjo.net\/site\/sao-timoteo\/\"},\"wordCount\":532,\"commentCount\":0,\"publisher\":{\"@id\":\"https:\/\/www.oarcanjo.net\/site\/#organization\"},\"image\":{\"@id\":\"https:\/\/www.oarcanjo.net\/site\/sao-timoteo\/#primaryimage\"},\"thumbnailUrl\":\"http:\/\/www.portalangels.com\/santo_do_dia\/S2601A.gif\",\"articleSection\":[\"Testemunhos\"],\"inLanguage\":\"pt-BR\",\"potentialAction\":[{\"@type\":\"CommentAction\",\"name\":\"Comment\",\"target\":[\"https:\/\/www.oarcanjo.net\/site\/sao-timoteo\/#respond\"]}]},{\"@type\":\"WebPage\",\"@id\":\"https:\/\/www.oarcanjo.net\/site\/sao-timoteo\/\",\"url\":\"https:\/\/www.oarcanjo.net\/site\/sao-timoteo\/\",\"name\":\"S\u00e3o Tim\u00f3teo - O Arcanjo no ar\",\"isPartOf\":{\"@id\":\"https:\/\/www.oarcanjo.net\/site\/#website\"},\"primaryImageOfPage\":{\"@id\":\"https:\/\/www.oarcanjo.net\/site\/sao-timoteo\/#primaryimage\"},\"image\":{\"@id\":\"https:\/\/www.oarcanjo.net\/site\/sao-timoteo\/#primaryimage\"},\"thumbnailUrl\":\"http:\/\/www.portalangels.com\/santo_do_dia\/S2601A.gif\",\"datePublished\":\"2017-01-26T02:30:54+00:00\",\"dateModified\":\"2016-12-27T08:11:08+00:00\",\"breadcrumb\":{\"@id\":\"https:\/\/www.oarcanjo.net\/site\/sao-timoteo\/#breadcrumb\"},\"inLanguage\":\"pt-BR\",\"potentialAction\":[{\"@type\":\"ReadAction\",\"target\":[\"https:\/\/www.oarcanjo.net\/site\/sao-timoteo\/\"]}]},{\"@type\":\"ImageObject\",\"inLanguage\":\"pt-BR\",\"@id\":\"https:\/\/www.oarcanjo.net\/site\/sao-timoteo\/#primaryimage\",\"url\":\"http:\/\/www.portalangels.com\/santo_do_dia\/S2601A.gif\",\"contentUrl\":\"http:\/\/www.portalangels.com\/santo_do_dia\/S2601A.gif\"},{\"@type\":\"BreadcrumbList\",\"@id\":\"https:\/\/www.oarcanjo.net\/site\/sao-timoteo\/#breadcrumb\",\"itemListElement\":[{\"@type\":\"ListItem\",\"position\":1,\"name\":\"In\u00edcio\",\"item\":\"https:\/\/www.oarcanjo.net\/site\/\"},{\"@type\":\"ListItem\",\"position\":2,\"name\":\"S\u00e3o Tim\u00f3teo\"}]},{\"@type\":\"WebSite\",\"@id\":\"https:\/\/www.oarcanjo.net\/site\/#website\",\"url\":\"https:\/\/www.oarcanjo.net\/site\/\",\"name\":\"O Arcanjo no ar\",\"description\":\"Site da Par\u00f3quia S\u00e3o Miguel Arcanjo (Arquidiocese de SP)\",\"publisher\":{\"@id\":\"https:\/\/www.oarcanjo.net\/site\/#organization\"},\"potentialAction\":[{\"@type\":\"SearchAction\",\"target\":{\"@type\":\"EntryPoint\",\"urlTemplate\":\"https:\/\/www.oarcanjo.net\/site\/?s={search_term_string}\"},\"query-input\":{\"@type\":\"PropertyValueSpecification\",\"valueRequired\":true,\"valueName\":\"search_term_string\"}}],\"inLanguage\":\"pt-BR\"},{\"@type\":\"Organization\",\"@id\":\"https:\/\/www.oarcanjo.net\/site\/#organization\",\"name\":\"Par\u00f3quia S\u00e3o Miguel Arcanjo\",\"url\":\"https:\/\/www.oarcanjo.net\/site\/\",\"logo\":{\"@type\":\"ImageObject\",\"inLanguage\":\"pt-BR\",\"@id\":\"https:\/\/www.oarcanjo.net\/site\/#\/schema\/logo\/image\/\",\"url\":\"https:\/\/www.oarcanjo.net\/site\/wp-content\/uploads\/LogoOArcanjo.png\",\"contentUrl\":\"https:\/\/www.oarcanjo.net\/site\/wp-content\/uploads\/LogoOArcanjo.png\",\"width\":319,\"height\":99,\"caption\":\"Par\u00f3quia S\u00e3o Miguel Arcanjo\"},\"image\":{\"@id\":\"https:\/\/www.oarcanjo.net\/site\/#\/schema\/logo\/image\/\"},\"sameAs\":[\"https:\/\/www.facebook.com\/OArcanjoNoAr\/\"]},{\"@type\":\"Person\",\"@id\":\"https:\/\/www.oarcanjo.net\/site\/#\/schema\/person\/5eb9480bedd2f3c97e430ce128c29c6c\",\"name\":\"danilo\"}]}<\/script>\n<!-- \/ Yoast SEO plugin. -->","yoast_head_json":{"title":"S\u00e3o Tim\u00f3teo - O Arcanjo no ar","robots":{"index":"index","follow":"follow","max-snippet":"max-snippet:-1","max-image-preview":"max-image-preview:large","max-video-preview":"max-video-preview:-1"},"canonical":"https:\/\/www.oarcanjo.net\/site\/sao-timoteo\/","og_locale":"pt_BR","og_type":"article","og_title":"S\u00e3o Tim\u00f3teo - O Arcanjo no ar","og_description":"26 de Janeiro O calend\u00e1rio da Igreja volta a homenagear Tim\u00f3teo, agora juntamente com Tito, por terem ambos vivenciado toda a experi\u00eancia de S\u00e3o Paulo, escolhendo por este motivo, o dia ap\u00f3s a celebra\u00e7\u00e3o da convers\u00e3o do ap\u00f3stolo. Os dois t\u00eam suas p\u00e1ginas individuais, destacando suas vidas. Um santo muito antigo, venerado h\u00e1 muitos e [&hellip;]","og_url":"https:\/\/www.oarcanjo.net\/site\/sao-timoteo\/","og_site_name":"O Arcanjo no ar","article_publisher":"https:\/\/www.facebook.com\/OArcanjoNoAr\/","article_published_time":"2017-01-26T02:30:54+00:00","article_modified_time":"2016-12-27T08:11:08+00:00","og_image":[{"url":"http:\/\/www.portalangels.com\/santo_do_dia\/S2601A.gif"}],"author":"danilo","twitter_card":"summary_large_image","twitter_misc":{"Escrito por":"danilo","Est. tempo de leitura":"3 minutos"},"schema":{"@context":"https:\/\/schema.org","@graph":[{"@type":"Article","@id":"https:\/\/www.oarcanjo.net\/site\/sao-timoteo\/#article","isPartOf":{"@id":"https:\/\/www.oarcanjo.net\/site\/sao-timoteo\/"},"author":{"name":"danilo","@id":"https:\/\/www.oarcanjo.net\/site\/#\/schema\/person\/5eb9480bedd2f3c97e430ce128c29c6c"},"headline":"S\u00e3o Tim\u00f3teo","datePublished":"2017-01-26T02:30:54+00:00","dateModified":"2016-12-27T08:11:08+00:00","mainEntityOfPage":{"@id":"https:\/\/www.oarcanjo.net\/site\/sao-timoteo\/"},"wordCount":532,"commentCount":0,"publisher":{"@id":"https:\/\/www.oarcanjo.net\/site\/#organization"},"image":{"@id":"https:\/\/www.oarcanjo.net\/site\/sao-timoteo\/#primaryimage"},"thumbnailUrl":"http:\/\/www.portalangels.com\/santo_do_dia\/S2601A.gif","articleSection":["Testemunhos"],"inLanguage":"pt-BR","potentialAction":[{"@type":"CommentAction","name":"Comment","target":["https:\/\/www.oarcanjo.net\/site\/sao-timoteo\/#respond"]}]},{"@type":"WebPage","@id":"https:\/\/www.oarcanjo.net\/site\/sao-timoteo\/","url":"https:\/\/www.oarcanjo.net\/site\/sao-timoteo\/","name":"S\u00e3o Tim\u00f3teo - O Arcanjo no ar","isPartOf":{"@id":"https:\/\/www.oarcanjo.net\/site\/#website"},"primaryImageOfPage":{"@id":"https:\/\/www.oarcanjo.net\/site\/sao-timoteo\/#primaryimage"},"image":{"@id":"https:\/\/www.oarcanjo.net\/site\/sao-timoteo\/#primaryimage"},"thumbnailUrl":"http:\/\/www.portalangels.com\/santo_do_dia\/S2601A.gif","datePublished":"2017-01-26T02:30:54+00:00","dateModified":"2016-12-27T08:11:08+00:00","breadcrumb":{"@id":"https:\/\/www.oarcanjo.net\/site\/sao-timoteo\/#breadcrumb"},"inLanguage":"pt-BR","potentialAction":[{"@type":"ReadAction","target":["https:\/\/www.oarcanjo.net\/site\/sao-timoteo\/"]}]},{"@type":"ImageObject","inLanguage":"pt-BR","@id":"https:\/\/www.oarcanjo.net\/site\/sao-timoteo\/#primaryimage","url":"http:\/\/www.portalangels.com\/santo_do_dia\/S2601A.gif","contentUrl":"http:\/\/www.portalangels.com\/santo_do_dia\/S2601A.gif"},{"@type":"BreadcrumbList","@id":"https:\/\/www.oarcanjo.net\/site\/sao-timoteo\/#breadcrumb","itemListElement":[{"@type":"ListItem","position":1,"name":"In\u00edcio","item":"https:\/\/www.oarcanjo.net\/site\/"},{"@type":"ListItem","position":2,"name":"S\u00e3o Tim\u00f3teo"}]},{"@type":"WebSite","@id":"https:\/\/www.oarcanjo.net\/site\/#website","url":"https:\/\/www.oarcanjo.net\/site\/","name":"O Arcanjo no ar","description":"Site da Par\u00f3quia S\u00e3o Miguel Arcanjo (Arquidiocese de SP)","publisher":{"@id":"https:\/\/www.oarcanjo.net\/site\/#organization"},"potentialAction":[{"@type":"SearchAction","target":{"@type":"EntryPoint","urlTemplate":"https:\/\/www.oarcanjo.net\/site\/?s={search_term_string}"},"query-input":{"@type":"PropertyValueSpecification","valueRequired":true,"valueName":"search_term_string"}}],"inLanguage":"pt-BR"},{"@type":"Organization","@id":"https:\/\/www.oarcanjo.net\/site\/#organization","name":"Par\u00f3quia S\u00e3o Miguel Arcanjo","url":"https:\/\/www.oarcanjo.net\/site\/","logo":{"@type":"ImageObject","inLanguage":"pt-BR","@id":"https:\/\/www.oarcanjo.net\/site\/#\/schema\/logo\/image\/","url":"https:\/\/www.oarcanjo.net\/site\/wp-content\/uploads\/LogoOArcanjo.png","contentUrl":"https:\/\/www.oarcanjo.net\/site\/wp-content\/uploads\/LogoOArcanjo.png","width":319,"height":99,"caption":"Par\u00f3quia S\u00e3o Miguel Arcanjo"},"image":{"@id":"https:\/\/www.oarcanjo.net\/site\/#\/schema\/logo\/image\/"},"sameAs":["https:\/\/www.facebook.com\/OArcanjoNoAr\/"]},{"@type":"Person","@id":"https:\/\/www.oarcanjo.net\/site\/#\/schema\/person\/5eb9480bedd2f3c97e430ce128c29c6c","name":"danilo"}]}},"publishpress_future_action":{"enabled":false,"date":"2026-05-08 15:12:05","action":"category","newStatus":"draft","terms":[],"taxonomy":"category"},"publishpress_future_workflow_manual_trigger":{"enabledWorkflows":[]},"_links":{"self":[{"href":"https:\/\/www.oarcanjo.net\/site\/wp-json\/wp\/v2\/posts\/7482"}],"collection":[{"href":"https:\/\/www.oarcanjo.net\/site\/wp-json\/wp\/v2\/posts"}],"about":[{"href":"https:\/\/www.oarcanjo.net\/site\/wp-json\/wp\/v2\/types\/post"}],"author":[{"embeddable":true,"href":"https:\/\/www.oarcanjo.net\/site\/wp-json\/wp\/v2\/users\/14"}],"replies":[{"embeddable":true,"href":"https:\/\/www.oarcanjo.net\/site\/wp-json\/wp\/v2\/comments?post=7482"}],"version-history":[{"count":0,"href":"https:\/\/www.oarcanjo.net\/site\/wp-json\/wp\/v2\/posts\/7482\/revisions"}],"wp:attachment":[{"href":"https:\/\/www.oarcanjo.net\/site\/wp-json\/wp\/v2\/media?parent=7482"}],"wp:term":[{"taxonomy":"category","embeddable":true,"href":"https:\/\/www.oarcanjo.net\/site\/wp-json\/wp\/v2\/categories?post=7482"},{"taxonomy":"post_tag","embeddable":true,"href":"https:\/\/www.oarcanjo.net\/site\/wp-json\/wp\/v2\/tags?post=7482"}],"curies":[{"name":"wp","href":"https:\/\/api.w.org\/{rel}","templated":true}]}}