
{"id":7484,"date":"2017-01-26T00:40:14","date_gmt":"2017-01-26T02:40:14","guid":{"rendered":"http:\/\/www.oarcanjo.net\/site\/?p=7484"},"modified":"2016-12-27T06:10:51","modified_gmt":"2016-12-27T08:10:51","slug":"sao-tito","status":"publish","type":"post","link":"https:\/\/www.oarcanjo.net\/site\/sao-tito\/","title":{"rendered":"S\u00e3o Tito"},"content":{"rendered":"<p><img loading=\"lazy\" decoding=\"async\" src=\"http:\/\/2.bp.blogspot.com\/_H2elBkDVbtQ\/SaamGgST10I\/AAAAAAAACHo\/QyKKzV4R2q0\/S240\/S%C3%83O+TITO.jpg\" alt=\"S\u00c3O TITO\" width=\"89\" height=\"115\" \/><\/p>\n<p>26 de Janeiro<\/p>\n<p>Tito veio do mundo pag\u00e3o e Tim\u00f3teo veio do mundo judeu. Trabalharam com o ap\u00f3stolo Paulo, que os liderou sem lhes tirar o brilho. E deu \u00e0 eles &#8220;a gloria de uma perene lembran\u00e7a&#8221;, como disse Eus\u00e9bio de Cesarea no primeiro mil\u00eanio, e ser\u00e1 ainda assim nos outros que se seguir\u00e3o: toda a Igreja os veneram juntos. Mas suas trajet\u00f3rias foram t\u00e3o distintas, que s\u00e3o relatadas em p\u00e1ginas individuais.<\/p>\n<p>As \u00fanicas informa\u00e7\u00f5es concretas nos s\u00e3o dadas pelas cartas do ap\u00f3stolo Paulo. Tito era grego e pag\u00e3o. Ainda jovem se converteu ao cristianismo e se tornou companheiro e inestim\u00e1vel colaborador do ap\u00f3stolo. Quando Paulo disse a Tito: &#8220;Isto deves ensinar, recomendar e reprovar com toda autoridade&#8221;, fez surgir um outro grande evangelizador, que permaneceu trabalhando ao seu lado.<\/p>\n<p>Encarregado pelo ap\u00f3stolo para executar importantes miss\u00f5es, foi uma vez a Jerusal\u00e9m para entregar a import\u00e2ncia duma coleta em favor dos crist\u00e3os pobres. . &#8220;Meu companheiro e colaborador&#8221; como escreveu o ap\u00f3stolo na segunda carta aos Corintos. Companheiro dos momentos importantes, como a famosa reuni\u00e3o do conc\u00edlio de Jerusal\u00e9m, que tratou da necessidade de renova\u00e7\u00e3o e diversifica\u00e7\u00e3o dos ritos devido a evangeliza\u00e7\u00e3o no mundo pag\u00e3o. Tito, por\u00e9m, foi tamb\u00e9m um mediador persuasivo, e entusiasmou Paulo resolvendo uma grave crise entre ele e os Corintos.<\/p>\n<p>Entre os anos 64 e 65, tendo sido libertado da pris\u00e3o romana o ap\u00f3stolo Paulo foi com ele para a ilha de Creta, onde fundou uma comunidade crist\u00e3, que confiou \u00e0 Tito. Mais tarde, visitou a Paulo em Nic\u00f3polis. Voltou novamente \u00e0 Ilha de Creta, onde recebeu uma carta do pr\u00f3prio mestre, Paulo, que figura entre os livros sagrados. Depois, retornou \u00e0 Roma para se avistar com o ap\u00f3stolo que o mandou provavelmente evangelizar a Dalm\u00e1cia, onde seu culto ainda hoje \u00e9 intenso.<\/p>\n<p>Segundo a tradi\u00e7\u00e3o mais antiga, Tito permaneceu como bispo de Creta at\u00e9 sua morte, que ocorreu em idade avan\u00e7ada, por causa natural e n\u00e3o por mart\u00edrio. Ele teria conservado a virgindade at\u00e9 a morte. S\u00e3o Paulo o chama repetidamente &#8220;meu companheiro e colaborador&#8221;, e na segunda carta aos Corintos, num momento de especial amargura, diz: &#8220;Deus me consolou com a chegada de Tito&#8221;.<\/p>\n<p>As tr\u00eas cartas escritas pelo ap\u00f3stolo Paulo a estes dois disc\u00edpulos t\u00eam alto valor, pelo conte\u00fado exclusivamente pastoral, de tal modo que podem ser consideradas como primeiro guia pastoral dos bispos de todos os tempos.<\/p>\n<p><img decoding=\"async\" src=\"http:\/\/www.cademeusanto.com.br\/STitus1.jpg\" alt=\"\" \/><\/p>\n<p>S\u00e3o Tim\u00f3teo e S\u00e3o Tito<\/p>\n<p><img decoding=\"async\" src=\"http:\/\/1.bp.blogspot.com\/_VsL8VkjSZWw\/SX0gLo4_DdI\/AAAAAAAAAwg\/V4cKmzTkNCQ\/s400\/timoteo(2).jpg\" border=\"0\" alt=\"\" \/><\/p>\n<p>Seus nomes est\u00e3o associados aos primeiros passos da Igreja no mundo.<\/p>\n<p>Paulo tinha predile\u00e7\u00e3o por eles, pois o serviram fielmente. A fim de que desempenhassem melhor os seus trabalhos, o Ap\u00f3stolo lhes escreve tr\u00eas cartas, que hoje figuram no Novo Testamento.<\/p>\n<p>Tim\u00f3teo era natural de Listra de Lica\u00f4nia. Seu pai era gentio e sua m\u00e3e, Judia. Tim\u00f3teo foi educado na lei de Mois\u00e9s e , provavelmente, Paulo o batizou durante sua primeira estada em Listra. A partir de ent\u00e3o, Tim\u00f3teo acompanhar\u00e1 a Paulo em suas Viagens apost\u00f3licas pelo Oriente. Finalmente, o Ap\u00f3stolo o chama a Roma, para que o assista em seus \u00faltimos momentos, pois j\u00e1 sente a proximidade do mart\u00edrio. Quando vier, escreve Paulo a Tim\u00f3teo, traga a capa que deixei em Tro\u00e2de, em casa de Carpo. Ap\u00f3stolo sente o frio da solid\u00e3o:<em>&#8220;Todos me abandonaram!<\/em>&#8220;, e entrega a Tim\u00f3teo a miss\u00e3o da prega\u00e7\u00e3o e da evangeliza\u00e7\u00e3o.<\/p>\n<p>Tim\u00f3teo foi bispo de \u00c9feso, onde provavelmente morreu martirizado em 95 d.C.<\/p>\n<p>Quando a Tito, Paulo o Chamava de meu verdadeiro filho segundo a f\u00e9 comum. Ignoramos seu nascimento. Pode ter sido antioqueno ou grego. Por\u00e9m, sabemos com certeza que estava junto ao Ap\u00f3stolo em sua famosa viagem a Jerusal\u00e9m. Ali, Paulo se nega a permitir que circuncidem a Tito, como s\u00edmbolo da liberdade diante da lei de Mois\u00e9s, j\u00e1 cumprida por Jesus Cristo em favor dos gentios. A tradi\u00e7\u00e3o reza ter sido Tito o primeiro bispo de Creta.<\/p>\n<p>O Novo Testamento conserva duas cartas de Paulo a Tim\u00f3teo e uma a Tito, nas quais lhes transmite instru\u00e7\u00f5es sobre a evangeliza\u00e7\u00e3o dos judeus e pag\u00e3os e sobre como devem fazer para melhor pregar o Evangelho.<\/p>\n<div id=\"themify_builder_content-7484\" data-postid=\"7484\" class=\"themify_builder_content themify_builder_content-7484 themify_builder themify_builder_front\">\n\t<\/div>\n<!-- \/themify_builder_content -->","protected":false},"excerpt":{"rendered":"<p>26 de Janeiro Tito veio do mundo pag\u00e3o e Tim\u00f3teo veio do mundo judeu. Trabalharam com o ap\u00f3stolo Paulo, que os liderou sem lhes tirar o brilho. E deu \u00e0 eles &#8220;a gloria de uma perene lembran\u00e7a&#8221;, como disse Eus\u00e9bio de Cesarea no primeiro mil\u00eanio, e ser\u00e1 ainda assim nos outros que se seguir\u00e3o: toda [&hellip;]<\/p>\n","protected":false},"author":14,"featured_media":0,"comment_status":"open","ping_status":"open","sticky":false,"template":"","format":"standard","meta":{"ngg_post_thumbnail":0,"footnotes":""},"categories":[186],"tags":[1427],"yoast_head":"<!-- This site is optimized with the Yoast SEO plugin v23.5 - https:\/\/yoast.com\/wordpress\/plugins\/seo\/ -->\n<title>S\u00e3o Tito - O Arcanjo no ar<\/title>\n<meta name=\"robots\" content=\"index, follow, max-snippet:-1, max-image-preview:large, max-video-preview:-1\" \/>\n<link rel=\"canonical\" href=\"https:\/\/www.oarcanjo.net\/site\/sao-tito\/\" \/>\n<meta property=\"og:locale\" content=\"pt_BR\" \/>\n<meta property=\"og:type\" content=\"article\" \/>\n<meta property=\"og:title\" content=\"S\u00e3o Tito - O Arcanjo no ar\" \/>\n<meta property=\"og:description\" content=\"26 de Janeiro Tito veio do mundo pag\u00e3o e Tim\u00f3teo veio do mundo judeu. Trabalharam com o ap\u00f3stolo Paulo, que os liderou sem lhes tirar o brilho. E deu \u00e0 eles &#8220;a gloria de uma perene lembran\u00e7a&#8221;, como disse Eus\u00e9bio de Cesarea no primeiro mil\u00eanio, e ser\u00e1 ainda assim nos outros que se seguir\u00e3o: toda [&hellip;]\" \/>\n<meta property=\"og:url\" content=\"https:\/\/www.oarcanjo.net\/site\/sao-tito\/\" \/>\n<meta property=\"og:site_name\" content=\"O Arcanjo no ar\" \/>\n<meta property=\"article:publisher\" content=\"https:\/\/www.facebook.com\/OArcanjoNoAr\/\" \/>\n<meta property=\"article:published_time\" content=\"2017-01-26T02:40:14+00:00\" \/>\n<meta property=\"article:modified_time\" content=\"2016-12-27T08:10:51+00:00\" \/>\n<meta property=\"og:image\" content=\"http:\/\/2.bp.blogspot.com\/_H2elBkDVbtQ\/SaamGgST10I\/AAAAAAAACHo\/QyKKzV4R2q0\/S240\/S%C3%83O+TITO.jpg\" \/>\n<meta name=\"author\" content=\"danilo\" \/>\n<meta name=\"twitter:card\" content=\"summary_large_image\" \/>\n<meta name=\"twitter:label1\" content=\"Escrito por\" \/>\n\t<meta name=\"twitter:data1\" content=\"danilo\" \/>\n\t<meta name=\"twitter:label2\" content=\"Est. tempo de leitura\" \/>\n\t<meta name=\"twitter:data2\" content=\"4 minutos\" \/>\n<script type=\"application\/ld+json\" class=\"yoast-schema-graph\">{\"@context\":\"https:\/\/schema.org\",\"@graph\":[{\"@type\":\"Article\",\"@id\":\"https:\/\/www.oarcanjo.net\/site\/sao-tito\/#article\",\"isPartOf\":{\"@id\":\"https:\/\/www.oarcanjo.net\/site\/sao-tito\/\"},\"author\":{\"name\":\"danilo\",\"@id\":\"https:\/\/www.oarcanjo.net\/site\/#\/schema\/person\/5eb9480bedd2f3c97e430ce128c29c6c\"},\"headline\":\"S\u00e3o Tito\",\"datePublished\":\"2017-01-26T02:40:14+00:00\",\"dateModified\":\"2016-12-27T08:10:51+00:00\",\"mainEntityOfPage\":{\"@id\":\"https:\/\/www.oarcanjo.net\/site\/sao-tito\/\"},\"wordCount\":750,\"commentCount\":0,\"publisher\":{\"@id\":\"https:\/\/www.oarcanjo.net\/site\/#organization\"},\"image\":{\"@id\":\"https:\/\/www.oarcanjo.net\/site\/sao-tito\/#primaryimage\"},\"thumbnailUrl\":\"http:\/\/2.bp.blogspot.com\/_H2elBkDVbtQ\/SaamGgST10I\/AAAAAAAACHo\/QyKKzV4R2q0\/S240\/S%C3%83O+TITO.jpg\",\"keywords\":[\"S\u00e3o Tito\"],\"articleSection\":[\"Testemunhos\"],\"inLanguage\":\"pt-BR\",\"potentialAction\":[{\"@type\":\"CommentAction\",\"name\":\"Comment\",\"target\":[\"https:\/\/www.oarcanjo.net\/site\/sao-tito\/#respond\"]}]},{\"@type\":\"WebPage\",\"@id\":\"https:\/\/www.oarcanjo.net\/site\/sao-tito\/\",\"url\":\"https:\/\/www.oarcanjo.net\/site\/sao-tito\/\",\"name\":\"S\u00e3o Tito - O Arcanjo no ar\",\"isPartOf\":{\"@id\":\"https:\/\/www.oarcanjo.net\/site\/#website\"},\"primaryImageOfPage\":{\"@id\":\"https:\/\/www.oarcanjo.net\/site\/sao-tito\/#primaryimage\"},\"image\":{\"@id\":\"https:\/\/www.oarcanjo.net\/site\/sao-tito\/#primaryimage\"},\"thumbnailUrl\":\"http:\/\/2.bp.blogspot.com\/_H2elBkDVbtQ\/SaamGgST10I\/AAAAAAAACHo\/QyKKzV4R2q0\/S240\/S%C3%83O+TITO.jpg\",\"datePublished\":\"2017-01-26T02:40:14+00:00\",\"dateModified\":\"2016-12-27T08:10:51+00:00\",\"breadcrumb\":{\"@id\":\"https:\/\/www.oarcanjo.net\/site\/sao-tito\/#breadcrumb\"},\"inLanguage\":\"pt-BR\",\"potentialAction\":[{\"@type\":\"ReadAction\",\"target\":[\"https:\/\/www.oarcanjo.net\/site\/sao-tito\/\"]}]},{\"@type\":\"ImageObject\",\"inLanguage\":\"pt-BR\",\"@id\":\"https:\/\/www.oarcanjo.net\/site\/sao-tito\/#primaryimage\",\"url\":\"http:\/\/2.bp.blogspot.com\/_H2elBkDVbtQ\/SaamGgST10I\/AAAAAAAACHo\/QyKKzV4R2q0\/S240\/S%C3%83O+TITO.jpg\",\"contentUrl\":\"http:\/\/2.bp.blogspot.com\/_H2elBkDVbtQ\/SaamGgST10I\/AAAAAAAACHo\/QyKKzV4R2q0\/S240\/S%C3%83O+TITO.jpg\"},{\"@type\":\"BreadcrumbList\",\"@id\":\"https:\/\/www.oarcanjo.net\/site\/sao-tito\/#breadcrumb\",\"itemListElement\":[{\"@type\":\"ListItem\",\"position\":1,\"name\":\"In\u00edcio\",\"item\":\"https:\/\/www.oarcanjo.net\/site\/\"},{\"@type\":\"ListItem\",\"position\":2,\"name\":\"S\u00e3o Tito\"}]},{\"@type\":\"WebSite\",\"@id\":\"https:\/\/www.oarcanjo.net\/site\/#website\",\"url\":\"https:\/\/www.oarcanjo.net\/site\/\",\"name\":\"O Arcanjo no ar\",\"description\":\"Site da Par\u00f3quia S\u00e3o Miguel Arcanjo (Arquidiocese de SP)\",\"publisher\":{\"@id\":\"https:\/\/www.oarcanjo.net\/site\/#organization\"},\"potentialAction\":[{\"@type\":\"SearchAction\",\"target\":{\"@type\":\"EntryPoint\",\"urlTemplate\":\"https:\/\/www.oarcanjo.net\/site\/?s={search_term_string}\"},\"query-input\":{\"@type\":\"PropertyValueSpecification\",\"valueRequired\":true,\"valueName\":\"search_term_string\"}}],\"inLanguage\":\"pt-BR\"},{\"@type\":\"Organization\",\"@id\":\"https:\/\/www.oarcanjo.net\/site\/#organization\",\"name\":\"Par\u00f3quia S\u00e3o Miguel Arcanjo\",\"url\":\"https:\/\/www.oarcanjo.net\/site\/\",\"logo\":{\"@type\":\"ImageObject\",\"inLanguage\":\"pt-BR\",\"@id\":\"https:\/\/www.oarcanjo.net\/site\/#\/schema\/logo\/image\/\",\"url\":\"https:\/\/www.oarcanjo.net\/site\/wp-content\/uploads\/LogoOArcanjo.png\",\"contentUrl\":\"https:\/\/www.oarcanjo.net\/site\/wp-content\/uploads\/LogoOArcanjo.png\",\"width\":319,\"height\":99,\"caption\":\"Par\u00f3quia S\u00e3o Miguel Arcanjo\"},\"image\":{\"@id\":\"https:\/\/www.oarcanjo.net\/site\/#\/schema\/logo\/image\/\"},\"sameAs\":[\"https:\/\/www.facebook.com\/OArcanjoNoAr\/\"]},{\"@type\":\"Person\",\"@id\":\"https:\/\/www.oarcanjo.net\/site\/#\/schema\/person\/5eb9480bedd2f3c97e430ce128c29c6c\",\"name\":\"danilo\"}]}<\/script>\n<!-- \/ Yoast SEO plugin. -->","yoast_head_json":{"title":"S\u00e3o Tito - O Arcanjo no ar","robots":{"index":"index","follow":"follow","max-snippet":"max-snippet:-1","max-image-preview":"max-image-preview:large","max-video-preview":"max-video-preview:-1"},"canonical":"https:\/\/www.oarcanjo.net\/site\/sao-tito\/","og_locale":"pt_BR","og_type":"article","og_title":"S\u00e3o Tito - O Arcanjo no ar","og_description":"26 de Janeiro Tito veio do mundo pag\u00e3o e Tim\u00f3teo veio do mundo judeu. Trabalharam com o ap\u00f3stolo Paulo, que os liderou sem lhes tirar o brilho. E deu \u00e0 eles &#8220;a gloria de uma perene lembran\u00e7a&#8221;, como disse Eus\u00e9bio de Cesarea no primeiro mil\u00eanio, e ser\u00e1 ainda assim nos outros que se seguir\u00e3o: toda [&hellip;]","og_url":"https:\/\/www.oarcanjo.net\/site\/sao-tito\/","og_site_name":"O Arcanjo no ar","article_publisher":"https:\/\/www.facebook.com\/OArcanjoNoAr\/","article_published_time":"2017-01-26T02:40:14+00:00","article_modified_time":"2016-12-27T08:10:51+00:00","og_image":[{"url":"http:\/\/2.bp.blogspot.com\/_H2elBkDVbtQ\/SaamGgST10I\/AAAAAAAACHo\/QyKKzV4R2q0\/S240\/S%C3%83O+TITO.jpg"}],"author":"danilo","twitter_card":"summary_large_image","twitter_misc":{"Escrito por":"danilo","Est. tempo de leitura":"4 minutos"},"schema":{"@context":"https:\/\/schema.org","@graph":[{"@type":"Article","@id":"https:\/\/www.oarcanjo.net\/site\/sao-tito\/#article","isPartOf":{"@id":"https:\/\/www.oarcanjo.net\/site\/sao-tito\/"},"author":{"name":"danilo","@id":"https:\/\/www.oarcanjo.net\/site\/#\/schema\/person\/5eb9480bedd2f3c97e430ce128c29c6c"},"headline":"S\u00e3o Tito","datePublished":"2017-01-26T02:40:14+00:00","dateModified":"2016-12-27T08:10:51+00:00","mainEntityOfPage":{"@id":"https:\/\/www.oarcanjo.net\/site\/sao-tito\/"},"wordCount":750,"commentCount":0,"publisher":{"@id":"https:\/\/www.oarcanjo.net\/site\/#organization"},"image":{"@id":"https:\/\/www.oarcanjo.net\/site\/sao-tito\/#primaryimage"},"thumbnailUrl":"http:\/\/2.bp.blogspot.com\/_H2elBkDVbtQ\/SaamGgST10I\/AAAAAAAACHo\/QyKKzV4R2q0\/S240\/S%C3%83O+TITO.jpg","keywords":["S\u00e3o Tito"],"articleSection":["Testemunhos"],"inLanguage":"pt-BR","potentialAction":[{"@type":"CommentAction","name":"Comment","target":["https:\/\/www.oarcanjo.net\/site\/sao-tito\/#respond"]}]},{"@type":"WebPage","@id":"https:\/\/www.oarcanjo.net\/site\/sao-tito\/","url":"https:\/\/www.oarcanjo.net\/site\/sao-tito\/","name":"S\u00e3o Tito - O Arcanjo no ar","isPartOf":{"@id":"https:\/\/www.oarcanjo.net\/site\/#website"},"primaryImageOfPage":{"@id":"https:\/\/www.oarcanjo.net\/site\/sao-tito\/#primaryimage"},"image":{"@id":"https:\/\/www.oarcanjo.net\/site\/sao-tito\/#primaryimage"},"thumbnailUrl":"http:\/\/2.bp.blogspot.com\/_H2elBkDVbtQ\/SaamGgST10I\/AAAAAAAACHo\/QyKKzV4R2q0\/S240\/S%C3%83O+TITO.jpg","datePublished":"2017-01-26T02:40:14+00:00","dateModified":"2016-12-27T08:10:51+00:00","breadcrumb":{"@id":"https:\/\/www.oarcanjo.net\/site\/sao-tito\/#breadcrumb"},"inLanguage":"pt-BR","potentialAction":[{"@type":"ReadAction","target":["https:\/\/www.oarcanjo.net\/site\/sao-tito\/"]}]},{"@type":"ImageObject","inLanguage":"pt-BR","@id":"https:\/\/www.oarcanjo.net\/site\/sao-tito\/#primaryimage","url":"http:\/\/2.bp.blogspot.com\/_H2elBkDVbtQ\/SaamGgST10I\/AAAAAAAACHo\/QyKKzV4R2q0\/S240\/S%C3%83O+TITO.jpg","contentUrl":"http:\/\/2.bp.blogspot.com\/_H2elBkDVbtQ\/SaamGgST10I\/AAAAAAAACHo\/QyKKzV4R2q0\/S240\/S%C3%83O+TITO.jpg"},{"@type":"BreadcrumbList","@id":"https:\/\/www.oarcanjo.net\/site\/sao-tito\/#breadcrumb","itemListElement":[{"@type":"ListItem","position":1,"name":"In\u00edcio","item":"https:\/\/www.oarcanjo.net\/site\/"},{"@type":"ListItem","position":2,"name":"S\u00e3o Tito"}]},{"@type":"WebSite","@id":"https:\/\/www.oarcanjo.net\/site\/#website","url":"https:\/\/www.oarcanjo.net\/site\/","name":"O Arcanjo no ar","description":"Site da Par\u00f3quia S\u00e3o Miguel Arcanjo (Arquidiocese de SP)","publisher":{"@id":"https:\/\/www.oarcanjo.net\/site\/#organization"},"potentialAction":[{"@type":"SearchAction","target":{"@type":"EntryPoint","urlTemplate":"https:\/\/www.oarcanjo.net\/site\/?s={search_term_string}"},"query-input":{"@type":"PropertyValueSpecification","valueRequired":true,"valueName":"search_term_string"}}],"inLanguage":"pt-BR"},{"@type":"Organization","@id":"https:\/\/www.oarcanjo.net\/site\/#organization","name":"Par\u00f3quia S\u00e3o Miguel Arcanjo","url":"https:\/\/www.oarcanjo.net\/site\/","logo":{"@type":"ImageObject","inLanguage":"pt-BR","@id":"https:\/\/www.oarcanjo.net\/site\/#\/schema\/logo\/image\/","url":"https:\/\/www.oarcanjo.net\/site\/wp-content\/uploads\/LogoOArcanjo.png","contentUrl":"https:\/\/www.oarcanjo.net\/site\/wp-content\/uploads\/LogoOArcanjo.png","width":319,"height":99,"caption":"Par\u00f3quia S\u00e3o Miguel Arcanjo"},"image":{"@id":"https:\/\/www.oarcanjo.net\/site\/#\/schema\/logo\/image\/"},"sameAs":["https:\/\/www.facebook.com\/OArcanjoNoAr\/"]},{"@type":"Person","@id":"https:\/\/www.oarcanjo.net\/site\/#\/schema\/person\/5eb9480bedd2f3c97e430ce128c29c6c","name":"danilo"}]}},"publishpress_future_action":{"enabled":false,"date":"2026-05-08 16:37:13","action":"category","newStatus":"draft","terms":[],"taxonomy":"category"},"publishpress_future_workflow_manual_trigger":{"enabledWorkflows":[]},"_links":{"self":[{"href":"https:\/\/www.oarcanjo.net\/site\/wp-json\/wp\/v2\/posts\/7484"}],"collection":[{"href":"https:\/\/www.oarcanjo.net\/site\/wp-json\/wp\/v2\/posts"}],"about":[{"href":"https:\/\/www.oarcanjo.net\/site\/wp-json\/wp\/v2\/types\/post"}],"author":[{"embeddable":true,"href":"https:\/\/www.oarcanjo.net\/site\/wp-json\/wp\/v2\/users\/14"}],"replies":[{"embeddable":true,"href":"https:\/\/www.oarcanjo.net\/site\/wp-json\/wp\/v2\/comments?post=7484"}],"version-history":[{"count":0,"href":"https:\/\/www.oarcanjo.net\/site\/wp-json\/wp\/v2\/posts\/7484\/revisions"}],"wp:attachment":[{"href":"https:\/\/www.oarcanjo.net\/site\/wp-json\/wp\/v2\/media?parent=7484"}],"wp:term":[{"taxonomy":"category","embeddable":true,"href":"https:\/\/www.oarcanjo.net\/site\/wp-json\/wp\/v2\/categories?post=7484"},{"taxonomy":"post_tag","embeddable":true,"href":"https:\/\/www.oarcanjo.net\/site\/wp-json\/wp\/v2\/tags?post=7484"}],"curies":[{"name":"wp","href":"https:\/\/api.w.org\/{rel}","templated":true}]}}