
{"id":7487,"date":"2017-01-27T00:15:41","date_gmt":"2017-01-27T02:15:41","guid":{"rendered":"http:\/\/www.oarcanjo.net\/site\/?p=7487"},"modified":"2016-12-27T06:10:56","modified_gmt":"2016-12-27T08:10:56","slug":"santa-angela-de-merici","status":"publish","type":"post","link":"https:\/\/www.oarcanjo.net\/site\/santa-angela-de-merici\/","title":{"rendered":"Santa \u00c2ngela de M\u00e9rici"},"content":{"rendered":"<p><img decoding=\"async\" src=\"http:\/\/www.cot.org.br\/imgs\/santos\/eca77e2aea43030973b2aa26cd35f8e9.jpg\" alt=\"\" \/><\/p>\n<p>27 de Janeiro<\/p>\n<p>Fundou a Congrega\u00e7\u00e3o das irm\u00e3s de Santa \u00darsula<\/p>\n<p>\u00c2ngela M\u00e9rici nasceu em 1470, na cidade de Desenzano, no norte da It\u00e1lia. O per\u00edodo hist\u00f3rico era o do Renascimento e da Reforma da Igreja, provocada pela doutrina luterana. Os pais eram camponeses pobres e muito religiosos. E desde pequena, ela teve seu cora\u00e7\u00e3o inclinado pela vida religiosa, preferindo a leitura da vida dos Santos.<\/p>\n<p>De fato, sua prova\u00e7\u00e3o come\u00e7ou muito cedo, na inf\u00e2ncia, quando ficou \u00f3rf\u00e3 de pai. Logo em seguida perdeu a m\u00e3e e a irm\u00e3zinha, com quem se identificava muito. Assim, ela foi viver na casa de um tio, que a havia adotado, mas que tamb\u00e9m veio a falecer. Voltou \u00e0 terra natal. Depois de passar dias e dias chorando, com apenas treze anos, pediu para ingressar num convento, entrando para a Ordem Terceira de S\u00e3o Francisco de Assis.<\/p>\n<p>\u00c2ngela tinha apenas o curso prim\u00e1rio e chegou a ser &#8220;conselheira&#8221; de governadores, bispos, doutores e sacerdotes. Os seus sofrimentos, sua entrega \u00e0 Deus e a vida meditativa de penit\u00eancia lhe trouxeram, atrav\u00e9s do Esp\u00edrito Santo, o dom do conselho, que consiste em saber ponderar as solu\u00e7\u00f5es adequadas para todas as situa\u00e7\u00e3o da vida.<\/p>\n<p>Ela tamb\u00e9m, percebeu que naquele momento hist\u00f3rico, as meninas n\u00e3o tinham quem as educassem e livrassem dos perigos morais, e que as novas teorias levavam as pessoas a querer organizar a vida como se Deus n\u00e3o existisse. Para lutar contra o paganismo, era preciso restaurar a c\u00e9lula familiar. Inspirada pela Virgem Maria, fundou a Comunidade das irm\u00e3s Ursulinas, em homenagem a santa \u00darsula, a m\u00e1rtir do s\u00e9culo IV, que dirigia o grupo das mo\u00e7as virgens, que morreram por defender sua religi\u00e3o e sua castidade.<\/p>\n<p>\u00c2ngela acabou se tornando a portadora de uma mensagem inovadora para sua \u00e9poca. Organizou um grupo de vinte e oito mo\u00e7as, para ensinar catecismo em cada bairro e vila da regi\u00e3o. As &#8220;Ursulinas&#8221; tinham como finalidade a forma\u00e7\u00e3o das futuras m\u00e3es, segundo os dogmas crist\u00e3os. \u00c2ngela teve uma concep\u00e7\u00e3o bastante revolucion\u00e1ria para sua \u00e9poca, quando se dizia que uma s\u00f3lida educa\u00e7\u00e3o crist\u00e3 para as mo\u00e7as s\u00f3 seria poss\u00edvel dentro das grades de uma clausura.<\/p>\n<p><span style=\"font-size: small;color: #666699\"><img loading=\"lazy\" decoding=\"async\" src=\"http:\/\/www.rccfranca.org.br\/images\/santa_angela_merici_3.jpg\" alt=\"\" width=\"184\" height=\"243\" \/><\/span><\/p>\n<p>Decidiu que era a hora de fazer a comunidade se tornar uma Congrega\u00e7\u00e3o religiosa.Consta, pela tradi\u00e7\u00e3o, que antes de ir \u00e0 Roma para dar in\u00edcio a esse projeto, quis fazer uma peregrina\u00e7\u00e3o em Jerusal\u00e9m. Assim que chegou, ficou cega. Visitou os Lugares Sagrados e os viu com o esp\u00edrito, n\u00e3o com os olhos. S\u00f3 recobrou a vis\u00e3o, na volta, quando parou numa pequena cidade onde existia um crucifixo milagroso, foi at\u00e9 ele, rezou e se curou. Anos depois, foi recebida pelo papa Clemente VII, durante o Jubileu de 1525, que deu in\u00edcio ao processo de funda\u00e7\u00e3o da Congrega\u00e7\u00e3o, que ela desejava.<\/p>\n<p>\u00c2ngela a implantou na Br\u00e9scia, dez anos depois, quando saiu a aprova\u00e7\u00e3o definitiva. E al\u00ed, a fundadora morreu aos setenta e cinco anos, em 27 de janeiro de 1540 e foi canonizada, em 1807. Santa \u00c2ngela de M\u00e9rici, atualmente, recebe as homenagens no dia de sua morte.<\/p>\n<p><img decoding=\"async\" src=\"http:\/\/3.bp.blogspot.com\/_VsL8VkjSZWw\/SX0wJg55jNI\/AAAAAAAAAxA\/EU3dT7ek5H4\/s400\/1_JANEIRO_27_DIA_DE_SANTA_NGELA_DE_M_RICI.gif.jpg\" border=\"0\" alt=\"\" \/><\/p>\n<div id=\"themify_builder_content-7487\" data-postid=\"7487\" class=\"themify_builder_content themify_builder_content-7487 themify_builder themify_builder_front\">\n\t<\/div>\n<!-- \/themify_builder_content -->","protected":false},"excerpt":{"rendered":"<p>27 de Janeiro Fundou a Congrega\u00e7\u00e3o das irm\u00e3s de Santa \u00darsula \u00c2ngela M\u00e9rici nasceu em 1470, na cidade de Desenzano, no norte da It\u00e1lia. O per\u00edodo hist\u00f3rico era o do Renascimento e da Reforma da Igreja, provocada pela doutrina luterana. Os pais eram camponeses pobres e muito religiosos. E desde pequena, ela teve seu cora\u00e7\u00e3o [&hellip;]<\/p>\n","protected":false},"author":14,"featured_media":0,"comment_status":"open","ping_status":"open","sticky":false,"template":"","format":"standard","meta":{"ngg_post_thumbnail":0,"footnotes":""},"categories":[186],"tags":[1433],"yoast_head":"<!-- This site is optimized with the Yoast SEO plugin v23.5 - https:\/\/yoast.com\/wordpress\/plugins\/seo\/ -->\n<title>Santa \u00c2ngela de M\u00e9rici - O Arcanjo no ar<\/title>\n<meta name=\"robots\" content=\"index, follow, max-snippet:-1, max-image-preview:large, max-video-preview:-1\" \/>\n<link rel=\"canonical\" href=\"https:\/\/www.oarcanjo.net\/site\/santa-angela-de-merici\/\" \/>\n<meta property=\"og:locale\" content=\"pt_BR\" \/>\n<meta property=\"og:type\" content=\"article\" \/>\n<meta property=\"og:title\" content=\"Santa \u00c2ngela de M\u00e9rici - O Arcanjo no ar\" \/>\n<meta property=\"og:description\" content=\"27 de Janeiro Fundou a Congrega\u00e7\u00e3o das irm\u00e3s de Santa \u00darsula \u00c2ngela M\u00e9rici nasceu em 1470, na cidade de Desenzano, no norte da It\u00e1lia. O per\u00edodo hist\u00f3rico era o do Renascimento e da Reforma da Igreja, provocada pela doutrina luterana. Os pais eram camponeses pobres e muito religiosos. E desde pequena, ela teve seu cora\u00e7\u00e3o [&hellip;]\" \/>\n<meta property=\"og:url\" content=\"https:\/\/www.oarcanjo.net\/site\/santa-angela-de-merici\/\" \/>\n<meta property=\"og:site_name\" content=\"O Arcanjo no ar\" \/>\n<meta property=\"article:publisher\" content=\"https:\/\/www.facebook.com\/OArcanjoNoAr\/\" \/>\n<meta property=\"article:published_time\" content=\"2017-01-27T02:15:41+00:00\" \/>\n<meta property=\"article:modified_time\" content=\"2016-12-27T08:10:56+00:00\" \/>\n<meta property=\"og:image\" content=\"http:\/\/www.cot.org.br\/imgs\/santos\/eca77e2aea43030973b2aa26cd35f8e9.jpg\" \/>\n<meta name=\"author\" content=\"danilo\" \/>\n<meta name=\"twitter:card\" content=\"summary_large_image\" \/>\n<meta name=\"twitter:label1\" content=\"Escrito por\" \/>\n\t<meta name=\"twitter:data1\" content=\"danilo\" \/>\n\t<meta name=\"twitter:label2\" content=\"Est. tempo de leitura\" \/>\n\t<meta name=\"twitter:data2\" content=\"3 minutos\" \/>\n<script type=\"application\/ld+json\" class=\"yoast-schema-graph\">{\"@context\":\"https:\/\/schema.org\",\"@graph\":[{\"@type\":\"Article\",\"@id\":\"https:\/\/www.oarcanjo.net\/site\/santa-angela-de-merici\/#article\",\"isPartOf\":{\"@id\":\"https:\/\/www.oarcanjo.net\/site\/santa-angela-de-merici\/\"},\"author\":{\"name\":\"danilo\",\"@id\":\"https:\/\/www.oarcanjo.net\/site\/#\/schema\/person\/5eb9480bedd2f3c97e430ce128c29c6c\"},\"headline\":\"Santa \u00c2ngela de M\u00e9rici\",\"datePublished\":\"2017-01-27T02:15:41+00:00\",\"dateModified\":\"2016-12-27T08:10:56+00:00\",\"mainEntityOfPage\":{\"@id\":\"https:\/\/www.oarcanjo.net\/site\/santa-angela-de-merici\/\"},\"wordCount\":555,\"commentCount\":2,\"publisher\":{\"@id\":\"https:\/\/www.oarcanjo.net\/site\/#organization\"},\"image\":{\"@id\":\"https:\/\/www.oarcanjo.net\/site\/santa-angela-de-merici\/#primaryimage\"},\"thumbnailUrl\":\"http:\/\/www.cot.org.br\/imgs\/santos\/eca77e2aea43030973b2aa26cd35f8e9.jpg\",\"keywords\":[\"Santa \u00c2ngela de M\u00e9rici\"],\"articleSection\":[\"Testemunhos\"],\"inLanguage\":\"pt-BR\",\"potentialAction\":[{\"@type\":\"CommentAction\",\"name\":\"Comment\",\"target\":[\"https:\/\/www.oarcanjo.net\/site\/santa-angela-de-merici\/#respond\"]}]},{\"@type\":\"WebPage\",\"@id\":\"https:\/\/www.oarcanjo.net\/site\/santa-angela-de-merici\/\",\"url\":\"https:\/\/www.oarcanjo.net\/site\/santa-angela-de-merici\/\",\"name\":\"Santa \u00c2ngela de M\u00e9rici - O Arcanjo no ar\",\"isPartOf\":{\"@id\":\"https:\/\/www.oarcanjo.net\/site\/#website\"},\"primaryImageOfPage\":{\"@id\":\"https:\/\/www.oarcanjo.net\/site\/santa-angela-de-merici\/#primaryimage\"},\"image\":{\"@id\":\"https:\/\/www.oarcanjo.net\/site\/santa-angela-de-merici\/#primaryimage\"},\"thumbnailUrl\":\"http:\/\/www.cot.org.br\/imgs\/santos\/eca77e2aea43030973b2aa26cd35f8e9.jpg\",\"datePublished\":\"2017-01-27T02:15:41+00:00\",\"dateModified\":\"2016-12-27T08:10:56+00:00\",\"breadcrumb\":{\"@id\":\"https:\/\/www.oarcanjo.net\/site\/santa-angela-de-merici\/#breadcrumb\"},\"inLanguage\":\"pt-BR\",\"potentialAction\":[{\"@type\":\"ReadAction\",\"target\":[\"https:\/\/www.oarcanjo.net\/site\/santa-angela-de-merici\/\"]}]},{\"@type\":\"ImageObject\",\"inLanguage\":\"pt-BR\",\"@id\":\"https:\/\/www.oarcanjo.net\/site\/santa-angela-de-merici\/#primaryimage\",\"url\":\"http:\/\/www.cot.org.br\/imgs\/santos\/eca77e2aea43030973b2aa26cd35f8e9.jpg\",\"contentUrl\":\"http:\/\/www.cot.org.br\/imgs\/santos\/eca77e2aea43030973b2aa26cd35f8e9.jpg\"},{\"@type\":\"BreadcrumbList\",\"@id\":\"https:\/\/www.oarcanjo.net\/site\/santa-angela-de-merici\/#breadcrumb\",\"itemListElement\":[{\"@type\":\"ListItem\",\"position\":1,\"name\":\"In\u00edcio\",\"item\":\"https:\/\/www.oarcanjo.net\/site\/\"},{\"@type\":\"ListItem\",\"position\":2,\"name\":\"Santa \u00c2ngela de M\u00e9rici\"}]},{\"@type\":\"WebSite\",\"@id\":\"https:\/\/www.oarcanjo.net\/site\/#website\",\"url\":\"https:\/\/www.oarcanjo.net\/site\/\",\"name\":\"O Arcanjo no ar\",\"description\":\"Site da Par\u00f3quia S\u00e3o Miguel Arcanjo (Arquidiocese de SP)\",\"publisher\":{\"@id\":\"https:\/\/www.oarcanjo.net\/site\/#organization\"},\"potentialAction\":[{\"@type\":\"SearchAction\",\"target\":{\"@type\":\"EntryPoint\",\"urlTemplate\":\"https:\/\/www.oarcanjo.net\/site\/?s={search_term_string}\"},\"query-input\":{\"@type\":\"PropertyValueSpecification\",\"valueRequired\":true,\"valueName\":\"search_term_string\"}}],\"inLanguage\":\"pt-BR\"},{\"@type\":\"Organization\",\"@id\":\"https:\/\/www.oarcanjo.net\/site\/#organization\",\"name\":\"Par\u00f3quia S\u00e3o Miguel Arcanjo\",\"url\":\"https:\/\/www.oarcanjo.net\/site\/\",\"logo\":{\"@type\":\"ImageObject\",\"inLanguage\":\"pt-BR\",\"@id\":\"https:\/\/www.oarcanjo.net\/site\/#\/schema\/logo\/image\/\",\"url\":\"https:\/\/www.oarcanjo.net\/site\/wp-content\/uploads\/LogoOArcanjo.png\",\"contentUrl\":\"https:\/\/www.oarcanjo.net\/site\/wp-content\/uploads\/LogoOArcanjo.png\",\"width\":319,\"height\":99,\"caption\":\"Par\u00f3quia S\u00e3o Miguel Arcanjo\"},\"image\":{\"@id\":\"https:\/\/www.oarcanjo.net\/site\/#\/schema\/logo\/image\/\"},\"sameAs\":[\"https:\/\/www.facebook.com\/OArcanjoNoAr\/\"]},{\"@type\":\"Person\",\"@id\":\"https:\/\/www.oarcanjo.net\/site\/#\/schema\/person\/5eb9480bedd2f3c97e430ce128c29c6c\",\"name\":\"danilo\"}]}<\/script>\n<!-- \/ Yoast SEO plugin. -->","yoast_head_json":{"title":"Santa \u00c2ngela de M\u00e9rici - O Arcanjo no ar","robots":{"index":"index","follow":"follow","max-snippet":"max-snippet:-1","max-image-preview":"max-image-preview:large","max-video-preview":"max-video-preview:-1"},"canonical":"https:\/\/www.oarcanjo.net\/site\/santa-angela-de-merici\/","og_locale":"pt_BR","og_type":"article","og_title":"Santa \u00c2ngela de M\u00e9rici - O Arcanjo no ar","og_description":"27 de Janeiro Fundou a Congrega\u00e7\u00e3o das irm\u00e3s de Santa \u00darsula \u00c2ngela M\u00e9rici nasceu em 1470, na cidade de Desenzano, no norte da It\u00e1lia. O per\u00edodo hist\u00f3rico era o do Renascimento e da Reforma da Igreja, provocada pela doutrina luterana. Os pais eram camponeses pobres e muito religiosos. E desde pequena, ela teve seu cora\u00e7\u00e3o [&hellip;]","og_url":"https:\/\/www.oarcanjo.net\/site\/santa-angela-de-merici\/","og_site_name":"O Arcanjo no ar","article_publisher":"https:\/\/www.facebook.com\/OArcanjoNoAr\/","article_published_time":"2017-01-27T02:15:41+00:00","article_modified_time":"2016-12-27T08:10:56+00:00","og_image":[{"url":"http:\/\/www.cot.org.br\/imgs\/santos\/eca77e2aea43030973b2aa26cd35f8e9.jpg"}],"author":"danilo","twitter_card":"summary_large_image","twitter_misc":{"Escrito por":"danilo","Est. tempo de leitura":"3 minutos"},"schema":{"@context":"https:\/\/schema.org","@graph":[{"@type":"Article","@id":"https:\/\/www.oarcanjo.net\/site\/santa-angela-de-merici\/#article","isPartOf":{"@id":"https:\/\/www.oarcanjo.net\/site\/santa-angela-de-merici\/"},"author":{"name":"danilo","@id":"https:\/\/www.oarcanjo.net\/site\/#\/schema\/person\/5eb9480bedd2f3c97e430ce128c29c6c"},"headline":"Santa \u00c2ngela de M\u00e9rici","datePublished":"2017-01-27T02:15:41+00:00","dateModified":"2016-12-27T08:10:56+00:00","mainEntityOfPage":{"@id":"https:\/\/www.oarcanjo.net\/site\/santa-angela-de-merici\/"},"wordCount":555,"commentCount":2,"publisher":{"@id":"https:\/\/www.oarcanjo.net\/site\/#organization"},"image":{"@id":"https:\/\/www.oarcanjo.net\/site\/santa-angela-de-merici\/#primaryimage"},"thumbnailUrl":"http:\/\/www.cot.org.br\/imgs\/santos\/eca77e2aea43030973b2aa26cd35f8e9.jpg","keywords":["Santa \u00c2ngela de M\u00e9rici"],"articleSection":["Testemunhos"],"inLanguage":"pt-BR","potentialAction":[{"@type":"CommentAction","name":"Comment","target":["https:\/\/www.oarcanjo.net\/site\/santa-angela-de-merici\/#respond"]}]},{"@type":"WebPage","@id":"https:\/\/www.oarcanjo.net\/site\/santa-angela-de-merici\/","url":"https:\/\/www.oarcanjo.net\/site\/santa-angela-de-merici\/","name":"Santa \u00c2ngela de M\u00e9rici - O Arcanjo no ar","isPartOf":{"@id":"https:\/\/www.oarcanjo.net\/site\/#website"},"primaryImageOfPage":{"@id":"https:\/\/www.oarcanjo.net\/site\/santa-angela-de-merici\/#primaryimage"},"image":{"@id":"https:\/\/www.oarcanjo.net\/site\/santa-angela-de-merici\/#primaryimage"},"thumbnailUrl":"http:\/\/www.cot.org.br\/imgs\/santos\/eca77e2aea43030973b2aa26cd35f8e9.jpg","datePublished":"2017-01-27T02:15:41+00:00","dateModified":"2016-12-27T08:10:56+00:00","breadcrumb":{"@id":"https:\/\/www.oarcanjo.net\/site\/santa-angela-de-merici\/#breadcrumb"},"inLanguage":"pt-BR","potentialAction":[{"@type":"ReadAction","target":["https:\/\/www.oarcanjo.net\/site\/santa-angela-de-merici\/"]}]},{"@type":"ImageObject","inLanguage":"pt-BR","@id":"https:\/\/www.oarcanjo.net\/site\/santa-angela-de-merici\/#primaryimage","url":"http:\/\/www.cot.org.br\/imgs\/santos\/eca77e2aea43030973b2aa26cd35f8e9.jpg","contentUrl":"http:\/\/www.cot.org.br\/imgs\/santos\/eca77e2aea43030973b2aa26cd35f8e9.jpg"},{"@type":"BreadcrumbList","@id":"https:\/\/www.oarcanjo.net\/site\/santa-angela-de-merici\/#breadcrumb","itemListElement":[{"@type":"ListItem","position":1,"name":"In\u00edcio","item":"https:\/\/www.oarcanjo.net\/site\/"},{"@type":"ListItem","position":2,"name":"Santa \u00c2ngela de M\u00e9rici"}]},{"@type":"WebSite","@id":"https:\/\/www.oarcanjo.net\/site\/#website","url":"https:\/\/www.oarcanjo.net\/site\/","name":"O Arcanjo no ar","description":"Site da Par\u00f3quia S\u00e3o Miguel Arcanjo (Arquidiocese de SP)","publisher":{"@id":"https:\/\/www.oarcanjo.net\/site\/#organization"},"potentialAction":[{"@type":"SearchAction","target":{"@type":"EntryPoint","urlTemplate":"https:\/\/www.oarcanjo.net\/site\/?s={search_term_string}"},"query-input":{"@type":"PropertyValueSpecification","valueRequired":true,"valueName":"search_term_string"}}],"inLanguage":"pt-BR"},{"@type":"Organization","@id":"https:\/\/www.oarcanjo.net\/site\/#organization","name":"Par\u00f3quia S\u00e3o Miguel Arcanjo","url":"https:\/\/www.oarcanjo.net\/site\/","logo":{"@type":"ImageObject","inLanguage":"pt-BR","@id":"https:\/\/www.oarcanjo.net\/site\/#\/schema\/logo\/image\/","url":"https:\/\/www.oarcanjo.net\/site\/wp-content\/uploads\/LogoOArcanjo.png","contentUrl":"https:\/\/www.oarcanjo.net\/site\/wp-content\/uploads\/LogoOArcanjo.png","width":319,"height":99,"caption":"Par\u00f3quia S\u00e3o Miguel Arcanjo"},"image":{"@id":"https:\/\/www.oarcanjo.net\/site\/#\/schema\/logo\/image\/"},"sameAs":["https:\/\/www.facebook.com\/OArcanjoNoAr\/"]},{"@type":"Person","@id":"https:\/\/www.oarcanjo.net\/site\/#\/schema\/person\/5eb9480bedd2f3c97e430ce128c29c6c","name":"danilo"}]}},"publishpress_future_action":{"enabled":false,"date":"2026-05-08 17:53:47","action":"category","newStatus":"draft","terms":[],"taxonomy":"category"},"publishpress_future_workflow_manual_trigger":{"enabledWorkflows":[]},"_links":{"self":[{"href":"https:\/\/www.oarcanjo.net\/site\/wp-json\/wp\/v2\/posts\/7487"}],"collection":[{"href":"https:\/\/www.oarcanjo.net\/site\/wp-json\/wp\/v2\/posts"}],"about":[{"href":"https:\/\/www.oarcanjo.net\/site\/wp-json\/wp\/v2\/types\/post"}],"author":[{"embeddable":true,"href":"https:\/\/www.oarcanjo.net\/site\/wp-json\/wp\/v2\/users\/14"}],"replies":[{"embeddable":true,"href":"https:\/\/www.oarcanjo.net\/site\/wp-json\/wp\/v2\/comments?post=7487"}],"version-history":[{"count":0,"href":"https:\/\/www.oarcanjo.net\/site\/wp-json\/wp\/v2\/posts\/7487\/revisions"}],"wp:attachment":[{"href":"https:\/\/www.oarcanjo.net\/site\/wp-json\/wp\/v2\/media?parent=7487"}],"wp:term":[{"taxonomy":"category","embeddable":true,"href":"https:\/\/www.oarcanjo.net\/site\/wp-json\/wp\/v2\/categories?post=7487"},{"taxonomy":"post_tag","embeddable":true,"href":"https:\/\/www.oarcanjo.net\/site\/wp-json\/wp\/v2\/tags?post=7487"}],"curies":[{"name":"wp","href":"https:\/\/api.w.org\/{rel}","templated":true}]}}